{"id":34015,"date":"2026-03-13T12:09:30","date_gmt":"2026-03-13T15:09:30","guid":{"rendered":"https:\/\/crusoe.audiencelabs.com.br\/?p=34015"},"modified":"2026-03-13T07:55:27","modified_gmt":"2026-03-13T10:55:27","slug":"situacao-preocupante-cresce-e-e-ja-afeta-80-das-familias-brasileiras-em-2026","status":"publish","type":"post","link":"https:\/\/crusoe.audiencelabs.com.br\/situacao-preocupante-cresce-e-e-ja-afeta-80-das-familias-brasileiras-em-2026\/","title":{"rendered":"Situa\u00e7\u00e3o preocupante cresce e e j\u00e1 afeta 80% das fam\u00edlias brasileiras em 2026"},"content":{"rendered":"<p><span style=\"font-weight: 400\">O n\u00edvel de <strong>endividamento<\/strong> <strong>das fam\u00edlias brasileiras alcan\u00e7ou 80,2%<\/strong> em fevereiro, o maior patamar desde o in\u00edcio da s\u00e9rie hist\u00f3rica da pesquisa da Confedera\u00e7\u00e3o Nacional do Com\u00e9rcio de Bens, Servi\u00e7os e Turismo (CNC), iniciada em 2010.\u00a0<\/span><\/p>\n<p><span style=\"font-weight: 400\">O dado faz parte da <a href=\"https:\/\/pesquisascnc.com.br\/pesquisa-peic\/\">Pesquisa de Endividamento e Inadimpl\u00eancia do Consumidor<\/a> (Peic).\u00a0<\/span><span style=\"font-weight: 400\">O resultado representa um aumento de 0,7 ponto percentual em rela\u00e7\u00e3o a janeiro, quando o \u00edndice era de 79,5%, e de 3,8 pontos percentuais na compara\u00e7\u00e3o com fevereiro de 2025, quando estava em 76,4%.<\/span><\/p>\n<h2><span style=\"font-weight: 400\">Inadimpl\u00eancia tamb\u00e9m voltou a crescer<\/span><\/h2>\n<p><span style=\"font-weight: 400\">Al\u00e9m do aumento no endividamento, a pesquisa aponta que a <strong>inadimpl\u00eancia<\/strong> voltou a subir ap\u00f3s tr\u00eas meses de queda, atingindo 29,6% das fam\u00edlias, ou seja, <strong>quase tr\u00eas em cada dez brasileiros afirmam ter contas ou parcelas em atraso.<\/strong><\/span><\/p>\n<p><span style=\"font-weight: 400\">Mesmo com esse cen\u00e1rio, houve leve redu\u00e7\u00e3o na parcela de consumidores que afirmam n\u00e3o ter condi\u00e7\u00f5es de pagar as d\u00edvidas atrasadas.\u00a0<\/span><\/p>\n<p><span style=\"font-weight: 400\">Em fevereiro, 12,6% dos entrevistados disseram n\u00e3o conseguir quitar os d\u00e9bitos, n\u00famero ligeiramente menor que o registrado no m\u00eas anterior.<\/span><\/p>\n<h2><span style=\"font-weight: 400\">Todas as faixas de renda registraram alta<\/span><\/h2>\n<p><span style=\"font-weight: 400\">O levantamento mostra que o endividamento aumentou em todas as faixas de renda, com destaque para fam\u00edlias com ganhos mais altos.\u00a0<\/span><\/p>\n<p><span style=\"font-weight: 400\">Entre os brasileiros que recebem mais de 10 sal\u00e1rios m\u00ednimos, a taxa de endividamento chegou a 69,3%, registrando a maior alta entre os grupos analisados.<\/span><\/p>\n<p><span style=\"font-weight: 400\">Entre as fam\u00edlias com renda de at\u00e9 tr\u00eas sal\u00e1rios m\u00ednimos, o \u00edndice chegou a 82,9%, mesmo percentual observado no grupo que recebe entre tr\u00eas e cinco sal\u00e1rios m\u00ednimos.<\/span><\/p>\n<h2><span style=\"font-weight: 400\">Comprometimento da renda<\/span><\/h2>\n<p><span style=\"font-weight: 400\">A pesquisa tamb\u00e9m mostra que 19,5% das fam\u00edlias t\u00eam <strong>mais da metade da renda comprometida com d\u00edvidas<\/strong>, enquanto a maioria, cerca de 56,1%, destina entre 11% e 50% do or\u00e7amento mensal para pagar compromissos financeiros.<\/span><\/p>\n<p><span style=\"font-weight: 400\">Entre as principais formas de endividamento, o <strong>cart\u00e3o de cr\u00e9dito<\/strong> aparece como o tipo de d\u00edvida mais comum, seguido por carn\u00eas de lojas, cr\u00e9dito pessoal e financiamentos.<\/span><\/p>\n<p><span style=\"font-weight: 400\">Especialistas apontam que o cen\u00e1rio est\u00e1 relacionado principalmente ao custo elevado do cr\u00e9dito e \u00e0s taxas de juros ainda altas, fatores que dificultam a quita\u00e7\u00e3o das d\u00edvidas e pressionam o or\u00e7amento das fam\u00edlias brasileiras.\u00a0<\/span><\/p>\n","protected":false},"excerpt":{"rendered":"<p>O n\u00edvel de endividamento das fam\u00edlias brasileiras alcan\u00e7ou 80,2% em fevereiro, o maior patamar desde o in\u00edcio da s\u00e9rie hist\u00f3rica da pesquisa da Confedera\u00e7\u00e3o Nacional do Com\u00e9rcio de Bens, Servi\u00e7os e Turismo (CNC), iniciada em 2010.\u00a0 O dado faz parte da Pesquisa de Endividamento e Inadimpl\u00eancia do Consumidor (Peic).\u00a0O resultado representa um aumento de 0,7 [&hellip;]<\/p>\n","protected":false},"author":5,"featured_media":34016,"comment_status":"open","ping_status":"open","sticky":false,"template":"","format":"standard","meta":{"jnews-multi-image_gallery":[],"jnews_single_post":{"subtitle":"","format":"standard","jnews_video_option_group":[[]],"override":[{"template":"2","parallax":"1","fullscreen":"1","layout":"right-sidebar","sidebar":"default-sidebar","second_sidebar":"default-sidebar","sticky_sidebar":"1","share_position":"hide","share_float_style":"share-monocrhome","show_featured":"1","show_post_meta":"1","show_post_author":"1","show_post_date":"1","post_date_format":"default","post_date_format_custom":"Y\/m\/d","show_post_category":"1","show_post_reading_time":"0","post_reading_time_wpm":"300","post_calculate_word_method":"str_word_count","show_zoom_button":"0","zoom_button_out_step":"2","zoom_button_in_step":"3","show_post_tag":"1","show_popup_post":"1","number_popup_post":"1","show_author_box":"1","show_post_related":"0"}],"image_override":[{"single_post_thumbnail_size":"crop-500","single_post_gallery_size":"crop-500"}],"trending_post_position":"meta","trending_post_label":"Trending","sponsored_post_label":"Sponsored by","disable_ad":"0"},"jnews_primary_category":[],"jnews_override_counter":{"view_counter_number":"0","share_counter_number":"0","like_counter_number":"0","dislike_counter_number":"0"},"jnews_post_split":{"post_split":[{"template":"1","tag":"h2","numbering":"asc","mode":"normal","first":"0","enable_toc":"0","toc_type":"normal"}]},"footnotes":""},"categories":[1],"tags":[707,6109,1861],"class_list":["post-34015","post","type-post","status-publish","format-standard","has-post-thumbnail","hentry","category-geral","tag-brasileiros","tag-endividamento","tag-pesquisa"],"yoast_head":"<!-- This site is optimized with the Yoast SEO plugin v25.0 - https:\/\/yoast.com\/wordpress\/plugins\/seo\/ -->\n<title>Situa\u00e7\u00e3o preocupante cresce e e j\u00e1 afeta 80% das fam\u00edlias brasileiras em 2026<\/title>\n<meta name=\"robots\" content=\"index, follow, max-snippet:-1, max-image-preview:large, max-video-preview:-1\" \/>\n<link rel=\"canonical\" href=\"https:\/\/crusoe.audiencelabs.com.br\/situacao-preocupante-cresce-e-e-ja-afeta-80-das-familias-brasileiras-em-2026\/\" \/>\n<meta property=\"og:locale\" content=\"pt_BR\" \/>\n<meta property=\"og:type\" content=\"article\" \/>\n<meta property=\"og:title\" content=\"Situa\u00e7\u00e3o preocupante cresce e e j\u00e1 afeta 80% das fam\u00edlias brasileiras em 2026\" \/>\n<meta property=\"og:description\" content=\"O n\u00edvel de endividamento das fam\u00edlias brasileiras alcan\u00e7ou 80,2% em fevereiro, o maior patamar desde o in\u00edcio da s\u00e9rie hist\u00f3rica da pesquisa da Confedera\u00e7\u00e3o Nacional do Com\u00e9rcio de Bens, Servi\u00e7os e Turismo (CNC), iniciada em 2010.\u00a0 O dado faz parte da Pesquisa de Endividamento e Inadimpl\u00eancia do Consumidor (Peic).\u00a0O resultado representa um aumento de 0,7 [&hellip;]\" \/>\n<meta property=\"og:url\" content=\"https:\/\/crusoe.audiencelabs.com.br\/situacao-preocupante-cresce-e-e-ja-afeta-80-das-familias-brasileiras-em-2026\/\" \/>\n<meta property=\"og:site_name\" content=\"Variedades - Cruso\u00e9\" \/>\n<meta property=\"article:published_time\" content=\"2026-03-13T15:09:30+00:00\" \/>\n<meta property=\"og:image\" content=\"https:\/\/cdn.crusoe.com.br\/uploads\/2026\/03\/Captura-de-tela-2026-03-12-220023.jpg\" \/>\n\t<meta property=\"og:image:width\" content=\"707\" \/>\n\t<meta property=\"og:image:height\" content=\"475\" \/>\n\t<meta property=\"og:image:type\" content=\"image\/jpeg\" \/>\n<meta name=\"author\" content=\"Milena Armando\" \/>\n<meta name=\"twitter:card\" content=\"summary_large_image\" \/>\n<meta name=\"twitter:label1\" content=\"Escrito por\" \/>\n\t<meta name=\"twitter:data1\" content=\"Milena Armando\" \/>\n\t<meta name=\"twitter:label2\" content=\"Est. tempo de leitura\" \/>\n\t<meta name=\"twitter:data2\" content=\"3 minutos\" \/>\n<script type=\"application\/ld+json\" class=\"yoast-schema-graph\">{\"@context\":\"https:\/\/schema.org\",\"@graph\":[{\"@type\":\"WebPage\",\"@id\":\"https:\/\/crusoe.audiencelabs.com.br\/situacao-preocupante-cresce-e-e-ja-afeta-80-das-familias-brasileiras-em-2026\/\",\"url\":\"https:\/\/crusoe.audiencelabs.com.br\/situacao-preocupante-cresce-e-e-ja-afeta-80-das-familias-brasileiras-em-2026\/\",\"name\":\"Situa\u00e7\u00e3o preocupante cresce e e j\u00e1 afeta 80% das fam\u00edlias brasileiras em 2026\",\"isPartOf\":{\"@id\":\"https:\/\/crusoe.audiencelabs.com.br\/#website\"},\"primaryImageOfPage\":{\"@id\":\"https:\/\/crusoe.audiencelabs.com.br\/situacao-preocupante-cresce-e-e-ja-afeta-80-das-familias-brasileiras-em-2026\/#primaryimage\"},\"image\":{\"@id\":\"https:\/\/crusoe.audiencelabs.com.br\/situacao-preocupante-cresce-e-e-ja-afeta-80-das-familias-brasileiras-em-2026\/#primaryimage\"},\"thumbnailUrl\":\"https:\/\/cdn.crusoe.com.br\/uploads\/2026\/03\/Captura-de-tela-2026-03-12-220023.jpg\",\"datePublished\":\"2026-03-13T15:09:30+00:00\",\"author\":{\"@id\":\"https:\/\/crusoe.audiencelabs.com.br\/#\/schema\/person\/f87f73cfe89e5360de2c006bd4bd6a74\"},\"breadcrumb\":{\"@id\":\"https:\/\/crusoe.audiencelabs.com.br\/situacao-preocupante-cresce-e-e-ja-afeta-80-das-familias-brasileiras-em-2026\/#breadcrumb\"},\"inLanguage\":\"pt-BR\",\"potentialAction\":[{\"@type\":\"ReadAction\",\"target\":[\"https:\/\/crusoe.audiencelabs.com.br\/situacao-preocupante-cresce-e-e-ja-afeta-80-das-familias-brasileiras-em-2026\/\"]}]},{\"@type\":\"ImageObject\",\"inLanguage\":\"pt-BR\",\"@id\":\"https:\/\/crusoe.audiencelabs.com.br\/situacao-preocupante-cresce-e-e-ja-afeta-80-das-familias-brasileiras-em-2026\/#primaryimage\",\"url\":\"https:\/\/cdn.crusoe.com.br\/uploads\/2026\/03\/Captura-de-tela-2026-03-12-220023.jpg\",\"contentUrl\":\"https:\/\/cdn.crusoe.com.br\/uploads\/2026\/03\/Captura-de-tela-2026-03-12-220023.jpg\",\"width\":707,\"height\":475,\"caption\":\"Reprodu\u00e7\u00e3o: Pexels\/Nicola Barts\"},{\"@type\":\"BreadcrumbList\",\"@id\":\"https:\/\/crusoe.audiencelabs.com.br\/situacao-preocupante-cresce-e-e-ja-afeta-80-das-familias-brasileiras-em-2026\/#breadcrumb\",\"itemListElement\":[{\"@type\":\"ListItem\",\"position\":1,\"name\":\"Home\",\"item\":\"https:\/\/crusoe.audiencelabs.com.br\/\"},{\"@type\":\"ListItem\",\"position\":2,\"name\":\"Situa\u00e7\u00e3o preocupante cresce e e j\u00e1 afeta 80% das fam\u00edlias brasileiras em 2026\"}]},{\"@type\":\"WebSite\",\"@id\":\"https:\/\/crusoe.audiencelabs.com.br\/#website\",\"url\":\"https:\/\/crusoe.audiencelabs.com.br\/\",\"name\":\"Variedades - Cruso\u00e9\",\"description\":\"\",\"potentialAction\":[{\"@type\":\"SearchAction\",\"target\":{\"@type\":\"EntryPoint\",\"urlTemplate\":\"https:\/\/crusoe.audiencelabs.com.br\/?s={search_term_string}\"},\"query-input\":{\"@type\":\"PropertyValueSpecification\",\"valueRequired\":true,\"valueName\":\"search_term_string\"}}],\"inLanguage\":\"pt-BR\"},{\"@type\":\"Person\",\"@id\":\"https:\/\/crusoe.audiencelabs.com.br\/#\/schema\/person\/f87f73cfe89e5360de2c006bd4bd6a74\",\"name\":\"Milena Armando\",\"image\":{\"@type\":\"ImageObject\",\"inLanguage\":\"pt-BR\",\"@id\":\"https:\/\/crusoe.audiencelabs.com.br\/#\/schema\/person\/image\/\",\"url\":\"https:\/\/secure.gravatar.com\/avatar\/ea14ecddc9e9d202b698b18f9f69e09c9fd74cfbed5c6008d55f11faefdbdab7?s=96&d=mm&r=g\",\"contentUrl\":\"https:\/\/secure.gravatar.com\/avatar\/ea14ecddc9e9d202b698b18f9f69e09c9fd74cfbed5c6008d55f11faefdbdab7?s=96&d=mm&r=g\",\"caption\":\"Milena Armando\"},\"description\":\"Jornalista, redatora e revisora.\",\"url\":\"https:\/\/crusoe.audiencelabs.com.br\/author\/milena\/\"}]}<\/script>\n<!-- \/ Yoast SEO plugin. -->","yoast_head_json":{"title":"Situa\u00e7\u00e3o preocupante cresce e e j\u00e1 afeta 80% das fam\u00edlias brasileiras em 2026","robots":{"index":"index","follow":"follow","max-snippet":"max-snippet:-1","max-image-preview":"max-image-preview:large","max-video-preview":"max-video-preview:-1"},"canonical":"https:\/\/crusoe.audiencelabs.com.br\/situacao-preocupante-cresce-e-e-ja-afeta-80-das-familias-brasileiras-em-2026\/","og_locale":"pt_BR","og_type":"article","og_title":"Situa\u00e7\u00e3o preocupante cresce e e j\u00e1 afeta 80% das fam\u00edlias brasileiras em 2026","og_description":"O n\u00edvel de endividamento das fam\u00edlias brasileiras alcan\u00e7ou 80,2% em fevereiro, o maior patamar desde o in\u00edcio da s\u00e9rie hist\u00f3rica da pesquisa da Confedera\u00e7\u00e3o Nacional do Com\u00e9rcio de Bens, Servi\u00e7os e Turismo (CNC), iniciada em 2010.\u00a0 O dado faz parte da Pesquisa de Endividamento e Inadimpl\u00eancia do Consumidor (Peic).\u00a0O resultado representa um aumento de 0,7 [&hellip;]","og_url":"https:\/\/crusoe.audiencelabs.com.br\/situacao-preocupante-cresce-e-e-ja-afeta-80-das-familias-brasileiras-em-2026\/","og_site_name":"Variedades - Cruso\u00e9","article_published_time":"2026-03-13T15:09:30+00:00","og_image":[{"width":707,"height":475,"url":"https:\/\/cdn.crusoe.com.br\/uploads\/2026\/03\/Captura-de-tela-2026-03-12-220023.jpg","type":"image\/jpeg"}],"author":"Milena Armando","twitter_card":"summary_large_image","twitter_misc":{"Escrito por":"Milena Armando","Est. tempo de leitura":"3 minutos"},"schema":{"@context":"https:\/\/schema.org","@graph":[{"@type":"WebPage","@id":"https:\/\/crusoe.audiencelabs.com.br\/situacao-preocupante-cresce-e-e-ja-afeta-80-das-familias-brasileiras-em-2026\/","url":"https:\/\/crusoe.audiencelabs.com.br\/situacao-preocupante-cresce-e-e-ja-afeta-80-das-familias-brasileiras-em-2026\/","name":"Situa\u00e7\u00e3o preocupante cresce e e j\u00e1 afeta 80% das fam\u00edlias brasileiras em 2026","isPartOf":{"@id":"https:\/\/crusoe.audiencelabs.com.br\/#website"},"primaryImageOfPage":{"@id":"https:\/\/crusoe.audiencelabs.com.br\/situacao-preocupante-cresce-e-e-ja-afeta-80-das-familias-brasileiras-em-2026\/#primaryimage"},"image":{"@id":"https:\/\/crusoe.audiencelabs.com.br\/situacao-preocupante-cresce-e-e-ja-afeta-80-das-familias-brasileiras-em-2026\/#primaryimage"},"thumbnailUrl":"https:\/\/cdn.crusoe.com.br\/uploads\/2026\/03\/Captura-de-tela-2026-03-12-220023.jpg","datePublished":"2026-03-13T15:09:30+00:00","author":{"@id":"https:\/\/crusoe.audiencelabs.com.br\/#\/schema\/person\/f87f73cfe89e5360de2c006bd4bd6a74"},"breadcrumb":{"@id":"https:\/\/crusoe.audiencelabs.com.br\/situacao-preocupante-cresce-e-e-ja-afeta-80-das-familias-brasileiras-em-2026\/#breadcrumb"},"inLanguage":"pt-BR","potentialAction":[{"@type":"ReadAction","target":["https:\/\/crusoe.audiencelabs.com.br\/situacao-preocupante-cresce-e-e-ja-afeta-80-das-familias-brasileiras-em-2026\/"]}]},{"@type":"ImageObject","inLanguage":"pt-BR","@id":"https:\/\/crusoe.audiencelabs.com.br\/situacao-preocupante-cresce-e-e-ja-afeta-80-das-familias-brasileiras-em-2026\/#primaryimage","url":"https:\/\/cdn.crusoe.com.br\/uploads\/2026\/03\/Captura-de-tela-2026-03-12-220023.jpg","contentUrl":"https:\/\/cdn.crusoe.com.br\/uploads\/2026\/03\/Captura-de-tela-2026-03-12-220023.jpg","width":707,"height":475,"caption":"Reprodu\u00e7\u00e3o: Pexels\/Nicola Barts"},{"@type":"BreadcrumbList","@id":"https:\/\/crusoe.audiencelabs.com.br\/situacao-preocupante-cresce-e-e-ja-afeta-80-das-familias-brasileiras-em-2026\/#breadcrumb","itemListElement":[{"@type":"ListItem","position":1,"name":"Home","item":"https:\/\/crusoe.audiencelabs.com.br\/"},{"@type":"ListItem","position":2,"name":"Situa\u00e7\u00e3o preocupante cresce e e j\u00e1 afeta 80% das fam\u00edlias brasileiras em 2026"}]},{"@type":"WebSite","@id":"https:\/\/crusoe.audiencelabs.com.br\/#website","url":"https:\/\/crusoe.audiencelabs.com.br\/","name":"Variedades - Cruso\u00e9","description":"","potentialAction":[{"@type":"SearchAction","target":{"@type":"EntryPoint","urlTemplate":"https:\/\/crusoe.audiencelabs.com.br\/?s={search_term_string}"},"query-input":{"@type":"PropertyValueSpecification","valueRequired":true,"valueName":"search_term_string"}}],"inLanguage":"pt-BR"},{"@type":"Person","@id":"https:\/\/crusoe.audiencelabs.com.br\/#\/schema\/person\/f87f73cfe89e5360de2c006bd4bd6a74","name":"Milena Armando","image":{"@type":"ImageObject","inLanguage":"pt-BR","@id":"https:\/\/crusoe.audiencelabs.com.br\/#\/schema\/person\/image\/","url":"https:\/\/secure.gravatar.com\/avatar\/ea14ecddc9e9d202b698b18f9f69e09c9fd74cfbed5c6008d55f11faefdbdab7?s=96&d=mm&r=g","contentUrl":"https:\/\/secure.gravatar.com\/avatar\/ea14ecddc9e9d202b698b18f9f69e09c9fd74cfbed5c6008d55f11faefdbdab7?s=96&d=mm&r=g","caption":"Milena Armando"},"description":"Jornalista, redatora e revisora.","url":"https:\/\/crusoe.audiencelabs.com.br\/author\/milena\/"}]}},"_links":{"self":[{"href":"https:\/\/crusoe.audiencelabs.com.br\/wp-json\/wp\/v2\/posts\/34015","targetHints":{"allow":["GET"]}}],"collection":[{"href":"https:\/\/crusoe.audiencelabs.com.br\/wp-json\/wp\/v2\/posts"}],"about":[{"href":"https:\/\/crusoe.audiencelabs.com.br\/wp-json\/wp\/v2\/types\/post"}],"author":[{"embeddable":true,"href":"https:\/\/crusoe.audiencelabs.com.br\/wp-json\/wp\/v2\/users\/5"}],"replies":[{"embeddable":true,"href":"https:\/\/crusoe.audiencelabs.com.br\/wp-json\/wp\/v2\/comments?post=34015"}],"version-history":[{"count":2,"href":"https:\/\/crusoe.audiencelabs.com.br\/wp-json\/wp\/v2\/posts\/34015\/revisions"}],"predecessor-version":[{"id":34090,"href":"https:\/\/crusoe.audiencelabs.com.br\/wp-json\/wp\/v2\/posts\/34015\/revisions\/34090"}],"wp:featuredmedia":[{"embeddable":true,"href":"https:\/\/crusoe.audiencelabs.com.br\/wp-json\/wp\/v2\/media\/34016"}],"wp:attachment":[{"href":"https:\/\/crusoe.audiencelabs.com.br\/wp-json\/wp\/v2\/media?parent=34015"}],"wp:term":[{"taxonomy":"category","embeddable":true,"href":"https:\/\/crusoe.audiencelabs.com.br\/wp-json\/wp\/v2\/categories?post=34015"},{"taxonomy":"post_tag","embeddable":true,"href":"https:\/\/crusoe.audiencelabs.com.br\/wp-json\/wp\/v2\/tags?post=34015"}],"curies":[{"name":"wp","href":"https:\/\/api.w.org\/{rel}","templated":true}]}}