{"id":34012,"date":"2026-03-13T11:06:25","date_gmt":"2026-03-13T14:06:25","guid":{"rendered":"https:\/\/crusoe.audiencelabs.com.br\/?p=34012"},"modified":"2026-03-20T13:27:44","modified_gmt":"2026-03-20T16:27:44","slug":"fenomeno-natural-ameaca-fazer-o-brasil-perder-um-pedaco-de-terra","status":"publish","type":"post","link":"https:\/\/crusoe.audiencelabs.com.br\/fenomeno-natural-ameaca-fazer-o-brasil-perder-um-pedaco-de-terra\/","title":{"rendered":"Fen\u00f4meno natural amea\u00e7a fazer o Brasil perder um peda\u00e7o de terra"},"content":{"rendered":"<p><span style=\"font-weight: 400\">Uma decis\u00e3o do Tribunal de Justi\u00e7a de S\u00e3o Paulo determinou que o governo estadual e a Funda\u00e7\u00e3o Florestal adotem medidas emergenciais para <strong>conter o avan\u00e7o da eros\u00e3o em uma \u00e1rea do Parque Estadual da Ilha do Cardoso,<\/strong> localizado no munic\u00edpio de <strong>Cananeia<\/strong>, no litoral sul paulista.\u00a0<\/span><\/p>\n<p><span style=\"font-weight: 400\">A medida foi tomada ap\u00f3s estudos indicarem <strong>risco de rompimento de uma faixa de terra da ilha ainda neste ano<\/strong>. <\/span><span style=\"font-weight: 400\">A decis\u00e3o judicial estabelece que seja elaborado, em at\u00e9 10 dias, um plano emergencial de a\u00e7\u00e3o para enfrentar o processo erosivo e proteger as comunidades que vivem na regi\u00e3o.<\/span><\/p>\n<p><span style=\"font-weight: 400\">O parecer que embasou a liminar foi produzido por um \u00f3rg\u00e3o ligado ao Minist\u00e9rio P\u00fablico de S\u00e3o Paulo e aponta que a eros\u00e3o acelerada pode levar \u00e0 separa\u00e7\u00e3o de parte da ilha.<\/span><\/p>\n<h2><span style=\"font-weight: 400\">\u00c1rea com risco de rompimento<\/span><\/h2>\n<p><span style=\"font-weight: 400\">O ponto mais cr\u00edtico fica no trecho conhecido como <strong>Estreito do Mel\u00e3o,<\/strong> onde o avan\u00e7o do mar e a movimenta\u00e7\u00e3o de sedimentos v\u00eam reduzindo rapidamente a faixa de areia que liga diferentes partes da ilha.\u00a0<\/span><\/p>\n<figure id=\"attachment_34087\" aria-describedby=\"caption-attachment-34087\" style=\"width: 888px\" class=\"wp-caption aligncenter\"><img loading=\"lazy\" decoding=\"async\" class=\"wp-image-34087 size-full\" src=\"https:\/\/cdn.crusoe.com.br\/uploads\/2026\/03\/1233.avif\" alt=\"\" width=\"888\" height=\"499\" srcset=\"https:\/\/cdn.crusoe.com.br\/uploads\/2026\/03\/1233.avif 888w, https:\/\/cdn.crusoe.com.br\/uploads\/2026\/03\/1233-300x169.avif 300w, https:\/\/cdn.crusoe.com.br\/uploads\/2026\/03\/1233-768x432.avif 768w, https:\/\/cdn.crusoe.com.br\/uploads\/2026\/03\/1233-750x421.avif 750w\" sizes=\"auto, (max-width: 888px) 100vw, 888px\" \/><figcaption id=\"caption-attachment-34087\" class=\"wp-caption-text\"><strong>Reprodu\u00e7\u00e3o: Defensoria P\u00fablica do Estado de S\u00e3o Paulo \/ Andre Noffs<\/strong><\/figcaption><\/figure>\n<p><span style=\"font-weight: 400\">Em poucos anos, o local passou de cerca de 100 metros de largura para menos de 20 metros, aumentando o risco de ruptura.<\/span><\/p>\n<p><span style=\"font-weight: 400\">Caso ocorra o rompimento, a configura\u00e7\u00e3o geogr\u00e1fica da \u00e1rea pode mudar significativamente, <strong>criando uma nova separa\u00e7\u00e3o territorial no arquip\u00e9lago<\/strong>.\u00a0<\/span><\/p>\n<p><span style=\"font-weight: 400\">Especialistas apontam que o processo erosivo est\u00e1 relacionado a fatores naturais, mas tamb\u00e9m pode ser agravado por mudan\u00e7as clim\u00e1ticas e pela eleva\u00e7\u00e3o do n\u00edvel do mar.<\/span><\/p>\n<h2><span style=\"font-weight: 400\">Comunidades afetadas<\/span><\/h2>\n<p><span style=\"font-weight: 400\">A ilha abriga cerca de 400 moradores, distribu\u00eddos em comunidades cai\u00e7aras e aldeias ind\u00edgenas que vivem dentro do parque estadual.\u00a0<\/span><\/p>\n<p><span style=\"font-weight: 400\">Diante da amea\u00e7a, o Minist\u00e9rio P\u00fablico tamb\u00e9m determinou que o Estado esteja preparado para realocar fam\u00edlias, caso o avan\u00e7o da eros\u00e3o coloque moradias em risco.<\/span><\/p>\n<h2><span style=\"font-weight: 400\">\u00c1rea de preserva\u00e7\u00e3o ambiental<\/span><\/h2>\n<p><span style=\"font-weight: 400\">O Parque Estadual da Ilha do Cardoso \u00e9 uma das maiores \u00e1reas cont\u00ednuas de floresta prim\u00e1ria preservada no estado de S\u00e3o Paulo.\u00a0<\/span><\/p>\n<p><span style=\"font-weight: 400\">A regi\u00e3o re\u00fane grande diversidade de fauna e flora, incluindo esp\u00e9cies amea\u00e7adas de extin\u00e7\u00e3o, al\u00e9m de comunidades tradicionais que vivem no local h\u00e1 gera\u00e7\u00f5es.<\/span><\/p>\n<p><span style=\"font-weight: 400\">A decis\u00e3o judicial busca garantir que qualquer interven\u00e7\u00e3o para conter a eros\u00e3o seja realizada de forma compat\u00edvel com a din\u00e2mica natural do ambiente costeiro, evitando obras que possam causar novos impactos ambientais na regi\u00e3o.\u00a0<\/span><\/p>\n","protected":false},"excerpt":{"rendered":"<p>Uma decis\u00e3o do Tribunal de Justi\u00e7a de S\u00e3o Paulo determinou que o governo estadual e a Funda\u00e7\u00e3o Florestal adotem medidas emergenciais para conter o avan\u00e7o da eros\u00e3o em uma \u00e1rea do Parque Estadual da Ilha do Cardoso, localizado no munic\u00edpio de Cananeia, no litoral sul paulista.\u00a0 A medida foi tomada ap\u00f3s estudos indicarem risco de [&hellip;]<\/p>\n","protected":false},"author":5,"featured_media":34013,"comment_status":"open","ping_status":"open","sticky":false,"template":"","format":"standard","meta":{"jnews-multi-image_gallery":[],"jnews_single_post":{"subtitle":"","format":"standard","jnews_video_option_group":[[]],"override":[{"template":"2","parallax":"1","fullscreen":"1","layout":"right-sidebar","sidebar":"default-sidebar","second_sidebar":"default-sidebar","sticky_sidebar":"1","share_position":"hide","share_float_style":"share-monocrhome","show_featured":"1","show_post_meta":"1","show_post_author":"1","show_post_date":"1","post_date_format":"default","post_date_format_custom":"Y\/m\/d","show_post_category":"1","show_post_reading_time":"0","post_reading_time_wpm":"300","post_calculate_word_method":"str_word_count","show_zoom_button":"0","zoom_button_out_step":"2","zoom_button_in_step":"3","show_post_tag":"1","show_popup_post":"1","number_popup_post":"1","show_author_box":"1","show_post_related":"0"}],"image_override":[{"single_post_thumbnail_size":"crop-500","single_post_gallery_size":"crop-500"}],"trending_post_position":"meta","trending_post_label":"Trending","sponsored_post_label":"Sponsored by","disable_ad":"0"},"jnews_primary_category":[],"jnews_override_counter":{"view_counter_number":"0","share_counter_number":"0","like_counter_number":"0","dislike_counter_number":"0"},"jnews_post_split":{"post_split":[{"template":"1","tag":"h2","numbering":"asc","mode":"normal","first":"0","enable_toc":"0","toc_type":"normal"}]},"footnotes":""},"categories":[1],"tags":[6108,3495],"class_list":["post-34012","post","type-post","status-publish","format-standard","has-post-thumbnail","hentry","category-geral","tag-cananeia","tag-ilha-do-cardoso"],"yoast_head":"<!-- This site is optimized with the Yoast SEO plugin v25.0 - https:\/\/yoast.com\/wordpress\/plugins\/seo\/ -->\n<title>Fen\u00f4meno natural amea\u00e7a fazer o Brasil perder um peda\u00e7o de terra<\/title>\n<meta name=\"robots\" content=\"index, follow, max-snippet:-1, max-image-preview:large, max-video-preview:-1\" \/>\n<link rel=\"canonical\" href=\"https:\/\/crusoe.audiencelabs.com.br\/fenomeno-natural-ameaca-fazer-o-brasil-perder-um-pedaco-de-terra\/\" \/>\n<meta property=\"og:locale\" content=\"pt_BR\" \/>\n<meta property=\"og:type\" content=\"article\" \/>\n<meta property=\"og:title\" content=\"Fen\u00f4meno natural amea\u00e7a fazer o Brasil perder um peda\u00e7o de terra\" \/>\n<meta property=\"og:description\" content=\"Uma decis\u00e3o do Tribunal de Justi\u00e7a de S\u00e3o Paulo determinou que o governo estadual e a Funda\u00e7\u00e3o Florestal adotem medidas emergenciais para conter o avan\u00e7o da eros\u00e3o em uma \u00e1rea do Parque Estadual da Ilha do Cardoso, localizado no munic\u00edpio de Cananeia, no litoral sul paulista.\u00a0 A medida foi tomada ap\u00f3s estudos indicarem risco de [&hellip;]\" \/>\n<meta property=\"og:url\" content=\"https:\/\/crusoe.audiencelabs.com.br\/fenomeno-natural-ameaca-fazer-o-brasil-perder-um-pedaco-de-terra\/\" \/>\n<meta property=\"og:site_name\" content=\"Variedades - Cruso\u00e9\" \/>\n<meta property=\"article:published_time\" content=\"2026-03-13T14:06:25+00:00\" \/>\n<meta property=\"article:modified_time\" content=\"2026-03-20T16:27:44+00:00\" \/>\n<meta property=\"og:image\" content=\"https:\/\/cdn.crusoe.com.br\/uploads\/2026\/03\/g_58_4_1_07102022194321.jpg\" \/>\n\t<meta property=\"og:image:width\" content=\"774\" \/>\n\t<meta property=\"og:image:height\" content=\"478\" \/>\n\t<meta property=\"og:image:type\" content=\"image\/jpeg\" \/>\n<meta name=\"author\" content=\"Milena Armando\" \/>\n<meta name=\"twitter:card\" content=\"summary_large_image\" \/>\n<meta name=\"twitter:label1\" content=\"Escrito por\" \/>\n\t<meta name=\"twitter:data1\" content=\"Milena Armando\" \/>\n\t<meta name=\"twitter:label2\" content=\"Est. tempo de leitura\" \/>\n\t<meta name=\"twitter:data2\" content=\"3 minutos\" \/>\n<script type=\"application\/ld+json\" class=\"yoast-schema-graph\">{\"@context\":\"https:\/\/schema.org\",\"@graph\":[{\"@type\":\"WebPage\",\"@id\":\"https:\/\/crusoe.audiencelabs.com.br\/fenomeno-natural-ameaca-fazer-o-brasil-perder-um-pedaco-de-terra\/\",\"url\":\"https:\/\/crusoe.audiencelabs.com.br\/fenomeno-natural-ameaca-fazer-o-brasil-perder-um-pedaco-de-terra\/\",\"name\":\"Fen\u00f4meno natural amea\u00e7a fazer o Brasil perder um peda\u00e7o de terra\",\"isPartOf\":{\"@id\":\"https:\/\/crusoe.audiencelabs.com.br\/#website\"},\"primaryImageOfPage\":{\"@id\":\"https:\/\/crusoe.audiencelabs.com.br\/fenomeno-natural-ameaca-fazer-o-brasil-perder-um-pedaco-de-terra\/#primaryimage\"},\"image\":{\"@id\":\"https:\/\/crusoe.audiencelabs.com.br\/fenomeno-natural-ameaca-fazer-o-brasil-perder-um-pedaco-de-terra\/#primaryimage\"},\"thumbnailUrl\":\"https:\/\/cdn.crusoe.com.br\/uploads\/2026\/03\/g_58_4_1_07102022194321.jpg\",\"datePublished\":\"2026-03-13T14:06:25+00:00\",\"dateModified\":\"2026-03-20T16:27:44+00:00\",\"author\":{\"@id\":\"https:\/\/crusoe.audiencelabs.com.br\/#\/schema\/person\/f87f73cfe89e5360de2c006bd4bd6a74\"},\"breadcrumb\":{\"@id\":\"https:\/\/crusoe.audiencelabs.com.br\/fenomeno-natural-ameaca-fazer-o-brasil-perder-um-pedaco-de-terra\/#breadcrumb\"},\"inLanguage\":\"pt-BR\",\"potentialAction\":[{\"@type\":\"ReadAction\",\"target\":[\"https:\/\/crusoe.audiencelabs.com.br\/fenomeno-natural-ameaca-fazer-o-brasil-perder-um-pedaco-de-terra\/\"]}]},{\"@type\":\"ImageObject\",\"inLanguage\":\"pt-BR\",\"@id\":\"https:\/\/crusoe.audiencelabs.com.br\/fenomeno-natural-ameaca-fazer-o-brasil-perder-um-pedaco-de-terra\/#primaryimage\",\"url\":\"https:\/\/cdn.crusoe.com.br\/uploads\/2026\/03\/g_58_4_1_07102022194321.jpg\",\"contentUrl\":\"https:\/\/cdn.crusoe.com.br\/uploads\/2026\/03\/g_58_4_1_07102022194321.jpg\",\"width\":774,\"height\":478,\"caption\":\"Reprodu\u00e7\u00e3o: Prefeitura de Cananeia\"},{\"@type\":\"BreadcrumbList\",\"@id\":\"https:\/\/crusoe.audiencelabs.com.br\/fenomeno-natural-ameaca-fazer-o-brasil-perder-um-pedaco-de-terra\/#breadcrumb\",\"itemListElement\":[{\"@type\":\"ListItem\",\"position\":1,\"name\":\"Home\",\"item\":\"https:\/\/crusoe.audiencelabs.com.br\/\"},{\"@type\":\"ListItem\",\"position\":2,\"name\":\"Fen\u00f4meno natural amea\u00e7a fazer o Brasil perder um peda\u00e7o de terra\"}]},{\"@type\":\"WebSite\",\"@id\":\"https:\/\/crusoe.audiencelabs.com.br\/#website\",\"url\":\"https:\/\/crusoe.audiencelabs.com.br\/\",\"name\":\"Variedades - Cruso\u00e9\",\"description\":\"\",\"potentialAction\":[{\"@type\":\"SearchAction\",\"target\":{\"@type\":\"EntryPoint\",\"urlTemplate\":\"https:\/\/crusoe.audiencelabs.com.br\/?s={search_term_string}\"},\"query-input\":{\"@type\":\"PropertyValueSpecification\",\"valueRequired\":true,\"valueName\":\"search_term_string\"}}],\"inLanguage\":\"pt-BR\"},{\"@type\":\"Person\",\"@id\":\"https:\/\/crusoe.audiencelabs.com.br\/#\/schema\/person\/f87f73cfe89e5360de2c006bd4bd6a74\",\"name\":\"Milena Armando\",\"image\":{\"@type\":\"ImageObject\",\"inLanguage\":\"pt-BR\",\"@id\":\"https:\/\/crusoe.audiencelabs.com.br\/#\/schema\/person\/image\/\",\"url\":\"https:\/\/secure.gravatar.com\/avatar\/ea14ecddc9e9d202b698b18f9f69e09c9fd74cfbed5c6008d55f11faefdbdab7?s=96&d=mm&r=g\",\"contentUrl\":\"https:\/\/secure.gravatar.com\/avatar\/ea14ecddc9e9d202b698b18f9f69e09c9fd74cfbed5c6008d55f11faefdbdab7?s=96&d=mm&r=g\",\"caption\":\"Milena Armando\"},\"description\":\"Jornalista, redatora e revisora.\",\"url\":\"https:\/\/crusoe.audiencelabs.com.br\/author\/milena\/\"}]}<\/script>\n<!-- \/ Yoast SEO plugin. -->","yoast_head_json":{"title":"Fen\u00f4meno natural amea\u00e7a fazer o Brasil perder um peda\u00e7o de terra","robots":{"index":"index","follow":"follow","max-snippet":"max-snippet:-1","max-image-preview":"max-image-preview:large","max-video-preview":"max-video-preview:-1"},"canonical":"https:\/\/crusoe.audiencelabs.com.br\/fenomeno-natural-ameaca-fazer-o-brasil-perder-um-pedaco-de-terra\/","og_locale":"pt_BR","og_type":"article","og_title":"Fen\u00f4meno natural amea\u00e7a fazer o Brasil perder um peda\u00e7o de terra","og_description":"Uma decis\u00e3o do Tribunal de Justi\u00e7a de S\u00e3o Paulo determinou que o governo estadual e a Funda\u00e7\u00e3o Florestal adotem medidas emergenciais para conter o avan\u00e7o da eros\u00e3o em uma \u00e1rea do Parque Estadual da Ilha do Cardoso, localizado no munic\u00edpio de Cananeia, no litoral sul paulista.\u00a0 A medida foi tomada ap\u00f3s estudos indicarem risco de [&hellip;]","og_url":"https:\/\/crusoe.audiencelabs.com.br\/fenomeno-natural-ameaca-fazer-o-brasil-perder-um-pedaco-de-terra\/","og_site_name":"Variedades - Cruso\u00e9","article_published_time":"2026-03-13T14:06:25+00:00","article_modified_time":"2026-03-20T16:27:44+00:00","og_image":[{"width":774,"height":478,"url":"https:\/\/cdn.crusoe.com.br\/uploads\/2026\/03\/g_58_4_1_07102022194321.jpg","type":"image\/jpeg"}],"author":"Milena Armando","twitter_card":"summary_large_image","twitter_misc":{"Escrito por":"Milena Armando","Est. tempo de leitura":"3 minutos"},"schema":{"@context":"https:\/\/schema.org","@graph":[{"@type":"WebPage","@id":"https:\/\/crusoe.audiencelabs.com.br\/fenomeno-natural-ameaca-fazer-o-brasil-perder-um-pedaco-de-terra\/","url":"https:\/\/crusoe.audiencelabs.com.br\/fenomeno-natural-ameaca-fazer-o-brasil-perder-um-pedaco-de-terra\/","name":"Fen\u00f4meno natural amea\u00e7a fazer o Brasil perder um peda\u00e7o de terra","isPartOf":{"@id":"https:\/\/crusoe.audiencelabs.com.br\/#website"},"primaryImageOfPage":{"@id":"https:\/\/crusoe.audiencelabs.com.br\/fenomeno-natural-ameaca-fazer-o-brasil-perder-um-pedaco-de-terra\/#primaryimage"},"image":{"@id":"https:\/\/crusoe.audiencelabs.com.br\/fenomeno-natural-ameaca-fazer-o-brasil-perder-um-pedaco-de-terra\/#primaryimage"},"thumbnailUrl":"https:\/\/cdn.crusoe.com.br\/uploads\/2026\/03\/g_58_4_1_07102022194321.jpg","datePublished":"2026-03-13T14:06:25+00:00","dateModified":"2026-03-20T16:27:44+00:00","author":{"@id":"https:\/\/crusoe.audiencelabs.com.br\/#\/schema\/person\/f87f73cfe89e5360de2c006bd4bd6a74"},"breadcrumb":{"@id":"https:\/\/crusoe.audiencelabs.com.br\/fenomeno-natural-ameaca-fazer-o-brasil-perder-um-pedaco-de-terra\/#breadcrumb"},"inLanguage":"pt-BR","potentialAction":[{"@type":"ReadAction","target":["https:\/\/crusoe.audiencelabs.com.br\/fenomeno-natural-ameaca-fazer-o-brasil-perder-um-pedaco-de-terra\/"]}]},{"@type":"ImageObject","inLanguage":"pt-BR","@id":"https:\/\/crusoe.audiencelabs.com.br\/fenomeno-natural-ameaca-fazer-o-brasil-perder-um-pedaco-de-terra\/#primaryimage","url":"https:\/\/cdn.crusoe.com.br\/uploads\/2026\/03\/g_58_4_1_07102022194321.jpg","contentUrl":"https:\/\/cdn.crusoe.com.br\/uploads\/2026\/03\/g_58_4_1_07102022194321.jpg","width":774,"height":478,"caption":"Reprodu\u00e7\u00e3o: Prefeitura de Cananeia"},{"@type":"BreadcrumbList","@id":"https:\/\/crusoe.audiencelabs.com.br\/fenomeno-natural-ameaca-fazer-o-brasil-perder-um-pedaco-de-terra\/#breadcrumb","itemListElement":[{"@type":"ListItem","position":1,"name":"Home","item":"https:\/\/crusoe.audiencelabs.com.br\/"},{"@type":"ListItem","position":2,"name":"Fen\u00f4meno natural amea\u00e7a fazer o Brasil perder um peda\u00e7o de terra"}]},{"@type":"WebSite","@id":"https:\/\/crusoe.audiencelabs.com.br\/#website","url":"https:\/\/crusoe.audiencelabs.com.br\/","name":"Variedades - Cruso\u00e9","description":"","potentialAction":[{"@type":"SearchAction","target":{"@type":"EntryPoint","urlTemplate":"https:\/\/crusoe.audiencelabs.com.br\/?s={search_term_string}"},"query-input":{"@type":"PropertyValueSpecification","valueRequired":true,"valueName":"search_term_string"}}],"inLanguage":"pt-BR"},{"@type":"Person","@id":"https:\/\/crusoe.audiencelabs.com.br\/#\/schema\/person\/f87f73cfe89e5360de2c006bd4bd6a74","name":"Milena Armando","image":{"@type":"ImageObject","inLanguage":"pt-BR","@id":"https:\/\/crusoe.audiencelabs.com.br\/#\/schema\/person\/image\/","url":"https:\/\/secure.gravatar.com\/avatar\/ea14ecddc9e9d202b698b18f9f69e09c9fd74cfbed5c6008d55f11faefdbdab7?s=96&d=mm&r=g","contentUrl":"https:\/\/secure.gravatar.com\/avatar\/ea14ecddc9e9d202b698b18f9f69e09c9fd74cfbed5c6008d55f11faefdbdab7?s=96&d=mm&r=g","caption":"Milena Armando"},"description":"Jornalista, redatora e revisora.","url":"https:\/\/crusoe.audiencelabs.com.br\/author\/milena\/"}]}},"_links":{"self":[{"href":"https:\/\/crusoe.audiencelabs.com.br\/wp-json\/wp\/v2\/posts\/34012","targetHints":{"allow":["GET"]}}],"collection":[{"href":"https:\/\/crusoe.audiencelabs.com.br\/wp-json\/wp\/v2\/posts"}],"about":[{"href":"https:\/\/crusoe.audiencelabs.com.br\/wp-json\/wp\/v2\/types\/post"}],"author":[{"embeddable":true,"href":"https:\/\/crusoe.audiencelabs.com.br\/wp-json\/wp\/v2\/users\/5"}],"replies":[{"embeddable":true,"href":"https:\/\/crusoe.audiencelabs.com.br\/wp-json\/wp\/v2\/comments?post=34012"}],"version-history":[{"count":3,"href":"https:\/\/crusoe.audiencelabs.com.br\/wp-json\/wp\/v2\/posts\/34012\/revisions"}],"predecessor-version":[{"id":34600,"href":"https:\/\/crusoe.audiencelabs.com.br\/wp-json\/wp\/v2\/posts\/34012\/revisions\/34600"}],"wp:featuredmedia":[{"embeddable":true,"href":"https:\/\/crusoe.audiencelabs.com.br\/wp-json\/wp\/v2\/media\/34013"}],"wp:attachment":[{"href":"https:\/\/crusoe.audiencelabs.com.br\/wp-json\/wp\/v2\/media?parent=34012"}],"wp:term":[{"taxonomy":"category","embeddable":true,"href":"https:\/\/crusoe.audiencelabs.com.br\/wp-json\/wp\/v2\/categories?post=34012"},{"taxonomy":"post_tag","embeddable":true,"href":"https:\/\/crusoe.audiencelabs.com.br\/wp-json\/wp\/v2\/tags?post=34012"}],"curies":[{"name":"wp","href":"https:\/\/api.w.org\/{rel}","templated":true}]}}