{"id":33998,"date":"2026-03-13T07:33:48","date_gmt":"2026-03-13T10:33:48","guid":{"rendered":"https:\/\/crusoe.audiencelabs.com.br\/?p=33998"},"modified":"2026-03-13T07:15:08","modified_gmt":"2026-03-13T10:15:08","slug":"governo-manda-construir-barreira-para-proibir-imigrantes-em-todo-este-pais","status":"publish","type":"post","link":"https:\/\/crusoe.audiencelabs.com.br\/governo-manda-construir-barreira-para-proibir-imigrantes-em-todo-este-pais\/","title":{"rendered":"Governo manda construir barreira para &#8220;proibir&#8221; imigrantes em todo este pa\u00eds"},"content":{"rendered":"<p><span style=\"font-weight: 400\">O governo do <strong>Chile<\/strong> anunciou a <strong>constru\u00e7\u00e3o de barreiras f\u00edsicas ao longo da fronteira com a Bol\u00edvia<\/strong> como parte de uma nova pol\u00edtica de<strong> controle migrat\u00f3rio<\/strong>.\u00a0<\/span><\/p>\n<p><span style=\"font-weight: 400\">A medida foi determinada pelo presidente Jos\u00e9 Antonio Kast e tem como principal objetivo<strong> conter a entrada irregular de imigrantes no territ\u00f3rio chileno.<\/strong><\/span><\/p>\n<p><span style=\"font-weight: 400\">A decis\u00e3o foi anunciada logo no in\u00edcio do mandato do presidente, durante a assinatura de seus primeiros decretos.\u00a0<\/span><span style=\"font-weight: 400\">Na ocasi\u00e3o, Kast pediu ao comandante do Ex\u00e9rcito chileno que colabore com o aumento do efetivo na regi\u00e3o e com a constru\u00e7\u00e3o de estruturas f\u00edsicas para impedir travessias ilegais na fronteira.<\/span><\/p>\n<h2><span style=\"font-weight: 400\">Medida faz parte de plano para conter imigra\u00e7\u00e3o irregular<\/span><\/h2>\n<p><span style=\"font-weight: 400\">A constru\u00e7\u00e3o das barreiras integra um conjunto de a\u00e7\u00f5es voltadas ao endurecimento das pol\u00edticas migrat\u00f3rias no pa\u00eds.\u00a0<\/span><\/p>\n<p><span style=\"font-weight: 400\">A iniciativa faz parte de um plano de seguran\u00e7a de fronteiras, que prev\u00ea tamb\u00e9m mudan\u00e7as legais para desestimular a imigra\u00e7\u00e3o irregular e refor\u00e7ar a atua\u00e7\u00e3o das for\u00e7as de seguran\u00e7a na regi\u00e3o.<\/span><\/p>\n<p><span style=\"font-weight: 400\">Segundo dados oficiais citados por autoridades chilenas, cerca de 337 mil estrangeiros vivem atualmente no pa\u00eds sem a documenta\u00e7\u00e3o exigida, cen\u00e1rio que tem alimentado o debate pol\u00edtico sobre imigra\u00e7\u00e3o e controle de fronteiras.<\/span><\/p>\n<h2><span style=\"font-weight: 400\">Regi\u00e3o enfrenta press\u00e3o migrat\u00f3ria<\/span><\/h2>\n<p><span style=\"font-weight: 400\">A fronteira entre Chile e Bol\u00edvia, localizada na <strong>regi\u00e3o dos Andes<\/strong>, tornou-se nos \u00faltimos anos uma rota frequente de entrada irregular no territ\u00f3rio chileno.<\/span><span style=\"font-weight: 400\">\u00a0A \u00e1rea \u00e9 extensa e de dif\u00edcil fiscaliza\u00e7\u00e3o, o que facilita a travessia de migrantes por rotas clandestinas.<\/span><\/p>\n<p><span style=\"font-weight: 400\">Autoridades chilenas afirmam que o refor\u00e7o da estrutura f\u00edsica e da presen\u00e7a militar pretende reduzir essas travessias e aumentar o controle na regi\u00e3o.<\/span><\/p>\n<h2><span style=\"font-weight: 400\">Decis\u00e3o gera debate pol\u00edtico<\/span><\/h2>\n<p style=\"text-align: left\"><span style=\"font-weight: 400\">A medida tamb\u00e9m reacendeu discuss\u00f5es sobre pol\u00edticas migrat\u00f3rias na <a href=\"https:\/\/crusoe.audiencelabs.com.br\/um-dos-melhores-paises-para-viver-na-america-do-sul-quer-atrair-mais-brasileiros-e-faz-chamado-especial\/\">Am\u00e9rica do Sul<\/a> e sobre o impacto de a\u00e7\u00f5es mais r\u00edgidas de controle de fronteiras.\u00a0<\/span><\/p>\n<p><span style=\"font-weight: 400\">Enquanto apoiadores argumentam que a iniciativa fortalece a seguran\u00e7a nacional, cr\u00edticos alertam para poss\u00edveis impactos nas rela\u00e7\u00f5es diplom\u00e1ticas e para os desafios humanit\u00e1rios relacionados ao fluxo migrat\u00f3rio na regi\u00e3o.<\/span><\/p>\n","protected":false},"excerpt":{"rendered":"<p>O governo do Chile anunciou a constru\u00e7\u00e3o de barreiras f\u00edsicas ao longo da fronteira com a Bol\u00edvia como parte de uma nova pol\u00edtica de controle migrat\u00f3rio.\u00a0 A medida foi determinada pelo presidente Jos\u00e9 Antonio Kast e tem como principal objetivo conter a entrada irregular de imigrantes no territ\u00f3rio chileno. A decis\u00e3o foi anunciada logo no [&hellip;]<\/p>\n","protected":false},"author":5,"featured_media":33999,"comment_status":"open","ping_status":"open","sticky":false,"template":"","format":"standard","meta":{"jnews-multi-image_gallery":[],"jnews_single_post":{"subtitle":"","format":"standard","jnews_video_option_group":[[]],"override":[{"template":"2","parallax":"1","fullscreen":"1","layout":"right-sidebar","sidebar":"default-sidebar","second_sidebar":"default-sidebar","sticky_sidebar":"1","share_position":"hide","share_float_style":"share-monocrhome","show_featured":"1","show_post_meta":"1","show_post_author":"1","show_post_date":"1","post_date_format":"default","post_date_format_custom":"Y\/m\/d","show_post_category":"1","show_post_reading_time":"0","post_reading_time_wpm":"300","post_calculate_word_method":"str_word_count","show_zoom_button":"0","zoom_button_out_step":"2","zoom_button_in_step":"3","show_post_tag":"1","show_popup_post":"1","number_popup_post":"1","show_author_box":"1","show_post_related":"0"}],"image_override":[{"single_post_thumbnail_size":"crop-500","single_post_gallery_size":"crop-500"}],"trending_post_position":"meta","trending_post_label":"Trending","sponsored_post_label":"Sponsored by","disable_ad":"0"},"jnews_primary_category":[],"jnews_override_counter":{"view_counter_number":"0","share_counter_number":"0","like_counter_number":"0","dislike_counter_number":"0"},"jnews_post_split":{"post_split":[{"template":"1","tag":"h2","numbering":"asc","mode":"normal","first":"0","enable_toc":"0","toc_type":"normal"}]},"footnotes":""},"categories":[1],"tags":[256,2394,166],"class_list":["post-33998","post","type-post","status-publish","format-standard","has-post-thumbnail","hentry","category-geral","tag-bolivia","tag-chile","tag-imigracao"],"yoast_head":"<!-- This site is optimized with the Yoast SEO plugin v25.0 - https:\/\/yoast.com\/wordpress\/plugins\/seo\/ -->\n<title>Governo manda construir barreira para &quot;proibir&quot; imigrantes em todo este pa\u00eds<\/title>\n<meta name=\"robots\" content=\"index, follow, max-snippet:-1, max-image-preview:large, max-video-preview:-1\" \/>\n<link rel=\"canonical\" href=\"https:\/\/crusoe.audiencelabs.com.br\/governo-manda-construir-barreira-para-proibir-imigrantes-em-todo-este-pais\/\" \/>\n<meta property=\"og:locale\" content=\"pt_BR\" \/>\n<meta property=\"og:type\" content=\"article\" \/>\n<meta property=\"og:title\" content=\"Governo manda construir barreira para &quot;proibir&quot; imigrantes em todo este pa\u00eds\" \/>\n<meta property=\"og:description\" content=\"O governo do Chile anunciou a constru\u00e7\u00e3o de barreiras f\u00edsicas ao longo da fronteira com a Bol\u00edvia como parte de uma nova pol\u00edtica de controle migrat\u00f3rio.\u00a0 A medida foi determinada pelo presidente Jos\u00e9 Antonio Kast e tem como principal objetivo conter a entrada irregular de imigrantes no territ\u00f3rio chileno. A decis\u00e3o foi anunciada logo no [&hellip;]\" \/>\n<meta property=\"og:url\" content=\"https:\/\/crusoe.audiencelabs.com.br\/governo-manda-construir-barreira-para-proibir-imigrantes-em-todo-este-pais\/\" \/>\n<meta property=\"og:site_name\" content=\"Variedades - Cruso\u00e9\" \/>\n<meta property=\"article:published_time\" content=\"2026-03-13T10:33:48+00:00\" \/>\n<meta property=\"og:image\" content=\"https:\/\/cdn.crusoe.com.br\/uploads\/2026\/03\/pexels-hemersoncoelho-3414526-scaled.jpg\" \/>\n\t<meta property=\"og:image:width\" content=\"2560\" \/>\n\t<meta property=\"og:image:height\" content=\"1707\" \/>\n\t<meta property=\"og:image:type\" content=\"image\/jpeg\" \/>\n<meta name=\"author\" content=\"Milena Armando\" \/>\n<meta name=\"twitter:card\" content=\"summary_large_image\" \/>\n<meta name=\"twitter:label1\" content=\"Escrito por\" \/>\n\t<meta name=\"twitter:data1\" content=\"Milena Armando\" \/>\n\t<meta name=\"twitter:label2\" content=\"Est. tempo de leitura\" \/>\n\t<meta name=\"twitter:data2\" content=\"2 minutos\" \/>\n<script type=\"application\/ld+json\" class=\"yoast-schema-graph\">{\"@context\":\"https:\/\/schema.org\",\"@graph\":[{\"@type\":\"WebPage\",\"@id\":\"https:\/\/crusoe.audiencelabs.com.br\/governo-manda-construir-barreira-para-proibir-imigrantes-em-todo-este-pais\/\",\"url\":\"https:\/\/crusoe.audiencelabs.com.br\/governo-manda-construir-barreira-para-proibir-imigrantes-em-todo-este-pais\/\",\"name\":\"Governo manda construir barreira para \\\"proibir\\\" imigrantes em todo este pa\u00eds\",\"isPartOf\":{\"@id\":\"https:\/\/crusoe.audiencelabs.com.br\/#website\"},\"primaryImageOfPage\":{\"@id\":\"https:\/\/crusoe.audiencelabs.com.br\/governo-manda-construir-barreira-para-proibir-imigrantes-em-todo-este-pais\/#primaryimage\"},\"image\":{\"@id\":\"https:\/\/crusoe.audiencelabs.com.br\/governo-manda-construir-barreira-para-proibir-imigrantes-em-todo-este-pais\/#primaryimage\"},\"thumbnailUrl\":\"https:\/\/cdn.crusoe.com.br\/uploads\/2026\/03\/pexels-hemersoncoelho-3414526-scaled.jpg\",\"datePublished\":\"2026-03-13T10:33:48+00:00\",\"author\":{\"@id\":\"https:\/\/crusoe.audiencelabs.com.br\/#\/schema\/person\/f87f73cfe89e5360de2c006bd4bd6a74\"},\"breadcrumb\":{\"@id\":\"https:\/\/crusoe.audiencelabs.com.br\/governo-manda-construir-barreira-para-proibir-imigrantes-em-todo-este-pais\/#breadcrumb\"},\"inLanguage\":\"pt-BR\",\"potentialAction\":[{\"@type\":\"ReadAction\",\"target\":[\"https:\/\/crusoe.audiencelabs.com.br\/governo-manda-construir-barreira-para-proibir-imigrantes-em-todo-este-pais\/\"]}]},{\"@type\":\"ImageObject\",\"inLanguage\":\"pt-BR\",\"@id\":\"https:\/\/crusoe.audiencelabs.com.br\/governo-manda-construir-barreira-para-proibir-imigrantes-em-todo-este-pais\/#primaryimage\",\"url\":\"https:\/\/cdn.crusoe.com.br\/uploads\/2026\/03\/pexels-hemersoncoelho-3414526-scaled.jpg\",\"contentUrl\":\"https:\/\/cdn.crusoe.com.br\/uploads\/2026\/03\/pexels-hemersoncoelho-3414526-scaled.jpg\",\"width\":2560,\"height\":1707,\"caption\":\"Reprodu\u00e7\u00e3o: Pexels\/Hemerson Coelho\"},{\"@type\":\"BreadcrumbList\",\"@id\":\"https:\/\/crusoe.audiencelabs.com.br\/governo-manda-construir-barreira-para-proibir-imigrantes-em-todo-este-pais\/#breadcrumb\",\"itemListElement\":[{\"@type\":\"ListItem\",\"position\":1,\"name\":\"Home\",\"item\":\"https:\/\/crusoe.audiencelabs.com.br\/\"},{\"@type\":\"ListItem\",\"position\":2,\"name\":\"Governo manda construir barreira para &#8220;proibir&#8221; imigrantes em todo este pa\u00eds\"}]},{\"@type\":\"WebSite\",\"@id\":\"https:\/\/crusoe.audiencelabs.com.br\/#website\",\"url\":\"https:\/\/crusoe.audiencelabs.com.br\/\",\"name\":\"Variedades - Cruso\u00e9\",\"description\":\"\",\"potentialAction\":[{\"@type\":\"SearchAction\",\"target\":{\"@type\":\"EntryPoint\",\"urlTemplate\":\"https:\/\/crusoe.audiencelabs.com.br\/?s={search_term_string}\"},\"query-input\":{\"@type\":\"PropertyValueSpecification\",\"valueRequired\":true,\"valueName\":\"search_term_string\"}}],\"inLanguage\":\"pt-BR\"},{\"@type\":\"Person\",\"@id\":\"https:\/\/crusoe.audiencelabs.com.br\/#\/schema\/person\/f87f73cfe89e5360de2c006bd4bd6a74\",\"name\":\"Milena Armando\",\"image\":{\"@type\":\"ImageObject\",\"inLanguage\":\"pt-BR\",\"@id\":\"https:\/\/crusoe.audiencelabs.com.br\/#\/schema\/person\/image\/\",\"url\":\"https:\/\/secure.gravatar.com\/avatar\/ea14ecddc9e9d202b698b18f9f69e09c9fd74cfbed5c6008d55f11faefdbdab7?s=96&d=mm&r=g\",\"contentUrl\":\"https:\/\/secure.gravatar.com\/avatar\/ea14ecddc9e9d202b698b18f9f69e09c9fd74cfbed5c6008d55f11faefdbdab7?s=96&d=mm&r=g\",\"caption\":\"Milena Armando\"},\"description\":\"Jornalista, redatora e revisora.\",\"url\":\"https:\/\/crusoe.audiencelabs.com.br\/author\/milena\/\"}]}<\/script>\n<!-- \/ Yoast SEO plugin. -->","yoast_head_json":{"title":"Governo manda construir barreira para \"proibir\" imigrantes em todo este pa\u00eds","robots":{"index":"index","follow":"follow","max-snippet":"max-snippet:-1","max-image-preview":"max-image-preview:large","max-video-preview":"max-video-preview:-1"},"canonical":"https:\/\/crusoe.audiencelabs.com.br\/governo-manda-construir-barreira-para-proibir-imigrantes-em-todo-este-pais\/","og_locale":"pt_BR","og_type":"article","og_title":"Governo manda construir barreira para \"proibir\" imigrantes em todo este pa\u00eds","og_description":"O governo do Chile anunciou a constru\u00e7\u00e3o de barreiras f\u00edsicas ao longo da fronteira com a Bol\u00edvia como parte de uma nova pol\u00edtica de controle migrat\u00f3rio.\u00a0 A medida foi determinada pelo presidente Jos\u00e9 Antonio Kast e tem como principal objetivo conter a entrada irregular de imigrantes no territ\u00f3rio chileno. A decis\u00e3o foi anunciada logo no [&hellip;]","og_url":"https:\/\/crusoe.audiencelabs.com.br\/governo-manda-construir-barreira-para-proibir-imigrantes-em-todo-este-pais\/","og_site_name":"Variedades - Cruso\u00e9","article_published_time":"2026-03-13T10:33:48+00:00","og_image":[{"width":2560,"height":1707,"url":"https:\/\/cdn.crusoe.com.br\/uploads\/2026\/03\/pexels-hemersoncoelho-3414526-scaled.jpg","type":"image\/jpeg"}],"author":"Milena Armando","twitter_card":"summary_large_image","twitter_misc":{"Escrito por":"Milena Armando","Est. tempo de leitura":"2 minutos"},"schema":{"@context":"https:\/\/schema.org","@graph":[{"@type":"WebPage","@id":"https:\/\/crusoe.audiencelabs.com.br\/governo-manda-construir-barreira-para-proibir-imigrantes-em-todo-este-pais\/","url":"https:\/\/crusoe.audiencelabs.com.br\/governo-manda-construir-barreira-para-proibir-imigrantes-em-todo-este-pais\/","name":"Governo manda construir barreira para \"proibir\" imigrantes em todo este pa\u00eds","isPartOf":{"@id":"https:\/\/crusoe.audiencelabs.com.br\/#website"},"primaryImageOfPage":{"@id":"https:\/\/crusoe.audiencelabs.com.br\/governo-manda-construir-barreira-para-proibir-imigrantes-em-todo-este-pais\/#primaryimage"},"image":{"@id":"https:\/\/crusoe.audiencelabs.com.br\/governo-manda-construir-barreira-para-proibir-imigrantes-em-todo-este-pais\/#primaryimage"},"thumbnailUrl":"https:\/\/cdn.crusoe.com.br\/uploads\/2026\/03\/pexels-hemersoncoelho-3414526-scaled.jpg","datePublished":"2026-03-13T10:33:48+00:00","author":{"@id":"https:\/\/crusoe.audiencelabs.com.br\/#\/schema\/person\/f87f73cfe89e5360de2c006bd4bd6a74"},"breadcrumb":{"@id":"https:\/\/crusoe.audiencelabs.com.br\/governo-manda-construir-barreira-para-proibir-imigrantes-em-todo-este-pais\/#breadcrumb"},"inLanguage":"pt-BR","potentialAction":[{"@type":"ReadAction","target":["https:\/\/crusoe.audiencelabs.com.br\/governo-manda-construir-barreira-para-proibir-imigrantes-em-todo-este-pais\/"]}]},{"@type":"ImageObject","inLanguage":"pt-BR","@id":"https:\/\/crusoe.audiencelabs.com.br\/governo-manda-construir-barreira-para-proibir-imigrantes-em-todo-este-pais\/#primaryimage","url":"https:\/\/cdn.crusoe.com.br\/uploads\/2026\/03\/pexels-hemersoncoelho-3414526-scaled.jpg","contentUrl":"https:\/\/cdn.crusoe.com.br\/uploads\/2026\/03\/pexels-hemersoncoelho-3414526-scaled.jpg","width":2560,"height":1707,"caption":"Reprodu\u00e7\u00e3o: Pexels\/Hemerson Coelho"},{"@type":"BreadcrumbList","@id":"https:\/\/crusoe.audiencelabs.com.br\/governo-manda-construir-barreira-para-proibir-imigrantes-em-todo-este-pais\/#breadcrumb","itemListElement":[{"@type":"ListItem","position":1,"name":"Home","item":"https:\/\/crusoe.audiencelabs.com.br\/"},{"@type":"ListItem","position":2,"name":"Governo manda construir barreira para &#8220;proibir&#8221; imigrantes em todo este pa\u00eds"}]},{"@type":"WebSite","@id":"https:\/\/crusoe.audiencelabs.com.br\/#website","url":"https:\/\/crusoe.audiencelabs.com.br\/","name":"Variedades - Cruso\u00e9","description":"","potentialAction":[{"@type":"SearchAction","target":{"@type":"EntryPoint","urlTemplate":"https:\/\/crusoe.audiencelabs.com.br\/?s={search_term_string}"},"query-input":{"@type":"PropertyValueSpecification","valueRequired":true,"valueName":"search_term_string"}}],"inLanguage":"pt-BR"},{"@type":"Person","@id":"https:\/\/crusoe.audiencelabs.com.br\/#\/schema\/person\/f87f73cfe89e5360de2c006bd4bd6a74","name":"Milena Armando","image":{"@type":"ImageObject","inLanguage":"pt-BR","@id":"https:\/\/crusoe.audiencelabs.com.br\/#\/schema\/person\/image\/","url":"https:\/\/secure.gravatar.com\/avatar\/ea14ecddc9e9d202b698b18f9f69e09c9fd74cfbed5c6008d55f11faefdbdab7?s=96&d=mm&r=g","contentUrl":"https:\/\/secure.gravatar.com\/avatar\/ea14ecddc9e9d202b698b18f9f69e09c9fd74cfbed5c6008d55f11faefdbdab7?s=96&d=mm&r=g","caption":"Milena Armando"},"description":"Jornalista, redatora e revisora.","url":"https:\/\/crusoe.audiencelabs.com.br\/author\/milena\/"}]}},"_links":{"self":[{"href":"https:\/\/crusoe.audiencelabs.com.br\/wp-json\/wp\/v2\/posts\/33998","targetHints":{"allow":["GET"]}}],"collection":[{"href":"https:\/\/crusoe.audiencelabs.com.br\/wp-json\/wp\/v2\/posts"}],"about":[{"href":"https:\/\/crusoe.audiencelabs.com.br\/wp-json\/wp\/v2\/types\/post"}],"author":[{"embeddable":true,"href":"https:\/\/crusoe.audiencelabs.com.br\/wp-json\/wp\/v2\/users\/5"}],"replies":[{"embeddable":true,"href":"https:\/\/crusoe.audiencelabs.com.br\/wp-json\/wp\/v2\/comments?post=33998"}],"version-history":[{"count":3,"href":"https:\/\/crusoe.audiencelabs.com.br\/wp-json\/wp\/v2\/posts\/33998\/revisions"}],"predecessor-version":[{"id":34075,"href":"https:\/\/crusoe.audiencelabs.com.br\/wp-json\/wp\/v2\/posts\/33998\/revisions\/34075"}],"wp:featuredmedia":[{"embeddable":true,"href":"https:\/\/crusoe.audiencelabs.com.br\/wp-json\/wp\/v2\/media\/33999"}],"wp:attachment":[{"href":"https:\/\/crusoe.audiencelabs.com.br\/wp-json\/wp\/v2\/media?parent=33998"}],"wp:term":[{"taxonomy":"category","embeddable":true,"href":"https:\/\/crusoe.audiencelabs.com.br\/wp-json\/wp\/v2\/categories?post=33998"},{"taxonomy":"post_tag","embeddable":true,"href":"https:\/\/crusoe.audiencelabs.com.br\/wp-json\/wp\/v2\/tags?post=33998"}],"curies":[{"name":"wp","href":"https:\/\/api.w.org\/{rel}","templated":true}]}}