{"id":33994,"date":"2026-03-13T07:01:52","date_gmt":"2026-03-13T10:01:52","guid":{"rendered":"https:\/\/crusoe.audiencelabs.com.br\/?p=33994"},"modified":"2026-03-13T07:12:05","modified_gmt":"2026-03-13T10:12:05","slug":"regra-provisoria-ate-o-03-06-pode-alterar-a-rotina-de-quem-anda-de-veiculo-eletrico","status":"publish","type":"post","link":"https:\/\/crusoe.audiencelabs.com.br\/regra-provisoria-ate-o-03-06-pode-alterar-a-rotina-de-quem-anda-de-veiculo-eletrico\/","title":{"rendered":"Regra provis\u00f3ria at\u00e9 o 03\/06 pode alterar a rotina de quem anda de ve\u00edculo el\u00e9trico nessa regi\u00e3o"},"content":{"rendered":"<p><span style=\"font-weight: 400\">O uso de <strong>ve\u00edculos el\u00e9tricos na Ilha do Mel (PR)<\/strong> passou a ter novas regras. A medida foi definida pelo Instituto \u00c1gua e Terra (IAT), que publicou uma portaria estabelecendo restri\u00e7\u00f5es tempor\u00e1rias para esse tipo de transporte na regi\u00e3o.\u00a0<\/span><\/p>\n<p><span style=\"font-weight: 400\">A decis\u00e3o tem como objetivo <strong>priorizar pedestres nas trilhas e coibir o transporte irregular de passageiros. <\/strong><\/span><span style=\"font-weight: 400\">As novas normas fazem parte da <strong>Portaria n\u00ba 154\/2026<\/strong> e t\u00eam validade inicial de 90 dias, at\u00e9 o dia<strong> 3 de junho<\/strong>.\u00a0<\/span><\/p>\n<p><span style=\"font-weight: 400\">Durante esse per\u00edodo, est\u00e1<strong> proibido o uso de equipamentos com acelerador ou qualquer sistema que permita propuls\u00e3o independente do pedal quando a pot\u00eancia for igual ou superior a 1.000 watts<\/strong>, al\u00e9m da circula\u00e7\u00e3o de<strong> triciclos el\u00e9tricos<\/strong> de qualquer pot\u00eancia.<\/span><\/p>\n<h2><span style=\"font-weight: 400\">Transporte de passageiros fica proibido<\/span><\/h2>\n<p><span style=\"font-weight: 400\">A regulamenta\u00e7\u00e3o tamb\u00e9m determina que ve\u00edculos el\u00e9tricos n\u00e3o poder\u00e3o ser utilizados para transportar passageiros, nem para atividades de aluguel ou explora\u00e7\u00e3o comercial. A adapta\u00e7\u00e3o de ve\u00edculos de carga para transportar pessoas tamb\u00e9m foi vetada.<\/span><\/p>\n<p><span style=\"font-weight: 400\">Outra restri\u00e7\u00e3o envolve<strong> scooters el\u00e9tricas<\/strong> que ultrapassem o limite de pot\u00eancia permitido ou que exijam Carteira Nacional de Habilita\u00e7\u00e3o (CNH) ou Autoriza\u00e7\u00e3o para Conduzir Ciclomotor (ACC). Esses equipamentos tamb\u00e9m n\u00e3o poder\u00e3o circular na ilha durante o per\u00edodo da portaria.<\/span><\/p>\n<h2><span style=\"font-weight: 400\">Bicicletas el\u00e9tricas continuam permitidas<\/span><\/h2>\n<p><span style=\"font-weight: 400\">Apesar das limita\u00e7\u00f5es, alguns equipamentos seguem autorizados. <strong>Bicicletas com assist\u00eancia el\u00e9trica ao pedal continuam liberadas<\/strong>, desde que o motor funcione apenas quando o ciclista pedala e respeite o limite de 1.000 watts de pot\u00eancia e velocidade m\u00e1xima de 32 km\/h.<\/span><\/p>\n<p><span style=\"font-weight: 400\">Tamb\u00e9m \u00e9 permitido o uso de<strong> carrinhos el\u00e9tricos para transporte de carga,<\/strong> desde que atendam \u00e0s regras de pot\u00eancia e velocidade estabelecidas e n\u00e3o sejam utilizados para levar passageiros.<\/span><\/p>\n<h2><span style=\"font-weight: 400\">Preserva\u00e7\u00e3o ambiental motiva as medidas<\/span><\/h2>\n<p><span style=\"font-weight: 400\">A cria\u00e7\u00e3o das regras est\u00e1 ligada \u00e0 necessidade de preservar o ambiente natural da Ilha do Mel, um dos principais destinos tur\u00edsticos do litoral do Paran\u00e1.\u00a0<\/span><span style=\"font-weight: 400\"><\/span><\/p>\n<figure id=\"attachment_33996\" aria-describedby=\"caption-attachment-33996\" style=\"width: 2560px\" class=\"wp-caption aligncenter\"><img loading=\"lazy\" decoding=\"async\" class=\"wp-image-33996 size-full\" src=\"https:\/\/cdn.crusoe.com.br\/uploads\/2026\/03\/fdsrg-scaled.jpg\" alt=\"\" width=\"2560\" height=\"1707\" srcset=\"https:\/\/cdn.crusoe.com.br\/uploads\/2026\/03\/fdsrg-scaled.jpg 2560w, https:\/\/cdn.crusoe.com.br\/uploads\/2026\/03\/fdsrg-300x200.jpg 300w, https:\/\/cdn.crusoe.com.br\/uploads\/2026\/03\/fdsrg-1024x683.jpg 1024w, https:\/\/cdn.crusoe.com.br\/uploads\/2026\/03\/fdsrg-768x512.jpg 768w, https:\/\/cdn.crusoe.com.br\/uploads\/2026\/03\/fdsrg-1536x1024.jpg 1536w, https:\/\/cdn.crusoe.com.br\/uploads\/2026\/03\/fdsrg-2048x1365.jpg 2048w, https:\/\/cdn.crusoe.com.br\/uploads\/2026\/03\/fdsrg-750x500.jpg 750w, https:\/\/cdn.crusoe.com.br\/uploads\/2026\/03\/fdsrg-1140x760.jpg 1140w\" sizes=\"auto, (max-width: 2560px) 100vw, 2560px\" \/><figcaption id=\"caption-attachment-33996\" class=\"wp-caption-text\">Ilha do Mel (Reprodu\u00e7\u00e3o&gt; Governo do Paran\u00e1)<\/figcaption><\/figure>\n<p><span style=\"font-weight: 400\">Grande parte do territ\u00f3rio da ilha \u00e9 formada por unidades de conserva\u00e7\u00e3o ambiental, com \u00e1reas protegidas destinadas \u00e0 preserva\u00e7\u00e3o da fauna, flora e trilhas naturais.<\/span><\/p>\n<p><span style=\"font-weight: 400\">Com a regulamenta\u00e7\u00e3o, o governo estadual busca equilibrar o aumento do turismo com a prote\u00e7\u00e3o ambiental e a seguran\u00e7a de moradores e visitantes, mantendo a prioridade de circula\u00e7\u00e3o para pedestres nas trilhas da ilha.<br \/>\n<\/span><\/p>\n","protected":false},"excerpt":{"rendered":"<p>O uso de ve\u00edculos el\u00e9tricos na Ilha do Mel (PR) passou a ter novas regras. A medida foi definida pelo Instituto \u00c1gua e Terra (IAT), que publicou uma portaria estabelecendo restri\u00e7\u00f5es tempor\u00e1rias para esse tipo de transporte na regi\u00e3o.\u00a0 A decis\u00e3o tem como objetivo priorizar pedestres nas trilhas e coibir o transporte irregular de passageiros. [&hellip;]<\/p>\n","protected":false},"author":5,"featured_media":34073,"comment_status":"open","ping_status":"open","sticky":false,"template":"","format":"standard","meta":{"jnews-multi-image_gallery":[],"jnews_single_post":{"subtitle":"","format":"standard","jnews_video_option_group":[[]],"override":[{"template":"2","parallax":"1","fullscreen":"1","layout":"right-sidebar","sidebar":"default-sidebar","second_sidebar":"default-sidebar","sticky_sidebar":"1","share_position":"hide","share_float_style":"share-monocrhome","show_featured":"1","show_post_meta":"1","show_post_author":"1","show_post_date":"1","post_date_format":"default","post_date_format_custom":"Y\/m\/d","show_post_category":"1","show_post_reading_time":"0","post_reading_time_wpm":"300","post_calculate_word_method":"str_word_count","show_zoom_button":"0","zoom_button_out_step":"2","zoom_button_in_step":"3","show_post_tag":"1","show_popup_post":"1","number_popup_post":"1","show_author_box":"1","show_post_related":"0"}],"image_override":[{"single_post_thumbnail_size":"crop-500","single_post_gallery_size":"crop-500"}],"trending_post_position":"meta","trending_post_label":"Trending","sponsored_post_label":"Sponsored by","disable_ad":"0"},"jnews_primary_category":[],"jnews_override_counter":{"view_counter_number":"0","share_counter_number":"0","like_counter_number":"0","dislike_counter_number":"0"},"jnews_post_split":{"post_split":[{"template":"1","tag":"h2","numbering":"asc","mode":"normal","first":"0","enable_toc":"0","toc_type":"normal"}]},"footnotes":""},"categories":[1],"tags":[6103,5882,100],"class_list":["post-33994","post","type-post","status-publish","format-standard","has-post-thumbnail","hentry","category-geral","tag-ilha-do-mel","tag-nova-portaria","tag-veiculos-eletricos"],"yoast_head":"<!-- This site is optimized with the Yoast SEO plugin v25.0 - https:\/\/yoast.com\/wordpress\/plugins\/seo\/ -->\n<title>Regra provis\u00f3ria at\u00e9 o 03\/06 pode alterar a rotina de quem anda de ve\u00edculo el\u00e9trico nessa regi\u00e3o<\/title>\n<meta name=\"robots\" content=\"index, follow, max-snippet:-1, max-image-preview:large, max-video-preview:-1\" \/>\n<link rel=\"canonical\" href=\"https:\/\/crusoe.audiencelabs.com.br\/regra-provisoria-ate-o-03-06-pode-alterar-a-rotina-de-quem-anda-de-veiculo-eletrico\/\" \/>\n<meta property=\"og:locale\" content=\"pt_BR\" \/>\n<meta property=\"og:type\" content=\"article\" \/>\n<meta property=\"og:title\" content=\"Regra provis\u00f3ria at\u00e9 o 03\/06 pode alterar a rotina de quem anda de ve\u00edculo el\u00e9trico nessa regi\u00e3o\" \/>\n<meta property=\"og:description\" content=\"O uso de ve\u00edculos el\u00e9tricos na Ilha do Mel (PR) passou a ter novas regras. A medida foi definida pelo Instituto \u00c1gua e Terra (IAT), que publicou uma portaria estabelecendo restri\u00e7\u00f5es tempor\u00e1rias para esse tipo de transporte na regi\u00e3o.\u00a0 A decis\u00e3o tem como objetivo priorizar pedestres nas trilhas e coibir o transporte irregular de passageiros. [&hellip;]\" \/>\n<meta property=\"og:url\" content=\"https:\/\/crusoe.audiencelabs.com.br\/regra-provisoria-ate-o-03-06-pode-alterar-a-rotina-de-quem-anda-de-veiculo-eletrico\/\" \/>\n<meta property=\"og:site_name\" content=\"Variedades - Cruso\u00e9\" \/>\n<meta property=\"article:published_time\" content=\"2026-03-13T10:01:52+00:00\" \/>\n<meta property=\"article:modified_time\" content=\"2026-03-13T10:12:05+00:00\" \/>\n<meta property=\"og:image\" content=\"https:\/\/cdn.crusoe.com.br\/uploads\/2026\/03\/scooter-eletrica.jpg\" \/>\n\t<meta property=\"og:image:width\" content=\"1080\" \/>\n\t<meta property=\"og:image:height\" content=\"720\" \/>\n\t<meta property=\"og:image:type\" content=\"image\/jpeg\" \/>\n<meta name=\"author\" content=\"Milena Armando\" \/>\n<meta name=\"twitter:card\" content=\"summary_large_image\" \/>\n<meta name=\"twitter:label1\" content=\"Escrito por\" \/>\n\t<meta name=\"twitter:data1\" content=\"Milena Armando\" \/>\n\t<meta name=\"twitter:label2\" content=\"Est. tempo de leitura\" \/>\n\t<meta name=\"twitter:data2\" content=\"3 minutos\" \/>\n<script type=\"application\/ld+json\" class=\"yoast-schema-graph\">{\"@context\":\"https:\/\/schema.org\",\"@graph\":[{\"@type\":\"WebPage\",\"@id\":\"https:\/\/crusoe.audiencelabs.com.br\/regra-provisoria-ate-o-03-06-pode-alterar-a-rotina-de-quem-anda-de-veiculo-eletrico\/\",\"url\":\"https:\/\/crusoe.audiencelabs.com.br\/regra-provisoria-ate-o-03-06-pode-alterar-a-rotina-de-quem-anda-de-veiculo-eletrico\/\",\"name\":\"Regra provis\u00f3ria at\u00e9 o 03\/06 pode alterar a rotina de quem anda de ve\u00edculo el\u00e9trico nessa regi\u00e3o\",\"isPartOf\":{\"@id\":\"https:\/\/crusoe.audiencelabs.com.br\/#website\"},\"primaryImageOfPage\":{\"@id\":\"https:\/\/crusoe.audiencelabs.com.br\/regra-provisoria-ate-o-03-06-pode-alterar-a-rotina-de-quem-anda-de-veiculo-eletrico\/#primaryimage\"},\"image\":{\"@id\":\"https:\/\/crusoe.audiencelabs.com.br\/regra-provisoria-ate-o-03-06-pode-alterar-a-rotina-de-quem-anda-de-veiculo-eletrico\/#primaryimage\"},\"thumbnailUrl\":\"https:\/\/cdn.crusoe.com.br\/uploads\/2026\/03\/scooter-eletrica.jpg\",\"datePublished\":\"2026-03-13T10:01:52+00:00\",\"dateModified\":\"2026-03-13T10:12:05+00:00\",\"author\":{\"@id\":\"https:\/\/crusoe.audiencelabs.com.br\/#\/schema\/person\/f87f73cfe89e5360de2c006bd4bd6a74\"},\"breadcrumb\":{\"@id\":\"https:\/\/crusoe.audiencelabs.com.br\/regra-provisoria-ate-o-03-06-pode-alterar-a-rotina-de-quem-anda-de-veiculo-eletrico\/#breadcrumb\"},\"inLanguage\":\"pt-BR\",\"potentialAction\":[{\"@type\":\"ReadAction\",\"target\":[\"https:\/\/crusoe.audiencelabs.com.br\/regra-provisoria-ate-o-03-06-pode-alterar-a-rotina-de-quem-anda-de-veiculo-eletrico\/\"]}]},{\"@type\":\"ImageObject\",\"inLanguage\":\"pt-BR\",\"@id\":\"https:\/\/crusoe.audiencelabs.com.br\/regra-provisoria-ate-o-03-06-pode-alterar-a-rotina-de-quem-anda-de-veiculo-eletrico\/#primaryimage\",\"url\":\"https:\/\/cdn.crusoe.com.br\/uploads\/2026\/03\/scooter-eletrica.jpg\",\"contentUrl\":\"https:\/\/cdn.crusoe.com.br\/uploads\/2026\/03\/scooter-eletrica.jpg\",\"width\":1080,\"height\":720,\"caption\":\"Reprodu\u00e7\u00e3o: Cons\u00f3rcio Magalu\"},{\"@type\":\"BreadcrumbList\",\"@id\":\"https:\/\/crusoe.audiencelabs.com.br\/regra-provisoria-ate-o-03-06-pode-alterar-a-rotina-de-quem-anda-de-veiculo-eletrico\/#breadcrumb\",\"itemListElement\":[{\"@type\":\"ListItem\",\"position\":1,\"name\":\"Home\",\"item\":\"https:\/\/crusoe.audiencelabs.com.br\/\"},{\"@type\":\"ListItem\",\"position\":2,\"name\":\"Regra provis\u00f3ria at\u00e9 o 03\/06 pode alterar a rotina de quem anda de ve\u00edculo el\u00e9trico nessa regi\u00e3o\"}]},{\"@type\":\"WebSite\",\"@id\":\"https:\/\/crusoe.audiencelabs.com.br\/#website\",\"url\":\"https:\/\/crusoe.audiencelabs.com.br\/\",\"name\":\"Variedades - Cruso\u00e9\",\"description\":\"\",\"potentialAction\":[{\"@type\":\"SearchAction\",\"target\":{\"@type\":\"EntryPoint\",\"urlTemplate\":\"https:\/\/crusoe.audiencelabs.com.br\/?s={search_term_string}\"},\"query-input\":{\"@type\":\"PropertyValueSpecification\",\"valueRequired\":true,\"valueName\":\"search_term_string\"}}],\"inLanguage\":\"pt-BR\"},{\"@type\":\"Person\",\"@id\":\"https:\/\/crusoe.audiencelabs.com.br\/#\/schema\/person\/f87f73cfe89e5360de2c006bd4bd6a74\",\"name\":\"Milena Armando\",\"image\":{\"@type\":\"ImageObject\",\"inLanguage\":\"pt-BR\",\"@id\":\"https:\/\/crusoe.audiencelabs.com.br\/#\/schema\/person\/image\/\",\"url\":\"https:\/\/secure.gravatar.com\/avatar\/ea14ecddc9e9d202b698b18f9f69e09c9fd74cfbed5c6008d55f11faefdbdab7?s=96&d=mm&r=g\",\"contentUrl\":\"https:\/\/secure.gravatar.com\/avatar\/ea14ecddc9e9d202b698b18f9f69e09c9fd74cfbed5c6008d55f11faefdbdab7?s=96&d=mm&r=g\",\"caption\":\"Milena Armando\"},\"description\":\"Jornalista, redatora e revisora.\",\"url\":\"https:\/\/crusoe.audiencelabs.com.br\/author\/milena\/\"}]}<\/script>\n<!-- \/ Yoast SEO plugin. -->","yoast_head_json":{"title":"Regra provis\u00f3ria at\u00e9 o 03\/06 pode alterar a rotina de quem anda de ve\u00edculo el\u00e9trico nessa regi\u00e3o","robots":{"index":"index","follow":"follow","max-snippet":"max-snippet:-1","max-image-preview":"max-image-preview:large","max-video-preview":"max-video-preview:-1"},"canonical":"https:\/\/crusoe.audiencelabs.com.br\/regra-provisoria-ate-o-03-06-pode-alterar-a-rotina-de-quem-anda-de-veiculo-eletrico\/","og_locale":"pt_BR","og_type":"article","og_title":"Regra provis\u00f3ria at\u00e9 o 03\/06 pode alterar a rotina de quem anda de ve\u00edculo el\u00e9trico nessa regi\u00e3o","og_description":"O uso de ve\u00edculos el\u00e9tricos na Ilha do Mel (PR) passou a ter novas regras. A medida foi definida pelo Instituto \u00c1gua e Terra (IAT), que publicou uma portaria estabelecendo restri\u00e7\u00f5es tempor\u00e1rias para esse tipo de transporte na regi\u00e3o.\u00a0 A decis\u00e3o tem como objetivo priorizar pedestres nas trilhas e coibir o transporte irregular de passageiros. [&hellip;]","og_url":"https:\/\/crusoe.audiencelabs.com.br\/regra-provisoria-ate-o-03-06-pode-alterar-a-rotina-de-quem-anda-de-veiculo-eletrico\/","og_site_name":"Variedades - Cruso\u00e9","article_published_time":"2026-03-13T10:01:52+00:00","article_modified_time":"2026-03-13T10:12:05+00:00","og_image":[{"width":1080,"height":720,"url":"https:\/\/cdn.crusoe.com.br\/uploads\/2026\/03\/scooter-eletrica.jpg","type":"image\/jpeg"}],"author":"Milena Armando","twitter_card":"summary_large_image","twitter_misc":{"Escrito por":"Milena Armando","Est. tempo de leitura":"3 minutos"},"schema":{"@context":"https:\/\/schema.org","@graph":[{"@type":"WebPage","@id":"https:\/\/crusoe.audiencelabs.com.br\/regra-provisoria-ate-o-03-06-pode-alterar-a-rotina-de-quem-anda-de-veiculo-eletrico\/","url":"https:\/\/crusoe.audiencelabs.com.br\/regra-provisoria-ate-o-03-06-pode-alterar-a-rotina-de-quem-anda-de-veiculo-eletrico\/","name":"Regra provis\u00f3ria at\u00e9 o 03\/06 pode alterar a rotina de quem anda de ve\u00edculo el\u00e9trico nessa regi\u00e3o","isPartOf":{"@id":"https:\/\/crusoe.audiencelabs.com.br\/#website"},"primaryImageOfPage":{"@id":"https:\/\/crusoe.audiencelabs.com.br\/regra-provisoria-ate-o-03-06-pode-alterar-a-rotina-de-quem-anda-de-veiculo-eletrico\/#primaryimage"},"image":{"@id":"https:\/\/crusoe.audiencelabs.com.br\/regra-provisoria-ate-o-03-06-pode-alterar-a-rotina-de-quem-anda-de-veiculo-eletrico\/#primaryimage"},"thumbnailUrl":"https:\/\/cdn.crusoe.com.br\/uploads\/2026\/03\/scooter-eletrica.jpg","datePublished":"2026-03-13T10:01:52+00:00","dateModified":"2026-03-13T10:12:05+00:00","author":{"@id":"https:\/\/crusoe.audiencelabs.com.br\/#\/schema\/person\/f87f73cfe89e5360de2c006bd4bd6a74"},"breadcrumb":{"@id":"https:\/\/crusoe.audiencelabs.com.br\/regra-provisoria-ate-o-03-06-pode-alterar-a-rotina-de-quem-anda-de-veiculo-eletrico\/#breadcrumb"},"inLanguage":"pt-BR","potentialAction":[{"@type":"ReadAction","target":["https:\/\/crusoe.audiencelabs.com.br\/regra-provisoria-ate-o-03-06-pode-alterar-a-rotina-de-quem-anda-de-veiculo-eletrico\/"]}]},{"@type":"ImageObject","inLanguage":"pt-BR","@id":"https:\/\/crusoe.audiencelabs.com.br\/regra-provisoria-ate-o-03-06-pode-alterar-a-rotina-de-quem-anda-de-veiculo-eletrico\/#primaryimage","url":"https:\/\/cdn.crusoe.com.br\/uploads\/2026\/03\/scooter-eletrica.jpg","contentUrl":"https:\/\/cdn.crusoe.com.br\/uploads\/2026\/03\/scooter-eletrica.jpg","width":1080,"height":720,"caption":"Reprodu\u00e7\u00e3o: Cons\u00f3rcio Magalu"},{"@type":"BreadcrumbList","@id":"https:\/\/crusoe.audiencelabs.com.br\/regra-provisoria-ate-o-03-06-pode-alterar-a-rotina-de-quem-anda-de-veiculo-eletrico\/#breadcrumb","itemListElement":[{"@type":"ListItem","position":1,"name":"Home","item":"https:\/\/crusoe.audiencelabs.com.br\/"},{"@type":"ListItem","position":2,"name":"Regra provis\u00f3ria at\u00e9 o 03\/06 pode alterar a rotina de quem anda de ve\u00edculo el\u00e9trico nessa regi\u00e3o"}]},{"@type":"WebSite","@id":"https:\/\/crusoe.audiencelabs.com.br\/#website","url":"https:\/\/crusoe.audiencelabs.com.br\/","name":"Variedades - Cruso\u00e9","description":"","potentialAction":[{"@type":"SearchAction","target":{"@type":"EntryPoint","urlTemplate":"https:\/\/crusoe.audiencelabs.com.br\/?s={search_term_string}"},"query-input":{"@type":"PropertyValueSpecification","valueRequired":true,"valueName":"search_term_string"}}],"inLanguage":"pt-BR"},{"@type":"Person","@id":"https:\/\/crusoe.audiencelabs.com.br\/#\/schema\/person\/f87f73cfe89e5360de2c006bd4bd6a74","name":"Milena Armando","image":{"@type":"ImageObject","inLanguage":"pt-BR","@id":"https:\/\/crusoe.audiencelabs.com.br\/#\/schema\/person\/image\/","url":"https:\/\/secure.gravatar.com\/avatar\/ea14ecddc9e9d202b698b18f9f69e09c9fd74cfbed5c6008d55f11faefdbdab7?s=96&d=mm&r=g","contentUrl":"https:\/\/secure.gravatar.com\/avatar\/ea14ecddc9e9d202b698b18f9f69e09c9fd74cfbed5c6008d55f11faefdbdab7?s=96&d=mm&r=g","caption":"Milena Armando"},"description":"Jornalista, redatora e revisora.","url":"https:\/\/crusoe.audiencelabs.com.br\/author\/milena\/"}]}},"_links":{"self":[{"href":"https:\/\/crusoe.audiencelabs.com.br\/wp-json\/wp\/v2\/posts\/33994","targetHints":{"allow":["GET"]}}],"collection":[{"href":"https:\/\/crusoe.audiencelabs.com.br\/wp-json\/wp\/v2\/posts"}],"about":[{"href":"https:\/\/crusoe.audiencelabs.com.br\/wp-json\/wp\/v2\/types\/post"}],"author":[{"embeddable":true,"href":"https:\/\/crusoe.audiencelabs.com.br\/wp-json\/wp\/v2\/users\/5"}],"replies":[{"embeddable":true,"href":"https:\/\/crusoe.audiencelabs.com.br\/wp-json\/wp\/v2\/comments?post=33994"}],"version-history":[{"count":3,"href":"https:\/\/crusoe.audiencelabs.com.br\/wp-json\/wp\/v2\/posts\/33994\/revisions"}],"predecessor-version":[{"id":34072,"href":"https:\/\/crusoe.audiencelabs.com.br\/wp-json\/wp\/v2\/posts\/33994\/revisions\/34072"}],"wp:featuredmedia":[{"embeddable":true,"href":"https:\/\/crusoe.audiencelabs.com.br\/wp-json\/wp\/v2\/media\/34073"}],"wp:attachment":[{"href":"https:\/\/crusoe.audiencelabs.com.br\/wp-json\/wp\/v2\/media?parent=33994"}],"wp:term":[{"taxonomy":"category","embeddable":true,"href":"https:\/\/crusoe.audiencelabs.com.br\/wp-json\/wp\/v2\/categories?post=33994"},{"taxonomy":"post_tag","embeddable":true,"href":"https:\/\/crusoe.audiencelabs.com.br\/wp-json\/wp\/v2\/tags?post=33994"}],"curies":[{"name":"wp","href":"https:\/\/api.w.org\/{rel}","templated":true}]}}