{"id":33947,"date":"2026-03-12T21:32:45","date_gmt":"2026-03-13T00:32:45","guid":{"rendered":"https:\/\/crusoe.audiencelabs.com.br\/?p=33947"},"modified":"2026-03-12T17:23:57","modified_gmt":"2026-03-12T20:23:57","slug":"depois-de-decadas-na-tv-atriz-que-marcou-geracao-conquista-contrato-vitalicio-com-a-globo","status":"publish","type":"post","link":"https:\/\/crusoe.audiencelabs.com.br\/depois-de-decadas-na-tv-atriz-que-marcou-geracao-conquista-contrato-vitalicio-com-a-globo\/","title":{"rendered":"Depois de d\u00e9cadas na TV, atriz que marcou gera\u00e7\u00e3o conquista contrato vital\u00edcio com a Globo"},"content":{"rendered":"<p><span style=\"font-weight: 400;\">A atriz <strong>Neusa Borges<\/strong>, de 84 anos, firmou um <strong>contrato vital\u00edcio com a TV Globo<\/strong>, em um gesto de reconhecimento da emissora a artistas que marcaram a hist\u00f3ria da televis\u00e3o brasileira. A novidade foi anunciada pela pr\u00f3pria atriz nas redes sociais.\u00a0<\/span><\/p>\n<p><span style=\"font-weight: 400;\">O acordo coloca a artista em um grupo restrito de veteranos com v\u00ednculo permanente com a emissora, um modelo que tem sido pouco utilizado nos \u00faltimos anos.\u00a0<\/span><\/p>\n<p><span style=\"font-weight: 400;\">A iniciativa representa uma valoriza\u00e7\u00e3o da trajet\u00f3ria de profissionais que ajudaram a consolidar a dramaturgia do canal ao longo das d\u00e9cadas.<\/span><\/p>\n<h2><span style=\"font-weight: 400;\">Reconhecimento ap\u00f3s d\u00e9cadas de carreira<\/span><\/h2>\n<p><span style=\"font-weight: 400;\">Ao comentar o contrato, a atriz destacou que o momento tem um significado especial em sua vida profissional.\u00a0<\/span><\/p>\n<figure id=\"attachment_33949\" aria-describedby=\"caption-attachment-33949\" style=\"width: 1245px\" class=\"wp-caption aligncenter\"><img loading=\"lazy\" decoding=\"async\" class=\"wp-image-33949 size-full\" src=\"https:\/\/cdn.crusoe.com.br\/uploads\/2026\/03\/Captura-de-tela-2026-03-12-100259.jpg\" alt=\"\" width=\"1245\" height=\"800\" srcset=\"https:\/\/cdn.crusoe.com.br\/uploads\/2026\/03\/Captura-de-tela-2026-03-12-100259.jpg 1245w, https:\/\/cdn.crusoe.com.br\/uploads\/2026\/03\/Captura-de-tela-2026-03-12-100259-300x193.jpg 300w, https:\/\/cdn.crusoe.com.br\/uploads\/2026\/03\/Captura-de-tela-2026-03-12-100259-1024x658.jpg 1024w, https:\/\/cdn.crusoe.com.br\/uploads\/2026\/03\/Captura-de-tela-2026-03-12-100259-768x493.jpg 768w, https:\/\/cdn.crusoe.com.br\/uploads\/2026\/03\/Captura-de-tela-2026-03-12-100259-750x482.jpg 750w, https:\/\/cdn.crusoe.com.br\/uploads\/2026\/03\/Captura-de-tela-2026-03-12-100259-1140x733.jpg 1140w\" sizes=\"auto, (max-width: 1245px) 100vw, 1245px\" \/><figcaption id=\"caption-attachment-33949\" class=\"wp-caption-text\">Reprodu\u00e7\u00e3o: Instagram<\/figcaption><\/figure>\n<p><span style=\"font-weight: 400;\">Em mensagem publicada online, ela classificou a conquista como \u201cum dos maiores presentes\u201d de sua carreira, agradecendo \u00e0 emissora e ao p\u00fablico que acompanha seu trabalho ao longo dos anos.<\/span><\/p>\n<p><span style=\"font-weight: 400;\">O an\u00fancio acontece em um per\u00edodo simb\u00f3lico para a artista, que celebra cerca de 70 anos de trajet\u00f3ria art\u00edstica, com passagens pelo teatro, cinema, televis\u00e3o e m\u00fasica.<\/span><\/p>\n<style>@media (min-width: 992px) {\n    .recomendadorV2Area1 {\n        width: 280px;\n    }\n    .recomendadorV2Area2 {\n        padding: 0px 20px;\n        width: calc(100% - 280px);\n    }\n}\n\n@media (max-width: 992px) {\n    .recomendadorV2Button {\n        margin: 0 auto;\n    }\n    .recomendadorV2Area {\n        flex-direction: column;\n        text-align: center;\n    }\n    .recomendadorV2Area2 {\n        padding: 0px 20px;\n    }\n}\n\n.recomendadorV2Area {\n    background: #eeeeee3d;\n    border-radius: 10px;\n    padding: 15px;\n    display: flex;\n    margin: 15px auto;\n    border: 1px solid #00000014;\n    max-width: 800px;\n}\n\n.recomendadorV2Area1 img {\n    width: 280px;\n    height: auto;\n    border-radius: 8px;\n}\n\n.linkrecomendadorv2 {\n    text-decoration: none !important;\n}\n\n.recomendadorV2Area2 .recomendadorV2Type {\n    text-transform: uppercase;\n    font-weight: 500;\n    font-size: 11px;\n    letter-spacing: 2px;\n    color: #666;\n    margin: 12px 0;\n    display: block;\n}\n\n.recomendadorV2Title h2 {\n    padding-top: 0px !important;\n    margin: 0px !important;\n    border-left: none !important;\n    padding-left: 0px !important;\n    line-height: 1.3;\n    color: #000 !important;\n    font-size: 24px;\n    margin-bottom: 12px !important;\n}\n\n.recomendadorV2Desc {\n    color: #333;\n    margin: 12px 0px !important;\n    font-size: 15px;\n    line-height: 1.5;\n}\n\n.recomendadorV2Button {\n    width: auto;\n    max-width: 200px;\n    margin: 0;\n    display: inline-flex;\n    align-items: center;\n    background: #1D3557;\n    border-radius: 8px;\n    color: #fff;\n    height: 36px;\n    justify-content: center;\n    text-align: center;\n    font-size: 14px;\n    padding: 0 20px;\n    transition: background-color 0.2s ease;\n}\n\n.recomendadorV2Button:hover {\n    background: #2a4d7a;\n}\n\n.recomendadorV2Button:after {\n    margin-top: -2px;\n    content: \"\u2192\";\n    padding: 0px 0px 0px 8px;\n}\n\n.recomendadorV2Alert {\n    text-align: left;\n    font-size: 11px;\n    margin-top: 8px;\n    color: #666;\n}\n\n.recomendadorFixedArea {\n    width: 100%;\n    display: flex;\n    justify-content: center;\n    align-items: center;\n}\n\n@media (min-width: 992px) {\n    #recomendadorFixed {\n        width: 32% !important;\n        left: 5%;\n    }\n    .recomendadorCloseFixed{\n        right: inherit !important;\n        left: 378px !important;\n    }\n}\n\n#recomendadorFixed {\n    width: 90%;\n    box-shadow: 0 10px 20px 0px #00000057;\n    display: none;\n    height: 90px;\n    background: #F6F6F6;\n    position: fixed;\n    flex-direction: row;\n    bottom: 10px;\n    z-index: 9999;\n    border-radius: 16px;\n    padding: 7px 10px;\n}\n\n.recomendadorLeftArea {\n    width: 160px;\n}\n\n.recomendadorRightArea h2 {\n    padding-top: 0px;\n    margin: 2px 0px 4px 0px !important;\n    font-weight: 400;\n    text-align: center;\n    padding-left: 0px !important;\n    color: #000 !important;\n    border-left: none !important;\n    line-height: 20px;\n    font-size: 12px !important;\n}\n\n.recomendadorImgFixed {\n    overflow: hidden;\n    padding: 8px 6px;\n    height: 100%;\n}\n\n.recomendadorImgFixed img {\n    height: 100% !important;\n    border-radius: 16px;\n}\n\n.recomendadorRightArea {\n    padding-top: 6px;\n    display: flex;\n    width: calc(100% - 130px);\n    justify-content: space-between;\n    align-items: center;\n    flex-direction: column;\n}\n\n.recomendadorButtonFixed {\n    margin: 0 auto;\n    background: #1D3557;\n    width: 80%;\n    text-align: center;\n    font-size: 10px;\n    color: #FFF;\n    padding: 2px 10px;\n    border-radius: 3px;\n}\n\n.recomendadorButtonFixed:after {\n    margin-top: -3px;\n    content: \"\u2192\";\n    padding: 0px 0px 0px 10px;\n}\n\n.recomendadorAlertFixed {\n    font-weight: 400;\n    text-align: center;\n    color: #484848;\n    font-size: 8px;\n}\n\n.recomendadorCloseFixed {\n    z-index: 99999;\n    display: none;\n    right: 0px;\n    left: inherit;\n    bottom: 99px;\n    position: fixed;\n    justify-content: center;\n    background: #F6F6F6;\n    width: 25px;\n    align-items: center;\n    height: 25px;\n    font-weight: 800;\n    border-radius: 50%;\n    border: 1px solid #EBEBEB;\n}\n\n.recomendadorV2Desc{\n    color: #000000;\n    margin: 20px 0px;\n}\n\n@media (max-width: 576px) {\n    .recomendadorV2Area {\n      padding: 10px;\n      max-width: 100%;\n    }\n  \n    .recomendadorV2Area1 img {\n      width: 100%;\n      border-radius: 6px;\n    }\n  \n    .recomendadorV2Area2 .recomendadorV2Type {\n      font-size: 9px;\n      letter-spacing: 1px;\n      margin: 8px 0;\n    }\n  \n    .recomendadorV2Title h2 {\n      font-size: 18px !important;\n      margin-bottom: 8px !important;\n      line-height: 1.2;\n    }\n  \n    .recomendadorV2Desc {\n      font-size: 14px;\n      margin: 8px 0 !important;\n      line-height: 1.4;\n    }\n  \n    .recomendadorV2Button {\n      font-size: 14px;\n      height: 40px;\n      padding: 0 12px;\n      max-width: 100%;\n      width: 100%;\n    }\n  \n    .recomendadorV2Button:after {\n      padding-left: 6px;\n    }\n  }\n  <\/style>\n        <div class=\"lazyblock-recomendador-v2-2jDGz wp-block-lazyblock-recomendador-v2\">\n        <a class=\"linkrecomendadorv2\" href=\"https:\/\/crusoe.com.br\/variedades\/plano-da-nasa-para-desviar-asteroides-pode-impedir-a-extincao-da-humanidade\/?utm_source=lazy\">\n            <div class=\"recomendadorV2Area\">\n            <div class=\"recomendadorV2Area1\">\n                <div class=\"recomendadorV2Img\">\n                <img class=\"lazyloaded\" decoding=\"async\" src=\"https:\/\/cdn.crusoe.com.br\/uploads\/2026\/03\/pexels-zelch-30596222-1140x570.jpg\" data-src=\"https:\/\/cdn.crusoe.com.br\/uploads\/2026\/03\/pexels-zelch-30596222-1140x570.jpg\" alt=\"\">\n                <\/div>\n            <\/div>\n            <div class=\"recomendadorV2Area2\">\n                <div class=\"recomendadorV2Type\">\n                    <span>Plano espacial<\/span>\n                <\/div>\n                <div class=\"recomendadorV2Title\">\n                <h2><span>Desviar asteroides \u2604\ufe0f<\/span><\/h2>\n                <\/div>\n                <div class=\"recomendadorV2Desc\">\n                <span>Nasa testa plano contra extin\u00e7\u00e3o<\/span>\n                <\/div>\n                <div class=\"recomendadorV2Button\">Ver estrat\u00e9gia<\/div>\n                <div class=\"recomendadorV2Alert\"><\/div>\n            <\/div>\n            <\/div>\n        <\/a>\n        <div>\n            <div style=\"z-index:99999;\" id=\"buttonClose\" onclick=\"closeRecomendadorFixed()\">\n            <div class=\"recomendadorCloseFixed\">X<\/div>\n            <\/div>\n            <a href=\"https:\/\/crusoe.com.br\/variedades\/plano-da-nasa-para-desviar-asteroides-pode-impedir-a-extincao-da-humanidade\/?utm_source=lazy\">\n            <div class=\"recomendadorFixedArea\">\n                <div id=\"recomendadorFixed\">\n                <div class=\"recomendadorLeftArea\">\n                    <div class=\"recomendadorImgFixed\">\n                    <img class=\"lazyload\" decoding=\"async\" src=\"https:\/\/cdn.crusoe.com.br\/uploads\/2026\/03\/pexels-zelch-30596222-1140x570.jpg\" alt=\"\">\n                    <\/div>\n                <\/div>\n                <div class=\"recomendadorRightArea\">\n                    <div class=\"recomendadorTitleFixed\">\n                    <h2><span>Desviar asteroides \u2604\ufe0f<\/span><\/h2>\n                    <\/div>\n                    <div class=\"recomendadorButtonFixed\">Ver estrat\u00e9gia<\/div>\n                    <div class=\"recomendadorAlertFixed\"><\/div>\n                <\/div>\n                <\/div>\n            <\/div>\n            <\/a>\n        <\/div>\n        <\/div>\n<h2><span style=\"font-weight: 400;\">Trajet\u00f3ria marcada por novelas e personagens ic\u00f4nicos<\/span><\/h2>\n<p><span style=\"font-weight: 400;\">Com uma carreira consolidada na televis\u00e3o brasileira, Neusa Borges participou de diversas produ\u00e7\u00f5es marcantes da teledramaturgia.\u00a0<\/span><\/p>\n<p><span style=\"font-weight: 400;\">Entre os trabalhos mais conhecidos est\u00e3o novelas como Dancin&#8217; Days (1978), A Indomada (1997), O Clone (2001), Am\u00e9rica (2005) e Salve Jorge (2012).<\/span><\/p>\n<p><span style=\"font-weight: 400;\">Mais recentemente, a atriz tamb\u00e9m integrou o elenco da s\u00e9rie Encantado&#8217;s, mantendo-se ativa na televis\u00e3o mesmo ap\u00f3s d\u00e9cadas de carreira.<\/span><\/p>\n<h2><span style=\"font-weight: 400;\">Emissora retoma v\u00ednculos duradouros com veteranos<\/span><\/h2>\n<p><span style=\"font-weight: 400;\">Nos \u00faltimos anos, a TV Globo passou por mudan\u00e7as na pol\u00edtica de contrata\u00e7\u00e3o de elenco, reduzindo contratos fixos e adotando acordos por obra para muitos artistas. Entre 2023 e 2024, diversos atores deixaram de ter v\u00ednculos permanentes com a emissora.<\/span><\/p>\n<p><span style=\"font-weight: 400;\">No entanto, a empresa come\u00e7ou a retomar contratos mais longos com nomes considerados hist\u00f3ricos, como forma de reconhecer profissionais que contribu\u00edram para o sucesso da dramaturgia brasileira. Antes de Neusa Borges, a atriz Suely Franco tamb\u00e9m havia firmado um contrato vital\u00edcio com a emissora.<\/span><\/p>\n<p><span style=\"font-weight: 400;\">A decis\u00e3o refor\u00e7a a import\u00e2ncia de artistas veteranos para o legado da televis\u00e3o brasileira e simboliza uma nova fase de valoriza\u00e7\u00e3o de trajet\u00f3rias que marcaram gera\u00e7\u00f5es de telespectadores.\u00a0<\/span><\/p>\n","protected":false},"excerpt":{"rendered":"<p>A atriz Neusa Borges, de 84 anos, firmou um contrato vital\u00edcio com a TV Globo, em um gesto de reconhecimento da emissora a artistas que marcaram a hist\u00f3ria da televis\u00e3o brasileira. A novidade foi anunciada pela pr\u00f3pria atriz nas redes sociais.\u00a0 O acordo coloca a artista em um grupo restrito de veteranos com v\u00ednculo permanente [&hellip;]<\/p>\n","protected":false},"author":5,"featured_media":33948,"comment_status":"open","ping_status":"open","sticky":false,"template":"","format":"standard","meta":{"jnews-multi-image_gallery":[],"jnews_single_post":{"subtitle":"","format":"standard","jnews_video_option_group":[[]],"override":[{"template":"2","parallax":"1","fullscreen":"1","layout":"right-sidebar","sidebar":"default-sidebar","second_sidebar":"default-sidebar","sticky_sidebar":"1","share_position":"hide","share_float_style":"share-monocrhome","show_featured":"1","show_post_meta":"1","show_post_author":"1","show_post_date":"1","post_date_format":"default","post_date_format_custom":"Y\/m\/d","show_post_category":"1","show_post_reading_time":"0","post_reading_time_wpm":"300","post_calculate_word_method":"str_word_count","show_zoom_button":"0","zoom_button_out_step":"2","zoom_button_in_step":"3","show_post_tag":"1","show_popup_post":"1","number_popup_post":"1","show_author_box":"1","show_post_related":"0"}],"image_override":[{"single_post_thumbnail_size":"crop-500","single_post_gallery_size":"crop-500"}],"trending_post_position":"meta","trending_post_label":"Trending","sponsored_post_label":"Sponsored by","disable_ad":"0"},"jnews_primary_category":[],"jnews_override_counter":{"view_counter_number":"0","share_counter_number":"0","like_counter_number":"0","dislike_counter_number":"0"},"jnews_post_split":{"post_split":[{"template":"1","tag":"h2","numbering":"asc","mode":"normal","first":"0","enable_toc":"0","toc_type":"normal"}]},"footnotes":""},"categories":[1],"tags":[6093,87,6094],"class_list":["post-33947","post","type-post","status-publish","format-standard","has-post-thumbnail","hentry","category-geral","tag-contrato-vitalicio","tag-globo","tag-neusa-borges"],"yoast_head":"<!-- This site is optimized with the Yoast SEO plugin v25.0 - https:\/\/yoast.com\/wordpress\/plugins\/seo\/ -->\n<title>Depois de d\u00e9cadas na TV, atriz que marcou gera\u00e7\u00e3o conquista contrato vital\u00edcio com a Globo<\/title>\n<meta name=\"robots\" content=\"index, follow, max-snippet:-1, max-image-preview:large, max-video-preview:-1\" \/>\n<link rel=\"canonical\" href=\"https:\/\/crusoe.audiencelabs.com.br\/depois-de-decadas-na-tv-atriz-que-marcou-geracao-conquista-contrato-vitalicio-com-a-globo\/\" \/>\n<meta property=\"og:locale\" content=\"pt_BR\" \/>\n<meta property=\"og:type\" content=\"article\" \/>\n<meta property=\"og:title\" content=\"Depois de d\u00e9cadas na TV, atriz que marcou gera\u00e7\u00e3o conquista contrato vital\u00edcio com a Globo\" \/>\n<meta property=\"og:description\" content=\"A atriz Neusa Borges, de 84 anos, firmou um contrato vital\u00edcio com a TV Globo, em um gesto de reconhecimento da emissora a artistas que marcaram a hist\u00f3ria da televis\u00e3o brasileira. A novidade foi anunciada pela pr\u00f3pria atriz nas redes sociais.\u00a0 O acordo coloca a artista em um grupo restrito de veteranos com v\u00ednculo permanente [&hellip;]\" \/>\n<meta property=\"og:url\" content=\"https:\/\/crusoe.audiencelabs.com.br\/depois-de-decadas-na-tv-atriz-que-marcou-geracao-conquista-contrato-vitalicio-com-a-globo\/\" \/>\n<meta property=\"og:site_name\" content=\"Variedades - Cruso\u00e9\" \/>\n<meta property=\"article:published_time\" content=\"2026-03-13T00:32:45+00:00\" \/>\n<meta property=\"og:image\" content=\"https:\/\/cdn.crusoe.com.br\/uploads\/2026\/03\/25915566.jpg\" \/>\n\t<meta property=\"og:image:width\" content=\"700\" \/>\n\t<meta property=\"og:image:height\" content=\"466\" \/>\n\t<meta property=\"og:image:type\" content=\"image\/jpeg\" \/>\n<meta name=\"author\" content=\"Milena Armando\" \/>\n<meta name=\"twitter:card\" content=\"summary_large_image\" \/>\n<meta name=\"twitter:label1\" content=\"Escrito por\" \/>\n\t<meta name=\"twitter:data1\" content=\"Milena Armando\" \/>\n\t<meta name=\"twitter:label2\" content=\"Est. tempo de leitura\" \/>\n\t<meta name=\"twitter:data2\" content=\"3 minutos\" \/>\n<script type=\"application\/ld+json\" class=\"yoast-schema-graph\">{\"@context\":\"https:\/\/schema.org\",\"@graph\":[{\"@type\":\"WebPage\",\"@id\":\"https:\/\/crusoe.audiencelabs.com.br\/depois-de-decadas-na-tv-atriz-que-marcou-geracao-conquista-contrato-vitalicio-com-a-globo\/\",\"url\":\"https:\/\/crusoe.audiencelabs.com.br\/depois-de-decadas-na-tv-atriz-que-marcou-geracao-conquista-contrato-vitalicio-com-a-globo\/\",\"name\":\"Depois de d\u00e9cadas na TV, atriz que marcou gera\u00e7\u00e3o conquista contrato vital\u00edcio com a Globo\",\"isPartOf\":{\"@id\":\"https:\/\/crusoe.audiencelabs.com.br\/#website\"},\"primaryImageOfPage\":{\"@id\":\"https:\/\/crusoe.audiencelabs.com.br\/depois-de-decadas-na-tv-atriz-que-marcou-geracao-conquista-contrato-vitalicio-com-a-globo\/#primaryimage\"},\"image\":{\"@id\":\"https:\/\/crusoe.audiencelabs.com.br\/depois-de-decadas-na-tv-atriz-que-marcou-geracao-conquista-contrato-vitalicio-com-a-globo\/#primaryimage\"},\"thumbnailUrl\":\"https:\/\/cdn.crusoe.com.br\/uploads\/2026\/03\/25915566.jpg\",\"datePublished\":\"2026-03-13T00:32:45+00:00\",\"author\":{\"@id\":\"https:\/\/crusoe.audiencelabs.com.br\/#\/schema\/person\/f87f73cfe89e5360de2c006bd4bd6a74\"},\"breadcrumb\":{\"@id\":\"https:\/\/crusoe.audiencelabs.com.br\/depois-de-decadas-na-tv-atriz-que-marcou-geracao-conquista-contrato-vitalicio-com-a-globo\/#breadcrumb\"},\"inLanguage\":\"pt-BR\",\"potentialAction\":[{\"@type\":\"ReadAction\",\"target\":[\"https:\/\/crusoe.audiencelabs.com.br\/depois-de-decadas-na-tv-atriz-que-marcou-geracao-conquista-contrato-vitalicio-com-a-globo\/\"]}]},{\"@type\":\"ImageObject\",\"inLanguage\":\"pt-BR\",\"@id\":\"https:\/\/crusoe.audiencelabs.com.br\/depois-de-decadas-na-tv-atriz-que-marcou-geracao-conquista-contrato-vitalicio-com-a-globo\/#primaryimage\",\"url\":\"https:\/\/cdn.crusoe.com.br\/uploads\/2026\/03\/25915566.jpg\",\"contentUrl\":\"https:\/\/cdn.crusoe.com.br\/uploads\/2026\/03\/25915566.jpg\",\"width\":700,\"height\":466,\"caption\":\"Reprodu\u00e7\u00e3o: GZH\"},{\"@type\":\"BreadcrumbList\",\"@id\":\"https:\/\/crusoe.audiencelabs.com.br\/depois-de-decadas-na-tv-atriz-que-marcou-geracao-conquista-contrato-vitalicio-com-a-globo\/#breadcrumb\",\"itemListElement\":[{\"@type\":\"ListItem\",\"position\":1,\"name\":\"Home\",\"item\":\"https:\/\/crusoe.audiencelabs.com.br\/\"},{\"@type\":\"ListItem\",\"position\":2,\"name\":\"Depois de d\u00e9cadas na TV, atriz que marcou gera\u00e7\u00e3o conquista contrato vital\u00edcio com a Globo\"}]},{\"@type\":\"WebSite\",\"@id\":\"https:\/\/crusoe.audiencelabs.com.br\/#website\",\"url\":\"https:\/\/crusoe.audiencelabs.com.br\/\",\"name\":\"Variedades - Cruso\u00e9\",\"description\":\"\",\"potentialAction\":[{\"@type\":\"SearchAction\",\"target\":{\"@type\":\"EntryPoint\",\"urlTemplate\":\"https:\/\/crusoe.audiencelabs.com.br\/?s={search_term_string}\"},\"query-input\":{\"@type\":\"PropertyValueSpecification\",\"valueRequired\":true,\"valueName\":\"search_term_string\"}}],\"inLanguage\":\"pt-BR\"},{\"@type\":\"Person\",\"@id\":\"https:\/\/crusoe.audiencelabs.com.br\/#\/schema\/person\/f87f73cfe89e5360de2c006bd4bd6a74\",\"name\":\"Milena Armando\",\"image\":{\"@type\":\"ImageObject\",\"inLanguage\":\"pt-BR\",\"@id\":\"https:\/\/crusoe.audiencelabs.com.br\/#\/schema\/person\/image\/\",\"url\":\"https:\/\/secure.gravatar.com\/avatar\/ea14ecddc9e9d202b698b18f9f69e09c9fd74cfbed5c6008d55f11faefdbdab7?s=96&d=mm&r=g\",\"contentUrl\":\"https:\/\/secure.gravatar.com\/avatar\/ea14ecddc9e9d202b698b18f9f69e09c9fd74cfbed5c6008d55f11faefdbdab7?s=96&d=mm&r=g\",\"caption\":\"Milena Armando\"},\"description\":\"Jornalista, redatora e revisora.\",\"url\":\"https:\/\/crusoe.audiencelabs.com.br\/author\/milena\/\"}]}<\/script>\n<!-- \/ Yoast SEO plugin. -->","yoast_head_json":{"title":"Depois de d\u00e9cadas na TV, atriz que marcou gera\u00e7\u00e3o conquista contrato vital\u00edcio com a Globo","robots":{"index":"index","follow":"follow","max-snippet":"max-snippet:-1","max-image-preview":"max-image-preview:large","max-video-preview":"max-video-preview:-1"},"canonical":"https:\/\/crusoe.audiencelabs.com.br\/depois-de-decadas-na-tv-atriz-que-marcou-geracao-conquista-contrato-vitalicio-com-a-globo\/","og_locale":"pt_BR","og_type":"article","og_title":"Depois de d\u00e9cadas na TV, atriz que marcou gera\u00e7\u00e3o conquista contrato vital\u00edcio com a Globo","og_description":"A atriz Neusa Borges, de 84 anos, firmou um contrato vital\u00edcio com a TV Globo, em um gesto de reconhecimento da emissora a artistas que marcaram a hist\u00f3ria da televis\u00e3o brasileira. A novidade foi anunciada pela pr\u00f3pria atriz nas redes sociais.\u00a0 O acordo coloca a artista em um grupo restrito de veteranos com v\u00ednculo permanente [&hellip;]","og_url":"https:\/\/crusoe.audiencelabs.com.br\/depois-de-decadas-na-tv-atriz-que-marcou-geracao-conquista-contrato-vitalicio-com-a-globo\/","og_site_name":"Variedades - Cruso\u00e9","article_published_time":"2026-03-13T00:32:45+00:00","og_image":[{"width":700,"height":466,"url":"https:\/\/cdn.crusoe.com.br\/uploads\/2026\/03\/25915566.jpg","type":"image\/jpeg"}],"author":"Milena Armando","twitter_card":"summary_large_image","twitter_misc":{"Escrito por":"Milena Armando","Est. tempo de leitura":"3 minutos"},"schema":{"@context":"https:\/\/schema.org","@graph":[{"@type":"WebPage","@id":"https:\/\/crusoe.audiencelabs.com.br\/depois-de-decadas-na-tv-atriz-que-marcou-geracao-conquista-contrato-vitalicio-com-a-globo\/","url":"https:\/\/crusoe.audiencelabs.com.br\/depois-de-decadas-na-tv-atriz-que-marcou-geracao-conquista-contrato-vitalicio-com-a-globo\/","name":"Depois de d\u00e9cadas na TV, atriz que marcou gera\u00e7\u00e3o conquista contrato vital\u00edcio com a Globo","isPartOf":{"@id":"https:\/\/crusoe.audiencelabs.com.br\/#website"},"primaryImageOfPage":{"@id":"https:\/\/crusoe.audiencelabs.com.br\/depois-de-decadas-na-tv-atriz-que-marcou-geracao-conquista-contrato-vitalicio-com-a-globo\/#primaryimage"},"image":{"@id":"https:\/\/crusoe.audiencelabs.com.br\/depois-de-decadas-na-tv-atriz-que-marcou-geracao-conquista-contrato-vitalicio-com-a-globo\/#primaryimage"},"thumbnailUrl":"https:\/\/cdn.crusoe.com.br\/uploads\/2026\/03\/25915566.jpg","datePublished":"2026-03-13T00:32:45+00:00","author":{"@id":"https:\/\/crusoe.audiencelabs.com.br\/#\/schema\/person\/f87f73cfe89e5360de2c006bd4bd6a74"},"breadcrumb":{"@id":"https:\/\/crusoe.audiencelabs.com.br\/depois-de-decadas-na-tv-atriz-que-marcou-geracao-conquista-contrato-vitalicio-com-a-globo\/#breadcrumb"},"inLanguage":"pt-BR","potentialAction":[{"@type":"ReadAction","target":["https:\/\/crusoe.audiencelabs.com.br\/depois-de-decadas-na-tv-atriz-que-marcou-geracao-conquista-contrato-vitalicio-com-a-globo\/"]}]},{"@type":"ImageObject","inLanguage":"pt-BR","@id":"https:\/\/crusoe.audiencelabs.com.br\/depois-de-decadas-na-tv-atriz-que-marcou-geracao-conquista-contrato-vitalicio-com-a-globo\/#primaryimage","url":"https:\/\/cdn.crusoe.com.br\/uploads\/2026\/03\/25915566.jpg","contentUrl":"https:\/\/cdn.crusoe.com.br\/uploads\/2026\/03\/25915566.jpg","width":700,"height":466,"caption":"Reprodu\u00e7\u00e3o: GZH"},{"@type":"BreadcrumbList","@id":"https:\/\/crusoe.audiencelabs.com.br\/depois-de-decadas-na-tv-atriz-que-marcou-geracao-conquista-contrato-vitalicio-com-a-globo\/#breadcrumb","itemListElement":[{"@type":"ListItem","position":1,"name":"Home","item":"https:\/\/crusoe.audiencelabs.com.br\/"},{"@type":"ListItem","position":2,"name":"Depois de d\u00e9cadas na TV, atriz que marcou gera\u00e7\u00e3o conquista contrato vital\u00edcio com a Globo"}]},{"@type":"WebSite","@id":"https:\/\/crusoe.audiencelabs.com.br\/#website","url":"https:\/\/crusoe.audiencelabs.com.br\/","name":"Variedades - Cruso\u00e9","description":"","potentialAction":[{"@type":"SearchAction","target":{"@type":"EntryPoint","urlTemplate":"https:\/\/crusoe.audiencelabs.com.br\/?s={search_term_string}"},"query-input":{"@type":"PropertyValueSpecification","valueRequired":true,"valueName":"search_term_string"}}],"inLanguage":"pt-BR"},{"@type":"Person","@id":"https:\/\/crusoe.audiencelabs.com.br\/#\/schema\/person\/f87f73cfe89e5360de2c006bd4bd6a74","name":"Milena Armando","image":{"@type":"ImageObject","inLanguage":"pt-BR","@id":"https:\/\/crusoe.audiencelabs.com.br\/#\/schema\/person\/image\/","url":"https:\/\/secure.gravatar.com\/avatar\/ea14ecddc9e9d202b698b18f9f69e09c9fd74cfbed5c6008d55f11faefdbdab7?s=96&d=mm&r=g","contentUrl":"https:\/\/secure.gravatar.com\/avatar\/ea14ecddc9e9d202b698b18f9f69e09c9fd74cfbed5c6008d55f11faefdbdab7?s=96&d=mm&r=g","caption":"Milena Armando"},"description":"Jornalista, redatora e revisora.","url":"https:\/\/crusoe.audiencelabs.com.br\/author\/milena\/"}]}},"_links":{"self":[{"href":"https:\/\/crusoe.audiencelabs.com.br\/wp-json\/wp\/v2\/posts\/33947","targetHints":{"allow":["GET"]}}],"collection":[{"href":"https:\/\/crusoe.audiencelabs.com.br\/wp-json\/wp\/v2\/posts"}],"about":[{"href":"https:\/\/crusoe.audiencelabs.com.br\/wp-json\/wp\/v2\/types\/post"}],"author":[{"embeddable":true,"href":"https:\/\/crusoe.audiencelabs.com.br\/wp-json\/wp\/v2\/users\/5"}],"replies":[{"embeddable":true,"href":"https:\/\/crusoe.audiencelabs.com.br\/wp-json\/wp\/v2\/comments?post=33947"}],"version-history":[{"count":3,"href":"https:\/\/crusoe.audiencelabs.com.br\/wp-json\/wp\/v2\/posts\/33947\/revisions"}],"predecessor-version":[{"id":33954,"href":"https:\/\/crusoe.audiencelabs.com.br\/wp-json\/wp\/v2\/posts\/33947\/revisions\/33954"}],"wp:featuredmedia":[{"embeddable":true,"href":"https:\/\/crusoe.audiencelabs.com.br\/wp-json\/wp\/v2\/media\/33948"}],"wp:attachment":[{"href":"https:\/\/crusoe.audiencelabs.com.br\/wp-json\/wp\/v2\/media?parent=33947"}],"wp:term":[{"taxonomy":"category","embeddable":true,"href":"https:\/\/crusoe.audiencelabs.com.br\/wp-json\/wp\/v2\/categories?post=33947"},{"taxonomy":"post_tag","embeddable":true,"href":"https:\/\/crusoe.audiencelabs.com.br\/wp-json\/wp\/v2\/tags?post=33947"}],"curies":[{"name":"wp","href":"https:\/\/api.w.org\/{rel}","templated":true}]}}