{"id":33932,"date":"2026-03-12T18:41:40","date_gmt":"2026-03-12T21:41:40","guid":{"rendered":"https:\/\/crusoe.audiencelabs.com.br\/?p=33932"},"modified":"2026-03-12T08:04:41","modified_gmt":"2026-03-12T11:04:41","slug":"apos-anos-de-protecao-governo-decide-liberar-caca-de-animais-selvagens-neste-pais","status":"publish","type":"post","link":"https:\/\/crusoe.audiencelabs.com.br\/apos-anos-de-protecao-governo-decide-liberar-caca-de-animais-selvagens-neste-pais\/","title":{"rendered":"Ap\u00f3s anos de prote\u00e7\u00e3o, governo decide liberar ca\u00e7a de animais selvagens neste pa\u00eds"},"content":{"rendered":"<p><span style=\"font-weight: 400\">O Parlamento da <strong>Alemanha<\/strong> aprovou uma mudan\u00e7a na legisla\u00e7\u00e3o que <strong>permite a ca\u00e7a de lobos no pa\u00eds ap\u00f3s d\u00e9cadas de prote\u00e7\u00e3o rigorosa da esp\u00e9cie.\u00a0<\/strong><\/span><\/p>\n<p><span style=\"font-weight: 400\">A medida foi adotada ap\u00f3s press\u00e3o de fazendeiros e debates sobre o crescimento da popula\u00e7\u00e3o desses animais e os impactos sobre a pecu\u00e1ria.<\/span><\/p>\n<h2><span style=\"font-weight: 400\">Lobos passam a ser considerados \u201cesp\u00e9cie ca\u00e7\u00e1vel\u201d<\/span><\/h2>\n<p><span style=\"font-weight: 400\">A nova regra recategoriza os lobos como \u201c<strong>esp\u00e9cie ca\u00e7\u00e1vel<\/strong>\u201d, o que permite o abate desses animais em determinados per\u00edodos do ano.\u00a0<\/span><\/p>\n<p><span style=\"font-weight: 400\">De acordo com a emenda aprovada, a ca\u00e7a poder\u00e1 ocorrer entre 1\u00ba de julho e 31 de outubro, seguindo regras estabelecidas pelas autoridades regionais.<\/span><\/p>\n<p><span style=\"font-weight: 400\">A decis\u00e3o representa uma mudan\u00e7a significativa, j\u00e1 que a ca\u00e7a aos lobos estava proibida no pa\u00eds desde a d\u00e9cada de 1990, quando o animal passou a ser protegido por leis de conserva\u00e7\u00e3o ambiental.<\/span><\/p>\n<h2><span style=\"font-weight: 400\">Crescimento da popula\u00e7\u00e3o reacendeu debate<\/span><\/h2>\n<p><span style=\"font-weight: 400\">Os lobos haviam desaparecido da Alemanha no s\u00e9culo 19, mas voltaram a se estabelecer no territ\u00f3rio a partir dos anos 2000, migrando principalmente de pa\u00edses do Leste Europeu ap\u00f3s a abertura das fronteiras.<\/span><\/p>\n<p><span style=\"font-weight: 400\">Atualmente, estima-se que existam cerca de <strong>1,6 mil lobos vivendo em estado selvagem no pa\u00eds<\/strong>, n\u00famero que aumentou ao longo das \u00faltimas d\u00e9cadas.\u00a0<\/span><\/p>\n<p><span style=\"font-weight: 400\">Esse crescimento gerou conflitos com produtores rurais, que relatam ataques a rebanhos de ovelhas e outros animais.<\/span><\/p>\n<h2><span style=\"font-weight: 400\">Medida divide opini\u00f5es<\/span><\/h2>\n<p><span style=\"font-weight: 400\">A decis\u00e3o foi comemorada por parte do setor agropecu\u00e1rio, que defende o controle da popula\u00e7\u00e3o de lobos para proteger rebanhos e reduzir preju\u00edzos.\u00a0<\/span><\/p>\n<p><span style=\"font-weight: 400\">J\u00e1 organiza\u00e7\u00f5es ambientais criticam a mudan\u00e7a, afirmando que a ca\u00e7a pode prejudicar a conserva\u00e7\u00e3o da esp\u00e9cie e afetar o equil\u00edbrio dos ecossistemas.<\/span><\/p>\n<p><span style=\"font-weight: 400\">Segundo especialistas, o desafio agora ser\u00e1 encontrar um equil\u00edbrio entre a prote\u00e7\u00e3o da fauna silvestre e a seguran\u00e7a da atividade agropecu\u00e1ria, em um cen\u00e1rio em que a presen\u00e7a do lobo voltou a fazer parte da paisagem natural de v\u00e1rias regi\u00f5es europeias.\u00a0<\/span><\/p>\n","protected":false},"excerpt":{"rendered":"<p>O Parlamento da Alemanha aprovou uma mudan\u00e7a na legisla\u00e7\u00e3o que permite a ca\u00e7a de lobos no pa\u00eds ap\u00f3s d\u00e9cadas de prote\u00e7\u00e3o rigorosa da esp\u00e9cie.\u00a0 A medida foi adotada ap\u00f3s press\u00e3o de fazendeiros e debates sobre o crescimento da popula\u00e7\u00e3o desses animais e os impactos sobre a pecu\u00e1ria. Lobos passam a ser considerados \u201cesp\u00e9cie ca\u00e7\u00e1vel\u201d A [&hellip;]<\/p>\n","protected":false},"author":5,"featured_media":33936,"comment_status":"open","ping_status":"open","sticky":false,"template":"","format":"standard","meta":{"jnews-multi-image_gallery":[],"jnews_single_post":{"subtitle":"","format":"standard","jnews_video_option_group":[[]],"override":[{"template":"2","parallax":"1","fullscreen":"1","layout":"right-sidebar","sidebar":"default-sidebar","second_sidebar":"default-sidebar","sticky_sidebar":"1","share_position":"hide","share_float_style":"share-monocrhome","show_featured":"1","show_post_meta":"1","show_post_author":"1","show_post_date":"1","post_date_format":"default","post_date_format_custom":"Y\/m\/d","show_post_category":"1","show_post_reading_time":"0","post_reading_time_wpm":"300","post_calculate_word_method":"str_word_count","show_zoom_button":"0","zoom_button_out_step":"2","zoom_button_in_step":"3","show_post_tag":"1","show_popup_post":"1","number_popup_post":"1","show_author_box":"1","show_post_related":"0"}],"image_override":[{"single_post_thumbnail_size":"crop-500","single_post_gallery_size":"crop-500"}],"trending_post_position":"meta","trending_post_label":"Trending","sponsored_post_label":"Sponsored by","disable_ad":"0"},"jnews_primary_category":[],"jnews_override_counter":{"view_counter_number":"0","share_counter_number":"0","like_counter_number":"0","dislike_counter_number":"0"},"jnews_post_split":{"post_split":[{"template":"1","tag":"h2","numbering":"asc","mode":"normal","first":"0","enable_toc":"0","toc_type":"normal"}]},"footnotes":""},"categories":[1],"tags":[4913,4112,6089],"class_list":["post-33932","post","type-post","status-publish","format-standard","has-post-thumbnail","hentry","category-geral","tag-alemanha","tag-caca","tag-lobo"],"yoast_head":"<!-- This site is optimized with the Yoast SEO plugin v25.0 - https:\/\/yoast.com\/wordpress\/plugins\/seo\/ -->\n<title>Ap\u00f3s anos de prote\u00e7\u00e3o, governo decide liberar ca\u00e7a de animais selvagens neste pa\u00eds<\/title>\n<meta name=\"robots\" content=\"index, follow, max-snippet:-1, max-image-preview:large, max-video-preview:-1\" \/>\n<link rel=\"canonical\" href=\"https:\/\/crusoe.audiencelabs.com.br\/apos-anos-de-protecao-governo-decide-liberar-caca-de-animais-selvagens-neste-pais\/\" \/>\n<meta property=\"og:locale\" content=\"pt_BR\" \/>\n<meta property=\"og:type\" content=\"article\" \/>\n<meta property=\"og:title\" content=\"Ap\u00f3s anos de prote\u00e7\u00e3o, governo decide liberar ca\u00e7a de animais selvagens neste pa\u00eds\" \/>\n<meta property=\"og:description\" content=\"O Parlamento da Alemanha aprovou uma mudan\u00e7a na legisla\u00e7\u00e3o que permite a ca\u00e7a de lobos no pa\u00eds ap\u00f3s d\u00e9cadas de prote\u00e7\u00e3o rigorosa da esp\u00e9cie.\u00a0 A medida foi adotada ap\u00f3s press\u00e3o de fazendeiros e debates sobre o crescimento da popula\u00e7\u00e3o desses animais e os impactos sobre a pecu\u00e1ria. Lobos passam a ser considerados \u201cesp\u00e9cie ca\u00e7\u00e1vel\u201d A [&hellip;]\" \/>\n<meta property=\"og:url\" content=\"https:\/\/crusoe.audiencelabs.com.br\/apos-anos-de-protecao-governo-decide-liberar-caca-de-animais-selvagens-neste-pais\/\" \/>\n<meta property=\"og:site_name\" content=\"Variedades - Cruso\u00e9\" \/>\n<meta property=\"article:published_time\" content=\"2026-03-12T21:41:40+00:00\" \/>\n<meta property=\"og:image\" content=\"https:\/\/cdn.crusoe.com.br\/uploads\/2026\/03\/pexels-pixabay-39310-scaled.jpg\" \/>\n\t<meta property=\"og:image:width\" content=\"2560\" \/>\n\t<meta property=\"og:image:height\" content=\"1707\" \/>\n\t<meta property=\"og:image:type\" content=\"image\/jpeg\" \/>\n<meta name=\"author\" content=\"Milena Armando\" \/>\n<meta name=\"twitter:card\" content=\"summary_large_image\" \/>\n<meta name=\"twitter:label1\" content=\"Escrito por\" \/>\n\t<meta name=\"twitter:data1\" content=\"Milena Armando\" \/>\n\t<meta name=\"twitter:label2\" content=\"Est. tempo de leitura\" \/>\n\t<meta name=\"twitter:data2\" content=\"2 minutos\" \/>\n<script type=\"application\/ld+json\" class=\"yoast-schema-graph\">{\"@context\":\"https:\/\/schema.org\",\"@graph\":[{\"@type\":\"WebPage\",\"@id\":\"https:\/\/crusoe.audiencelabs.com.br\/apos-anos-de-protecao-governo-decide-liberar-caca-de-animais-selvagens-neste-pais\/\",\"url\":\"https:\/\/crusoe.audiencelabs.com.br\/apos-anos-de-protecao-governo-decide-liberar-caca-de-animais-selvagens-neste-pais\/\",\"name\":\"Ap\u00f3s anos de prote\u00e7\u00e3o, governo decide liberar ca\u00e7a de animais selvagens neste pa\u00eds\",\"isPartOf\":{\"@id\":\"https:\/\/crusoe.audiencelabs.com.br\/#website\"},\"primaryImageOfPage\":{\"@id\":\"https:\/\/crusoe.audiencelabs.com.br\/apos-anos-de-protecao-governo-decide-liberar-caca-de-animais-selvagens-neste-pais\/#primaryimage\"},\"image\":{\"@id\":\"https:\/\/crusoe.audiencelabs.com.br\/apos-anos-de-protecao-governo-decide-liberar-caca-de-animais-selvagens-neste-pais\/#primaryimage\"},\"thumbnailUrl\":\"https:\/\/cdn.crusoe.com.br\/uploads\/2026\/03\/pexels-pixabay-39310-scaled.jpg\",\"datePublished\":\"2026-03-12T21:41:40+00:00\",\"author\":{\"@id\":\"https:\/\/crusoe.audiencelabs.com.br\/#\/schema\/person\/f87f73cfe89e5360de2c006bd4bd6a74\"},\"breadcrumb\":{\"@id\":\"https:\/\/crusoe.audiencelabs.com.br\/apos-anos-de-protecao-governo-decide-liberar-caca-de-animais-selvagens-neste-pais\/#breadcrumb\"},\"inLanguage\":\"pt-BR\",\"potentialAction\":[{\"@type\":\"ReadAction\",\"target\":[\"https:\/\/crusoe.audiencelabs.com.br\/apos-anos-de-protecao-governo-decide-liberar-caca-de-animais-selvagens-neste-pais\/\"]}]},{\"@type\":\"ImageObject\",\"inLanguage\":\"pt-BR\",\"@id\":\"https:\/\/crusoe.audiencelabs.com.br\/apos-anos-de-protecao-governo-decide-liberar-caca-de-animais-selvagens-neste-pais\/#primaryimage\",\"url\":\"https:\/\/cdn.crusoe.com.br\/uploads\/2026\/03\/pexels-pixabay-39310-scaled.jpg\",\"contentUrl\":\"https:\/\/cdn.crusoe.com.br\/uploads\/2026\/03\/pexels-pixabay-39310-scaled.jpg\",\"width\":2560,\"height\":1707,\"caption\":\"Reprodu\u00e7\u00e3o: Pexels\/Pixabay\"},{\"@type\":\"BreadcrumbList\",\"@id\":\"https:\/\/crusoe.audiencelabs.com.br\/apos-anos-de-protecao-governo-decide-liberar-caca-de-animais-selvagens-neste-pais\/#breadcrumb\",\"itemListElement\":[{\"@type\":\"ListItem\",\"position\":1,\"name\":\"Home\",\"item\":\"https:\/\/crusoe.audiencelabs.com.br\/\"},{\"@type\":\"ListItem\",\"position\":2,\"name\":\"Ap\u00f3s anos de prote\u00e7\u00e3o, governo decide liberar ca\u00e7a de animais selvagens neste pa\u00eds\"}]},{\"@type\":\"WebSite\",\"@id\":\"https:\/\/crusoe.audiencelabs.com.br\/#website\",\"url\":\"https:\/\/crusoe.audiencelabs.com.br\/\",\"name\":\"Variedades - Cruso\u00e9\",\"description\":\"\",\"potentialAction\":[{\"@type\":\"SearchAction\",\"target\":{\"@type\":\"EntryPoint\",\"urlTemplate\":\"https:\/\/crusoe.audiencelabs.com.br\/?s={search_term_string}\"},\"query-input\":{\"@type\":\"PropertyValueSpecification\",\"valueRequired\":true,\"valueName\":\"search_term_string\"}}],\"inLanguage\":\"pt-BR\"},{\"@type\":\"Person\",\"@id\":\"https:\/\/crusoe.audiencelabs.com.br\/#\/schema\/person\/f87f73cfe89e5360de2c006bd4bd6a74\",\"name\":\"Milena Armando\",\"image\":{\"@type\":\"ImageObject\",\"inLanguage\":\"pt-BR\",\"@id\":\"https:\/\/crusoe.audiencelabs.com.br\/#\/schema\/person\/image\/\",\"url\":\"https:\/\/secure.gravatar.com\/avatar\/ea14ecddc9e9d202b698b18f9f69e09c9fd74cfbed5c6008d55f11faefdbdab7?s=96&d=mm&r=g\",\"contentUrl\":\"https:\/\/secure.gravatar.com\/avatar\/ea14ecddc9e9d202b698b18f9f69e09c9fd74cfbed5c6008d55f11faefdbdab7?s=96&d=mm&r=g\",\"caption\":\"Milena Armando\"},\"description\":\"Jornalista, redatora e revisora.\",\"url\":\"https:\/\/crusoe.audiencelabs.com.br\/author\/milena\/\"}]}<\/script>\n<!-- \/ Yoast SEO plugin. -->","yoast_head_json":{"title":"Ap\u00f3s anos de prote\u00e7\u00e3o, governo decide liberar ca\u00e7a de animais selvagens neste pa\u00eds","robots":{"index":"index","follow":"follow","max-snippet":"max-snippet:-1","max-image-preview":"max-image-preview:large","max-video-preview":"max-video-preview:-1"},"canonical":"https:\/\/crusoe.audiencelabs.com.br\/apos-anos-de-protecao-governo-decide-liberar-caca-de-animais-selvagens-neste-pais\/","og_locale":"pt_BR","og_type":"article","og_title":"Ap\u00f3s anos de prote\u00e7\u00e3o, governo decide liberar ca\u00e7a de animais selvagens neste pa\u00eds","og_description":"O Parlamento da Alemanha aprovou uma mudan\u00e7a na legisla\u00e7\u00e3o que permite a ca\u00e7a de lobos no pa\u00eds ap\u00f3s d\u00e9cadas de prote\u00e7\u00e3o rigorosa da esp\u00e9cie.\u00a0 A medida foi adotada ap\u00f3s press\u00e3o de fazendeiros e debates sobre o crescimento da popula\u00e7\u00e3o desses animais e os impactos sobre a pecu\u00e1ria. Lobos passam a ser considerados \u201cesp\u00e9cie ca\u00e7\u00e1vel\u201d A [&hellip;]","og_url":"https:\/\/crusoe.audiencelabs.com.br\/apos-anos-de-protecao-governo-decide-liberar-caca-de-animais-selvagens-neste-pais\/","og_site_name":"Variedades - Cruso\u00e9","article_published_time":"2026-03-12T21:41:40+00:00","og_image":[{"width":2560,"height":1707,"url":"https:\/\/cdn.crusoe.com.br\/uploads\/2026\/03\/pexels-pixabay-39310-scaled.jpg","type":"image\/jpeg"}],"author":"Milena Armando","twitter_card":"summary_large_image","twitter_misc":{"Escrito por":"Milena Armando","Est. tempo de leitura":"2 minutos"},"schema":{"@context":"https:\/\/schema.org","@graph":[{"@type":"WebPage","@id":"https:\/\/crusoe.audiencelabs.com.br\/apos-anos-de-protecao-governo-decide-liberar-caca-de-animais-selvagens-neste-pais\/","url":"https:\/\/crusoe.audiencelabs.com.br\/apos-anos-de-protecao-governo-decide-liberar-caca-de-animais-selvagens-neste-pais\/","name":"Ap\u00f3s anos de prote\u00e7\u00e3o, governo decide liberar ca\u00e7a de animais selvagens neste pa\u00eds","isPartOf":{"@id":"https:\/\/crusoe.audiencelabs.com.br\/#website"},"primaryImageOfPage":{"@id":"https:\/\/crusoe.audiencelabs.com.br\/apos-anos-de-protecao-governo-decide-liberar-caca-de-animais-selvagens-neste-pais\/#primaryimage"},"image":{"@id":"https:\/\/crusoe.audiencelabs.com.br\/apos-anos-de-protecao-governo-decide-liberar-caca-de-animais-selvagens-neste-pais\/#primaryimage"},"thumbnailUrl":"https:\/\/cdn.crusoe.com.br\/uploads\/2026\/03\/pexels-pixabay-39310-scaled.jpg","datePublished":"2026-03-12T21:41:40+00:00","author":{"@id":"https:\/\/crusoe.audiencelabs.com.br\/#\/schema\/person\/f87f73cfe89e5360de2c006bd4bd6a74"},"breadcrumb":{"@id":"https:\/\/crusoe.audiencelabs.com.br\/apos-anos-de-protecao-governo-decide-liberar-caca-de-animais-selvagens-neste-pais\/#breadcrumb"},"inLanguage":"pt-BR","potentialAction":[{"@type":"ReadAction","target":["https:\/\/crusoe.audiencelabs.com.br\/apos-anos-de-protecao-governo-decide-liberar-caca-de-animais-selvagens-neste-pais\/"]}]},{"@type":"ImageObject","inLanguage":"pt-BR","@id":"https:\/\/crusoe.audiencelabs.com.br\/apos-anos-de-protecao-governo-decide-liberar-caca-de-animais-selvagens-neste-pais\/#primaryimage","url":"https:\/\/cdn.crusoe.com.br\/uploads\/2026\/03\/pexels-pixabay-39310-scaled.jpg","contentUrl":"https:\/\/cdn.crusoe.com.br\/uploads\/2026\/03\/pexels-pixabay-39310-scaled.jpg","width":2560,"height":1707,"caption":"Reprodu\u00e7\u00e3o: Pexels\/Pixabay"},{"@type":"BreadcrumbList","@id":"https:\/\/crusoe.audiencelabs.com.br\/apos-anos-de-protecao-governo-decide-liberar-caca-de-animais-selvagens-neste-pais\/#breadcrumb","itemListElement":[{"@type":"ListItem","position":1,"name":"Home","item":"https:\/\/crusoe.audiencelabs.com.br\/"},{"@type":"ListItem","position":2,"name":"Ap\u00f3s anos de prote\u00e7\u00e3o, governo decide liberar ca\u00e7a de animais selvagens neste pa\u00eds"}]},{"@type":"WebSite","@id":"https:\/\/crusoe.audiencelabs.com.br\/#website","url":"https:\/\/crusoe.audiencelabs.com.br\/","name":"Variedades - Cruso\u00e9","description":"","potentialAction":[{"@type":"SearchAction","target":{"@type":"EntryPoint","urlTemplate":"https:\/\/crusoe.audiencelabs.com.br\/?s={search_term_string}"},"query-input":{"@type":"PropertyValueSpecification","valueRequired":true,"valueName":"search_term_string"}}],"inLanguage":"pt-BR"},{"@type":"Person","@id":"https:\/\/crusoe.audiencelabs.com.br\/#\/schema\/person\/f87f73cfe89e5360de2c006bd4bd6a74","name":"Milena Armando","image":{"@type":"ImageObject","inLanguage":"pt-BR","@id":"https:\/\/crusoe.audiencelabs.com.br\/#\/schema\/person\/image\/","url":"https:\/\/secure.gravatar.com\/avatar\/ea14ecddc9e9d202b698b18f9f69e09c9fd74cfbed5c6008d55f11faefdbdab7?s=96&d=mm&r=g","contentUrl":"https:\/\/secure.gravatar.com\/avatar\/ea14ecddc9e9d202b698b18f9f69e09c9fd74cfbed5c6008d55f11faefdbdab7?s=96&d=mm&r=g","caption":"Milena Armando"},"description":"Jornalista, redatora e revisora.","url":"https:\/\/crusoe.audiencelabs.com.br\/author\/milena\/"}]}},"_links":{"self":[{"href":"https:\/\/crusoe.audiencelabs.com.br\/wp-json\/wp\/v2\/posts\/33932","targetHints":{"allow":["GET"]}}],"collection":[{"href":"https:\/\/crusoe.audiencelabs.com.br\/wp-json\/wp\/v2\/posts"}],"about":[{"href":"https:\/\/crusoe.audiencelabs.com.br\/wp-json\/wp\/v2\/types\/post"}],"author":[{"embeddable":true,"href":"https:\/\/crusoe.audiencelabs.com.br\/wp-json\/wp\/v2\/users\/5"}],"replies":[{"embeddable":true,"href":"https:\/\/crusoe.audiencelabs.com.br\/wp-json\/wp\/v2\/comments?post=33932"}],"version-history":[{"count":2,"href":"https:\/\/crusoe.audiencelabs.com.br\/wp-json\/wp\/v2\/posts\/33932\/revisions"}],"predecessor-version":[{"id":33935,"href":"https:\/\/crusoe.audiencelabs.com.br\/wp-json\/wp\/v2\/posts\/33932\/revisions\/33935"}],"wp:featuredmedia":[{"embeddable":true,"href":"https:\/\/crusoe.audiencelabs.com.br\/wp-json\/wp\/v2\/media\/33936"}],"wp:attachment":[{"href":"https:\/\/crusoe.audiencelabs.com.br\/wp-json\/wp\/v2\/media?parent=33932"}],"wp:term":[{"taxonomy":"category","embeddable":true,"href":"https:\/\/crusoe.audiencelabs.com.br\/wp-json\/wp\/v2\/categories?post=33932"},{"taxonomy":"post_tag","embeddable":true,"href":"https:\/\/crusoe.audiencelabs.com.br\/wp-json\/wp\/v2\/tags?post=33932"}],"curies":[{"name":"wp","href":"https:\/\/api.w.org\/{rel}","templated":true}]}}