{"id":33922,"date":"2026-03-12T17:05:46","date_gmt":"2026-03-12T20:05:46","guid":{"rendered":"https:\/\/crusoe.audiencelabs.com.br\/?p=33922"},"modified":"2026-03-12T07:51:57","modified_gmt":"2026-03-12T10:51:57","slug":"maior-veiculo-eletrico-do-planeta-nao-tem-rodas-e-vai-operar-perto-do-brasil","status":"publish","type":"post","link":"https:\/\/crusoe.audiencelabs.com.br\/maior-veiculo-eletrico-do-planeta-nao-tem-rodas-e-vai-operar-perto-do-brasil\/","title":{"rendered":"Maior ve\u00edculo el\u00e9trico do planeta n\u00e3o tem rodas e vai operar perto do Brasil"},"content":{"rendered":"<p><span style=\"font-weight: 400\">Um novo gigante da mobilidade el\u00e9trica est\u00e1 prestes a entrar em opera\u00e7\u00e3o na Am\u00e9rica do Sul, e <strong>n\u00e3o se trata de um carro.\u00a0<\/strong><\/span><\/p>\n<p><span style=\"font-weight: 400\"><strong>O maior ve\u00edculo el\u00e9trico do mundo agora \u00e9 um navio<\/strong>: o <strong>ferry China Zorrilla,<\/strong> que dever\u00e1 iniciar opera\u00e7\u00f5es em breve ligando <strong><a href=\"https:\/\/crusoe.audiencelabs.com.br\/fada-existe-e-rosa-e-acabou-de-ser-vista-na-argentina\/\">Argentina<\/a> e <a href=\"https:\/\/crusoe.audiencelabs.com.br\/um-dos-melhores-paises-para-viver-na-america-do-sul-quer-atrair-mais-brasileiros-e-faz-chamado-especial\/\">Uruguai<\/a><\/strong>.<\/span><\/p>\n<h2><span style=\"font-weight: 400\">Navio el\u00e9trico gigante ligar\u00e1 Argentina e Uruguai<\/span><\/h2>\n<p><span style=\"font-weight: 400\">A embarca\u00e7\u00e3o faz parte da frota da empresa de transporte mar\u00edtimo Buquebus e foi projetada para realizar <strong>travessias entre Buenos Aires, na Argentina, e Colonia del Sacramento, no Uruguai<\/strong>.\u00a0<\/span><\/p>\n<p><span style=\"font-weight: 400\">A previs\u00e3o \u00e9 que o ferry comece a operar em maio, marcando um avan\u00e7o importante na mobilidade el\u00e9trica na regi\u00e3o.<\/span><\/p>\n<p><span style=\"font-weight: 400\">Com um investimento estimado em cerca de US$ 200 milh\u00f5es, o navio foi desenvolvido para se tornar o <strong>maior ferry 100% el\u00e9trico do planeta<\/strong>, refor\u00e7ando a tend\u00eancia global de eletrifica\u00e7\u00e3o tamb\u00e9m no transporte mar\u00edtimo.<\/span><\/p>\n<h2><span style=\"font-weight: 400\">Log\u00edstica complexa para transportar o navio<\/span><\/h2>\n<p><span style=\"font-weight: 400\">Antes de iniciar as opera\u00e7\u00f5es comerciais, o navio precisa percorrer uma longa viagem at\u00e9 a Am\u00e9rica do Sul. <\/span><span style=\"font-weight: 400\">Devido ao seu tamanho e peso, o transporte ser\u00e1 realizado por um cargueiro especializado conhecido como \u201cheavy lift\u201d, capaz de mover estruturas gigantes pelo mundo.<\/span><\/p>\n<p><span style=\"font-weight: 400\">Esse tipo de embarca\u00e7\u00e3o \u00e9 raro: existem apenas algumas unidades no planeta capazes de transportar cargas extremamente pesadas ou volumosas, o que torna a opera\u00e7\u00e3o log\u00edstica ainda mais complexa.<\/span><\/p>\n<h2><span style=\"font-weight: 400\">Mobilidade el\u00e9trica tamb\u00e9m chega aos mares<\/span><\/h2>\n<p><span style=\"font-weight: 400\">A cria\u00e7\u00e3o do ferry el\u00e9trico refor\u00e7a a expans\u00e3o das tecnologias de energia limpa no setor de transporte. <\/span><span style=\"font-weight: 400\">At\u00e9 agora, a eletrifica\u00e7\u00e3o tem sido mais associada a autom\u00f3veis de empresas como Tesla e BYD, mas projetos como o China Zorrilla mostram que a transi\u00e7\u00e3o energ\u00e9tica tamb\u00e9m avan\u00e7a no transporte mar\u00edtimo.<\/span><\/p>\n<p><span style=\"font-weight: 400\">Especialistas apontam que as embarca\u00e7\u00f5es el\u00e9tricas podem reduzir as emiss\u00f5es de gases poluentes e o consumo de combust\u00edveis f\u00f3sseis, principalmente em rotas curtas e de alta frequ\u00eancia, como travessias entre cidades pr\u00f3ximas.<\/span><\/p>\n<p><span style=\"font-weight: 400\">Com sua estreia prevista para os pr\u00f3ximos meses, o novo ferry deve se tornar um s\u00edmbolo da evolu\u00e7\u00e3o tecnol\u00f3gica no setor mar\u00edtimo, e um exemplo de como a mobilidade el\u00e9trica come\u00e7a a transformar tamb\u00e9m o transporte pelos mares.\u00a0<\/span><\/p>\n","protected":false},"excerpt":{"rendered":"<p>Um novo gigante da mobilidade el\u00e9trica est\u00e1 prestes a entrar em opera\u00e7\u00e3o na Am\u00e9rica do Sul, e n\u00e3o se trata de um carro.\u00a0 O maior ve\u00edculo el\u00e9trico do mundo agora \u00e9 um navio: o ferry China Zorrilla, que dever\u00e1 iniciar opera\u00e7\u00f5es em breve ligando Argentina e Uruguai. Navio el\u00e9trico gigante ligar\u00e1 Argentina e Uruguai A [&hellip;]<\/p>\n","protected":false},"author":5,"featured_media":33923,"comment_status":"open","ping_status":"open","sticky":false,"template":"","format":"standard","meta":{"jnews-multi-image_gallery":[],"jnews_single_post":{"subtitle":"","format":"standard","jnews_video_option_group":[[]],"override":[{"template":"2","parallax":"1","fullscreen":"1","layout":"right-sidebar","sidebar":"default-sidebar","second_sidebar":"default-sidebar","sticky_sidebar":"1","share_position":"hide","share_float_style":"share-monocrhome","show_featured":"1","show_post_meta":"1","show_post_author":"1","show_post_date":"1","post_date_format":"default","post_date_format_custom":"Y\/m\/d","show_post_category":"1","show_post_reading_time":"0","post_reading_time_wpm":"300","post_calculate_word_method":"str_word_count","show_zoom_button":"0","zoom_button_out_step":"2","zoom_button_in_step":"3","show_post_tag":"1","show_popup_post":"1","number_popup_post":"1","show_author_box":"1","show_post_related":"0"}],"image_override":[{"single_post_thumbnail_size":"crop-500","single_post_gallery_size":"crop-500"}],"trending_post_position":"meta","trending_post_label":"Trending","sponsored_post_label":"Sponsored by","disable_ad":"0"},"jnews_primary_category":[],"jnews_override_counter":{"view_counter_number":"0","share_counter_number":"0","like_counter_number":"0","dislike_counter_number":"0"},"jnews_post_split":{"post_split":[{"template":"1","tag":"h2","numbering":"asc","mode":"normal","first":"0","enable_toc":"0","toc_type":"normal"}]},"footnotes":""},"categories":[1],"tags":[6086,6088,6087],"class_list":["post-33922","post","type-post","status-publish","format-standard","has-post-thumbnail","hentry","category-geral","tag-ferry","tag-ferry-china-zorrilla","tag-navio-eletrico"],"yoast_head":"<!-- This site is optimized with the Yoast SEO plugin v25.0 - https:\/\/yoast.com\/wordpress\/plugins\/seo\/ -->\n<title>Maior ve\u00edculo el\u00e9trico do planeta n\u00e3o tem rodas e vai operar perto do Brasil<\/title>\n<meta name=\"robots\" content=\"index, follow, max-snippet:-1, max-image-preview:large, max-video-preview:-1\" \/>\n<link rel=\"canonical\" href=\"https:\/\/crusoe.audiencelabs.com.br\/maior-veiculo-eletrico-do-planeta-nao-tem-rodas-e-vai-operar-perto-do-brasil\/\" \/>\n<meta property=\"og:locale\" content=\"pt_BR\" \/>\n<meta property=\"og:type\" content=\"article\" \/>\n<meta property=\"og:title\" content=\"Maior ve\u00edculo el\u00e9trico do planeta n\u00e3o tem rodas e vai operar perto do Brasil\" \/>\n<meta property=\"og:description\" content=\"Um novo gigante da mobilidade el\u00e9trica est\u00e1 prestes a entrar em opera\u00e7\u00e3o na Am\u00e9rica do Sul, e n\u00e3o se trata de um carro.\u00a0 O maior ve\u00edculo el\u00e9trico do mundo agora \u00e9 um navio: o ferry China Zorrilla, que dever\u00e1 iniciar opera\u00e7\u00f5es em breve ligando Argentina e Uruguai. Navio el\u00e9trico gigante ligar\u00e1 Argentina e Uruguai A [&hellip;]\" \/>\n<meta property=\"og:url\" content=\"https:\/\/crusoe.audiencelabs.com.br\/maior-veiculo-eletrico-do-planeta-nao-tem-rodas-e-vai-operar-perto-do-brasil\/\" \/>\n<meta property=\"og:site_name\" content=\"Variedades - Cruso\u00e9\" \/>\n<meta property=\"article:published_time\" content=\"2026-03-12T20:05:46+00:00\" \/>\n<meta property=\"og:image\" content=\"https:\/\/cdn.crusoe.com.br\/uploads\/2026\/03\/FerryBuquebus.webp\" \/>\n\t<meta property=\"og:image:width\" content=\"780\" \/>\n\t<meta property=\"og:image:height\" content=\"439\" \/>\n\t<meta property=\"og:image:type\" content=\"image\/webp\" \/>\n<meta name=\"author\" content=\"Milena Armando\" \/>\n<meta name=\"twitter:card\" content=\"summary_large_image\" \/>\n<meta name=\"twitter:label1\" content=\"Escrito por\" \/>\n\t<meta name=\"twitter:data1\" content=\"Milena Armando\" \/>\n\t<meta name=\"twitter:label2\" content=\"Est. tempo de leitura\" \/>\n\t<meta name=\"twitter:data2\" content=\"3 minutos\" \/>\n<script type=\"application\/ld+json\" class=\"yoast-schema-graph\">{\"@context\":\"https:\/\/schema.org\",\"@graph\":[{\"@type\":\"WebPage\",\"@id\":\"https:\/\/crusoe.audiencelabs.com.br\/maior-veiculo-eletrico-do-planeta-nao-tem-rodas-e-vai-operar-perto-do-brasil\/\",\"url\":\"https:\/\/crusoe.audiencelabs.com.br\/maior-veiculo-eletrico-do-planeta-nao-tem-rodas-e-vai-operar-perto-do-brasil\/\",\"name\":\"Maior ve\u00edculo el\u00e9trico do planeta n\u00e3o tem rodas e vai operar perto do Brasil\",\"isPartOf\":{\"@id\":\"https:\/\/crusoe.audiencelabs.com.br\/#website\"},\"primaryImageOfPage\":{\"@id\":\"https:\/\/crusoe.audiencelabs.com.br\/maior-veiculo-eletrico-do-planeta-nao-tem-rodas-e-vai-operar-perto-do-brasil\/#primaryimage\"},\"image\":{\"@id\":\"https:\/\/crusoe.audiencelabs.com.br\/maior-veiculo-eletrico-do-planeta-nao-tem-rodas-e-vai-operar-perto-do-brasil\/#primaryimage\"},\"thumbnailUrl\":\"https:\/\/cdn.crusoe.com.br\/uploads\/2026\/03\/FerryBuquebus.webp\",\"datePublished\":\"2026-03-12T20:05:46+00:00\",\"author\":{\"@id\":\"https:\/\/crusoe.audiencelabs.com.br\/#\/schema\/person\/f87f73cfe89e5360de2c006bd4bd6a74\"},\"breadcrumb\":{\"@id\":\"https:\/\/crusoe.audiencelabs.com.br\/maior-veiculo-eletrico-do-planeta-nao-tem-rodas-e-vai-operar-perto-do-brasil\/#breadcrumb\"},\"inLanguage\":\"pt-BR\",\"potentialAction\":[{\"@type\":\"ReadAction\",\"target\":[\"https:\/\/crusoe.audiencelabs.com.br\/maior-veiculo-eletrico-do-planeta-nao-tem-rodas-e-vai-operar-perto-do-brasil\/\"]}]},{\"@type\":\"ImageObject\",\"inLanguage\":\"pt-BR\",\"@id\":\"https:\/\/crusoe.audiencelabs.com.br\/maior-veiculo-eletrico-do-planeta-nao-tem-rodas-e-vai-operar-perto-do-brasil\/#primaryimage\",\"url\":\"https:\/\/cdn.crusoe.com.br\/uploads\/2026\/03\/FerryBuquebus.webp\",\"contentUrl\":\"https:\/\/cdn.crusoe.com.br\/uploads\/2026\/03\/FerryBuquebus.webp\",\"width\":780,\"height\":439,\"caption\":\"Reprodu\u00e7\u00e3o: World Bank\"},{\"@type\":\"BreadcrumbList\",\"@id\":\"https:\/\/crusoe.audiencelabs.com.br\/maior-veiculo-eletrico-do-planeta-nao-tem-rodas-e-vai-operar-perto-do-brasil\/#breadcrumb\",\"itemListElement\":[{\"@type\":\"ListItem\",\"position\":1,\"name\":\"Home\",\"item\":\"https:\/\/crusoe.audiencelabs.com.br\/\"},{\"@type\":\"ListItem\",\"position\":2,\"name\":\"Maior ve\u00edculo el\u00e9trico do planeta n\u00e3o tem rodas e vai operar perto do Brasil\"}]},{\"@type\":\"WebSite\",\"@id\":\"https:\/\/crusoe.audiencelabs.com.br\/#website\",\"url\":\"https:\/\/crusoe.audiencelabs.com.br\/\",\"name\":\"Variedades - Cruso\u00e9\",\"description\":\"\",\"potentialAction\":[{\"@type\":\"SearchAction\",\"target\":{\"@type\":\"EntryPoint\",\"urlTemplate\":\"https:\/\/crusoe.audiencelabs.com.br\/?s={search_term_string}\"},\"query-input\":{\"@type\":\"PropertyValueSpecification\",\"valueRequired\":true,\"valueName\":\"search_term_string\"}}],\"inLanguage\":\"pt-BR\"},{\"@type\":\"Person\",\"@id\":\"https:\/\/crusoe.audiencelabs.com.br\/#\/schema\/person\/f87f73cfe89e5360de2c006bd4bd6a74\",\"name\":\"Milena Armando\",\"image\":{\"@type\":\"ImageObject\",\"inLanguage\":\"pt-BR\",\"@id\":\"https:\/\/crusoe.audiencelabs.com.br\/#\/schema\/person\/image\/\",\"url\":\"https:\/\/secure.gravatar.com\/avatar\/ea14ecddc9e9d202b698b18f9f69e09c9fd74cfbed5c6008d55f11faefdbdab7?s=96&d=mm&r=g\",\"contentUrl\":\"https:\/\/secure.gravatar.com\/avatar\/ea14ecddc9e9d202b698b18f9f69e09c9fd74cfbed5c6008d55f11faefdbdab7?s=96&d=mm&r=g\",\"caption\":\"Milena Armando\"},\"description\":\"Jornalista, redatora e revisora.\",\"url\":\"https:\/\/crusoe.audiencelabs.com.br\/author\/milena\/\"}]}<\/script>\n<!-- \/ Yoast SEO plugin. -->","yoast_head_json":{"title":"Maior ve\u00edculo el\u00e9trico do planeta n\u00e3o tem rodas e vai operar perto do Brasil","robots":{"index":"index","follow":"follow","max-snippet":"max-snippet:-1","max-image-preview":"max-image-preview:large","max-video-preview":"max-video-preview:-1"},"canonical":"https:\/\/crusoe.audiencelabs.com.br\/maior-veiculo-eletrico-do-planeta-nao-tem-rodas-e-vai-operar-perto-do-brasil\/","og_locale":"pt_BR","og_type":"article","og_title":"Maior ve\u00edculo el\u00e9trico do planeta n\u00e3o tem rodas e vai operar perto do Brasil","og_description":"Um novo gigante da mobilidade el\u00e9trica est\u00e1 prestes a entrar em opera\u00e7\u00e3o na Am\u00e9rica do Sul, e n\u00e3o se trata de um carro.\u00a0 O maior ve\u00edculo el\u00e9trico do mundo agora \u00e9 um navio: o ferry China Zorrilla, que dever\u00e1 iniciar opera\u00e7\u00f5es em breve ligando Argentina e Uruguai. Navio el\u00e9trico gigante ligar\u00e1 Argentina e Uruguai A [&hellip;]","og_url":"https:\/\/crusoe.audiencelabs.com.br\/maior-veiculo-eletrico-do-planeta-nao-tem-rodas-e-vai-operar-perto-do-brasil\/","og_site_name":"Variedades - Cruso\u00e9","article_published_time":"2026-03-12T20:05:46+00:00","og_image":[{"width":780,"height":439,"url":"https:\/\/cdn.crusoe.com.br\/uploads\/2026\/03\/FerryBuquebus.webp","type":"image\/webp"}],"author":"Milena Armando","twitter_card":"summary_large_image","twitter_misc":{"Escrito por":"Milena Armando","Est. tempo de leitura":"3 minutos"},"schema":{"@context":"https:\/\/schema.org","@graph":[{"@type":"WebPage","@id":"https:\/\/crusoe.audiencelabs.com.br\/maior-veiculo-eletrico-do-planeta-nao-tem-rodas-e-vai-operar-perto-do-brasil\/","url":"https:\/\/crusoe.audiencelabs.com.br\/maior-veiculo-eletrico-do-planeta-nao-tem-rodas-e-vai-operar-perto-do-brasil\/","name":"Maior ve\u00edculo el\u00e9trico do planeta n\u00e3o tem rodas e vai operar perto do Brasil","isPartOf":{"@id":"https:\/\/crusoe.audiencelabs.com.br\/#website"},"primaryImageOfPage":{"@id":"https:\/\/crusoe.audiencelabs.com.br\/maior-veiculo-eletrico-do-planeta-nao-tem-rodas-e-vai-operar-perto-do-brasil\/#primaryimage"},"image":{"@id":"https:\/\/crusoe.audiencelabs.com.br\/maior-veiculo-eletrico-do-planeta-nao-tem-rodas-e-vai-operar-perto-do-brasil\/#primaryimage"},"thumbnailUrl":"https:\/\/cdn.crusoe.com.br\/uploads\/2026\/03\/FerryBuquebus.webp","datePublished":"2026-03-12T20:05:46+00:00","author":{"@id":"https:\/\/crusoe.audiencelabs.com.br\/#\/schema\/person\/f87f73cfe89e5360de2c006bd4bd6a74"},"breadcrumb":{"@id":"https:\/\/crusoe.audiencelabs.com.br\/maior-veiculo-eletrico-do-planeta-nao-tem-rodas-e-vai-operar-perto-do-brasil\/#breadcrumb"},"inLanguage":"pt-BR","potentialAction":[{"@type":"ReadAction","target":["https:\/\/crusoe.audiencelabs.com.br\/maior-veiculo-eletrico-do-planeta-nao-tem-rodas-e-vai-operar-perto-do-brasil\/"]}]},{"@type":"ImageObject","inLanguage":"pt-BR","@id":"https:\/\/crusoe.audiencelabs.com.br\/maior-veiculo-eletrico-do-planeta-nao-tem-rodas-e-vai-operar-perto-do-brasil\/#primaryimage","url":"https:\/\/cdn.crusoe.com.br\/uploads\/2026\/03\/FerryBuquebus.webp","contentUrl":"https:\/\/cdn.crusoe.com.br\/uploads\/2026\/03\/FerryBuquebus.webp","width":780,"height":439,"caption":"Reprodu\u00e7\u00e3o: World Bank"},{"@type":"BreadcrumbList","@id":"https:\/\/crusoe.audiencelabs.com.br\/maior-veiculo-eletrico-do-planeta-nao-tem-rodas-e-vai-operar-perto-do-brasil\/#breadcrumb","itemListElement":[{"@type":"ListItem","position":1,"name":"Home","item":"https:\/\/crusoe.audiencelabs.com.br\/"},{"@type":"ListItem","position":2,"name":"Maior ve\u00edculo el\u00e9trico do planeta n\u00e3o tem rodas e vai operar perto do Brasil"}]},{"@type":"WebSite","@id":"https:\/\/crusoe.audiencelabs.com.br\/#website","url":"https:\/\/crusoe.audiencelabs.com.br\/","name":"Variedades - Cruso\u00e9","description":"","potentialAction":[{"@type":"SearchAction","target":{"@type":"EntryPoint","urlTemplate":"https:\/\/crusoe.audiencelabs.com.br\/?s={search_term_string}"},"query-input":{"@type":"PropertyValueSpecification","valueRequired":true,"valueName":"search_term_string"}}],"inLanguage":"pt-BR"},{"@type":"Person","@id":"https:\/\/crusoe.audiencelabs.com.br\/#\/schema\/person\/f87f73cfe89e5360de2c006bd4bd6a74","name":"Milena Armando","image":{"@type":"ImageObject","inLanguage":"pt-BR","@id":"https:\/\/crusoe.audiencelabs.com.br\/#\/schema\/person\/image\/","url":"https:\/\/secure.gravatar.com\/avatar\/ea14ecddc9e9d202b698b18f9f69e09c9fd74cfbed5c6008d55f11faefdbdab7?s=96&d=mm&r=g","contentUrl":"https:\/\/secure.gravatar.com\/avatar\/ea14ecddc9e9d202b698b18f9f69e09c9fd74cfbed5c6008d55f11faefdbdab7?s=96&d=mm&r=g","caption":"Milena Armando"},"description":"Jornalista, redatora e revisora.","url":"https:\/\/crusoe.audiencelabs.com.br\/author\/milena\/"}]}},"_links":{"self":[{"href":"https:\/\/crusoe.audiencelabs.com.br\/wp-json\/wp\/v2\/posts\/33922","targetHints":{"allow":["GET"]}}],"collection":[{"href":"https:\/\/crusoe.audiencelabs.com.br\/wp-json\/wp\/v2\/posts"}],"about":[{"href":"https:\/\/crusoe.audiencelabs.com.br\/wp-json\/wp\/v2\/types\/post"}],"author":[{"embeddable":true,"href":"https:\/\/crusoe.audiencelabs.com.br\/wp-json\/wp\/v2\/users\/5"}],"replies":[{"embeddable":true,"href":"https:\/\/crusoe.audiencelabs.com.br\/wp-json\/wp\/v2\/comments?post=33922"}],"version-history":[{"count":3,"href":"https:\/\/crusoe.audiencelabs.com.br\/wp-json\/wp\/v2\/posts\/33922\/revisions"}],"predecessor-version":[{"id":33926,"href":"https:\/\/crusoe.audiencelabs.com.br\/wp-json\/wp\/v2\/posts\/33922\/revisions\/33926"}],"wp:featuredmedia":[{"embeddable":true,"href":"https:\/\/crusoe.audiencelabs.com.br\/wp-json\/wp\/v2\/media\/33923"}],"wp:attachment":[{"href":"https:\/\/crusoe.audiencelabs.com.br\/wp-json\/wp\/v2\/media?parent=33922"}],"wp:term":[{"taxonomy":"category","embeddable":true,"href":"https:\/\/crusoe.audiencelabs.com.br\/wp-json\/wp\/v2\/categories?post=33922"},{"taxonomy":"post_tag","embeddable":true,"href":"https:\/\/crusoe.audiencelabs.com.br\/wp-json\/wp\/v2\/tags?post=33922"}],"curies":[{"name":"wp","href":"https:\/\/api.w.org\/{rel}","templated":true}]}}