{"id":33916,"date":"2026-03-12T16:07:23","date_gmt":"2026-03-12T19:07:23","guid":{"rendered":"https:\/\/crusoe.audiencelabs.com.br\/?p=33916"},"modified":"2026-03-12T10:06:51","modified_gmt":"2026-03-12T13:06:51","slug":"personagem-iconica-de-avenida-brasil-ficara-de-fora-da-nova-fase-da-novela","status":"publish","type":"post","link":"https:\/\/crusoe.audiencelabs.com.br\/personagem-iconica-de-avenida-brasil-ficara-de-fora-da-nova-fase-da-novela\/","title":{"rendered":"Personagem ic\u00f4nica de \u201cAvenida Brasil\u201d ficar\u00e1 de fora da nova fase da novela"},"content":{"rendered":"<p><span style=\"font-weight: 400\">A atriz <strong>Isis Valverde<\/strong> confirmou que n\u00e3o participar\u00e1 da <strong>nova fase da novela Avenida Brasil<\/strong>, um dos maiores sucessos da televis\u00e3o brasileira.\u00a0<\/span><\/p>\n<p><span style=\"font-weight: 400\">A revela\u00e7\u00e3o foi feita durante a grava\u00e7\u00e3o do programa Altas Horas, quando a artista comentou sobre o projeto que dar\u00e1 continuidade \u00e0 hist\u00f3ria exibida originalmente em 2012 pela TV Globo.<\/span><\/p>\n<p><span style=\"font-weight: 400\">Na trama original escrita por Jo\u00e3o Emanuel Carneiro, Isis interpretou a irreverente <strong>Suelen<\/strong>, personagem conhecida por seu estilo provocador e por se envolver com diversos moradores do bairro Divino.<\/span><\/p>\n<h2><span style=\"font-weight: 400\">Agenda cheia e novos projetos<\/span><\/h2>\n<p><span style=\"font-weight: 400\">Segundo a atriz, a decis\u00e3o tamb\u00e9m est\u00e1 ligada \u00e0 agenda profissional. Isis Valverde afirmou que j\u00e1 tem outros compromissos e novos trabalhos programados para os pr\u00f3ximos meses, o que dificultaria sua participa\u00e7\u00e3o na nova fase da produ\u00e7\u00e3o.<\/span><\/p>\n<figure id=\"attachment_33919\" aria-describedby=\"caption-attachment-33919\" style=\"width: 1200px\" class=\"wp-caption aligncenter\"><img loading=\"lazy\" decoding=\"async\" class=\"wp-image-33919 size-full\" src=\"https:\/\/cdn.crusoe.com.br\/uploads\/2026\/03\/avenida-brasil-isis-valverde-suelen-foto-archivo.webp\" alt=\"\" width=\"1200\" height=\"675\" srcset=\"https:\/\/cdn.crusoe.com.br\/uploads\/2026\/03\/avenida-brasil-isis-valverde-suelen-foto-archivo.webp 1200w, https:\/\/cdn.crusoe.com.br\/uploads\/2026\/03\/avenida-brasil-isis-valverde-suelen-foto-archivo-300x169.webp 300w, https:\/\/cdn.crusoe.com.br\/uploads\/2026\/03\/avenida-brasil-isis-valverde-suelen-foto-archivo-1024x576.webp 1024w, https:\/\/cdn.crusoe.com.br\/uploads\/2026\/03\/avenida-brasil-isis-valverde-suelen-foto-archivo-768x432.webp 768w, https:\/\/cdn.crusoe.com.br\/uploads\/2026\/03\/avenida-brasil-isis-valverde-suelen-foto-archivo-750x422.webp 750w, https:\/\/cdn.crusoe.com.br\/uploads\/2026\/03\/avenida-brasil-isis-valverde-suelen-foto-archivo-1140x641.webp 1140w\" sizes=\"auto, (max-width: 1200px) 100vw, 1200px\" \/><figcaption id=\"caption-attachment-33919\" class=\"wp-caption-text\">Isis como Suelen (Reprodu\u00e7\u00e3o: mdzol<\/figcaption><\/figure>\n<p><span style=\"font-weight: 400\">Entre os projetos mencionados pela artista est\u00e3o uma pe\u00e7a de teatro e um filme inspirado na hist\u00f3ria de Hilda Furac\u00e3o, personagem famosa da literatura brasileira que tamb\u00e9m ganhou adapta\u00e7\u00e3o para a televis\u00e3o.<\/span><\/p>\n<p><span style=\"font-weight: 400\">Al\u00e9m disso, a atriz comentou em tom bem-humorado sobre como imagina que estaria a vida de Suelen anos ap\u00f3s o final da novela.\u00a0<\/span><\/p>\n<p><span style=\"font-weight: 400\">Segundo ela, talvez a personagem estivesse com v\u00e1rios filhos e uma rotina menos interessante, o que tamb\u00e9m pesou na decis\u00e3o de n\u00e3o retomar o papel.<\/span><\/p>\n<h2><span style=\"font-weight: 400\">Continua\u00e7\u00e3o da novela est\u00e1 prevista para 2027<\/span><\/h2>\n<p><span style=\"font-weight: 400\">A continua\u00e7\u00e3o de Avenida Brasil est\u00e1 em desenvolvimento pela TV Globo e tem previs\u00e3o de estreia para 2027. O projeto busca reunir parte do elenco original que marcou a produ\u00e7\u00e3o e que se tornou um fen\u00f4meno de audi\u00eancia no Brasil e no exterior.<\/span><\/p>\n<p><span style=\"font-weight: 400\">Entre os nomes j\u00e1 confirmados para o retorno est\u00e3o Murilo Ben\u00edcio, que deve voltar ao papel de Tuf\u00e3o, Adriana Esteves, int\u00e9rprete da vil\u00e3 Carminha e Eliane Giardini, como Muricy.<\/span><\/p>\n<p><span style=\"font-weight: 400\">A nova fase ter\u00e1 dire\u00e7\u00e3o de Ricardo Waddington, que foi recontratado pela emissora para comandar o projeto.<\/span><\/p>\n<p><span style=\"font-weight: 400\">Mesmo sem a presen\u00e7a de Isis Valverde, a expectativa em torno da continua\u00e7\u00e3o da novela permanece alta entre os f\u00e3s, que aguardam para ver como a hist\u00f3ria de vingan\u00e7a e conflitos familiares ser\u00e1 retomada mais de uma d\u00e9cada ap\u00f3s o sucesso original.<\/span><\/p>\n","protected":false},"excerpt":{"rendered":"<p>A atriz Isis Valverde confirmou que n\u00e3o participar\u00e1 da nova fase da novela Avenida Brasil, um dos maiores sucessos da televis\u00e3o brasileira.\u00a0 A revela\u00e7\u00e3o foi feita durante a grava\u00e7\u00e3o do programa Altas Horas, quando a artista comentou sobre o projeto que dar\u00e1 continuidade \u00e0 hist\u00f3ria exibida originalmente em 2012 pela TV Globo. Na trama original [&hellip;]<\/p>\n","protected":false},"author":5,"featured_media":33918,"comment_status":"open","ping_status":"open","sticky":false,"template":"","format":"standard","meta":{"jnews-multi-image_gallery":[],"jnews_single_post":{"subtitle":"","format":"standard","jnews_video_option_group":[[]],"override":[{"template":"2","parallax":"1","fullscreen":"1","layout":"right-sidebar","sidebar":"default-sidebar","second_sidebar":"default-sidebar","sticky_sidebar":"1","share_position":"hide","share_float_style":"share-monocrhome","show_featured":"1","show_post_meta":"1","show_post_author":"1","show_post_date":"1","post_date_format":"default","post_date_format_custom":"Y\/m\/d","show_post_category":"1","show_post_reading_time":"0","post_reading_time_wpm":"300","post_calculate_word_method":"str_word_count","show_zoom_button":"0","zoom_button_out_step":"2","zoom_button_in_step":"3","show_post_tag":"1","show_popup_post":"1","number_popup_post":"1","show_author_box":"1","show_post_related":"0"}],"image_override":[{"single_post_thumbnail_size":"crop-500","single_post_gallery_size":"crop-500"}],"trending_post_position":"meta","trending_post_label":"Trending","sponsored_post_label":"Sponsored by","disable_ad":"0"},"jnews_primary_category":[],"jnews_override_counter":{"view_counter_number":"0","share_counter_number":"0","like_counter_number":"0","dislike_counter_number":"0"},"jnews_post_split":{"post_split":[{"template":"1","tag":"h2","numbering":"asc","mode":"normal","first":"0","enable_toc":"0","toc_type":"normal"}]},"footnotes":""},"categories":[1],"tags":[4157,5199],"class_list":["post-33916","post","type-post","status-publish","format-standard","has-post-thumbnail","hentry","category-geral","tag-avenida-brasil","tag-isis-valverde"],"yoast_head":"<!-- This site is optimized with the Yoast SEO plugin v25.0 - https:\/\/yoast.com\/wordpress\/plugins\/seo\/ -->\n<title>Personagem ic\u00f4nica de \u201cAvenida Brasil\u201d ficar\u00e1 de fora da nova fase da novela<\/title>\n<meta name=\"robots\" content=\"index, follow, max-snippet:-1, max-image-preview:large, max-video-preview:-1\" \/>\n<link rel=\"canonical\" href=\"https:\/\/crusoe.audiencelabs.com.br\/personagem-iconica-de-avenida-brasil-ficara-de-fora-da-nova-fase-da-novela\/\" \/>\n<meta property=\"og:locale\" content=\"pt_BR\" \/>\n<meta property=\"og:type\" content=\"article\" \/>\n<meta property=\"og:title\" content=\"Personagem ic\u00f4nica de \u201cAvenida Brasil\u201d ficar\u00e1 de fora da nova fase da novela\" \/>\n<meta property=\"og:description\" content=\"A atriz Isis Valverde confirmou que n\u00e3o participar\u00e1 da nova fase da novela Avenida Brasil, um dos maiores sucessos da televis\u00e3o brasileira.\u00a0 A revela\u00e7\u00e3o foi feita durante a grava\u00e7\u00e3o do programa Altas Horas, quando a artista comentou sobre o projeto que dar\u00e1 continuidade \u00e0 hist\u00f3ria exibida originalmente em 2012 pela TV Globo. Na trama original [&hellip;]\" \/>\n<meta property=\"og:url\" content=\"https:\/\/crusoe.audiencelabs.com.br\/personagem-iconica-de-avenida-brasil-ficara-de-fora-da-nova-fase-da-novela\/\" \/>\n<meta property=\"og:site_name\" content=\"Variedades - Cruso\u00e9\" \/>\n<meta property=\"article:published_time\" content=\"2026-03-12T19:07:23+00:00\" \/>\n<meta property=\"og:image\" content=\"https:\/\/cdn.crusoe.com.br\/uploads\/2026\/03\/13927370.jpg\" \/>\n\t<meta property=\"og:image:width\" content=\"700\" \/>\n\t<meta property=\"og:image:height\" content=\"466\" \/>\n\t<meta property=\"og:image:type\" content=\"image\/jpeg\" \/>\n<meta name=\"author\" content=\"Milena Armando\" \/>\n<meta name=\"twitter:card\" content=\"summary_large_image\" \/>\n<meta name=\"twitter:label1\" content=\"Escrito por\" \/>\n\t<meta name=\"twitter:data1\" content=\"Milena Armando\" \/>\n\t<meta name=\"twitter:label2\" content=\"Est. tempo de leitura\" \/>\n\t<meta name=\"twitter:data2\" content=\"3 minutos\" \/>\n<script type=\"application\/ld+json\" class=\"yoast-schema-graph\">{\"@context\":\"https:\/\/schema.org\",\"@graph\":[{\"@type\":\"WebPage\",\"@id\":\"https:\/\/crusoe.audiencelabs.com.br\/personagem-iconica-de-avenida-brasil-ficara-de-fora-da-nova-fase-da-novela\/\",\"url\":\"https:\/\/crusoe.audiencelabs.com.br\/personagem-iconica-de-avenida-brasil-ficara-de-fora-da-nova-fase-da-novela\/\",\"name\":\"Personagem ic\u00f4nica de \u201cAvenida Brasil\u201d ficar\u00e1 de fora da nova fase da novela\",\"isPartOf\":{\"@id\":\"https:\/\/crusoe.audiencelabs.com.br\/#website\"},\"primaryImageOfPage\":{\"@id\":\"https:\/\/crusoe.audiencelabs.com.br\/personagem-iconica-de-avenida-brasil-ficara-de-fora-da-nova-fase-da-novela\/#primaryimage\"},\"image\":{\"@id\":\"https:\/\/crusoe.audiencelabs.com.br\/personagem-iconica-de-avenida-brasil-ficara-de-fora-da-nova-fase-da-novela\/#primaryimage\"},\"thumbnailUrl\":\"https:\/\/cdn.crusoe.com.br\/uploads\/2026\/03\/13927370.jpg\",\"datePublished\":\"2026-03-12T19:07:23+00:00\",\"author\":{\"@id\":\"https:\/\/crusoe.audiencelabs.com.br\/#\/schema\/person\/f87f73cfe89e5360de2c006bd4bd6a74\"},\"breadcrumb\":{\"@id\":\"https:\/\/crusoe.audiencelabs.com.br\/personagem-iconica-de-avenida-brasil-ficara-de-fora-da-nova-fase-da-novela\/#breadcrumb\"},\"inLanguage\":\"pt-BR\",\"potentialAction\":[{\"@type\":\"ReadAction\",\"target\":[\"https:\/\/crusoe.audiencelabs.com.br\/personagem-iconica-de-avenida-brasil-ficara-de-fora-da-nova-fase-da-novela\/\"]}]},{\"@type\":\"ImageObject\",\"inLanguage\":\"pt-BR\",\"@id\":\"https:\/\/crusoe.audiencelabs.com.br\/personagem-iconica-de-avenida-brasil-ficara-de-fora-da-nova-fase-da-novela\/#primaryimage\",\"url\":\"https:\/\/cdn.crusoe.com.br\/uploads\/2026\/03\/13927370.jpg\",\"contentUrl\":\"https:\/\/cdn.crusoe.com.br\/uploads\/2026\/03\/13927370.jpg\",\"width\":700,\"height\":466,\"caption\":\"Reprodu\u00e7\u00e3o: GZH\"},{\"@type\":\"BreadcrumbList\",\"@id\":\"https:\/\/crusoe.audiencelabs.com.br\/personagem-iconica-de-avenida-brasil-ficara-de-fora-da-nova-fase-da-novela\/#breadcrumb\",\"itemListElement\":[{\"@type\":\"ListItem\",\"position\":1,\"name\":\"Home\",\"item\":\"https:\/\/crusoe.audiencelabs.com.br\/\"},{\"@type\":\"ListItem\",\"position\":2,\"name\":\"Personagem ic\u00f4nica de \u201cAvenida Brasil\u201d ficar\u00e1 de fora da nova fase da novela\"}]},{\"@type\":\"WebSite\",\"@id\":\"https:\/\/crusoe.audiencelabs.com.br\/#website\",\"url\":\"https:\/\/crusoe.audiencelabs.com.br\/\",\"name\":\"Variedades - Cruso\u00e9\",\"description\":\"\",\"potentialAction\":[{\"@type\":\"SearchAction\",\"target\":{\"@type\":\"EntryPoint\",\"urlTemplate\":\"https:\/\/crusoe.audiencelabs.com.br\/?s={search_term_string}\"},\"query-input\":{\"@type\":\"PropertyValueSpecification\",\"valueRequired\":true,\"valueName\":\"search_term_string\"}}],\"inLanguage\":\"pt-BR\"},{\"@type\":\"Person\",\"@id\":\"https:\/\/crusoe.audiencelabs.com.br\/#\/schema\/person\/f87f73cfe89e5360de2c006bd4bd6a74\",\"name\":\"Milena Armando\",\"image\":{\"@type\":\"ImageObject\",\"inLanguage\":\"pt-BR\",\"@id\":\"https:\/\/crusoe.audiencelabs.com.br\/#\/schema\/person\/image\/\",\"url\":\"https:\/\/secure.gravatar.com\/avatar\/ea14ecddc9e9d202b698b18f9f69e09c9fd74cfbed5c6008d55f11faefdbdab7?s=96&d=mm&r=g\",\"contentUrl\":\"https:\/\/secure.gravatar.com\/avatar\/ea14ecddc9e9d202b698b18f9f69e09c9fd74cfbed5c6008d55f11faefdbdab7?s=96&d=mm&r=g\",\"caption\":\"Milena Armando\"},\"description\":\"Jornalista, redatora e revisora.\",\"url\":\"https:\/\/crusoe.audiencelabs.com.br\/author\/milena\/\"}]}<\/script>\n<!-- \/ Yoast SEO plugin. -->","yoast_head_json":{"title":"Personagem ic\u00f4nica de \u201cAvenida Brasil\u201d ficar\u00e1 de fora da nova fase da novela","robots":{"index":"index","follow":"follow","max-snippet":"max-snippet:-1","max-image-preview":"max-image-preview:large","max-video-preview":"max-video-preview:-1"},"canonical":"https:\/\/crusoe.audiencelabs.com.br\/personagem-iconica-de-avenida-brasil-ficara-de-fora-da-nova-fase-da-novela\/","og_locale":"pt_BR","og_type":"article","og_title":"Personagem ic\u00f4nica de \u201cAvenida Brasil\u201d ficar\u00e1 de fora da nova fase da novela","og_description":"A atriz Isis Valverde confirmou que n\u00e3o participar\u00e1 da nova fase da novela Avenida Brasil, um dos maiores sucessos da televis\u00e3o brasileira.\u00a0 A revela\u00e7\u00e3o foi feita durante a grava\u00e7\u00e3o do programa Altas Horas, quando a artista comentou sobre o projeto que dar\u00e1 continuidade \u00e0 hist\u00f3ria exibida originalmente em 2012 pela TV Globo. Na trama original [&hellip;]","og_url":"https:\/\/crusoe.audiencelabs.com.br\/personagem-iconica-de-avenida-brasil-ficara-de-fora-da-nova-fase-da-novela\/","og_site_name":"Variedades - Cruso\u00e9","article_published_time":"2026-03-12T19:07:23+00:00","og_image":[{"width":700,"height":466,"url":"https:\/\/cdn.crusoe.com.br\/uploads\/2026\/03\/13927370.jpg","type":"image\/jpeg"}],"author":"Milena Armando","twitter_card":"summary_large_image","twitter_misc":{"Escrito por":"Milena Armando","Est. tempo de leitura":"3 minutos"},"schema":{"@context":"https:\/\/schema.org","@graph":[{"@type":"WebPage","@id":"https:\/\/crusoe.audiencelabs.com.br\/personagem-iconica-de-avenida-brasil-ficara-de-fora-da-nova-fase-da-novela\/","url":"https:\/\/crusoe.audiencelabs.com.br\/personagem-iconica-de-avenida-brasil-ficara-de-fora-da-nova-fase-da-novela\/","name":"Personagem ic\u00f4nica de \u201cAvenida Brasil\u201d ficar\u00e1 de fora da nova fase da novela","isPartOf":{"@id":"https:\/\/crusoe.audiencelabs.com.br\/#website"},"primaryImageOfPage":{"@id":"https:\/\/crusoe.audiencelabs.com.br\/personagem-iconica-de-avenida-brasil-ficara-de-fora-da-nova-fase-da-novela\/#primaryimage"},"image":{"@id":"https:\/\/crusoe.audiencelabs.com.br\/personagem-iconica-de-avenida-brasil-ficara-de-fora-da-nova-fase-da-novela\/#primaryimage"},"thumbnailUrl":"https:\/\/cdn.crusoe.com.br\/uploads\/2026\/03\/13927370.jpg","datePublished":"2026-03-12T19:07:23+00:00","author":{"@id":"https:\/\/crusoe.audiencelabs.com.br\/#\/schema\/person\/f87f73cfe89e5360de2c006bd4bd6a74"},"breadcrumb":{"@id":"https:\/\/crusoe.audiencelabs.com.br\/personagem-iconica-de-avenida-brasil-ficara-de-fora-da-nova-fase-da-novela\/#breadcrumb"},"inLanguage":"pt-BR","potentialAction":[{"@type":"ReadAction","target":["https:\/\/crusoe.audiencelabs.com.br\/personagem-iconica-de-avenida-brasil-ficara-de-fora-da-nova-fase-da-novela\/"]}]},{"@type":"ImageObject","inLanguage":"pt-BR","@id":"https:\/\/crusoe.audiencelabs.com.br\/personagem-iconica-de-avenida-brasil-ficara-de-fora-da-nova-fase-da-novela\/#primaryimage","url":"https:\/\/cdn.crusoe.com.br\/uploads\/2026\/03\/13927370.jpg","contentUrl":"https:\/\/cdn.crusoe.com.br\/uploads\/2026\/03\/13927370.jpg","width":700,"height":466,"caption":"Reprodu\u00e7\u00e3o: GZH"},{"@type":"BreadcrumbList","@id":"https:\/\/crusoe.audiencelabs.com.br\/personagem-iconica-de-avenida-brasil-ficara-de-fora-da-nova-fase-da-novela\/#breadcrumb","itemListElement":[{"@type":"ListItem","position":1,"name":"Home","item":"https:\/\/crusoe.audiencelabs.com.br\/"},{"@type":"ListItem","position":2,"name":"Personagem ic\u00f4nica de \u201cAvenida Brasil\u201d ficar\u00e1 de fora da nova fase da novela"}]},{"@type":"WebSite","@id":"https:\/\/crusoe.audiencelabs.com.br\/#website","url":"https:\/\/crusoe.audiencelabs.com.br\/","name":"Variedades - Cruso\u00e9","description":"","potentialAction":[{"@type":"SearchAction","target":{"@type":"EntryPoint","urlTemplate":"https:\/\/crusoe.audiencelabs.com.br\/?s={search_term_string}"},"query-input":{"@type":"PropertyValueSpecification","valueRequired":true,"valueName":"search_term_string"}}],"inLanguage":"pt-BR"},{"@type":"Person","@id":"https:\/\/crusoe.audiencelabs.com.br\/#\/schema\/person\/f87f73cfe89e5360de2c006bd4bd6a74","name":"Milena Armando","image":{"@type":"ImageObject","inLanguage":"pt-BR","@id":"https:\/\/crusoe.audiencelabs.com.br\/#\/schema\/person\/image\/","url":"https:\/\/secure.gravatar.com\/avatar\/ea14ecddc9e9d202b698b18f9f69e09c9fd74cfbed5c6008d55f11faefdbdab7?s=96&d=mm&r=g","contentUrl":"https:\/\/secure.gravatar.com\/avatar\/ea14ecddc9e9d202b698b18f9f69e09c9fd74cfbed5c6008d55f11faefdbdab7?s=96&d=mm&r=g","caption":"Milena Armando"},"description":"Jornalista, redatora e revisora.","url":"https:\/\/crusoe.audiencelabs.com.br\/author\/milena\/"}]}},"_links":{"self":[{"href":"https:\/\/crusoe.audiencelabs.com.br\/wp-json\/wp\/v2\/posts\/33916","targetHints":{"allow":["GET"]}}],"collection":[{"href":"https:\/\/crusoe.audiencelabs.com.br\/wp-json\/wp\/v2\/posts"}],"about":[{"href":"https:\/\/crusoe.audiencelabs.com.br\/wp-json\/wp\/v2\/types\/post"}],"author":[{"embeddable":true,"href":"https:\/\/crusoe.audiencelabs.com.br\/wp-json\/wp\/v2\/users\/5"}],"replies":[{"embeddable":true,"href":"https:\/\/crusoe.audiencelabs.com.br\/wp-json\/wp\/v2\/comments?post=33916"}],"version-history":[{"count":1,"href":"https:\/\/crusoe.audiencelabs.com.br\/wp-json\/wp\/v2\/posts\/33916\/revisions"}],"predecessor-version":[{"id":33920,"href":"https:\/\/crusoe.audiencelabs.com.br\/wp-json\/wp\/v2\/posts\/33916\/revisions\/33920"}],"wp:featuredmedia":[{"embeddable":true,"href":"https:\/\/crusoe.audiencelabs.com.br\/wp-json\/wp\/v2\/media\/33918"}],"wp:attachment":[{"href":"https:\/\/crusoe.audiencelabs.com.br\/wp-json\/wp\/v2\/media?parent=33916"}],"wp:term":[{"taxonomy":"category","embeddable":true,"href":"https:\/\/crusoe.audiencelabs.com.br\/wp-json\/wp\/v2\/categories?post=33916"},{"taxonomy":"post_tag","embeddable":true,"href":"https:\/\/crusoe.audiencelabs.com.br\/wp-json\/wp\/v2\/tags?post=33916"}],"curies":[{"name":"wp","href":"https:\/\/api.w.org\/{rel}","templated":true}]}}