{"id":33807,"date":"2026-03-11T18:32:07","date_gmt":"2026-03-11T21:32:07","guid":{"rendered":"https:\/\/crusoe.audiencelabs.com.br\/?p=33807"},"modified":"2026-03-11T16:55:13","modified_gmt":"2026-03-11T19:55:13","slug":"criminoso-que-ficou-famoso-em-todo-o-brasil-esta-sendo-procurado-pela-justica","status":"publish","type":"post","link":"https:\/\/crusoe.audiencelabs.com.br\/criminoso-que-ficou-famoso-em-todo-o-brasil-esta-sendo-procurado-pela-justica\/","title":{"rendered":"Criminoso que ficou famoso em todo o Brasil est\u00e1 sendo procurado pela justi\u00e7a"},"content":{"rendered":"<p><span style=\"font-weight: 400;\">A Justi\u00e7a do Rio de Janeiro, no Brasil, passou a considerar o<strong> goleiro Bruno Fernandes de Souza c<\/strong>omo foragido, ap\u00f3s ele n\u00e3o se apresentar \u00e0s autoridades para cumprir um mandado de pris\u00e3o expedido pela Vara de Execu\u00e7\u00f5es Penais.\u00a0<\/span><\/p>\n<p><span style=\"font-weight: 400;\">A decis\u00e3o ocorreu depois que o Tribunal de Justi\u00e7a do Rio de Janeiro revogou o benef\u00edcio de liberdade condicional concedido ao jogador.<\/span><\/p>\n<p><span style=\"font-weight: 400;\">De acordo com o tribunal, Bruno deveria ter se apresentado \u00e0 Justi\u00e7a ap\u00f3s a determina\u00e7\u00e3o de retorno ao regime semiaberto, mas n\u00e3o compareceu, o que levou \u00e0 classifica\u00e7\u00e3o oficial de foragido.<\/span><\/p>\n<h2><span style=\"font-weight: 400;\">Viagem ao Acre, no Brasil, levou \u00e0 revoga\u00e7\u00e3o do benef\u00edcio<\/span><\/h2>\n<style>@media (min-width: 992px) {\n    .recomendadorV2Area1 {\n        width: 280px;\n    }\n    .recomendadorV2Area2 {\n        padding: 0px 20px;\n        width: calc(100% - 280px);\n    }\n}\n\n@media (max-width: 992px) {\n    .recomendadorV2Button {\n        margin: 0 auto;\n    }\n    .recomendadorV2Area {\n        flex-direction: column;\n        text-align: center;\n    }\n    .recomendadorV2Area2 {\n        padding: 0px 20px;\n    }\n}\n\n.recomendadorV2Area {\n    background: #eeeeee3d;\n    border-radius: 10px;\n    padding: 15px;\n    display: flex;\n    margin: 15px auto;\n    border: 1px solid #00000014;\n    max-width: 800px;\n}\n\n.recomendadorV2Area1 img {\n    width: 280px;\n    height: auto;\n    border-radius: 8px;\n}\n\n.linkrecomendadorv2 {\n    text-decoration: none !important;\n}\n\n.recomendadorV2Area2 .recomendadorV2Type {\n    text-transform: uppercase;\n    font-weight: 500;\n    font-size: 11px;\n    letter-spacing: 2px;\n    color: #666;\n    margin: 12px 0;\n    display: block;\n}\n\n.recomendadorV2Title h2 {\n    padding-top: 0px !important;\n    margin: 0px !important;\n    border-left: none !important;\n    padding-left: 0px !important;\n    line-height: 1.3;\n    color: #000 !important;\n    font-size: 24px;\n    margin-bottom: 12px !important;\n}\n\n.recomendadorV2Desc {\n    color: #333;\n    margin: 12px 0px !important;\n    font-size: 15px;\n    line-height: 1.5;\n}\n\n.recomendadorV2Button {\n    width: auto;\n    max-width: 200px;\n    margin: 0;\n    display: inline-flex;\n    align-items: center;\n    background: #1D3557;\n    border-radius: 8px;\n    color: #fff;\n    height: 36px;\n    justify-content: center;\n    text-align: center;\n    font-size: 14px;\n    padding: 0 20px;\n    transition: background-color 0.2s ease;\n}\n\n.recomendadorV2Button:hover {\n    background: #2a4d7a;\n}\n\n.recomendadorV2Button:after {\n    margin-top: -2px;\n    content: \"\u2192\";\n    padding: 0px 0px 0px 8px;\n}\n\n.recomendadorV2Alert {\n    text-align: left;\n    font-size: 11px;\n    margin-top: 8px;\n    color: #666;\n}\n\n.recomendadorFixedArea {\n    width: 100%;\n    display: flex;\n    justify-content: center;\n    align-items: center;\n}\n\n@media (min-width: 992px) {\n    #recomendadorFixed {\n        width: 32% !important;\n        left: 5%;\n    }\n    .recomendadorCloseFixed{\n        right: inherit !important;\n        left: 378px !important;\n    }\n}\n\n#recomendadorFixed {\n    width: 90%;\n    box-shadow: 0 10px 20px 0px #00000057;\n    display: none;\n    height: 90px;\n    background: #F6F6F6;\n    position: fixed;\n    flex-direction: row;\n    bottom: 10px;\n    z-index: 9999;\n    border-radius: 16px;\n    padding: 7px 10px;\n}\n\n.recomendadorLeftArea {\n    width: 160px;\n}\n\n.recomendadorRightArea h2 {\n    padding-top: 0px;\n    margin: 2px 0px 4px 0px !important;\n    font-weight: 400;\n    text-align: center;\n    padding-left: 0px !important;\n    color: #000 !important;\n    border-left: none !important;\n    line-height: 20px;\n    font-size: 12px !important;\n}\n\n.recomendadorImgFixed {\n    overflow: hidden;\n    padding: 8px 6px;\n    height: 100%;\n}\n\n.recomendadorImgFixed img {\n    height: 100% !important;\n    border-radius: 16px;\n}\n\n.recomendadorRightArea {\n    padding-top: 6px;\n    display: flex;\n    width: calc(100% - 130px);\n    justify-content: space-between;\n    align-items: center;\n    flex-direction: column;\n}\n\n.recomendadorButtonFixed {\n    margin: 0 auto;\n    background: #1D3557;\n    width: 80%;\n    text-align: center;\n    font-size: 10px;\n    color: #FFF;\n    padding: 2px 10px;\n    border-radius: 3px;\n}\n\n.recomendadorButtonFixed:after {\n    margin-top: -3px;\n    content: \"\u2192\";\n    padding: 0px 0px 0px 10px;\n}\n\n.recomendadorAlertFixed {\n    font-weight: 400;\n    text-align: center;\n    color: #484848;\n    font-size: 8px;\n}\n\n.recomendadorCloseFixed {\n    z-index: 99999;\n    display: none;\n    right: 0px;\n    left: inherit;\n    bottom: 99px;\n    position: fixed;\n    justify-content: center;\n    background: #F6F6F6;\n    width: 25px;\n    align-items: center;\n    height: 25px;\n    font-weight: 800;\n    border-radius: 50%;\n    border: 1px solid #EBEBEB;\n}\n\n.recomendadorV2Desc{\n    color: #000000;\n    margin: 20px 0px;\n}\n\n@media (max-width: 576px) {\n    .recomendadorV2Area {\n      padding: 10px;\n      max-width: 100%;\n    }\n  \n    .recomendadorV2Area1 img {\n      width: 100%;\n      border-radius: 6px;\n    }\n  \n    .recomendadorV2Area2 .recomendadorV2Type {\n      font-size: 9px;\n      letter-spacing: 1px;\n      margin: 8px 0;\n    }\n  \n    .recomendadorV2Title h2 {\n      font-size: 18px !important;\n      margin-bottom: 8px !important;\n      line-height: 1.2;\n    }\n  \n    .recomendadorV2Desc {\n      font-size: 14px;\n      margin: 8px 0 !important;\n      line-height: 1.4;\n    }\n  \n    .recomendadorV2Button {\n      font-size: 14px;\n      height: 40px;\n      padding: 0 12px;\n      max-width: 100%;\n      width: 100%;\n    }\n  \n    .recomendadorV2Button:after {\n      padding-left: 6px;\n    }\n  }\n  <\/style>\n        <div class=\"lazyblock-recomendador-v2-2jDGz wp-block-lazyblock-recomendador-v2\">\n        <a class=\"linkrecomendadorv2\" href=\"https:\/\/crusoe.com.br\/variedades\/taxis-voadores-comecam-a-ser-liberados-em-26-estados-deste-pais\/?utm_source=lazy\">\n            <div class=\"recomendadorV2Area\">\n            <div class=\"recomendadorV2Area1\">\n                <div class=\"recomendadorV2Img\">\n                <img class=\"lazyloaded\" decoding=\"async\" src=\"https:\/\/cdn.crusoe.com.br\/uploads\/2026\/03\/evtol-eve-embraer-750x375.jpg\" data-src=\"https:\/\/cdn.crusoe.com.br\/uploads\/2026\/03\/evtol-eve-embraer-750x375.jpg\" alt=\"\">\n                <\/div>\n            <\/div>\n            <div class=\"recomendadorV2Area2\">\n                <div class=\"recomendadorV2Type\">\n                    <span>Transporte futuro<\/span>\n                <\/div>\n                <div class=\"recomendadorV2Title\">\n                <h2><span>T\u00e1xi voador \ud83d\ude81<\/span><\/h2>\n                <\/div>\n                <div class=\"recomendadorV2Desc\">\n                <span>26 estados liberam voos urbanos<\/span>\n                <\/div>\n                <div class=\"recomendadorV2Button\">Veja onde<\/div>\n                <div class=\"recomendadorV2Alert\"><\/div>\n            <\/div>\n            <\/div>\n        <\/a>\n        <div>\n            <div style=\"z-index:99999;\" id=\"buttonClose\" onclick=\"closeRecomendadorFixed()\">\n            <div class=\"recomendadorCloseFixed\">X<\/div>\n            <\/div>\n            <a href=\"https:\/\/crusoe.com.br\/variedades\/taxis-voadores-comecam-a-ser-liberados-em-26-estados-deste-pais\/?utm_source=lazy\">\n            <div class=\"recomendadorFixedArea\">\n                <div id=\"recomendadorFixed\">\n                <div class=\"recomendadorLeftArea\">\n                    <div class=\"recomendadorImgFixed\">\n                    <img class=\"lazyload\" decoding=\"async\" src=\"https:\/\/cdn.crusoe.com.br\/uploads\/2026\/03\/evtol-eve-embraer-750x375.jpg\" alt=\"\">\n                    <\/div>\n                <\/div>\n                <div class=\"recomendadorRightArea\">\n                    <div class=\"recomendadorTitleFixed\">\n                    <h2><span>T\u00e1xi voador \ud83d\ude81<\/span><\/h2>\n                    <\/div>\n                    <div class=\"recomendadorButtonFixed\">Veja onde<\/div>\n                    <div class=\"recomendadorAlertFixed\"><\/div>\n                <\/div>\n                <\/div>\n            <\/div>\n            <\/a>\n        <\/div>\n        <\/div>\n<p><span style=\"font-weight: 400;\">A revoga\u00e7\u00e3o do livramento condicional ocorreu ap\u00f3s o goleiro viajar para o Acre no in\u00edcio de fevereiro. Na ocasi\u00e3o, ele havia acertado contrato para atuar como goleiro do clube Vasco do Acre.<\/span><\/p>\n<figure id=\"attachment_33808\" aria-describedby=\"caption-attachment-33808\" style=\"width: 900px\" class=\"wp-caption alignnone\"><img loading=\"lazy\" decoding=\"async\" class=\"wp-image-33808 size-full\" src=\"https:\/\/cdn.crusoe.com.br\/uploads\/2026\/03\/tyu.webp\" alt=\"\" width=\"900\" height=\"600\" srcset=\"https:\/\/cdn.crusoe.com.br\/uploads\/2026\/03\/tyu.webp 900w, https:\/\/cdn.crusoe.com.br\/uploads\/2026\/03\/tyu-300x200.webp 300w, https:\/\/cdn.crusoe.com.br\/uploads\/2026\/03\/tyu-768x512.webp 768w, https:\/\/cdn.crusoe.com.br\/uploads\/2026\/03\/tyu-750x500.webp 750w\" sizes=\"auto, (max-width: 900px) 100vw, 900px\" \/><figcaption id=\"caption-attachment-33808\" class=\"wp-caption-text\">Reprodu\u00e7\u00e3o: Metr\u00f3poles<\/figcaption><\/figure>\n<p><span style=\"font-weight: 400;\">A sa\u00edda do estado, por\u00e9m, violou uma das condi\u00e7\u00f5es impostas pela Justi\u00e7a, que determinava que o condenado n\u00e3o poderia deixar o Rio de Janeiro sem autoriza\u00e7\u00e3o judicial. Diante do descumprimento, o Minist\u00e9rio P\u00fablico solicitou a revoga\u00e7\u00e3o do benef\u00edcio.<\/span><\/p>\n<p><span style=\"font-weight: 400;\">Na decis\u00e3o judicial publicada ap\u00f3s o pedido, o magistrado determinou a expedi\u00e7\u00e3o de mandado de pris\u00e3o para que Bruno retorne ao cumprimento da pena no regime semiaberto.<\/span><\/p>\n<h2><span style=\"font-weight: 400;\">Condena\u00e7\u00e3o pelo assassinato de Eliza Samudio<\/span><\/h2>\n<p><span style=\"font-weight: 400;\">Bruno cumpre pena pela morte de Eliza Samudio, caso que teve grande repercuss\u00e3o nacional. O jogador foi condenado em 2013 a 22 anos e 3 meses de pris\u00e3o por crimes como homic\u00eddio, sequestro, c\u00e1rcere privado e oculta\u00e7\u00e3o de cad\u00e1ver.<\/span><\/p>\n<p><span style=\"font-weight: 400;\">Ele permaneceu preso em regime fechado entre 2010 e 2019, quando obteve progress\u00e3o para o semiaberto. Em 2023, recebeu o direito de cumprir o restante da pena em liberdade condicional, desde que respeitasse uma s\u00e9rie de regras estabelecidas pela Justi\u00e7a.<\/span><\/p>\n<p><span style=\"font-weight: 400;\">Com a revoga\u00e7\u00e3o do benef\u00edcio e a aus\u00eancia de apresenta\u00e7\u00e3o \u00e0s autoridades, o goleiro passou a ser oficialmente considerado foragido, enquanto a Justi\u00e7a aguarda seu cumprimento da ordem de pris\u00e3o.\u00a0<\/span><\/p>\n","protected":false},"excerpt":{"rendered":"<p>A Justi\u00e7a do Rio de Janeiro, no Brasil, passou a considerar o goleiro Bruno Fernandes de Souza como foragido, ap\u00f3s ele n\u00e3o se apresentar \u00e0s autoridades para cumprir um mandado de pris\u00e3o expedido pela Vara de Execu\u00e7\u00f5es Penais.\u00a0 A decis\u00e3o ocorreu depois que o Tribunal de Justi\u00e7a do Rio de Janeiro revogou o benef\u00edcio de [&hellip;]<\/p>\n","protected":false},"author":5,"featured_media":33809,"comment_status":"open","ping_status":"open","sticky":false,"template":"","format":"standard","meta":{"jnews-multi-image_gallery":[],"jnews_single_post":{"subtitle":"","format":"standard","jnews_video_option_group":[[]],"override":[{"template":"2","parallax":"1","fullscreen":"1","layout":"right-sidebar","sidebar":"default-sidebar","second_sidebar":"default-sidebar","sticky_sidebar":"1","share_position":"hide","share_float_style":"share-monocrhome","show_featured":"1","show_post_meta":"1","show_post_author":"1","show_post_date":"1","post_date_format":"default","post_date_format_custom":"Y\/m\/d","show_post_category":"1","show_post_reading_time":"0","post_reading_time_wpm":"300","post_calculate_word_method":"str_word_count","show_zoom_button":"0","zoom_button_out_step":"2","zoom_button_in_step":"3","show_post_tag":"1","show_popup_post":"1","number_popup_post":"1","show_author_box":"1","show_post_related":"0"}],"image_override":[{"single_post_thumbnail_size":"crop-500","single_post_gallery_size":"crop-500"}],"trending_post_position":"meta","trending_post_label":"Trending","sponsored_post_label":"Sponsored by","disable_ad":"0"},"jnews_primary_category":[],"jnews_override_counter":{"view_counter_number":"0","share_counter_number":"0","like_counter_number":"0","dislike_counter_number":"0"},"jnews_post_split":{"post_split":[{"template":"1","tag":"h2","numbering":"asc","mode":"normal","first":"0","enable_toc":"0","toc_type":"normal"}]},"footnotes":""},"categories":[1],"tags":[6071,6015],"class_list":["post-33807","post","type-post","status-publish","format-standard","has-post-thumbnail","hentry","category-geral","tag-foragido","tag-goleiro-bruno"],"yoast_head":"<!-- This site is optimized with the Yoast SEO plugin v25.0 - https:\/\/yoast.com\/wordpress\/plugins\/seo\/ -->\n<title>Criminoso que ficou famoso em todo o Brasil est\u00e1 sendo procurado pela justi\u00e7a<\/title>\n<meta name=\"description\" content=\"A Justi\u00e7a do Rio de Janeiro, no Brasil, passou a considerar o esse antigo jogador famoso como foragido recentemente.\" \/>\n<meta name=\"robots\" content=\"index, follow, max-snippet:-1, max-image-preview:large, max-video-preview:-1\" \/>\n<link rel=\"canonical\" href=\"https:\/\/crusoe.audiencelabs.com.br\/criminoso-que-ficou-famoso-em-todo-o-brasil-esta-sendo-procurado-pela-justica\/\" \/>\n<meta property=\"og:locale\" content=\"pt_BR\" \/>\n<meta property=\"og:type\" content=\"article\" \/>\n<meta property=\"og:title\" content=\"Criminoso que ficou famoso em todo o Brasil est\u00e1 sendo procurado pela justi\u00e7a\" \/>\n<meta property=\"og:description\" content=\"A Justi\u00e7a do Rio de Janeiro, no Brasil, passou a considerar o esse antigo jogador famoso como foragido recentemente.\" \/>\n<meta property=\"og:url\" content=\"https:\/\/crusoe.audiencelabs.com.br\/criminoso-que-ficou-famoso-em-todo-o-brasil-esta-sendo-procurado-pela-justica\/\" \/>\n<meta property=\"og:site_name\" content=\"Variedades - Cruso\u00e9\" \/>\n<meta property=\"article:published_time\" content=\"2026-03-11T21:32:07+00:00\" \/>\n<meta property=\"og:image\" content=\"https:\/\/cdn.crusoe.com.br\/uploads\/2026\/03\/istockphoto-1323017775-612x612-1.jpg\" \/>\n\t<meta property=\"og:image:width\" content=\"612\" \/>\n\t<meta property=\"og:image:height\" content=\"408\" \/>\n\t<meta property=\"og:image:type\" content=\"image\/jpeg\" \/>\n<meta name=\"author\" content=\"Milena Armando\" \/>\n<meta name=\"twitter:card\" content=\"summary_large_image\" \/>\n<meta name=\"twitter:label1\" content=\"Escrito por\" \/>\n\t<meta name=\"twitter:data1\" content=\"Milena Armando\" \/>\n\t<meta name=\"twitter:label2\" content=\"Est. tempo de leitura\" \/>\n\t<meta name=\"twitter:data2\" content=\"3 minutos\" \/>\n<script type=\"application\/ld+json\" class=\"yoast-schema-graph\">{\"@context\":\"https:\/\/schema.org\",\"@graph\":[{\"@type\":\"WebPage\",\"@id\":\"https:\/\/crusoe.audiencelabs.com.br\/criminoso-que-ficou-famoso-em-todo-o-brasil-esta-sendo-procurado-pela-justica\/\",\"url\":\"https:\/\/crusoe.audiencelabs.com.br\/criminoso-que-ficou-famoso-em-todo-o-brasil-esta-sendo-procurado-pela-justica\/\",\"name\":\"Criminoso que ficou famoso em todo o Brasil est\u00e1 sendo procurado pela justi\u00e7a\",\"isPartOf\":{\"@id\":\"https:\/\/crusoe.audiencelabs.com.br\/#website\"},\"primaryImageOfPage\":{\"@id\":\"https:\/\/crusoe.audiencelabs.com.br\/criminoso-que-ficou-famoso-em-todo-o-brasil-esta-sendo-procurado-pela-justica\/#primaryimage\"},\"image\":{\"@id\":\"https:\/\/crusoe.audiencelabs.com.br\/criminoso-que-ficou-famoso-em-todo-o-brasil-esta-sendo-procurado-pela-justica\/#primaryimage\"},\"thumbnailUrl\":\"https:\/\/cdn.crusoe.com.br\/uploads\/2026\/03\/istockphoto-1323017775-612x612-1.jpg\",\"datePublished\":\"2026-03-11T21:32:07+00:00\",\"author\":{\"@id\":\"https:\/\/crusoe.audiencelabs.com.br\/#\/schema\/person\/f87f73cfe89e5360de2c006bd4bd6a74\"},\"description\":\"A Justi\u00e7a do Rio de Janeiro, no Brasil, passou a considerar o esse antigo jogador famoso como foragido recentemente.\",\"breadcrumb\":{\"@id\":\"https:\/\/crusoe.audiencelabs.com.br\/criminoso-que-ficou-famoso-em-todo-o-brasil-esta-sendo-procurado-pela-justica\/#breadcrumb\"},\"inLanguage\":\"pt-BR\",\"potentialAction\":[{\"@type\":\"ReadAction\",\"target\":[\"https:\/\/crusoe.audiencelabs.com.br\/criminoso-que-ficou-famoso-em-todo-o-brasil-esta-sendo-procurado-pela-justica\/\"]}]},{\"@type\":\"ImageObject\",\"inLanguage\":\"pt-BR\",\"@id\":\"https:\/\/crusoe.audiencelabs.com.br\/criminoso-que-ficou-famoso-em-todo-o-brasil-esta-sendo-procurado-pela-justica\/#primaryimage\",\"url\":\"https:\/\/cdn.crusoe.com.br\/uploads\/2026\/03\/istockphoto-1323017775-612x612-1.jpg\",\"contentUrl\":\"https:\/\/cdn.crusoe.com.br\/uploads\/2026\/03\/istockphoto-1323017775-612x612-1.jpg\",\"width\":612,\"height\":408,\"caption\":\"Reprodu\u00e7\u00e3o: iStock\"},{\"@type\":\"BreadcrumbList\",\"@id\":\"https:\/\/crusoe.audiencelabs.com.br\/criminoso-que-ficou-famoso-em-todo-o-brasil-esta-sendo-procurado-pela-justica\/#breadcrumb\",\"itemListElement\":[{\"@type\":\"ListItem\",\"position\":1,\"name\":\"Home\",\"item\":\"https:\/\/crusoe.audiencelabs.com.br\/\"},{\"@type\":\"ListItem\",\"position\":2,\"name\":\"Criminoso que ficou famoso em todo o Brasil est\u00e1 sendo procurado pela justi\u00e7a\"}]},{\"@type\":\"WebSite\",\"@id\":\"https:\/\/crusoe.audiencelabs.com.br\/#website\",\"url\":\"https:\/\/crusoe.audiencelabs.com.br\/\",\"name\":\"Variedades - Cruso\u00e9\",\"description\":\"\",\"potentialAction\":[{\"@type\":\"SearchAction\",\"target\":{\"@type\":\"EntryPoint\",\"urlTemplate\":\"https:\/\/crusoe.audiencelabs.com.br\/?s={search_term_string}\"},\"query-input\":{\"@type\":\"PropertyValueSpecification\",\"valueRequired\":true,\"valueName\":\"search_term_string\"}}],\"inLanguage\":\"pt-BR\"},{\"@type\":\"Person\",\"@id\":\"https:\/\/crusoe.audiencelabs.com.br\/#\/schema\/person\/f87f73cfe89e5360de2c006bd4bd6a74\",\"name\":\"Milena Armando\",\"image\":{\"@type\":\"ImageObject\",\"inLanguage\":\"pt-BR\",\"@id\":\"https:\/\/crusoe.audiencelabs.com.br\/#\/schema\/person\/image\/\",\"url\":\"https:\/\/secure.gravatar.com\/avatar\/ea14ecddc9e9d202b698b18f9f69e09c9fd74cfbed5c6008d55f11faefdbdab7?s=96&d=mm&r=g\",\"contentUrl\":\"https:\/\/secure.gravatar.com\/avatar\/ea14ecddc9e9d202b698b18f9f69e09c9fd74cfbed5c6008d55f11faefdbdab7?s=96&d=mm&r=g\",\"caption\":\"Milena Armando\"},\"description\":\"Jornalista, redatora e revisora.\",\"url\":\"https:\/\/crusoe.audiencelabs.com.br\/author\/milena\/\"}]}<\/script>\n<!-- \/ Yoast SEO plugin. -->","yoast_head_json":{"title":"Criminoso que ficou famoso em todo o Brasil est\u00e1 sendo procurado pela justi\u00e7a","description":"A Justi\u00e7a do Rio de Janeiro, no Brasil, passou a considerar o esse antigo jogador famoso como foragido recentemente.","robots":{"index":"index","follow":"follow","max-snippet":"max-snippet:-1","max-image-preview":"max-image-preview:large","max-video-preview":"max-video-preview:-1"},"canonical":"https:\/\/crusoe.audiencelabs.com.br\/criminoso-que-ficou-famoso-em-todo-o-brasil-esta-sendo-procurado-pela-justica\/","og_locale":"pt_BR","og_type":"article","og_title":"Criminoso que ficou famoso em todo o Brasil est\u00e1 sendo procurado pela justi\u00e7a","og_description":"A Justi\u00e7a do Rio de Janeiro, no Brasil, passou a considerar o esse antigo jogador famoso como foragido recentemente.","og_url":"https:\/\/crusoe.audiencelabs.com.br\/criminoso-que-ficou-famoso-em-todo-o-brasil-esta-sendo-procurado-pela-justica\/","og_site_name":"Variedades - Cruso\u00e9","article_published_time":"2026-03-11T21:32:07+00:00","og_image":[{"width":612,"height":408,"url":"https:\/\/cdn.crusoe.com.br\/uploads\/2026\/03\/istockphoto-1323017775-612x612-1.jpg","type":"image\/jpeg"}],"author":"Milena Armando","twitter_card":"summary_large_image","twitter_misc":{"Escrito por":"Milena Armando","Est. tempo de leitura":"3 minutos"},"schema":{"@context":"https:\/\/schema.org","@graph":[{"@type":"WebPage","@id":"https:\/\/crusoe.audiencelabs.com.br\/criminoso-que-ficou-famoso-em-todo-o-brasil-esta-sendo-procurado-pela-justica\/","url":"https:\/\/crusoe.audiencelabs.com.br\/criminoso-que-ficou-famoso-em-todo-o-brasil-esta-sendo-procurado-pela-justica\/","name":"Criminoso que ficou famoso em todo o Brasil est\u00e1 sendo procurado pela justi\u00e7a","isPartOf":{"@id":"https:\/\/crusoe.audiencelabs.com.br\/#website"},"primaryImageOfPage":{"@id":"https:\/\/crusoe.audiencelabs.com.br\/criminoso-que-ficou-famoso-em-todo-o-brasil-esta-sendo-procurado-pela-justica\/#primaryimage"},"image":{"@id":"https:\/\/crusoe.audiencelabs.com.br\/criminoso-que-ficou-famoso-em-todo-o-brasil-esta-sendo-procurado-pela-justica\/#primaryimage"},"thumbnailUrl":"https:\/\/cdn.crusoe.com.br\/uploads\/2026\/03\/istockphoto-1323017775-612x612-1.jpg","datePublished":"2026-03-11T21:32:07+00:00","author":{"@id":"https:\/\/crusoe.audiencelabs.com.br\/#\/schema\/person\/f87f73cfe89e5360de2c006bd4bd6a74"},"description":"A Justi\u00e7a do Rio de Janeiro, no Brasil, passou a considerar o esse antigo jogador famoso como foragido recentemente.","breadcrumb":{"@id":"https:\/\/crusoe.audiencelabs.com.br\/criminoso-que-ficou-famoso-em-todo-o-brasil-esta-sendo-procurado-pela-justica\/#breadcrumb"},"inLanguage":"pt-BR","potentialAction":[{"@type":"ReadAction","target":["https:\/\/crusoe.audiencelabs.com.br\/criminoso-que-ficou-famoso-em-todo-o-brasil-esta-sendo-procurado-pela-justica\/"]}]},{"@type":"ImageObject","inLanguage":"pt-BR","@id":"https:\/\/crusoe.audiencelabs.com.br\/criminoso-que-ficou-famoso-em-todo-o-brasil-esta-sendo-procurado-pela-justica\/#primaryimage","url":"https:\/\/cdn.crusoe.com.br\/uploads\/2026\/03\/istockphoto-1323017775-612x612-1.jpg","contentUrl":"https:\/\/cdn.crusoe.com.br\/uploads\/2026\/03\/istockphoto-1323017775-612x612-1.jpg","width":612,"height":408,"caption":"Reprodu\u00e7\u00e3o: iStock"},{"@type":"BreadcrumbList","@id":"https:\/\/crusoe.audiencelabs.com.br\/criminoso-que-ficou-famoso-em-todo-o-brasil-esta-sendo-procurado-pela-justica\/#breadcrumb","itemListElement":[{"@type":"ListItem","position":1,"name":"Home","item":"https:\/\/crusoe.audiencelabs.com.br\/"},{"@type":"ListItem","position":2,"name":"Criminoso que ficou famoso em todo o Brasil est\u00e1 sendo procurado pela justi\u00e7a"}]},{"@type":"WebSite","@id":"https:\/\/crusoe.audiencelabs.com.br\/#website","url":"https:\/\/crusoe.audiencelabs.com.br\/","name":"Variedades - Cruso\u00e9","description":"","potentialAction":[{"@type":"SearchAction","target":{"@type":"EntryPoint","urlTemplate":"https:\/\/crusoe.audiencelabs.com.br\/?s={search_term_string}"},"query-input":{"@type":"PropertyValueSpecification","valueRequired":true,"valueName":"search_term_string"}}],"inLanguage":"pt-BR"},{"@type":"Person","@id":"https:\/\/crusoe.audiencelabs.com.br\/#\/schema\/person\/f87f73cfe89e5360de2c006bd4bd6a74","name":"Milena Armando","image":{"@type":"ImageObject","inLanguage":"pt-BR","@id":"https:\/\/crusoe.audiencelabs.com.br\/#\/schema\/person\/image\/","url":"https:\/\/secure.gravatar.com\/avatar\/ea14ecddc9e9d202b698b18f9f69e09c9fd74cfbed5c6008d55f11faefdbdab7?s=96&d=mm&r=g","contentUrl":"https:\/\/secure.gravatar.com\/avatar\/ea14ecddc9e9d202b698b18f9f69e09c9fd74cfbed5c6008d55f11faefdbdab7?s=96&d=mm&r=g","caption":"Milena Armando"},"description":"Jornalista, redatora e revisora.","url":"https:\/\/crusoe.audiencelabs.com.br\/author\/milena\/"}]}},"_links":{"self":[{"href":"https:\/\/crusoe.audiencelabs.com.br\/wp-json\/wp\/v2\/posts\/33807","targetHints":{"allow":["GET"]}}],"collection":[{"href":"https:\/\/crusoe.audiencelabs.com.br\/wp-json\/wp\/v2\/posts"}],"about":[{"href":"https:\/\/crusoe.audiencelabs.com.br\/wp-json\/wp\/v2\/types\/post"}],"author":[{"embeddable":true,"href":"https:\/\/crusoe.audiencelabs.com.br\/wp-json\/wp\/v2\/users\/5"}],"replies":[{"embeddable":true,"href":"https:\/\/crusoe.audiencelabs.com.br\/wp-json\/wp\/v2\/comments?post=33807"}],"version-history":[{"count":4,"href":"https:\/\/crusoe.audiencelabs.com.br\/wp-json\/wp\/v2\/posts\/33807\/revisions"}],"predecessor-version":[{"id":33856,"href":"https:\/\/crusoe.audiencelabs.com.br\/wp-json\/wp\/v2\/posts\/33807\/revisions\/33856"}],"wp:featuredmedia":[{"embeddable":true,"href":"https:\/\/crusoe.audiencelabs.com.br\/wp-json\/wp\/v2\/media\/33809"}],"wp:attachment":[{"href":"https:\/\/crusoe.audiencelabs.com.br\/wp-json\/wp\/v2\/media?parent=33807"}],"wp:term":[{"taxonomy":"category","embeddable":true,"href":"https:\/\/crusoe.audiencelabs.com.br\/wp-json\/wp\/v2\/categories?post=33807"},{"taxonomy":"post_tag","embeddable":true,"href":"https:\/\/crusoe.audiencelabs.com.br\/wp-json\/wp\/v2\/tags?post=33807"}],"curies":[{"name":"wp","href":"https:\/\/api.w.org\/{rel}","templated":true}]}}