{"id":33790,"date":"2026-03-11T12:12:38","date_gmt":"2026-03-11T15:12:38","guid":{"rendered":"https:\/\/crusoe.audiencelabs.com.br\/?p=33790"},"modified":"2026-03-11T06:51:59","modified_gmt":"2026-03-11T09:51:59","slug":"o-tempero-que-entrou-no-radar-da-anvisa-por-ser-um-risco-silencioso-no-figado","status":"publish","type":"post","link":"https:\/\/crusoe.audiencelabs.com.br\/o-tempero-que-entrou-no-radar-da-anvisa-por-ser-um-risco-silencioso-no-figado\/","title":{"rendered":"O tempero que entrou no radar da Anvisa por ser um risco silencioso no f\u00edgado"},"content":{"rendered":"<p><span style=\"font-weight: 400\">A Ag\u00eancia Nacional de Vigil\u00e2ncia Sanit\u00e1ria (<strong>Anvisa<\/strong>) emitiu um alerta sobre<strong> poss\u00edveis danos graves ao f\u00edgado<\/strong> associados ao uso de <strong>medicamentos e suplementos alimentares que cont\u00eam c\u00farcuma,<\/strong> tamb\u00e9m conhecida como<strong> a\u00e7afr\u00e3o-da-terra<\/strong>.\u00a0<\/span><\/p>\n<p><span style=\"font-weight: 400\">A medida foi divulgada ap\u00f3s an\u00e1lises e investiga\u00e7\u00f5es internacionais identificarem casos raros, por\u00e9m s\u00e9rios, de inflama\u00e7\u00e3o hep\u00e1tica relacionados ao consumo desses produtos.<\/span><\/p>\n<p><span style=\"font-weight: 400\">Segundo a ag\u00eancia, os epis\u00f3dios foram observados principalmente em c\u00e1psulas e extratos concentrados de c\u00farcuma, que apresentam n\u00edveis muito mais altos da subst\u00e2ncia ativa, a <strong>curcumina<\/strong>, do que aqueles consumidos normalmente na alimenta\u00e7\u00e3o.<\/span><\/p>\n<h2><span style=\"font-weight: 400\">Casos foram registrados em v\u00e1rios pa\u00edses<\/span><\/h2>\n<p><span style=\"font-weight: 400\">O alerta brasileiro tamb\u00e9m se baseia em relatos registrados por autoridades sanit\u00e1rias de outros pa\u00edses.\u00a0<\/span><\/p>\n<p><span style=\"font-weight: 400\">\u00d3rg\u00e3os reguladores da <strong>It\u00e1lia, Austr\u00e1lia, Canad\u00e1 e Fran\u00e7a<\/strong> j\u00e1 emitiram avisos semelhantes ap\u00f3s identificar casos de intoxica\u00e7\u00e3o hep\u00e1tica associados ao consumo de suplementos com c\u00farcuma ou curcumina.<\/span><\/p>\n<p><span style=\"font-weight: 400\">Especialistas apontam que o problema pode estar relacionado a formula\u00e7\u00f5es que aumentam a absor\u00e7\u00e3o da curcumina pelo organismo, fazendo com que o f\u00edgado processe quantidades muito superiores \u00e0s ingeridas na dieta comum.<\/span><\/p>\n<h2><span style=\"font-weight: 400\">Sintomas que podem indicar problema no f\u00edgado<\/span><\/h2>\n<p><span style=\"font-weight: 400\">A Anvisa orienta que pessoas que utilizam suplementos com c\u00farcuma fiquem atentas a sinais que podem indicar les\u00e3o hep\u00e1tica. Entre os sintomas citados est\u00e3o:<\/span><\/p>\n<ul>\n<li style=\"font-weight: 400\"><span style=\"font-weight: 400\">Pele ou olhos amarelados (icter\u00edcia);<\/span><\/li>\n<li style=\"font-weight: 400\"><span style=\"font-weight: 400\">Urina escura;<\/span><\/li>\n<li style=\"font-weight: 400\"><span style=\"font-weight: 400\">Cansa\u00e7o intenso sem causa aparente;<\/span><\/li>\n<li style=\"font-weight: 400\"><span style=\"font-weight: 400\">N\u00e1useas ou dor abdominal.<\/span><\/li>\n<\/ul>\n<p><span style=\"font-weight: 400\">Caso esses sintomas apare\u00e7am, a recomenda\u00e7\u00e3o \u00e9 interromper imediatamente o uso do produto e procurar avalia\u00e7\u00e3o m\u00e9dica.<\/span><\/p>\n<h2><span style=\"font-weight: 400\">Uso culin\u00e1rio continua seguro<\/span><\/h2>\n<p><span style=\"font-weight: 400\">A Anvisa ressalta que o<strong> alerta n\u00e3o se aplica ao uso da c\u00farcuma como tempero na alimenta\u00e7\u00e3o di\u00e1ria<\/strong>.<\/span><\/p>\n<p><span style=\"font-weight: 400\">O p\u00f3 utilizado em prepara\u00e7\u00f5es culin\u00e1rias \u00e9 considerado seguro, pois as quantidades ingeridas s\u00e3o muito menores do que aquelas presentes em suplementos concentrados.<\/span><\/p>\n<p><span style=\"font-weight: 400\">A diferen\u00e7a, segundo a ag\u00eancia, est\u00e1 justamente na concentra\u00e7\u00e3o da subst\u00e2ncia e nas tecnologias usadas para aumentar sua absor\u00e7\u00e3o nos produtos vendidos em c\u00e1psulas ou medicamentos.<\/span><\/p>\n<h2><span style=\"font-weight: 400\">Medidas adotadas pela Anvisa<\/span><\/h2>\n<p><span style=\"font-weight: 400\">Como medida preventiva, a Anvisa determinou a atualiza\u00e7\u00e3o das bulas de medicamentos que cont\u00eam derivados de c\u00farcuma, incluindo novos avisos de seguran\u00e7a.\u00a0<\/span><\/p>\n<p><span style=\"font-weight: 400\">Al\u00e9m disso, a ag\u00eancia informou que iniciar\u00e1 um processo de reavalia\u00e7\u00e3o do uso da subst\u00e2ncia em suplementos alimentares e exigir\u00e1 advert\u00eancias obrigat\u00f3rias nos r\u00f3tulos desses produtos.<\/span><\/p>\n<p><span style=\"font-weight: 400\">A ag\u00eancia tamb\u00e9m orienta que eventuais rea\u00e7\u00f5es adversas sejam comunicadas aos sistemas oficiais de monitoramento, como o <a href=\"https:\/\/www.gov.br\/anvisa\/pt-br\/assuntos\/fiscalizacao-e-monitoramento\/notificacoes\/vigimed\">VigiMed<\/a>, destinado a medicamentos, e o<a href=\"https:\/\/www.gov.br\/anvisa\/pt-br\/assuntos\/fiscalizacao-e-monitoramento\/notificacoes\/e-notivisa\"> e-Notivisa<\/a>, voltado a suplementos e outros produtos de sa\u00fade.\u00a0<\/span><\/p>\n","protected":false},"excerpt":{"rendered":"<p>A Ag\u00eancia Nacional de Vigil\u00e2ncia Sanit\u00e1ria (Anvisa) emitiu um alerta sobre poss\u00edveis danos graves ao f\u00edgado associados ao uso de medicamentos e suplementos alimentares que cont\u00eam c\u00farcuma, tamb\u00e9m conhecida como a\u00e7afr\u00e3o-da-terra.\u00a0 A medida foi divulgada ap\u00f3s an\u00e1lises e investiga\u00e7\u00f5es internacionais identificarem casos raros, por\u00e9m s\u00e9rios, de inflama\u00e7\u00e3o hep\u00e1tica relacionados ao consumo desses produtos. Segundo a [&hellip;]<\/p>\n","protected":false},"author":5,"featured_media":33791,"comment_status":"open","ping_status":"open","sticky":false,"template":"","format":"standard","meta":{"jnews-multi-image_gallery":[],"jnews_single_post":{"subtitle":""},"jnews_primary_category":[],"jnews_override_counter":[],"jnews_post_split":[],"footnotes":""},"categories":[1],"tags":[2387,1007,6068,1004],"class_list":["post-33790","post","type-post","status-publish","format-standard","has-post-thumbnail","hentry","category-geral","tag-anvisa","tag-curcuma","tag-curcumina","tag-figado"],"yoast_head":"<!-- This site is optimized with the Yoast SEO plugin v25.0 - https:\/\/yoast.com\/wordpress\/plugins\/seo\/ -->\n<title>O tempero que entrou no radar da Anvisa por ser um risco silencioso no f\u00edgado<\/title>\n<meta name=\"robots\" content=\"index, follow, max-snippet:-1, max-image-preview:large, max-video-preview:-1\" \/>\n<link rel=\"canonical\" href=\"https:\/\/crusoe.audiencelabs.com.br\/o-tempero-que-entrou-no-radar-da-anvisa-por-ser-um-risco-silencioso-no-figado\/\" \/>\n<meta property=\"og:locale\" content=\"pt_BR\" \/>\n<meta property=\"og:type\" content=\"article\" \/>\n<meta property=\"og:title\" content=\"O tempero que entrou no radar da Anvisa por ser um risco silencioso no f\u00edgado\" \/>\n<meta property=\"og:description\" content=\"A Ag\u00eancia Nacional de Vigil\u00e2ncia Sanit\u00e1ria (Anvisa) emitiu um alerta sobre poss\u00edveis danos graves ao f\u00edgado associados ao uso de medicamentos e suplementos alimentares que cont\u00eam c\u00farcuma, tamb\u00e9m conhecida como a\u00e7afr\u00e3o-da-terra.\u00a0 A medida foi divulgada ap\u00f3s an\u00e1lises e investiga\u00e7\u00f5es internacionais identificarem casos raros, por\u00e9m s\u00e9rios, de inflama\u00e7\u00e3o hep\u00e1tica relacionados ao consumo desses produtos. Segundo a [&hellip;]\" \/>\n<meta property=\"og:url\" content=\"https:\/\/crusoe.audiencelabs.com.br\/o-tempero-que-entrou-no-radar-da-anvisa-por-ser-um-risco-silencioso-no-figado\/\" \/>\n<meta property=\"og:site_name\" content=\"Variedades - Cruso\u00e9\" \/>\n<meta property=\"article:published_time\" content=\"2026-03-11T15:12:38+00:00\" \/>\n<meta property=\"og:image\" content=\"https:\/\/cdn.crusoe.com.br\/uploads\/2026\/03\/Captura-de-tela-2026-03-11-070052.jpg\" \/>\n\t<meta property=\"og:image:width\" content=\"977\" \/>\n\t<meta property=\"og:image:height\" content=\"603\" \/>\n\t<meta property=\"og:image:type\" content=\"image\/jpeg\" \/>\n<meta name=\"author\" content=\"Milena Armando\" \/>\n<meta name=\"twitter:card\" content=\"summary_large_image\" \/>\n<meta name=\"twitter:label1\" content=\"Escrito por\" \/>\n\t<meta name=\"twitter:data1\" content=\"Milena Armando\" \/>\n\t<meta name=\"twitter:label2\" content=\"Est. tempo de leitura\" \/>\n\t<meta name=\"twitter:data2\" content=\"3 minutos\" \/>\n<script type=\"application\/ld+json\" class=\"yoast-schema-graph\">{\"@context\":\"https:\/\/schema.org\",\"@graph\":[{\"@type\":\"WebPage\",\"@id\":\"https:\/\/crusoe.audiencelabs.com.br\/o-tempero-que-entrou-no-radar-da-anvisa-por-ser-um-risco-silencioso-no-figado\/\",\"url\":\"https:\/\/crusoe.audiencelabs.com.br\/o-tempero-que-entrou-no-radar-da-anvisa-por-ser-um-risco-silencioso-no-figado\/\",\"name\":\"O tempero que entrou no radar da Anvisa por ser um risco silencioso no f\u00edgado\",\"isPartOf\":{\"@id\":\"https:\/\/crusoe.audiencelabs.com.br\/#website\"},\"primaryImageOfPage\":{\"@id\":\"https:\/\/crusoe.audiencelabs.com.br\/o-tempero-que-entrou-no-radar-da-anvisa-por-ser-um-risco-silencioso-no-figado\/#primaryimage\"},\"image\":{\"@id\":\"https:\/\/crusoe.audiencelabs.com.br\/o-tempero-que-entrou-no-radar-da-anvisa-por-ser-um-risco-silencioso-no-figado\/#primaryimage\"},\"thumbnailUrl\":\"https:\/\/cdn.crusoe.com.br\/uploads\/2026\/03\/Captura-de-tela-2026-03-11-070052.jpg\",\"datePublished\":\"2026-03-11T15:12:38+00:00\",\"author\":{\"@id\":\"https:\/\/crusoe.audiencelabs.com.br\/#\/schema\/person\/f87f73cfe89e5360de2c006bd4bd6a74\"},\"breadcrumb\":{\"@id\":\"https:\/\/crusoe.audiencelabs.com.br\/o-tempero-que-entrou-no-radar-da-anvisa-por-ser-um-risco-silencioso-no-figado\/#breadcrumb\"},\"inLanguage\":\"pt-BR\",\"potentialAction\":[{\"@type\":\"ReadAction\",\"target\":[\"https:\/\/crusoe.audiencelabs.com.br\/o-tempero-que-entrou-no-radar-da-anvisa-por-ser-um-risco-silencioso-no-figado\/\"]}]},{\"@type\":\"ImageObject\",\"inLanguage\":\"pt-BR\",\"@id\":\"https:\/\/crusoe.audiencelabs.com.br\/o-tempero-que-entrou-no-radar-da-anvisa-por-ser-um-risco-silencioso-no-figado\/#primaryimage\",\"url\":\"https:\/\/cdn.crusoe.com.br\/uploads\/2026\/03\/Captura-de-tela-2026-03-11-070052.jpg\",\"contentUrl\":\"https:\/\/cdn.crusoe.com.br\/uploads\/2026\/03\/Captura-de-tela-2026-03-11-070052.jpg\",\"width\":977,\"height\":603,\"caption\":\"Reprodu\u00e7\u00e3o: Pexels\/ Karl Solano\"},{\"@type\":\"BreadcrumbList\",\"@id\":\"https:\/\/crusoe.audiencelabs.com.br\/o-tempero-que-entrou-no-radar-da-anvisa-por-ser-um-risco-silencioso-no-figado\/#breadcrumb\",\"itemListElement\":[{\"@type\":\"ListItem\",\"position\":1,\"name\":\"Home\",\"item\":\"https:\/\/crusoe.audiencelabs.com.br\/\"},{\"@type\":\"ListItem\",\"position\":2,\"name\":\"O tempero que entrou no radar da Anvisa por ser um risco silencioso no f\u00edgado\"}]},{\"@type\":\"WebSite\",\"@id\":\"https:\/\/crusoe.audiencelabs.com.br\/#website\",\"url\":\"https:\/\/crusoe.audiencelabs.com.br\/\",\"name\":\"Variedades - Cruso\u00e9\",\"description\":\"\",\"potentialAction\":[{\"@type\":\"SearchAction\",\"target\":{\"@type\":\"EntryPoint\",\"urlTemplate\":\"https:\/\/crusoe.audiencelabs.com.br\/?s={search_term_string}\"},\"query-input\":{\"@type\":\"PropertyValueSpecification\",\"valueRequired\":true,\"valueName\":\"search_term_string\"}}],\"inLanguage\":\"pt-BR\"},{\"@type\":\"Person\",\"@id\":\"https:\/\/crusoe.audiencelabs.com.br\/#\/schema\/person\/f87f73cfe89e5360de2c006bd4bd6a74\",\"name\":\"Milena Armando\",\"image\":{\"@type\":\"ImageObject\",\"inLanguage\":\"pt-BR\",\"@id\":\"https:\/\/crusoe.audiencelabs.com.br\/#\/schema\/person\/image\/\",\"url\":\"https:\/\/secure.gravatar.com\/avatar\/ea14ecddc9e9d202b698b18f9f69e09c9fd74cfbed5c6008d55f11faefdbdab7?s=96&d=mm&r=g\",\"contentUrl\":\"https:\/\/secure.gravatar.com\/avatar\/ea14ecddc9e9d202b698b18f9f69e09c9fd74cfbed5c6008d55f11faefdbdab7?s=96&d=mm&r=g\",\"caption\":\"Milena Armando\"},\"description\":\"Jornalista, redatora e revisora.\",\"url\":\"https:\/\/crusoe.audiencelabs.com.br\/author\/milena\/\"}]}<\/script>\n<!-- \/ Yoast SEO plugin. -->","yoast_head_json":{"title":"O tempero que entrou no radar da Anvisa por ser um risco silencioso no f\u00edgado","robots":{"index":"index","follow":"follow","max-snippet":"max-snippet:-1","max-image-preview":"max-image-preview:large","max-video-preview":"max-video-preview:-1"},"canonical":"https:\/\/crusoe.audiencelabs.com.br\/o-tempero-que-entrou-no-radar-da-anvisa-por-ser-um-risco-silencioso-no-figado\/","og_locale":"pt_BR","og_type":"article","og_title":"O tempero que entrou no radar da Anvisa por ser um risco silencioso no f\u00edgado","og_description":"A Ag\u00eancia Nacional de Vigil\u00e2ncia Sanit\u00e1ria (Anvisa) emitiu um alerta sobre poss\u00edveis danos graves ao f\u00edgado associados ao uso de medicamentos e suplementos alimentares que cont\u00eam c\u00farcuma, tamb\u00e9m conhecida como a\u00e7afr\u00e3o-da-terra.\u00a0 A medida foi divulgada ap\u00f3s an\u00e1lises e investiga\u00e7\u00f5es internacionais identificarem casos raros, por\u00e9m s\u00e9rios, de inflama\u00e7\u00e3o hep\u00e1tica relacionados ao consumo desses produtos. Segundo a [&hellip;]","og_url":"https:\/\/crusoe.audiencelabs.com.br\/o-tempero-que-entrou-no-radar-da-anvisa-por-ser-um-risco-silencioso-no-figado\/","og_site_name":"Variedades - Cruso\u00e9","article_published_time":"2026-03-11T15:12:38+00:00","og_image":[{"width":977,"height":603,"url":"https:\/\/cdn.crusoe.com.br\/uploads\/2026\/03\/Captura-de-tela-2026-03-11-070052.jpg","type":"image\/jpeg"}],"author":"Milena Armando","twitter_card":"summary_large_image","twitter_misc":{"Escrito por":"Milena Armando","Est. tempo de leitura":"3 minutos"},"schema":{"@context":"https:\/\/schema.org","@graph":[{"@type":"WebPage","@id":"https:\/\/crusoe.audiencelabs.com.br\/o-tempero-que-entrou-no-radar-da-anvisa-por-ser-um-risco-silencioso-no-figado\/","url":"https:\/\/crusoe.audiencelabs.com.br\/o-tempero-que-entrou-no-radar-da-anvisa-por-ser-um-risco-silencioso-no-figado\/","name":"O tempero que entrou no radar da Anvisa por ser um risco silencioso no f\u00edgado","isPartOf":{"@id":"https:\/\/crusoe.audiencelabs.com.br\/#website"},"primaryImageOfPage":{"@id":"https:\/\/crusoe.audiencelabs.com.br\/o-tempero-que-entrou-no-radar-da-anvisa-por-ser-um-risco-silencioso-no-figado\/#primaryimage"},"image":{"@id":"https:\/\/crusoe.audiencelabs.com.br\/o-tempero-que-entrou-no-radar-da-anvisa-por-ser-um-risco-silencioso-no-figado\/#primaryimage"},"thumbnailUrl":"https:\/\/cdn.crusoe.com.br\/uploads\/2026\/03\/Captura-de-tela-2026-03-11-070052.jpg","datePublished":"2026-03-11T15:12:38+00:00","author":{"@id":"https:\/\/crusoe.audiencelabs.com.br\/#\/schema\/person\/f87f73cfe89e5360de2c006bd4bd6a74"},"breadcrumb":{"@id":"https:\/\/crusoe.audiencelabs.com.br\/o-tempero-que-entrou-no-radar-da-anvisa-por-ser-um-risco-silencioso-no-figado\/#breadcrumb"},"inLanguage":"pt-BR","potentialAction":[{"@type":"ReadAction","target":["https:\/\/crusoe.audiencelabs.com.br\/o-tempero-que-entrou-no-radar-da-anvisa-por-ser-um-risco-silencioso-no-figado\/"]}]},{"@type":"ImageObject","inLanguage":"pt-BR","@id":"https:\/\/crusoe.audiencelabs.com.br\/o-tempero-que-entrou-no-radar-da-anvisa-por-ser-um-risco-silencioso-no-figado\/#primaryimage","url":"https:\/\/cdn.crusoe.com.br\/uploads\/2026\/03\/Captura-de-tela-2026-03-11-070052.jpg","contentUrl":"https:\/\/cdn.crusoe.com.br\/uploads\/2026\/03\/Captura-de-tela-2026-03-11-070052.jpg","width":977,"height":603,"caption":"Reprodu\u00e7\u00e3o: Pexels\/ Karl Solano"},{"@type":"BreadcrumbList","@id":"https:\/\/crusoe.audiencelabs.com.br\/o-tempero-que-entrou-no-radar-da-anvisa-por-ser-um-risco-silencioso-no-figado\/#breadcrumb","itemListElement":[{"@type":"ListItem","position":1,"name":"Home","item":"https:\/\/crusoe.audiencelabs.com.br\/"},{"@type":"ListItem","position":2,"name":"O tempero que entrou no radar da Anvisa por ser um risco silencioso no f\u00edgado"}]},{"@type":"WebSite","@id":"https:\/\/crusoe.audiencelabs.com.br\/#website","url":"https:\/\/crusoe.audiencelabs.com.br\/","name":"Variedades - Cruso\u00e9","description":"","potentialAction":[{"@type":"SearchAction","target":{"@type":"EntryPoint","urlTemplate":"https:\/\/crusoe.audiencelabs.com.br\/?s={search_term_string}"},"query-input":{"@type":"PropertyValueSpecification","valueRequired":true,"valueName":"search_term_string"}}],"inLanguage":"pt-BR"},{"@type":"Person","@id":"https:\/\/crusoe.audiencelabs.com.br\/#\/schema\/person\/f87f73cfe89e5360de2c006bd4bd6a74","name":"Milena Armando","image":{"@type":"ImageObject","inLanguage":"pt-BR","@id":"https:\/\/crusoe.audiencelabs.com.br\/#\/schema\/person\/image\/","url":"https:\/\/secure.gravatar.com\/avatar\/ea14ecddc9e9d202b698b18f9f69e09c9fd74cfbed5c6008d55f11faefdbdab7?s=96&d=mm&r=g","contentUrl":"https:\/\/secure.gravatar.com\/avatar\/ea14ecddc9e9d202b698b18f9f69e09c9fd74cfbed5c6008d55f11faefdbdab7?s=96&d=mm&r=g","caption":"Milena Armando"},"description":"Jornalista, redatora e revisora.","url":"https:\/\/crusoe.audiencelabs.com.br\/author\/milena\/"}]}},"_links":{"self":[{"href":"https:\/\/crusoe.audiencelabs.com.br\/wp-json\/wp\/v2\/posts\/33790","targetHints":{"allow":["GET"]}}],"collection":[{"href":"https:\/\/crusoe.audiencelabs.com.br\/wp-json\/wp\/v2\/posts"}],"about":[{"href":"https:\/\/crusoe.audiencelabs.com.br\/wp-json\/wp\/v2\/types\/post"}],"author":[{"embeddable":true,"href":"https:\/\/crusoe.audiencelabs.com.br\/wp-json\/wp\/v2\/users\/5"}],"replies":[{"embeddable":true,"href":"https:\/\/crusoe.audiencelabs.com.br\/wp-json\/wp\/v2\/comments?post=33790"}],"version-history":[{"count":2,"href":"https:\/\/crusoe.audiencelabs.com.br\/wp-json\/wp\/v2\/posts\/33790\/revisions"}],"predecessor-version":[{"id":33793,"href":"https:\/\/crusoe.audiencelabs.com.br\/wp-json\/wp\/v2\/posts\/33790\/revisions\/33793"}],"wp:featuredmedia":[{"embeddable":true,"href":"https:\/\/crusoe.audiencelabs.com.br\/wp-json\/wp\/v2\/media\/33791"}],"wp:attachment":[{"href":"https:\/\/crusoe.audiencelabs.com.br\/wp-json\/wp\/v2\/media?parent=33790"}],"wp:term":[{"taxonomy":"category","embeddable":true,"href":"https:\/\/crusoe.audiencelabs.com.br\/wp-json\/wp\/v2\/categories?post=33790"},{"taxonomy":"post_tag","embeddable":true,"href":"https:\/\/crusoe.audiencelabs.com.br\/wp-json\/wp\/v2\/tags?post=33790"}],"curies":[{"name":"wp","href":"https:\/\/api.w.org\/{rel}","templated":true}]}}