{"id":33768,"date":"2026-03-11T08:06:46","date_gmt":"2026-03-11T11:06:46","guid":{"rendered":"https:\/\/crusoe.audiencelabs.com.br\/?p=33768"},"modified":"2026-03-11T06:13:05","modified_gmt":"2026-03-11T09:13:05","slug":"autoridades-criam-limite-de-velocidade-para-veiculos-eletricos","status":"publish","type":"post","link":"https:\/\/crusoe.audiencelabs.com.br\/autoridades-criam-limite-de-velocidade-para-veiculos-eletricos\/","title":{"rendered":"Autoridades criam limite de velocidade para ve\u00edculos el\u00e9tricos"},"content":{"rendered":"<p><span style=\"font-weight: 400\">O uso de <strong>patinetes el\u00e9tricos<\/strong> vem ganhando espa\u00e7o na mobilidade urbana da cidade do<strong>\u00a0Rio de Janeiro<\/strong>.\u00a0<\/span><\/p>\n<p><span style=\"font-weight: 400\">De acordo com dados divulgados pela prefeitura, mais de 3 milh\u00f5es de viagens j\u00e1 foram realizadas com esse tipo de ve\u00edculo na capital carioca, o que levou o munic\u00edpio a estabelecer regras para organizar a circula\u00e7\u00e3o e aumentar a seguran\u00e7a no tr\u00e2nsito.<\/span><\/p>\n<p><span style=\"font-weight: 400\">A regulamenta\u00e7\u00e3o define <strong>onde os equipamentos podem circular, limites de velocidade<\/strong> e outras normas para usu\u00e1rios e empresas que operam o servi\u00e7o.<\/span><\/p>\n<h2><span style=\"font-weight: 400\">Onde os patinetes podem circular?<\/span><\/h2>\n<p><span style=\"font-weight: 400\">Pelas novas regras municipais, os patinetes el\u00e9tricos poder\u00e3o circular em <strong>ciclovias, ciclofaixas e em ruas com limite de velocidade de at\u00e9 40 km\/h.<\/strong><\/span><\/p>\n<p><span style=\"font-weight: 400\">A <strong>circula\u00e7\u00e3o em cal\u00e7adas \u00e9 proibida<\/strong>, exceto em \u00e1reas compartilhadas com pedestres, onde os usu\u00e1rios devem respeitar velocidades reduzidas e regras de conviv\u00eancia.<\/span><\/p>\n<h2><span style=\"font-weight: 400\">Idade m\u00ednima e limites de velocidade<\/span><\/h2>\n<p><span style=\"font-weight: 400\">Entre as determina\u00e7\u00f5es est\u00e1 a exig\u00eancia de<strong> idade m\u00ednima de 18 anos para utilizar os patinetes el\u00e9tricos.<\/strong><\/span><\/p>\n<p><span style=\"font-weight: 400\">Os equipamentos tamb\u00e9m ter\u00e3o limites de velocidade definidos. Em <strong>vias comuns, a velocidade m\u00e1xima \u00e9 de at\u00e9 20 km\/h<\/strong>, enquanto <strong>usu\u00e1rios iniciantes podem ter velocidade reduzida, chegando a cerca de 12 km\/h<\/strong> <strong>nos primeiros usos.<\/strong><\/span><\/p>\n<p><span style=\"font-weight: 400\">Em locais com grande circula\u00e7\u00e3o de pedestres, como parques ou \u00e1reas de lazer, o limite pode cair para<strong> 6 km\/h<\/strong>.<\/span><\/p>\n<h2><span style=\"font-weight: 400\">Estacionamento e fiscaliza\u00e7\u00e3o<\/span><\/h2>\n<p><span style=\"font-weight: 400\">Outro ponto da regulamenta\u00e7\u00e3o envolve o <strong>estacionamento<\/strong> dos equipamentos. Os patinetes devem ser deixados em locais autorizados ou em \u00e1reas que n\u00e3o atrapalhem a circula\u00e7\u00e3o de pedestres, como cal\u00e7adas mais largas.<\/span><\/p>\n<p><span style=\"font-weight: 400\">As empresas respons\u00e1veis pelo servi\u00e7o tamb\u00e9m ter\u00e3o obriga\u00e7\u00f5es, como garantir o posicionamento correto dos equipamentos e recolher unidades mal estacionadas em um prazo determinado. Caso descumpram as regras, podem sofrer penalidades e at\u00e9 ter os patinetes apreendidos.<\/span><\/p>\n<h2><span style=\"font-weight: 400\">Crescimento da micromobilidade<\/span><\/h2>\n<p><span style=\"font-weight: 400\">O aumento de viagens mostra que os patinetes el\u00e9tricos est\u00e3o se consolidando como alternativa de deslocamento r\u00e1pido em trajetos curtos, especialmente em \u00e1reas com grande fluxo tur\u00edstico e comercial da cidade.<\/span><\/p>\n<p><span style=\"font-weight: 400\">Com a regulamenta\u00e7\u00e3o, a prefeitura busca integrar esse tipo de transporte ao sistema urbano de mobilidade, garantindo mais seguran\u00e7a para usu\u00e1rios, pedestres e demais ve\u00edculos nas ruas do Rio.\u00a0<\/span><\/p>\n","protected":false},"excerpt":{"rendered":"<p>O uso de patinetes el\u00e9tricos vem ganhando espa\u00e7o na mobilidade urbana da cidade do\u00a0Rio de Janeiro.\u00a0 De acordo com dados divulgados pela prefeitura, mais de 3 milh\u00f5es de viagens j\u00e1 foram realizadas com esse tipo de ve\u00edculo na capital carioca, o que levou o munic\u00edpio a estabelecer regras para organizar a circula\u00e7\u00e3o e aumentar a [&hellip;]<\/p>\n","protected":false},"author":5,"featured_media":33769,"comment_status":"open","ping_status":"open","sticky":false,"template":"","format":"standard","meta":{"jnews-multi-image_gallery":[],"jnews_single_post":{"subtitle":"","format":"standard","jnews_video_option_group":[[]],"override":[{"template":"2","parallax":"1","fullscreen":"1","layout":"right-sidebar","sidebar":"default-sidebar","second_sidebar":"default-sidebar","sticky_sidebar":"1","share_position":"hide","share_float_style":"share-monocrhome","show_featured":"1","show_post_meta":"1","show_post_author":"1","show_post_date":"1","post_date_format":"default","post_date_format_custom":"Y\/m\/d","show_post_category":"1","show_post_reading_time":"0","post_reading_time_wpm":"300","post_calculate_word_method":"str_word_count","show_zoom_button":"0","zoom_button_out_step":"2","zoom_button_in_step":"3","show_post_tag":"1","show_popup_post":"1","number_popup_post":"1","show_author_box":"1","show_post_related":"0"}],"image_override":[{"single_post_thumbnail_size":"crop-500","single_post_gallery_size":"crop-500"}],"trending_post_position":"meta","trending_post_label":"Trending","sponsored_post_label":"Sponsored by","disable_ad":"0"},"jnews_primary_category":[],"jnews_override_counter":{"view_counter_number":"0","share_counter_number":"0","like_counter_number":"0","dislike_counter_number":"0"},"jnews_post_split":{"post_split":[{"template":"1","tag":"h2","numbering":"asc","mode":"normal","first":"0","enable_toc":"0","toc_type":"normal"}]},"footnotes":""},"categories":[1],"tags":[6065,644],"class_list":["post-33768","post","type-post","status-publish","format-standard","has-post-thumbnail","hentry","category-geral","tag-patinetes-eletricos","tag-rio-de-janeiro"],"yoast_head":"<!-- This site is optimized with the Yoast SEO plugin v25.0 - https:\/\/yoast.com\/wordpress\/plugins\/seo\/ -->\n<title>Autoridades criam limite de velocidade para ve\u00edculos el\u00e9tricos<\/title>\n<meta name=\"robots\" content=\"index, follow, max-snippet:-1, max-image-preview:large, max-video-preview:-1\" \/>\n<link rel=\"canonical\" href=\"https:\/\/crusoe.audiencelabs.com.br\/autoridades-criam-limite-de-velocidade-para-veiculos-eletricos\/\" \/>\n<meta property=\"og:locale\" content=\"pt_BR\" \/>\n<meta property=\"og:type\" content=\"article\" \/>\n<meta property=\"og:title\" content=\"Autoridades criam limite de velocidade para ve\u00edculos el\u00e9tricos\" \/>\n<meta property=\"og:description\" content=\"O uso de patinetes el\u00e9tricos vem ganhando espa\u00e7o na mobilidade urbana da cidade do\u00a0Rio de Janeiro.\u00a0 De acordo com dados divulgados pela prefeitura, mais de 3 milh\u00f5es de viagens j\u00e1 foram realizadas com esse tipo de ve\u00edculo na capital carioca, o que levou o munic\u00edpio a estabelecer regras para organizar a circula\u00e7\u00e3o e aumentar a [&hellip;]\" \/>\n<meta property=\"og:url\" content=\"https:\/\/crusoe.audiencelabs.com.br\/autoridades-criam-limite-de-velocidade-para-veiculos-eletricos\/\" \/>\n<meta property=\"og:site_name\" content=\"Variedades - Cruso\u00e9\" \/>\n<meta property=\"article:published_time\" content=\"2026-03-11T11:06:46+00:00\" \/>\n<meta property=\"og:image\" content=\"https:\/\/cdn.crusoe.com.br\/uploads\/2026\/03\/84051909_RIRio-de-Janeiro-RJ-10-08-2019-Inverno-com-cara-de-verao-Dia-de-sol-na-praia-do-Arpoador.jpg\" \/>\n\t<meta property=\"og:image:width\" content=\"1086\" \/>\n\t<meta property=\"og:image:height\" content=\"652\" \/>\n\t<meta property=\"og:image:type\" content=\"image\/jpeg\" \/>\n<meta name=\"author\" content=\"Milena Armando\" \/>\n<meta name=\"twitter:card\" content=\"summary_large_image\" \/>\n<meta name=\"twitter:label1\" content=\"Escrito por\" \/>\n\t<meta name=\"twitter:data1\" content=\"Milena Armando\" \/>\n\t<meta name=\"twitter:label2\" content=\"Est. tempo de leitura\" \/>\n\t<meta name=\"twitter:data2\" content=\"3 minutos\" \/>\n<script type=\"application\/ld+json\" class=\"yoast-schema-graph\">{\"@context\":\"https:\/\/schema.org\",\"@graph\":[{\"@type\":\"WebPage\",\"@id\":\"https:\/\/crusoe.audiencelabs.com.br\/autoridades-criam-limite-de-velocidade-para-veiculos-eletricos\/\",\"url\":\"https:\/\/crusoe.audiencelabs.com.br\/autoridades-criam-limite-de-velocidade-para-veiculos-eletricos\/\",\"name\":\"Autoridades criam limite de velocidade para ve\u00edculos el\u00e9tricos\",\"isPartOf\":{\"@id\":\"https:\/\/crusoe.audiencelabs.com.br\/#website\"},\"primaryImageOfPage\":{\"@id\":\"https:\/\/crusoe.audiencelabs.com.br\/autoridades-criam-limite-de-velocidade-para-veiculos-eletricos\/#primaryimage\"},\"image\":{\"@id\":\"https:\/\/crusoe.audiencelabs.com.br\/autoridades-criam-limite-de-velocidade-para-veiculos-eletricos\/#primaryimage\"},\"thumbnailUrl\":\"https:\/\/cdn.crusoe.com.br\/uploads\/2026\/03\/84051909_RIRio-de-Janeiro-RJ-10-08-2019-Inverno-com-cara-de-verao-Dia-de-sol-na-praia-do-Arpoador.jpg\",\"datePublished\":\"2026-03-11T11:06:46+00:00\",\"author\":{\"@id\":\"https:\/\/crusoe.audiencelabs.com.br\/#\/schema\/person\/f87f73cfe89e5360de2c006bd4bd6a74\"},\"breadcrumb\":{\"@id\":\"https:\/\/crusoe.audiencelabs.com.br\/autoridades-criam-limite-de-velocidade-para-veiculos-eletricos\/#breadcrumb\"},\"inLanguage\":\"pt-BR\",\"potentialAction\":[{\"@type\":\"ReadAction\",\"target\":[\"https:\/\/crusoe.audiencelabs.com.br\/autoridades-criam-limite-de-velocidade-para-veiculos-eletricos\/\"]}]},{\"@type\":\"ImageObject\",\"inLanguage\":\"pt-BR\",\"@id\":\"https:\/\/crusoe.audiencelabs.com.br\/autoridades-criam-limite-de-velocidade-para-veiculos-eletricos\/#primaryimage\",\"url\":\"https:\/\/cdn.crusoe.com.br\/uploads\/2026\/03\/84051909_RIRio-de-Janeiro-RJ-10-08-2019-Inverno-com-cara-de-verao-Dia-de-sol-na-praia-do-Arpoador.jpg\",\"contentUrl\":\"https:\/\/cdn.crusoe.com.br\/uploads\/2026\/03\/84051909_RIRio-de-Janeiro-RJ-10-08-2019-Inverno-com-cara-de-verao-Dia-de-sol-na-praia-do-Arpoador.jpg\",\"width\":1086,\"height\":652,\"caption\":\"Reprodu\u00e7\u00e3o: Ag\u00eancia O Globo\"},{\"@type\":\"BreadcrumbList\",\"@id\":\"https:\/\/crusoe.audiencelabs.com.br\/autoridades-criam-limite-de-velocidade-para-veiculos-eletricos\/#breadcrumb\",\"itemListElement\":[{\"@type\":\"ListItem\",\"position\":1,\"name\":\"Home\",\"item\":\"https:\/\/crusoe.audiencelabs.com.br\/\"},{\"@type\":\"ListItem\",\"position\":2,\"name\":\"Autoridades criam limite de velocidade para ve\u00edculos el\u00e9tricos\"}]},{\"@type\":\"WebSite\",\"@id\":\"https:\/\/crusoe.audiencelabs.com.br\/#website\",\"url\":\"https:\/\/crusoe.audiencelabs.com.br\/\",\"name\":\"Variedades - Cruso\u00e9\",\"description\":\"\",\"potentialAction\":[{\"@type\":\"SearchAction\",\"target\":{\"@type\":\"EntryPoint\",\"urlTemplate\":\"https:\/\/crusoe.audiencelabs.com.br\/?s={search_term_string}\"},\"query-input\":{\"@type\":\"PropertyValueSpecification\",\"valueRequired\":true,\"valueName\":\"search_term_string\"}}],\"inLanguage\":\"pt-BR\"},{\"@type\":\"Person\",\"@id\":\"https:\/\/crusoe.audiencelabs.com.br\/#\/schema\/person\/f87f73cfe89e5360de2c006bd4bd6a74\",\"name\":\"Milena Armando\",\"image\":{\"@type\":\"ImageObject\",\"inLanguage\":\"pt-BR\",\"@id\":\"https:\/\/crusoe.audiencelabs.com.br\/#\/schema\/person\/image\/\",\"url\":\"https:\/\/secure.gravatar.com\/avatar\/ea14ecddc9e9d202b698b18f9f69e09c9fd74cfbed5c6008d55f11faefdbdab7?s=96&d=mm&r=g\",\"contentUrl\":\"https:\/\/secure.gravatar.com\/avatar\/ea14ecddc9e9d202b698b18f9f69e09c9fd74cfbed5c6008d55f11faefdbdab7?s=96&d=mm&r=g\",\"caption\":\"Milena Armando\"},\"description\":\"Jornalista, redatora e revisora.\",\"url\":\"https:\/\/crusoe.audiencelabs.com.br\/author\/milena\/\"}]}<\/script>\n<!-- \/ Yoast SEO plugin. -->","yoast_head_json":{"title":"Autoridades criam limite de velocidade para ve\u00edculos el\u00e9tricos","robots":{"index":"index","follow":"follow","max-snippet":"max-snippet:-1","max-image-preview":"max-image-preview:large","max-video-preview":"max-video-preview:-1"},"canonical":"https:\/\/crusoe.audiencelabs.com.br\/autoridades-criam-limite-de-velocidade-para-veiculos-eletricos\/","og_locale":"pt_BR","og_type":"article","og_title":"Autoridades criam limite de velocidade para ve\u00edculos el\u00e9tricos","og_description":"O uso de patinetes el\u00e9tricos vem ganhando espa\u00e7o na mobilidade urbana da cidade do\u00a0Rio de Janeiro.\u00a0 De acordo com dados divulgados pela prefeitura, mais de 3 milh\u00f5es de viagens j\u00e1 foram realizadas com esse tipo de ve\u00edculo na capital carioca, o que levou o munic\u00edpio a estabelecer regras para organizar a circula\u00e7\u00e3o e aumentar a [&hellip;]","og_url":"https:\/\/crusoe.audiencelabs.com.br\/autoridades-criam-limite-de-velocidade-para-veiculos-eletricos\/","og_site_name":"Variedades - Cruso\u00e9","article_published_time":"2026-03-11T11:06:46+00:00","og_image":[{"width":1086,"height":652,"url":"https:\/\/cdn.crusoe.com.br\/uploads\/2026\/03\/84051909_RIRio-de-Janeiro-RJ-10-08-2019-Inverno-com-cara-de-verao-Dia-de-sol-na-praia-do-Arpoador.jpg","type":"image\/jpeg"}],"author":"Milena Armando","twitter_card":"summary_large_image","twitter_misc":{"Escrito por":"Milena Armando","Est. tempo de leitura":"3 minutos"},"schema":{"@context":"https:\/\/schema.org","@graph":[{"@type":"WebPage","@id":"https:\/\/crusoe.audiencelabs.com.br\/autoridades-criam-limite-de-velocidade-para-veiculos-eletricos\/","url":"https:\/\/crusoe.audiencelabs.com.br\/autoridades-criam-limite-de-velocidade-para-veiculos-eletricos\/","name":"Autoridades criam limite de velocidade para ve\u00edculos el\u00e9tricos","isPartOf":{"@id":"https:\/\/crusoe.audiencelabs.com.br\/#website"},"primaryImageOfPage":{"@id":"https:\/\/crusoe.audiencelabs.com.br\/autoridades-criam-limite-de-velocidade-para-veiculos-eletricos\/#primaryimage"},"image":{"@id":"https:\/\/crusoe.audiencelabs.com.br\/autoridades-criam-limite-de-velocidade-para-veiculos-eletricos\/#primaryimage"},"thumbnailUrl":"https:\/\/cdn.crusoe.com.br\/uploads\/2026\/03\/84051909_RIRio-de-Janeiro-RJ-10-08-2019-Inverno-com-cara-de-verao-Dia-de-sol-na-praia-do-Arpoador.jpg","datePublished":"2026-03-11T11:06:46+00:00","author":{"@id":"https:\/\/crusoe.audiencelabs.com.br\/#\/schema\/person\/f87f73cfe89e5360de2c006bd4bd6a74"},"breadcrumb":{"@id":"https:\/\/crusoe.audiencelabs.com.br\/autoridades-criam-limite-de-velocidade-para-veiculos-eletricos\/#breadcrumb"},"inLanguage":"pt-BR","potentialAction":[{"@type":"ReadAction","target":["https:\/\/crusoe.audiencelabs.com.br\/autoridades-criam-limite-de-velocidade-para-veiculos-eletricos\/"]}]},{"@type":"ImageObject","inLanguage":"pt-BR","@id":"https:\/\/crusoe.audiencelabs.com.br\/autoridades-criam-limite-de-velocidade-para-veiculos-eletricos\/#primaryimage","url":"https:\/\/cdn.crusoe.com.br\/uploads\/2026\/03\/84051909_RIRio-de-Janeiro-RJ-10-08-2019-Inverno-com-cara-de-verao-Dia-de-sol-na-praia-do-Arpoador.jpg","contentUrl":"https:\/\/cdn.crusoe.com.br\/uploads\/2026\/03\/84051909_RIRio-de-Janeiro-RJ-10-08-2019-Inverno-com-cara-de-verao-Dia-de-sol-na-praia-do-Arpoador.jpg","width":1086,"height":652,"caption":"Reprodu\u00e7\u00e3o: Ag\u00eancia O Globo"},{"@type":"BreadcrumbList","@id":"https:\/\/crusoe.audiencelabs.com.br\/autoridades-criam-limite-de-velocidade-para-veiculos-eletricos\/#breadcrumb","itemListElement":[{"@type":"ListItem","position":1,"name":"Home","item":"https:\/\/crusoe.audiencelabs.com.br\/"},{"@type":"ListItem","position":2,"name":"Autoridades criam limite de velocidade para ve\u00edculos el\u00e9tricos"}]},{"@type":"WebSite","@id":"https:\/\/crusoe.audiencelabs.com.br\/#website","url":"https:\/\/crusoe.audiencelabs.com.br\/","name":"Variedades - Cruso\u00e9","description":"","potentialAction":[{"@type":"SearchAction","target":{"@type":"EntryPoint","urlTemplate":"https:\/\/crusoe.audiencelabs.com.br\/?s={search_term_string}"},"query-input":{"@type":"PropertyValueSpecification","valueRequired":true,"valueName":"search_term_string"}}],"inLanguage":"pt-BR"},{"@type":"Person","@id":"https:\/\/crusoe.audiencelabs.com.br\/#\/schema\/person\/f87f73cfe89e5360de2c006bd4bd6a74","name":"Milena Armando","image":{"@type":"ImageObject","inLanguage":"pt-BR","@id":"https:\/\/crusoe.audiencelabs.com.br\/#\/schema\/person\/image\/","url":"https:\/\/secure.gravatar.com\/avatar\/ea14ecddc9e9d202b698b18f9f69e09c9fd74cfbed5c6008d55f11faefdbdab7?s=96&d=mm&r=g","contentUrl":"https:\/\/secure.gravatar.com\/avatar\/ea14ecddc9e9d202b698b18f9f69e09c9fd74cfbed5c6008d55f11faefdbdab7?s=96&d=mm&r=g","caption":"Milena Armando"},"description":"Jornalista, redatora e revisora.","url":"https:\/\/crusoe.audiencelabs.com.br\/author\/milena\/"}]}},"_links":{"self":[{"href":"https:\/\/crusoe.audiencelabs.com.br\/wp-json\/wp\/v2\/posts\/33768","targetHints":{"allow":["GET"]}}],"collection":[{"href":"https:\/\/crusoe.audiencelabs.com.br\/wp-json\/wp\/v2\/posts"}],"about":[{"href":"https:\/\/crusoe.audiencelabs.com.br\/wp-json\/wp\/v2\/types\/post"}],"author":[{"embeddable":true,"href":"https:\/\/crusoe.audiencelabs.com.br\/wp-json\/wp\/v2\/users\/5"}],"replies":[{"embeddable":true,"href":"https:\/\/crusoe.audiencelabs.com.br\/wp-json\/wp\/v2\/comments?post=33768"}],"version-history":[{"count":3,"href":"https:\/\/crusoe.audiencelabs.com.br\/wp-json\/wp\/v2\/posts\/33768\/revisions"}],"predecessor-version":[{"id":33772,"href":"https:\/\/crusoe.audiencelabs.com.br\/wp-json\/wp\/v2\/posts\/33768\/revisions\/33772"}],"wp:featuredmedia":[{"embeddable":true,"href":"https:\/\/crusoe.audiencelabs.com.br\/wp-json\/wp\/v2\/media\/33769"}],"wp:attachment":[{"href":"https:\/\/crusoe.audiencelabs.com.br\/wp-json\/wp\/v2\/media?parent=33768"}],"wp:term":[{"taxonomy":"category","embeddable":true,"href":"https:\/\/crusoe.audiencelabs.com.br\/wp-json\/wp\/v2\/categories?post=33768"},{"taxonomy":"post_tag","embeddable":true,"href":"https:\/\/crusoe.audiencelabs.com.br\/wp-json\/wp\/v2\/tags?post=33768"}],"curies":[{"name":"wp","href":"https:\/\/api.w.org\/{rel}","templated":true}]}}