{"id":33758,"date":"2026-03-11T07:02:27","date_gmt":"2026-03-11T10:02:27","guid":{"rendered":"https:\/\/crusoe.audiencelabs.com.br\/?p=33758"},"modified":"2026-03-11T05:53:37","modified_gmt":"2026-03-11T08:53:37","slug":"doenca-que-afeta-o-cerebro-e-atinge-milhoes-de-idosos-vira-um-dos-maiores-medos-dos-brasileiros","status":"publish","type":"post","link":"https:\/\/crusoe.audiencelabs.com.br\/doenca-que-afeta-o-cerebro-e-atinge-milhoes-de-idosos-vira-um-dos-maiores-medos-dos-brasileiros\/","title":{"rendered":"Doen\u00e7a que afeta o c\u00e9rebro e atinge milh\u00f5es de idosos vira um dos maiores medos dos brasileiros"},"content":{"rendered":"<p><span style=\"font-weight: 400\">Uma pesquisa recente aponta que o<strong> Alzheimer est\u00e1 entre as principais preocupa\u00e7\u00f5es de sa\u00fade da popula\u00e7\u00e3o brasileira.\u00a0<\/strong><\/span><\/p>\n<p><span style=\"font-weight: 400\">Segundo levantamento do <\/span><a href=\"https:\/\/datafolha.folha.uol.com.br\/\"><span style=\"font-weight: 400\">Instituto Datafolha<\/span><\/a><span style=\"font-weight: 400\">, a doen\u00e7a \u00e9 a <strong>segunda mais temida no pa\u00eds<\/strong>, ficando atr\u00e1s apenas do c\u00e2ncer no ranking de enfermidades que mais causam medo entre os brasileiros.<\/span><\/p>\n<p><span style=\"font-weight: 400\">Os resultados revelam que o temor em rela\u00e7\u00e3o \u00e0s doen\u00e7as graves \u00e9 alto, principalmente quando h\u00e1 risco de afetar familiares ou pessoas pr\u00f3ximas.<\/span><\/p>\n<h2><span style=\"font-weight: 400\">Ranking das doen\u00e7as mais temidas<\/span><\/h2>\n<p><span style=\"font-weight: 400\">De acordo com o levantamento, o ranking das enfermidades que mais preocupam os brasileiros \u00e9 liderado pelo c\u00e2ncer. Em seguida aparecem outras doen\u00e7as graves ou cr\u00f4nicas:<\/span><\/p>\n<ol>\n<li style=\"font-weight: 400\"><span style=\"font-weight: 400\">C\u00e2ncer;<\/span><\/li>\n<li style=\"font-weight: 400\"><span style=\"font-weight: 400\">Doen\u00e7a de Alzheimer;<\/span><\/li>\n<li style=\"font-weight: 400\"><span style=\"font-weight: 400\">Aids;<\/span><\/li>\n<li style=\"font-weight: 400\"><span style=\"font-weight: 400\">Doen\u00e7a de Parkinson.<\/span><\/li>\n<\/ol>\n<p><span style=\"font-weight: 400\">Apesar de ocupar o segundo lugar entre as doen\u00e7as mais temidas, o Alzheimer \u00e9 considerado por especialistas uma condi\u00e7\u00e3o ainda pouco compreendida pela popula\u00e7\u00e3o, especialmente em rela\u00e7\u00e3o \u00e0 import\u00e2ncia do diagn\u00f3stico precoce.<\/span><\/p>\n<h2><span style=\"font-weight: 400\">Doen\u00e7a presente no conv\u00edvio de muitas fam\u00edlias<\/span><\/h2>\n<p><span style=\"font-weight: 400\">O levantamento mostra que a doen\u00e7a j\u00e1 faz parte da realidade de muitas fam\u00edlias brasileiras. Cerca de quatro em cada dez pessoas afirmam conhecer algu\u00e9m com Alzheimer, seja um familiar ou amigo pr\u00f3ximo.<\/span><\/p>\n<p><span style=\"font-weight: 400\">A pesquisa tamb\u00e9m aponta que o <strong>medo \u00e9 maior entre mulheres<\/strong> e <strong>pessoas com maior n\u00edvel de escolaridade.<\/strong>\u00a0<\/span><\/p>\n<p><span style=\"font-weight: 400\">Al\u00e9m disso, o impacto emocional do diagn\u00f3stico \u00e9 significativo, grande parte dos entrevistados afirma que a confirma\u00e7\u00e3o da doen\u00e7a provoca medo e ansiedade nos pacientes e em seus familiares.<\/span><\/p>\n<h2><span style=\"font-weight: 400\">Diagn\u00f3stico tardio ainda \u00e9 comum<\/span><\/h2>\n<p><span style=\"font-weight: 400\">Especialistas ressaltam que o Alzheimer \u00e9 uma enfermidade neurodegenerativa progressiva, caracterizada pelo ac\u00famulo de prote\u00ednas no c\u00e9rebro que afetam os neur\u00f4nios e levam \u00e0 perda gradual de mem\u00f3ria e outras fun\u00e7\u00f5es cognitivas.<\/span><\/p>\n<p><span style=\"font-weight: 400\">Embora quase todos os entrevistados afirmem que procurariam ajuda diante de sinais como perda de mem\u00f3ria ou dificuldade para realizar tarefas cotidianas, 88% reconhecem que, na pr\u00e1tica, o atendimento geralmente ocorre quando a doen\u00e7a j\u00e1 est\u00e1 em est\u00e1gios mais avan\u00e7ados. <\/span><span style=\"font-weight: 400\">Esse atraso pode dificultar o tratamento e o manejo da doen\u00e7a. <\/span><\/p>\n<h2><span style=\"font-weight: 400\">Crescimento dos casos preocupa especialistas<\/span><\/h2>\n<p><span style=\"font-weight: 400\">Dados do Relat\u00f3rio Nacional de Dem\u00eancias indicam que <strong>cerca de 1,8 milh\u00e3o de brasileiros vivem com <a href=\"https:\/\/crusoe.audiencelabs.com.br\/substancia-no-ar-do-brasil-pode-fazer-seu-cerebro-envelhecer-mais-rapido-e-aumenta-risco-de-alzheimer-dizem-cientistas\/\">Alzheimer<\/a><\/strong>, e a proje\u00e7\u00e3o \u00e9 de que o n\u00famero possa chegar a 5,7 milh\u00f5es at\u00e9 2050, acompanhando o envelhecimento da popula\u00e7\u00e3o.<\/span><\/p>\n<p><span style=\"font-weight: 400\">Diante desse cen\u00e1rio, especialistas refor\u00e7am a import\u00e2ncia de ampliar o debate sobre sa\u00fade cerebral, incentivar consultas preventivas e promover mais informa\u00e7\u00e3o sobre os sinais iniciais da doen\u00e7a, que podem incluir esquecimentos frequentes, confus\u00e3o mental e dificuldades para planejar atividades do dia a dia.\u00a0<\/span><\/p>\n","protected":false},"excerpt":{"rendered":"<p>Uma pesquisa recente aponta que o Alzheimer est\u00e1 entre as principais preocupa\u00e7\u00f5es de sa\u00fade da popula\u00e7\u00e3o brasileira.\u00a0 Segundo levantamento do Instituto Datafolha, a doen\u00e7a \u00e9 a segunda mais temida no pa\u00eds, ficando atr\u00e1s apenas do c\u00e2ncer no ranking de enfermidades que mais causam medo entre os brasileiros. Os resultados revelam que o temor em rela\u00e7\u00e3o [&hellip;]<\/p>\n","protected":false},"author":5,"featured_media":33759,"comment_status":"open","ping_status":"open","sticky":false,"template":"","format":"standard","meta":{"jnews-multi-image_gallery":[],"jnews_single_post":{"subtitle":""},"jnews_primary_category":[],"jnews_override_counter":[],"jnews_post_split":[],"footnotes":""},"categories":[1],"tags":[1249,1247],"class_list":["post-33758","post","type-post","status-publish","format-standard","has-post-thumbnail","hentry","category-geral","tag-alzheimer","tag-doenca"],"yoast_head":"<!-- This site is optimized with the Yoast SEO plugin v25.0 - https:\/\/yoast.com\/wordpress\/plugins\/seo\/ -->\n<title>Doen\u00e7a que afeta o c\u00e9rebro e atinge milh\u00f5es de idosos vira um dos maiores medos dos brasileiros<\/title>\n<meta name=\"robots\" content=\"index, follow, max-snippet:-1, max-image-preview:large, max-video-preview:-1\" \/>\n<link rel=\"canonical\" href=\"https:\/\/crusoe.audiencelabs.com.br\/doenca-que-afeta-o-cerebro-e-atinge-milhoes-de-idosos-vira-um-dos-maiores-medos-dos-brasileiros\/\" \/>\n<meta property=\"og:locale\" content=\"pt_BR\" \/>\n<meta property=\"og:type\" content=\"article\" \/>\n<meta property=\"og:title\" content=\"Doen\u00e7a que afeta o c\u00e9rebro e atinge milh\u00f5es de idosos vira um dos maiores medos dos brasileiros\" \/>\n<meta property=\"og:description\" content=\"Uma pesquisa recente aponta que o Alzheimer est\u00e1 entre as principais preocupa\u00e7\u00f5es de sa\u00fade da popula\u00e7\u00e3o brasileira.\u00a0 Segundo levantamento do Instituto Datafolha, a doen\u00e7a \u00e9 a segunda mais temida no pa\u00eds, ficando atr\u00e1s apenas do c\u00e2ncer no ranking de enfermidades que mais causam medo entre os brasileiros. Os resultados revelam que o temor em rela\u00e7\u00e3o [&hellip;]\" \/>\n<meta property=\"og:url\" content=\"https:\/\/crusoe.audiencelabs.com.br\/doenca-que-afeta-o-cerebro-e-atinge-milhoes-de-idosos-vira-um-dos-maiores-medos-dos-brasileiros\/\" \/>\n<meta property=\"og:site_name\" content=\"Variedades - Cruso\u00e9\" \/>\n<meta property=\"article:published_time\" content=\"2026-03-11T10:02:27+00:00\" \/>\n<meta property=\"og:image\" content=\"https:\/\/cdn.crusoe.com.br\/uploads\/2026\/03\/Captura-de-tela-2026-03-11-055705.jpg\" \/>\n\t<meta property=\"og:image:width\" content=\"922\" \/>\n\t<meta property=\"og:image:height\" content=\"577\" \/>\n\t<meta property=\"og:image:type\" content=\"image\/jpeg\" \/>\n<meta name=\"author\" content=\"Milena Armando\" \/>\n<meta name=\"twitter:card\" content=\"summary_large_image\" \/>\n<meta name=\"twitter:label1\" content=\"Escrito por\" \/>\n\t<meta name=\"twitter:data1\" content=\"Milena Armando\" \/>\n\t<meta name=\"twitter:label2\" content=\"Est. tempo de leitura\" \/>\n\t<meta name=\"twitter:data2\" content=\"3 minutos\" \/>\n<script type=\"application\/ld+json\" class=\"yoast-schema-graph\">{\"@context\":\"https:\/\/schema.org\",\"@graph\":[{\"@type\":\"WebPage\",\"@id\":\"https:\/\/crusoe.audiencelabs.com.br\/doenca-que-afeta-o-cerebro-e-atinge-milhoes-de-idosos-vira-um-dos-maiores-medos-dos-brasileiros\/\",\"url\":\"https:\/\/crusoe.audiencelabs.com.br\/doenca-que-afeta-o-cerebro-e-atinge-milhoes-de-idosos-vira-um-dos-maiores-medos-dos-brasileiros\/\",\"name\":\"Doen\u00e7a que afeta o c\u00e9rebro e atinge milh\u00f5es de idosos vira um dos maiores medos dos brasileiros\",\"isPartOf\":{\"@id\":\"https:\/\/crusoe.audiencelabs.com.br\/#website\"},\"primaryImageOfPage\":{\"@id\":\"https:\/\/crusoe.audiencelabs.com.br\/doenca-que-afeta-o-cerebro-e-atinge-milhoes-de-idosos-vira-um-dos-maiores-medos-dos-brasileiros\/#primaryimage\"},\"image\":{\"@id\":\"https:\/\/crusoe.audiencelabs.com.br\/doenca-que-afeta-o-cerebro-e-atinge-milhoes-de-idosos-vira-um-dos-maiores-medos-dos-brasileiros\/#primaryimage\"},\"thumbnailUrl\":\"https:\/\/cdn.crusoe.com.br\/uploads\/2026\/03\/Captura-de-tela-2026-03-11-055705.jpg\",\"datePublished\":\"2026-03-11T10:02:27+00:00\",\"author\":{\"@id\":\"https:\/\/crusoe.audiencelabs.com.br\/#\/schema\/person\/f87f73cfe89e5360de2c006bd4bd6a74\"},\"breadcrumb\":{\"@id\":\"https:\/\/crusoe.audiencelabs.com.br\/doenca-que-afeta-o-cerebro-e-atinge-milhoes-de-idosos-vira-um-dos-maiores-medos-dos-brasileiros\/#breadcrumb\"},\"inLanguage\":\"pt-BR\",\"potentialAction\":[{\"@type\":\"ReadAction\",\"target\":[\"https:\/\/crusoe.audiencelabs.com.br\/doenca-que-afeta-o-cerebro-e-atinge-milhoes-de-idosos-vira-um-dos-maiores-medos-dos-brasileiros\/\"]}]},{\"@type\":\"ImageObject\",\"inLanguage\":\"pt-BR\",\"@id\":\"https:\/\/crusoe.audiencelabs.com.br\/doenca-que-afeta-o-cerebro-e-atinge-milhoes-de-idosos-vira-um-dos-maiores-medos-dos-brasileiros\/#primaryimage\",\"url\":\"https:\/\/cdn.crusoe.com.br\/uploads\/2026\/03\/Captura-de-tela-2026-03-11-055705.jpg\",\"contentUrl\":\"https:\/\/cdn.crusoe.com.br\/uploads\/2026\/03\/Captura-de-tela-2026-03-11-055705.jpg\",\"width\":922,\"height\":577,\"caption\":\"Reprodu\u00e7\u00e3o: Pexels\/ Anna Shvets\"},{\"@type\":\"BreadcrumbList\",\"@id\":\"https:\/\/crusoe.audiencelabs.com.br\/doenca-que-afeta-o-cerebro-e-atinge-milhoes-de-idosos-vira-um-dos-maiores-medos-dos-brasileiros\/#breadcrumb\",\"itemListElement\":[{\"@type\":\"ListItem\",\"position\":1,\"name\":\"Home\",\"item\":\"https:\/\/crusoe.audiencelabs.com.br\/\"},{\"@type\":\"ListItem\",\"position\":2,\"name\":\"Doen\u00e7a que afeta o c\u00e9rebro e atinge milh\u00f5es de idosos vira um dos maiores medos dos brasileiros\"}]},{\"@type\":\"WebSite\",\"@id\":\"https:\/\/crusoe.audiencelabs.com.br\/#website\",\"url\":\"https:\/\/crusoe.audiencelabs.com.br\/\",\"name\":\"Variedades - Cruso\u00e9\",\"description\":\"\",\"potentialAction\":[{\"@type\":\"SearchAction\",\"target\":{\"@type\":\"EntryPoint\",\"urlTemplate\":\"https:\/\/crusoe.audiencelabs.com.br\/?s={search_term_string}\"},\"query-input\":{\"@type\":\"PropertyValueSpecification\",\"valueRequired\":true,\"valueName\":\"search_term_string\"}}],\"inLanguage\":\"pt-BR\"},{\"@type\":\"Person\",\"@id\":\"https:\/\/crusoe.audiencelabs.com.br\/#\/schema\/person\/f87f73cfe89e5360de2c006bd4bd6a74\",\"name\":\"Milena Armando\",\"image\":{\"@type\":\"ImageObject\",\"inLanguage\":\"pt-BR\",\"@id\":\"https:\/\/crusoe.audiencelabs.com.br\/#\/schema\/person\/image\/\",\"url\":\"https:\/\/secure.gravatar.com\/avatar\/ea14ecddc9e9d202b698b18f9f69e09c9fd74cfbed5c6008d55f11faefdbdab7?s=96&d=mm&r=g\",\"contentUrl\":\"https:\/\/secure.gravatar.com\/avatar\/ea14ecddc9e9d202b698b18f9f69e09c9fd74cfbed5c6008d55f11faefdbdab7?s=96&d=mm&r=g\",\"caption\":\"Milena Armando\"},\"description\":\"Jornalista, redatora e revisora.\",\"url\":\"https:\/\/crusoe.audiencelabs.com.br\/author\/milena\/\"}]}<\/script>\n<!-- \/ Yoast SEO plugin. -->","yoast_head_json":{"title":"Doen\u00e7a que afeta o c\u00e9rebro e atinge milh\u00f5es de idosos vira um dos maiores medos dos brasileiros","robots":{"index":"index","follow":"follow","max-snippet":"max-snippet:-1","max-image-preview":"max-image-preview:large","max-video-preview":"max-video-preview:-1"},"canonical":"https:\/\/crusoe.audiencelabs.com.br\/doenca-que-afeta-o-cerebro-e-atinge-milhoes-de-idosos-vira-um-dos-maiores-medos-dos-brasileiros\/","og_locale":"pt_BR","og_type":"article","og_title":"Doen\u00e7a que afeta o c\u00e9rebro e atinge milh\u00f5es de idosos vira um dos maiores medos dos brasileiros","og_description":"Uma pesquisa recente aponta que o Alzheimer est\u00e1 entre as principais preocupa\u00e7\u00f5es de sa\u00fade da popula\u00e7\u00e3o brasileira.\u00a0 Segundo levantamento do Instituto Datafolha, a doen\u00e7a \u00e9 a segunda mais temida no pa\u00eds, ficando atr\u00e1s apenas do c\u00e2ncer no ranking de enfermidades que mais causam medo entre os brasileiros. Os resultados revelam que o temor em rela\u00e7\u00e3o [&hellip;]","og_url":"https:\/\/crusoe.audiencelabs.com.br\/doenca-que-afeta-o-cerebro-e-atinge-milhoes-de-idosos-vira-um-dos-maiores-medos-dos-brasileiros\/","og_site_name":"Variedades - Cruso\u00e9","article_published_time":"2026-03-11T10:02:27+00:00","og_image":[{"width":922,"height":577,"url":"https:\/\/cdn.crusoe.com.br\/uploads\/2026\/03\/Captura-de-tela-2026-03-11-055705.jpg","type":"image\/jpeg"}],"author":"Milena Armando","twitter_card":"summary_large_image","twitter_misc":{"Escrito por":"Milena Armando","Est. tempo de leitura":"3 minutos"},"schema":{"@context":"https:\/\/schema.org","@graph":[{"@type":"WebPage","@id":"https:\/\/crusoe.audiencelabs.com.br\/doenca-que-afeta-o-cerebro-e-atinge-milhoes-de-idosos-vira-um-dos-maiores-medos-dos-brasileiros\/","url":"https:\/\/crusoe.audiencelabs.com.br\/doenca-que-afeta-o-cerebro-e-atinge-milhoes-de-idosos-vira-um-dos-maiores-medos-dos-brasileiros\/","name":"Doen\u00e7a que afeta o c\u00e9rebro e atinge milh\u00f5es de idosos vira um dos maiores medos dos brasileiros","isPartOf":{"@id":"https:\/\/crusoe.audiencelabs.com.br\/#website"},"primaryImageOfPage":{"@id":"https:\/\/crusoe.audiencelabs.com.br\/doenca-que-afeta-o-cerebro-e-atinge-milhoes-de-idosos-vira-um-dos-maiores-medos-dos-brasileiros\/#primaryimage"},"image":{"@id":"https:\/\/crusoe.audiencelabs.com.br\/doenca-que-afeta-o-cerebro-e-atinge-milhoes-de-idosos-vira-um-dos-maiores-medos-dos-brasileiros\/#primaryimage"},"thumbnailUrl":"https:\/\/cdn.crusoe.com.br\/uploads\/2026\/03\/Captura-de-tela-2026-03-11-055705.jpg","datePublished":"2026-03-11T10:02:27+00:00","author":{"@id":"https:\/\/crusoe.audiencelabs.com.br\/#\/schema\/person\/f87f73cfe89e5360de2c006bd4bd6a74"},"breadcrumb":{"@id":"https:\/\/crusoe.audiencelabs.com.br\/doenca-que-afeta-o-cerebro-e-atinge-milhoes-de-idosos-vira-um-dos-maiores-medos-dos-brasileiros\/#breadcrumb"},"inLanguage":"pt-BR","potentialAction":[{"@type":"ReadAction","target":["https:\/\/crusoe.audiencelabs.com.br\/doenca-que-afeta-o-cerebro-e-atinge-milhoes-de-idosos-vira-um-dos-maiores-medos-dos-brasileiros\/"]}]},{"@type":"ImageObject","inLanguage":"pt-BR","@id":"https:\/\/crusoe.audiencelabs.com.br\/doenca-que-afeta-o-cerebro-e-atinge-milhoes-de-idosos-vira-um-dos-maiores-medos-dos-brasileiros\/#primaryimage","url":"https:\/\/cdn.crusoe.com.br\/uploads\/2026\/03\/Captura-de-tela-2026-03-11-055705.jpg","contentUrl":"https:\/\/cdn.crusoe.com.br\/uploads\/2026\/03\/Captura-de-tela-2026-03-11-055705.jpg","width":922,"height":577,"caption":"Reprodu\u00e7\u00e3o: Pexels\/ Anna Shvets"},{"@type":"BreadcrumbList","@id":"https:\/\/crusoe.audiencelabs.com.br\/doenca-que-afeta-o-cerebro-e-atinge-milhoes-de-idosos-vira-um-dos-maiores-medos-dos-brasileiros\/#breadcrumb","itemListElement":[{"@type":"ListItem","position":1,"name":"Home","item":"https:\/\/crusoe.audiencelabs.com.br\/"},{"@type":"ListItem","position":2,"name":"Doen\u00e7a que afeta o c\u00e9rebro e atinge milh\u00f5es de idosos vira um dos maiores medos dos brasileiros"}]},{"@type":"WebSite","@id":"https:\/\/crusoe.audiencelabs.com.br\/#website","url":"https:\/\/crusoe.audiencelabs.com.br\/","name":"Variedades - Cruso\u00e9","description":"","potentialAction":[{"@type":"SearchAction","target":{"@type":"EntryPoint","urlTemplate":"https:\/\/crusoe.audiencelabs.com.br\/?s={search_term_string}"},"query-input":{"@type":"PropertyValueSpecification","valueRequired":true,"valueName":"search_term_string"}}],"inLanguage":"pt-BR"},{"@type":"Person","@id":"https:\/\/crusoe.audiencelabs.com.br\/#\/schema\/person\/f87f73cfe89e5360de2c006bd4bd6a74","name":"Milena Armando","image":{"@type":"ImageObject","inLanguage":"pt-BR","@id":"https:\/\/crusoe.audiencelabs.com.br\/#\/schema\/person\/image\/","url":"https:\/\/secure.gravatar.com\/avatar\/ea14ecddc9e9d202b698b18f9f69e09c9fd74cfbed5c6008d55f11faefdbdab7?s=96&d=mm&r=g","contentUrl":"https:\/\/secure.gravatar.com\/avatar\/ea14ecddc9e9d202b698b18f9f69e09c9fd74cfbed5c6008d55f11faefdbdab7?s=96&d=mm&r=g","caption":"Milena Armando"},"description":"Jornalista, redatora e revisora.","url":"https:\/\/crusoe.audiencelabs.com.br\/author\/milena\/"}]}},"_links":{"self":[{"href":"https:\/\/crusoe.audiencelabs.com.br\/wp-json\/wp\/v2\/posts\/33758","targetHints":{"allow":["GET"]}}],"collection":[{"href":"https:\/\/crusoe.audiencelabs.com.br\/wp-json\/wp\/v2\/posts"}],"about":[{"href":"https:\/\/crusoe.audiencelabs.com.br\/wp-json\/wp\/v2\/types\/post"}],"author":[{"embeddable":true,"href":"https:\/\/crusoe.audiencelabs.com.br\/wp-json\/wp\/v2\/users\/5"}],"replies":[{"embeddable":true,"href":"https:\/\/crusoe.audiencelabs.com.br\/wp-json\/wp\/v2\/comments?post=33758"}],"version-history":[{"count":2,"href":"https:\/\/crusoe.audiencelabs.com.br\/wp-json\/wp\/v2\/posts\/33758\/revisions"}],"predecessor-version":[{"id":33761,"href":"https:\/\/crusoe.audiencelabs.com.br\/wp-json\/wp\/v2\/posts\/33758\/revisions\/33761"}],"wp:featuredmedia":[{"embeddable":true,"href":"https:\/\/crusoe.audiencelabs.com.br\/wp-json\/wp\/v2\/media\/33759"}],"wp:attachment":[{"href":"https:\/\/crusoe.audiencelabs.com.br\/wp-json\/wp\/v2\/media?parent=33758"}],"wp:term":[{"taxonomy":"category","embeddable":true,"href":"https:\/\/crusoe.audiencelabs.com.br\/wp-json\/wp\/v2\/categories?post=33758"},{"taxonomy":"post_tag","embeddable":true,"href":"https:\/\/crusoe.audiencelabs.com.br\/wp-json\/wp\/v2\/tags?post=33758"}],"curies":[{"name":"wp","href":"https:\/\/api.w.org\/{rel}","templated":true}]}}