{"id":33754,"date":"2026-03-15T08:39:15","date_gmt":"2026-03-15T11:39:15","guid":{"rendered":"https:\/\/crusoe.audiencelabs.com.br\/?p=33754"},"modified":"2026-03-13T09:23:14","modified_gmt":"2026-03-13T12:23:14","slug":"os-primeiros-sinais-de-alerta-da-doenca-de-parkinson-que-voce-pode-nao-perceber","status":"publish","type":"post","link":"https:\/\/crusoe.audiencelabs.com.br\/os-primeiros-sinais-de-alerta-da-doenca-de-parkinson-que-voce-pode-nao-perceber\/","title":{"rendered":"Os primeiros sinais de alerta da doen\u00e7a de Parkinson que voc\u00ea pode n\u00e3o perceber"},"content":{"rendered":"<p data-start=\"0\" data-end=\"399\">Nos \u00faltimos anos, o n\u00famero de diagn\u00f3sticos da <span class=\"hover:entity-accent entity-underline inline cursor-pointer align-baseline\"><span class=\"whitespace-normal\"><strong>doen\u00e7a de<\/strong> <strong>Parkinson<\/strong><\/span><\/span> tem aumentado de forma significativa em todo o mundo. Proje\u00e7\u00f5es indicam que essa tend\u00eancia deve continuar nas pr\u00f3ximas d\u00e9cadas.<\/p>\n<p data-start=\"0\" data-end=\"399\">A <span class=\"hover:entity-accent entity-underline inline cursor-pointer align-baseline\"><span class=\"whitespace-normal\">Organiza\u00e7\u00e3o Mundial da Sa\u00fade (OMS)<\/span><\/span> estima que, at\u00e9 2050, a quantidade de pessoas vivendo com a doen\u00e7a pode dobrar, principalmente em raz\u00e3o do envelhecimento da popula\u00e7\u00e3o.<\/p>\n<p data-start=\"401\" data-end=\"582\">Diante desse cen\u00e1rio,<strong> reconhecer os sinais <\/strong>da condi\u00e7\u00e3o neurol\u00f3gica progressiva torna-se essencial para um diagn\u00f3stico mais r\u00e1pido e para o in\u00edcio precoce do tratamento.<\/p>\n<h2 data-start=\"401\" data-end=\"582\">Primeiros sinais de Parkinson<\/h2>\n<p data-start=\"584\" data-end=\"890\">Entre os primeiros ind\u00edcios da doen\u00e7a est\u00e1 a <strong>micrografia<\/strong>, caracterizada pela diminui\u00e7\u00e3o gradual do tamanho da escrita.<\/p>\n<p data-start=\"584\" data-end=\"890\">Embora pare\u00e7a um detalhe pequeno, essa altera\u00e7\u00e3o pode indicar mudan\u00e7as nas habilidades motoras e muitas vezes passa despercebida por pacientes e por profissionais de sa\u00fade.<\/p>\n<p data-start=\"892\" data-end=\"1156\">Outro sinal frequente \u00e9 a <strong>perda ou redu\u00e7\u00e3o do olfato,<\/strong> que pode surgir muitos anos antes dos sintomas motores cl\u00e1ssicos.<\/p>\n<p data-start=\"892\" data-end=\"1156\">Apesar de ainda n\u00e3o se compreender totalmente por que isso acontece, essa altera\u00e7\u00e3o sensorial \u00e9 considerada um importante indicador precoce.<\/p>\n<h2 data-section-id=\"m0fq01\" data-start=\"1158\" data-end=\"1207\">Sintomas que muitas vezes passam despercebidos<\/h2>\n<p data-start=\"1209\" data-end=\"1484\">Pesquisas recentes apontam que a rela\u00e7\u00e3o entre intestino e c\u00e9rebro pode desempenhar um papel relevante no desenvolvimento da doen\u00e7a.<\/p>\n<p data-start=\"1209\" data-end=\"1484\"><strong>Altera\u00e7\u00f5es no microbioma intestinal<\/strong>, especialmente a <strong>constipa\u00e7\u00e3o cr\u00f4nica<\/strong>, podem surgir anos antes dos sintomas motores do Parkinson.<\/p>\n<p data-start=\"1486\" data-end=\"1707\">Esses sinais digestivos merecem aten\u00e7\u00e3o, pois estudos sugerem que processos associados ao sistema gastrointestinal podem estar ligados \u00e0 progress\u00e3o da doen\u00e7a por meio do nervo vago, que conecta o intestino ao c\u00e9rebro.<\/p>\n<p data-start=\"1709\" data-end=\"1970\">Al\u00e9m disso, sintomas como <strong>rigidez muscular, movimentos mais lentos e redu\u00e7\u00e3o da coordena\u00e7\u00e3o motora<\/strong> tamb\u00e9m podem aparecer de forma gradual. Muitas vezes, essas mudan\u00e7as s\u00e3o atribu\u00eddas apenas ao envelhecimento, o que pode atrasar a busca por avalia\u00e7\u00e3o m\u00e9dica.<\/p>\n<h2 data-section-id=\"1rhtz3x\" data-start=\"2150\" data-end=\"2193\">A import\u00e2ncia de observar mudan\u00e7as sutis<\/h2>\n<p data-start=\"2195\" data-end=\"2448\">Outro sinal precoce \u00e9 a <strong>diminui\u00e7\u00e3o da express\u00e3o facial<\/strong>, conhecida como \u201cface em m\u00e1scara\u201d, que faz com que o rosto pare\u00e7a menos expressivo. Quando esse sintoma aparece junto com <strong>fala mais baixa ou lenta<\/strong>, \u00e9 recomend\u00e1vel procurar orienta\u00e7\u00e3o m\u00e9dica.<\/p>\n<p data-start=\"2450\" data-end=\"2715\"><strong>Problemas de equil\u00edbrio, instabilidade ao caminhar ou altera\u00e7\u00f5es na postura<\/strong> tamb\u00e9m podem surgir gradualmente. Embora isoladamente pare\u00e7am pouco espec\u00edficos, quando combinados podem formar um conjunto de sinais importantes para a identifica\u00e7\u00e3o precoce da doen\u00e7a.<\/p>\n<p data-start=\"3014\" data-end=\"3276\" data-is-last-node=\"\" data-is-only-node=\"\">Identificar esses sinais precocemente pode contribuir para interven\u00e7\u00f5es mais r\u00e1pidas e melhorar o manejo da doen\u00e7a ao longo do tempo.<\/p>\n","protected":false},"excerpt":{"rendered":"<p>Nos \u00faltimos anos, o n\u00famero de diagn\u00f3sticos da doen\u00e7a de Parkinson tem aumentado de forma significativa em todo o mundo. Proje\u00e7\u00f5es indicam que essa tend\u00eancia deve continuar nas pr\u00f3ximas d\u00e9cadas. A Organiza\u00e7\u00e3o Mundial da Sa\u00fade (OMS) estima que, at\u00e9 2050, a quantidade de pessoas vivendo com a doen\u00e7a pode dobrar, principalmente em raz\u00e3o do envelhecimento [&hellip;]<\/p>\n","protected":false},"author":5,"featured_media":33755,"comment_status":"open","ping_status":"open","sticky":false,"template":"","format":"standard","meta":{"jnews-multi-image_gallery":[],"jnews_single_post":{"subtitle":"","format":"standard","jnews_video_option_group":[[]],"override":[{"template":"2","parallax":"1","fullscreen":"1","layout":"right-sidebar","sidebar":"default-sidebar","second_sidebar":"default-sidebar","sticky_sidebar":"1","share_position":"hide","share_float_style":"share-monocrhome","show_featured":"1","show_post_meta":"1","show_post_author":"1","show_post_date":"1","post_date_format":"default","post_date_format_custom":"Y\/m\/d","show_post_category":"1","show_post_reading_time":"0","post_reading_time_wpm":"300","post_calculate_word_method":"str_word_count","show_zoom_button":"0","zoom_button_out_step":"2","zoom_button_in_step":"3","show_post_tag":"1","show_popup_post":"1","number_popup_post":"1","show_author_box":"1","show_post_related":"0"}],"image_override":[{"single_post_thumbnail_size":"crop-500","single_post_gallery_size":"crop-500"}],"trending_post_position":"meta","trending_post_label":"Trending","sponsored_post_label":"Sponsored by","disable_ad":"0"},"jnews_primary_category":[],"jnews_override_counter":{"view_counter_number":"0","share_counter_number":"0","like_counter_number":"0","dislike_counter_number":"0"},"jnews_post_split":{"post_split":[{"template":"1","tag":"h2","numbering":"asc","mode":"normal","first":"0","enable_toc":"0","toc_type":"normal"}]},"footnotes":""},"categories":[1],"tags":[1575,234,1006],"class_list":["post-33754","post","type-post","status-publish","format-standard","has-post-thumbnail","hentry","category-geral","tag-parkinson","tag-saude","tag-sintomas"],"yoast_head":"<!-- This site is optimized with the Yoast SEO plugin v25.0 - https:\/\/yoast.com\/wordpress\/plugins\/seo\/ -->\n<title>Os primeiros sinais de alerta da doen\u00e7a de Parkinson que voc\u00ea pode n\u00e3o perceber<\/title>\n<meta name=\"robots\" content=\"index, follow, max-snippet:-1, max-image-preview:large, max-video-preview:-1\" \/>\n<link rel=\"canonical\" href=\"https:\/\/crusoe.audiencelabs.com.br\/os-primeiros-sinais-de-alerta-da-doenca-de-parkinson-que-voce-pode-nao-perceber\/\" \/>\n<meta property=\"og:locale\" content=\"pt_BR\" \/>\n<meta property=\"og:type\" content=\"article\" \/>\n<meta property=\"og:title\" content=\"Os primeiros sinais de alerta da doen\u00e7a de Parkinson que voc\u00ea pode n\u00e3o perceber\" \/>\n<meta property=\"og:description\" content=\"Nos \u00faltimos anos, o n\u00famero de diagn\u00f3sticos da doen\u00e7a de Parkinson tem aumentado de forma significativa em todo o mundo. Proje\u00e7\u00f5es indicam que essa tend\u00eancia deve continuar nas pr\u00f3ximas d\u00e9cadas. A Organiza\u00e7\u00e3o Mundial da Sa\u00fade (OMS) estima que, at\u00e9 2050, a quantidade de pessoas vivendo com a doen\u00e7a pode dobrar, principalmente em raz\u00e3o do envelhecimento [&hellip;]\" \/>\n<meta property=\"og:url\" content=\"https:\/\/crusoe.audiencelabs.com.br\/os-primeiros-sinais-de-alerta-da-doenca-de-parkinson-que-voce-pode-nao-perceber\/\" \/>\n<meta property=\"og:site_name\" content=\"Variedades - Cruso\u00e9\" \/>\n<meta property=\"article:published_time\" content=\"2026-03-15T11:39:15+00:00\" \/>\n<meta property=\"og:image\" content=\"https:\/\/cdn.crusoe.com.br\/uploads\/2026\/03\/pexels-kindelmedia-8173233-scaled.jpg\" \/>\n\t<meta property=\"og:image:width\" content=\"2560\" \/>\n\t<meta property=\"og:image:height\" content=\"1920\" \/>\n\t<meta property=\"og:image:type\" content=\"image\/jpeg\" \/>\n<meta name=\"author\" content=\"Milena Armando\" \/>\n<meta name=\"twitter:card\" content=\"summary_large_image\" \/>\n<meta name=\"twitter:label1\" content=\"Escrito por\" \/>\n\t<meta name=\"twitter:data1\" content=\"Milena Armando\" \/>\n\t<meta name=\"twitter:label2\" content=\"Est. tempo de leitura\" \/>\n\t<meta name=\"twitter:data2\" content=\"3 minutos\" \/>\n<script type=\"application\/ld+json\" class=\"yoast-schema-graph\">{\"@context\":\"https:\/\/schema.org\",\"@graph\":[{\"@type\":\"WebPage\",\"@id\":\"https:\/\/crusoe.audiencelabs.com.br\/os-primeiros-sinais-de-alerta-da-doenca-de-parkinson-que-voce-pode-nao-perceber\/\",\"url\":\"https:\/\/crusoe.audiencelabs.com.br\/os-primeiros-sinais-de-alerta-da-doenca-de-parkinson-que-voce-pode-nao-perceber\/\",\"name\":\"Os primeiros sinais de alerta da doen\u00e7a de Parkinson que voc\u00ea pode n\u00e3o perceber\",\"isPartOf\":{\"@id\":\"https:\/\/crusoe.audiencelabs.com.br\/#website\"},\"primaryImageOfPage\":{\"@id\":\"https:\/\/crusoe.audiencelabs.com.br\/os-primeiros-sinais-de-alerta-da-doenca-de-parkinson-que-voce-pode-nao-perceber\/#primaryimage\"},\"image\":{\"@id\":\"https:\/\/crusoe.audiencelabs.com.br\/os-primeiros-sinais-de-alerta-da-doenca-de-parkinson-que-voce-pode-nao-perceber\/#primaryimage\"},\"thumbnailUrl\":\"https:\/\/cdn.crusoe.com.br\/uploads\/2026\/03\/pexels-kindelmedia-8173233-scaled.jpg\",\"datePublished\":\"2026-03-15T11:39:15+00:00\",\"author\":{\"@id\":\"https:\/\/crusoe.audiencelabs.com.br\/#\/schema\/person\/f87f73cfe89e5360de2c006bd4bd6a74\"},\"breadcrumb\":{\"@id\":\"https:\/\/crusoe.audiencelabs.com.br\/os-primeiros-sinais-de-alerta-da-doenca-de-parkinson-que-voce-pode-nao-perceber\/#breadcrumb\"},\"inLanguage\":\"pt-BR\",\"potentialAction\":[{\"@type\":\"ReadAction\",\"target\":[\"https:\/\/crusoe.audiencelabs.com.br\/os-primeiros-sinais-de-alerta-da-doenca-de-parkinson-que-voce-pode-nao-perceber\/\"]}]},{\"@type\":\"ImageObject\",\"inLanguage\":\"pt-BR\",\"@id\":\"https:\/\/crusoe.audiencelabs.com.br\/os-primeiros-sinais-de-alerta-da-doenca-de-parkinson-que-voce-pode-nao-perceber\/#primaryimage\",\"url\":\"https:\/\/cdn.crusoe.com.br\/uploads\/2026\/03\/pexels-kindelmedia-8173233-scaled.jpg\",\"contentUrl\":\"https:\/\/cdn.crusoe.com.br\/uploads\/2026\/03\/pexels-kindelmedia-8173233-scaled.jpg\",\"width\":2560,\"height\":1920,\"caption\":\"Reprodu\u00e7\u00e3o: Pexels\/ Kindel Media\"},{\"@type\":\"BreadcrumbList\",\"@id\":\"https:\/\/crusoe.audiencelabs.com.br\/os-primeiros-sinais-de-alerta-da-doenca-de-parkinson-que-voce-pode-nao-perceber\/#breadcrumb\",\"itemListElement\":[{\"@type\":\"ListItem\",\"position\":1,\"name\":\"Home\",\"item\":\"https:\/\/crusoe.audiencelabs.com.br\/\"},{\"@type\":\"ListItem\",\"position\":2,\"name\":\"Os primeiros sinais de alerta da doen\u00e7a de Parkinson que voc\u00ea pode n\u00e3o perceber\"}]},{\"@type\":\"WebSite\",\"@id\":\"https:\/\/crusoe.audiencelabs.com.br\/#website\",\"url\":\"https:\/\/crusoe.audiencelabs.com.br\/\",\"name\":\"Variedades - Cruso\u00e9\",\"description\":\"\",\"potentialAction\":[{\"@type\":\"SearchAction\",\"target\":{\"@type\":\"EntryPoint\",\"urlTemplate\":\"https:\/\/crusoe.audiencelabs.com.br\/?s={search_term_string}\"},\"query-input\":{\"@type\":\"PropertyValueSpecification\",\"valueRequired\":true,\"valueName\":\"search_term_string\"}}],\"inLanguage\":\"pt-BR\"},{\"@type\":\"Person\",\"@id\":\"https:\/\/crusoe.audiencelabs.com.br\/#\/schema\/person\/f87f73cfe89e5360de2c006bd4bd6a74\",\"name\":\"Milena Armando\",\"image\":{\"@type\":\"ImageObject\",\"inLanguage\":\"pt-BR\",\"@id\":\"https:\/\/crusoe.audiencelabs.com.br\/#\/schema\/person\/image\/\",\"url\":\"https:\/\/secure.gravatar.com\/avatar\/ea14ecddc9e9d202b698b18f9f69e09c9fd74cfbed5c6008d55f11faefdbdab7?s=96&d=mm&r=g\",\"contentUrl\":\"https:\/\/secure.gravatar.com\/avatar\/ea14ecddc9e9d202b698b18f9f69e09c9fd74cfbed5c6008d55f11faefdbdab7?s=96&d=mm&r=g\",\"caption\":\"Milena Armando\"},\"description\":\"Jornalista, redatora e revisora.\",\"url\":\"https:\/\/crusoe.audiencelabs.com.br\/author\/milena\/\"}]}<\/script>\n<!-- \/ Yoast SEO plugin. -->","yoast_head_json":{"title":"Os primeiros sinais de alerta da doen\u00e7a de Parkinson que voc\u00ea pode n\u00e3o perceber","robots":{"index":"index","follow":"follow","max-snippet":"max-snippet:-1","max-image-preview":"max-image-preview:large","max-video-preview":"max-video-preview:-1"},"canonical":"https:\/\/crusoe.audiencelabs.com.br\/os-primeiros-sinais-de-alerta-da-doenca-de-parkinson-que-voce-pode-nao-perceber\/","og_locale":"pt_BR","og_type":"article","og_title":"Os primeiros sinais de alerta da doen\u00e7a de Parkinson que voc\u00ea pode n\u00e3o perceber","og_description":"Nos \u00faltimos anos, o n\u00famero de diagn\u00f3sticos da doen\u00e7a de Parkinson tem aumentado de forma significativa em todo o mundo. Proje\u00e7\u00f5es indicam que essa tend\u00eancia deve continuar nas pr\u00f3ximas d\u00e9cadas. A Organiza\u00e7\u00e3o Mundial da Sa\u00fade (OMS) estima que, at\u00e9 2050, a quantidade de pessoas vivendo com a doen\u00e7a pode dobrar, principalmente em raz\u00e3o do envelhecimento [&hellip;]","og_url":"https:\/\/crusoe.audiencelabs.com.br\/os-primeiros-sinais-de-alerta-da-doenca-de-parkinson-que-voce-pode-nao-perceber\/","og_site_name":"Variedades - Cruso\u00e9","article_published_time":"2026-03-15T11:39:15+00:00","og_image":[{"width":2560,"height":1920,"url":"https:\/\/cdn.crusoe.com.br\/uploads\/2026\/03\/pexels-kindelmedia-8173233-scaled.jpg","type":"image\/jpeg"}],"author":"Milena Armando","twitter_card":"summary_large_image","twitter_misc":{"Escrito por":"Milena Armando","Est. tempo de leitura":"3 minutos"},"schema":{"@context":"https:\/\/schema.org","@graph":[{"@type":"WebPage","@id":"https:\/\/crusoe.audiencelabs.com.br\/os-primeiros-sinais-de-alerta-da-doenca-de-parkinson-que-voce-pode-nao-perceber\/","url":"https:\/\/crusoe.audiencelabs.com.br\/os-primeiros-sinais-de-alerta-da-doenca-de-parkinson-que-voce-pode-nao-perceber\/","name":"Os primeiros sinais de alerta da doen\u00e7a de Parkinson que voc\u00ea pode n\u00e3o perceber","isPartOf":{"@id":"https:\/\/crusoe.audiencelabs.com.br\/#website"},"primaryImageOfPage":{"@id":"https:\/\/crusoe.audiencelabs.com.br\/os-primeiros-sinais-de-alerta-da-doenca-de-parkinson-que-voce-pode-nao-perceber\/#primaryimage"},"image":{"@id":"https:\/\/crusoe.audiencelabs.com.br\/os-primeiros-sinais-de-alerta-da-doenca-de-parkinson-que-voce-pode-nao-perceber\/#primaryimage"},"thumbnailUrl":"https:\/\/cdn.crusoe.com.br\/uploads\/2026\/03\/pexels-kindelmedia-8173233-scaled.jpg","datePublished":"2026-03-15T11:39:15+00:00","author":{"@id":"https:\/\/crusoe.audiencelabs.com.br\/#\/schema\/person\/f87f73cfe89e5360de2c006bd4bd6a74"},"breadcrumb":{"@id":"https:\/\/crusoe.audiencelabs.com.br\/os-primeiros-sinais-de-alerta-da-doenca-de-parkinson-que-voce-pode-nao-perceber\/#breadcrumb"},"inLanguage":"pt-BR","potentialAction":[{"@type":"ReadAction","target":["https:\/\/crusoe.audiencelabs.com.br\/os-primeiros-sinais-de-alerta-da-doenca-de-parkinson-que-voce-pode-nao-perceber\/"]}]},{"@type":"ImageObject","inLanguage":"pt-BR","@id":"https:\/\/crusoe.audiencelabs.com.br\/os-primeiros-sinais-de-alerta-da-doenca-de-parkinson-que-voce-pode-nao-perceber\/#primaryimage","url":"https:\/\/cdn.crusoe.com.br\/uploads\/2026\/03\/pexels-kindelmedia-8173233-scaled.jpg","contentUrl":"https:\/\/cdn.crusoe.com.br\/uploads\/2026\/03\/pexels-kindelmedia-8173233-scaled.jpg","width":2560,"height":1920,"caption":"Reprodu\u00e7\u00e3o: Pexels\/ Kindel Media"},{"@type":"BreadcrumbList","@id":"https:\/\/crusoe.audiencelabs.com.br\/os-primeiros-sinais-de-alerta-da-doenca-de-parkinson-que-voce-pode-nao-perceber\/#breadcrumb","itemListElement":[{"@type":"ListItem","position":1,"name":"Home","item":"https:\/\/crusoe.audiencelabs.com.br\/"},{"@type":"ListItem","position":2,"name":"Os primeiros sinais de alerta da doen\u00e7a de Parkinson que voc\u00ea pode n\u00e3o perceber"}]},{"@type":"WebSite","@id":"https:\/\/crusoe.audiencelabs.com.br\/#website","url":"https:\/\/crusoe.audiencelabs.com.br\/","name":"Variedades - Cruso\u00e9","description":"","potentialAction":[{"@type":"SearchAction","target":{"@type":"EntryPoint","urlTemplate":"https:\/\/crusoe.audiencelabs.com.br\/?s={search_term_string}"},"query-input":{"@type":"PropertyValueSpecification","valueRequired":true,"valueName":"search_term_string"}}],"inLanguage":"pt-BR"},{"@type":"Person","@id":"https:\/\/crusoe.audiencelabs.com.br\/#\/schema\/person\/f87f73cfe89e5360de2c006bd4bd6a74","name":"Milena Armando","image":{"@type":"ImageObject","inLanguage":"pt-BR","@id":"https:\/\/crusoe.audiencelabs.com.br\/#\/schema\/person\/image\/","url":"https:\/\/secure.gravatar.com\/avatar\/ea14ecddc9e9d202b698b18f9f69e09c9fd74cfbed5c6008d55f11faefdbdab7?s=96&d=mm&r=g","contentUrl":"https:\/\/secure.gravatar.com\/avatar\/ea14ecddc9e9d202b698b18f9f69e09c9fd74cfbed5c6008d55f11faefdbdab7?s=96&d=mm&r=g","caption":"Milena Armando"},"description":"Jornalista, redatora e revisora.","url":"https:\/\/crusoe.audiencelabs.com.br\/author\/milena\/"}]}},"_links":{"self":[{"href":"https:\/\/crusoe.audiencelabs.com.br\/wp-json\/wp\/v2\/posts\/33754","targetHints":{"allow":["GET"]}}],"collection":[{"href":"https:\/\/crusoe.audiencelabs.com.br\/wp-json\/wp\/v2\/posts"}],"about":[{"href":"https:\/\/crusoe.audiencelabs.com.br\/wp-json\/wp\/v2\/types\/post"}],"author":[{"embeddable":true,"href":"https:\/\/crusoe.audiencelabs.com.br\/wp-json\/wp\/v2\/users\/5"}],"replies":[{"embeddable":true,"href":"https:\/\/crusoe.audiencelabs.com.br\/wp-json\/wp\/v2\/comments?post=33754"}],"version-history":[{"count":3,"href":"https:\/\/crusoe.audiencelabs.com.br\/wp-json\/wp\/v2\/posts\/33754\/revisions"}],"predecessor-version":[{"id":34131,"href":"https:\/\/crusoe.audiencelabs.com.br\/wp-json\/wp\/v2\/posts\/33754\/revisions\/34131"}],"wp:featuredmedia":[{"embeddable":true,"href":"https:\/\/crusoe.audiencelabs.com.br\/wp-json\/wp\/v2\/media\/33755"}],"wp:attachment":[{"href":"https:\/\/crusoe.audiencelabs.com.br\/wp-json\/wp\/v2\/media?parent=33754"}],"wp:term":[{"taxonomy":"category","embeddable":true,"href":"https:\/\/crusoe.audiencelabs.com.br\/wp-json\/wp\/v2\/categories?post=33754"},{"taxonomy":"post_tag","embeddable":true,"href":"https:\/\/crusoe.audiencelabs.com.br\/wp-json\/wp\/v2\/tags?post=33754"}],"curies":[{"name":"wp","href":"https:\/\/api.w.org\/{rel}","templated":true}]}}