{"id":33747,"date":"2026-03-15T07:33:51","date_gmt":"2026-03-15T10:33:51","guid":{"rendered":"https:\/\/crusoe.audiencelabs.com.br\/?p=33747"},"modified":"2026-03-13T08:57:46","modified_gmt":"2026-03-13T11:57:46","slug":"substancia-que-nao-vemos-no-ar-pode-provocar-mudancas-no-corpo-humano-diz-estudo","status":"publish","type":"post","link":"https:\/\/crusoe.audiencelabs.com.br\/substancia-que-nao-vemos-no-ar-pode-provocar-mudancas-no-corpo-humano-diz-estudo\/","title":{"rendered":"Subst\u00e2ncia que n\u00e3o vemos no ar pode provocar mudan\u00e7as no corpo humano, diz estudo"},"content":{"rendered":"<p><span style=\"font-weight: 400\">A<strong> polui\u00e7\u00e3o do ar<\/strong> \u00e9 um problema global que afeta cerca de<strong> 99% da popula\u00e7\u00e3o mundial<\/strong>, segundo a Organiza\u00e7\u00e3o Mundial da Sa\u00fade (OMS). Isso significa que praticamente todas as pessoas respiram ar com n\u00edveis de poluentes acima dos limites considerados seguros.<\/span><\/p>\n<p><span style=\"font-weight: 400\">Entre os principais respons\u00e1veis por esse cen\u00e1rio est\u00e3o as <strong>part\u00edculas PM2.5<\/strong>, que possuem di\u00e2metro de 2,5 micr\u00f4metros ou menos. <\/span><\/p>\n<p><span style=\"font-weight: 400\">Por serem extremamente pequenas, elas conseguem penetrar <\/span><span style=\"font-weight: 400\">no sistema respirat\u00f3rio e alcan\u00e7ar a corrente sangu\u00ednea, aumentando os riscos para a sa\u00fade. <\/span><span style=\"font-weight: 400\">Estudos indicam que essas part\u00edculas n\u00e3o afetam apenas os pulm\u00f5es, mas tamb\u00e9m podem causar impactos diretos no c\u00e9rebro.<\/span><\/p>\n<p><span style=\"font-weight: 400\">Nos \u00faltimos anos, a situa\u00e7\u00e3o tem se agravado devido a fatores como inc\u00eandios florestais, que elevam a concentra\u00e7\u00e3o de poluentes na atmosfera. <\/span><span style=\"font-weight: 400\">Pa\u00edses como Brasil, Estados Unidos e Canad\u00e1 j\u00e1 enfrentaram epis\u00f3dios de polui\u00e7\u00e3o intensa associados a queimadas.\u00a0<\/span><\/p>\n<h2><span style=\"font-weight: 400\">O efeito invis\u00edvel: como o ar polu\u00eddo afeta o c\u00e9rebro<\/span><\/h2>\n<p><span style=\"font-weight: 400\">Pesquisas apontam que a polui\u00e7\u00e3o do ar pode provocar processos inflamat\u00f3rios no organismo, capazes de comprometer conex\u00f5es neurais. Esse mecanismo est\u00e1 associado ao aumento do risco de doen\u00e7as neurodegenerativas e transtornos mentais.<\/span><\/p>\n<p><span style=\"font-weight: 400\">Tradicionalmente, os efeitos da polui\u00e7\u00e3o eram relacionados principalmente a problemas respirat\u00f3rios e cardiovasculares. No entanto, evid\u00eancias cient\u00edficas mais recentes mostram que o impacto pode se estender tamb\u00e9m \u00e0<strong> sa\u00fade mental<\/strong>.<\/span><\/p>\n<p><span style=\"font-weight: 400\">Essas inflama\u00e7\u00f5es podem agravar condi\u00e7\u00f5es j\u00e1 existentes, como depress\u00e3o e ansiedade, revelando que os efeitos da polui\u00e7\u00e3o atmosf\u00e9rica v\u00e3o muito al\u00e9m dos danos f\u00edsicos.\u00a0<\/span><\/p>\n<h2><span style=\"font-weight: 400\">Inc\u00eandios florestais e a piora da qualidade do ar<\/span><\/h2>\n<p><span style=\"font-weight: 400\">Os inc\u00eandios florestais s\u00e3o um dos principais fatores que contribuem para o aumento das part\u00edculas PM2.5 na atmosfera. Durante as queimadas, grandes quantidades de fuma\u00e7a e compostos t\u00f3xicos s\u00e3o liberadas no ar, deteriorando rapidamente a qualidade do ambiente.<\/span><\/p>\n<p><span style=\"font-weight: 400\">Com o avan\u00e7o das mudan\u00e7as clim\u00e1ticas, especialistas alertam que esses inc\u00eandios tendem a se tornar mais frequentes e intensos, ampliando a exposi\u00e7\u00e3o da popula\u00e7\u00e3o a n\u00edveis perigosos de polui\u00e7\u00e3o.<\/span><\/p>\n<p><span style=\"font-weight: 400\">No Brasil, especialmente na Amaz\u00f4nia, a situa\u00e7\u00e3o preocupa. As queimadas n\u00e3o afetam apenas as regi\u00f5es pr\u00f3ximas, mas tamb\u00e9m podem influenciar a qualidade do ar em \u00e1reas distantes e at\u00e9 em outros pa\u00edses.<\/span><\/p>\n<h2><span style=\"font-weight: 400\">Medidas para reduzir os riscos<\/span><\/h2>\n<p><span style=\"font-weight: 400\">Embora a exposi\u00e7\u00e3o \u00e0 polui\u00e7\u00e3o do ar seja praticamente inevit\u00e1vel, algumas medidas podem ajudar a reduzir seus efeitos.\u00a0<\/span><\/p>\n<p><span style=\"font-weight: 400\">Entre elas est\u00e3o o uso de m\u00e1scaras com filtros adequados, a instala\u00e7\u00e3o de purificadores de ar em ambientes fechados e a ado\u00e7\u00e3o de pol\u00edticas p\u00fablicas voltadas \u00e0 redu\u00e7\u00e3o das emiss\u00f5es de poluentes.<\/span><\/p>\n<p><span style=\"font-weight: 400\">Al\u00e9m disso, a conscientiza\u00e7\u00e3o da popula\u00e7\u00e3o \u00e9 fundamental para estimular a\u00e7\u00f5es governamentais mais eficazes e incentivar pr\u00e1ticas sustent\u00e1veis<\/span><span style=\"font-weight: 400\">.\u00a0<\/span><\/p>\n","protected":false},"excerpt":{"rendered":"<p>A polui\u00e7\u00e3o do ar \u00e9 um problema global que afeta cerca de 99% da popula\u00e7\u00e3o mundial, segundo a Organiza\u00e7\u00e3o Mundial da Sa\u00fade (OMS). Isso significa que praticamente todas as pessoas respiram ar com n\u00edveis de poluentes acima dos limites considerados seguros. Entre os principais respons\u00e1veis por esse cen\u00e1rio est\u00e3o as part\u00edculas PM2.5, que possuem di\u00e2metro [&hellip;]<\/p>\n","protected":false},"author":5,"featured_media":33749,"comment_status":"open","ping_status":"open","sticky":false,"template":"","format":"standard","meta":{"jnews-multi-image_gallery":[],"jnews_single_post":{"subtitle":"","format":"standard","jnews_video_option_group":[[]],"override":[{"template":"2","parallax":"1","fullscreen":"1","layout":"right-sidebar","sidebar":"default-sidebar","second_sidebar":"default-sidebar","sticky_sidebar":"1","share_position":"hide","share_float_style":"share-monocrhome","show_featured":"1","show_post_meta":"1","show_post_author":"1","show_post_date":"1","post_date_format":"default","post_date_format_custom":"Y\/m\/d","show_post_category":"1","show_post_reading_time":"0","post_reading_time_wpm":"300","post_calculate_word_method":"str_word_count","show_zoom_button":"0","zoom_button_out_step":"2","zoom_button_in_step":"3","show_post_tag":"1","show_popup_post":"1","number_popup_post":"1","show_author_box":"1","show_post_related":"0"}],"image_override":[{"single_post_thumbnail_size":"crop-500","single_post_gallery_size":"crop-500"}],"trending_post_position":"meta","trending_post_label":"Trending","sponsored_post_label":"Sponsored by","disable_ad":"0"},"jnews_primary_category":[],"jnews_override_counter":{"view_counter_number":"0","share_counter_number":"0","like_counter_number":"0","dislike_counter_number":"0"},"jnews_post_split":{"post_split":[{"template":"1","tag":"h2","numbering":"asc","mode":"normal","first":"0","enable_toc":"0","toc_type":"normal"}]},"footnotes":""},"categories":[1],"tags":[6126,234],"class_list":["post-33747","post","type-post","status-publish","format-standard","has-post-thumbnail","hentry","category-geral","tag-poluicao-do-ar","tag-saude"],"yoast_head":"<!-- This site is optimized with the Yoast SEO plugin v25.0 - https:\/\/yoast.com\/wordpress\/plugins\/seo\/ -->\n<title>Subst\u00e2ncia que n\u00e3o vemos no ar pode provocar mudan\u00e7as no corpo humano, diz estudo<\/title>\n<meta name=\"robots\" content=\"index, follow, max-snippet:-1, max-image-preview:large, max-video-preview:-1\" \/>\n<link rel=\"canonical\" href=\"https:\/\/crusoe.audiencelabs.com.br\/substancia-que-nao-vemos-no-ar-pode-provocar-mudancas-no-corpo-humano-diz-estudo\/\" \/>\n<meta property=\"og:locale\" content=\"pt_BR\" \/>\n<meta property=\"og:type\" content=\"article\" \/>\n<meta property=\"og:title\" content=\"Subst\u00e2ncia que n\u00e3o vemos no ar pode provocar mudan\u00e7as no corpo humano, diz estudo\" \/>\n<meta property=\"og:description\" content=\"A polui\u00e7\u00e3o do ar \u00e9 um problema global que afeta cerca de 99% da popula\u00e7\u00e3o mundial, segundo a Organiza\u00e7\u00e3o Mundial da Sa\u00fade (OMS). Isso significa que praticamente todas as pessoas respiram ar com n\u00edveis de poluentes acima dos limites considerados seguros. Entre os principais respons\u00e1veis por esse cen\u00e1rio est\u00e3o as part\u00edculas PM2.5, que possuem di\u00e2metro [&hellip;]\" \/>\n<meta property=\"og:url\" content=\"https:\/\/crusoe.audiencelabs.com.br\/substancia-que-nao-vemos-no-ar-pode-provocar-mudancas-no-corpo-humano-diz-estudo\/\" \/>\n<meta property=\"og:site_name\" content=\"Variedades - Cruso\u00e9\" \/>\n<meta property=\"article:published_time\" content=\"2026-03-15T10:33:51+00:00\" \/>\n<meta property=\"og:image\" content=\"https:\/\/cdn.crusoe.com.br\/uploads\/2026\/03\/pexels-walking-30119623-scaled.jpg\" \/>\n\t<meta property=\"og:image:width\" content=\"2560\" \/>\n\t<meta property=\"og:image:height\" content=\"1582\" \/>\n\t<meta property=\"og:image:type\" content=\"image\/jpeg\" \/>\n<meta name=\"author\" content=\"Milena Armando\" \/>\n<meta name=\"twitter:card\" content=\"summary_large_image\" \/>\n<meta name=\"twitter:label1\" content=\"Escrito por\" \/>\n\t<meta name=\"twitter:data1\" content=\"Milena Armando\" \/>\n\t<meta name=\"twitter:label2\" content=\"Est. tempo de leitura\" \/>\n\t<meta name=\"twitter:data2\" content=\"3 minutos\" \/>\n<script type=\"application\/ld+json\" class=\"yoast-schema-graph\">{\"@context\":\"https:\/\/schema.org\",\"@graph\":[{\"@type\":\"WebPage\",\"@id\":\"https:\/\/crusoe.audiencelabs.com.br\/substancia-que-nao-vemos-no-ar-pode-provocar-mudancas-no-corpo-humano-diz-estudo\/\",\"url\":\"https:\/\/crusoe.audiencelabs.com.br\/substancia-que-nao-vemos-no-ar-pode-provocar-mudancas-no-corpo-humano-diz-estudo\/\",\"name\":\"Subst\u00e2ncia que n\u00e3o vemos no ar pode provocar mudan\u00e7as no corpo humano, diz estudo\",\"isPartOf\":{\"@id\":\"https:\/\/crusoe.audiencelabs.com.br\/#website\"},\"primaryImageOfPage\":{\"@id\":\"https:\/\/crusoe.audiencelabs.com.br\/substancia-que-nao-vemos-no-ar-pode-provocar-mudancas-no-corpo-humano-diz-estudo\/#primaryimage\"},\"image\":{\"@id\":\"https:\/\/crusoe.audiencelabs.com.br\/substancia-que-nao-vemos-no-ar-pode-provocar-mudancas-no-corpo-humano-diz-estudo\/#primaryimage\"},\"thumbnailUrl\":\"https:\/\/cdn.crusoe.com.br\/uploads\/2026\/03\/pexels-walking-30119623-scaled.jpg\",\"datePublished\":\"2026-03-15T10:33:51+00:00\",\"author\":{\"@id\":\"https:\/\/crusoe.audiencelabs.com.br\/#\/schema\/person\/f87f73cfe89e5360de2c006bd4bd6a74\"},\"breadcrumb\":{\"@id\":\"https:\/\/crusoe.audiencelabs.com.br\/substancia-que-nao-vemos-no-ar-pode-provocar-mudancas-no-corpo-humano-diz-estudo\/#breadcrumb\"},\"inLanguage\":\"pt-BR\",\"potentialAction\":[{\"@type\":\"ReadAction\",\"target\":[\"https:\/\/crusoe.audiencelabs.com.br\/substancia-que-nao-vemos-no-ar-pode-provocar-mudancas-no-corpo-humano-diz-estudo\/\"]}]},{\"@type\":\"ImageObject\",\"inLanguage\":\"pt-BR\",\"@id\":\"https:\/\/crusoe.audiencelabs.com.br\/substancia-que-nao-vemos-no-ar-pode-provocar-mudancas-no-corpo-humano-diz-estudo\/#primaryimage\",\"url\":\"https:\/\/cdn.crusoe.com.br\/uploads\/2026\/03\/pexels-walking-30119623-scaled.jpg\",\"contentUrl\":\"https:\/\/cdn.crusoe.com.br\/uploads\/2026\/03\/pexels-walking-30119623-scaled.jpg\",\"width\":2560,\"height\":1582,\"caption\":\"Reprodu\u00e7\u00e3o: Pexels\/Andy Chi\"},{\"@type\":\"BreadcrumbList\",\"@id\":\"https:\/\/crusoe.audiencelabs.com.br\/substancia-que-nao-vemos-no-ar-pode-provocar-mudancas-no-corpo-humano-diz-estudo\/#breadcrumb\",\"itemListElement\":[{\"@type\":\"ListItem\",\"position\":1,\"name\":\"Home\",\"item\":\"https:\/\/crusoe.audiencelabs.com.br\/\"},{\"@type\":\"ListItem\",\"position\":2,\"name\":\"Subst\u00e2ncia que n\u00e3o vemos no ar pode provocar mudan\u00e7as no corpo humano, diz estudo\"}]},{\"@type\":\"WebSite\",\"@id\":\"https:\/\/crusoe.audiencelabs.com.br\/#website\",\"url\":\"https:\/\/crusoe.audiencelabs.com.br\/\",\"name\":\"Variedades - Cruso\u00e9\",\"description\":\"\",\"potentialAction\":[{\"@type\":\"SearchAction\",\"target\":{\"@type\":\"EntryPoint\",\"urlTemplate\":\"https:\/\/crusoe.audiencelabs.com.br\/?s={search_term_string}\"},\"query-input\":{\"@type\":\"PropertyValueSpecification\",\"valueRequired\":true,\"valueName\":\"search_term_string\"}}],\"inLanguage\":\"pt-BR\"},{\"@type\":\"Person\",\"@id\":\"https:\/\/crusoe.audiencelabs.com.br\/#\/schema\/person\/f87f73cfe89e5360de2c006bd4bd6a74\",\"name\":\"Milena Armando\",\"image\":{\"@type\":\"ImageObject\",\"inLanguage\":\"pt-BR\",\"@id\":\"https:\/\/crusoe.audiencelabs.com.br\/#\/schema\/person\/image\/\",\"url\":\"https:\/\/secure.gravatar.com\/avatar\/ea14ecddc9e9d202b698b18f9f69e09c9fd74cfbed5c6008d55f11faefdbdab7?s=96&d=mm&r=g\",\"contentUrl\":\"https:\/\/secure.gravatar.com\/avatar\/ea14ecddc9e9d202b698b18f9f69e09c9fd74cfbed5c6008d55f11faefdbdab7?s=96&d=mm&r=g\",\"caption\":\"Milena Armando\"},\"description\":\"Jornalista, redatora e revisora.\",\"url\":\"https:\/\/crusoe.audiencelabs.com.br\/author\/milena\/\"}]}<\/script>\n<!-- \/ Yoast SEO plugin. -->","yoast_head_json":{"title":"Subst\u00e2ncia que n\u00e3o vemos no ar pode provocar mudan\u00e7as no corpo humano, diz estudo","robots":{"index":"index","follow":"follow","max-snippet":"max-snippet:-1","max-image-preview":"max-image-preview:large","max-video-preview":"max-video-preview:-1"},"canonical":"https:\/\/crusoe.audiencelabs.com.br\/substancia-que-nao-vemos-no-ar-pode-provocar-mudancas-no-corpo-humano-diz-estudo\/","og_locale":"pt_BR","og_type":"article","og_title":"Subst\u00e2ncia que n\u00e3o vemos no ar pode provocar mudan\u00e7as no corpo humano, diz estudo","og_description":"A polui\u00e7\u00e3o do ar \u00e9 um problema global que afeta cerca de 99% da popula\u00e7\u00e3o mundial, segundo a Organiza\u00e7\u00e3o Mundial da Sa\u00fade (OMS). Isso significa que praticamente todas as pessoas respiram ar com n\u00edveis de poluentes acima dos limites considerados seguros. Entre os principais respons\u00e1veis por esse cen\u00e1rio est\u00e3o as part\u00edculas PM2.5, que possuem di\u00e2metro [&hellip;]","og_url":"https:\/\/crusoe.audiencelabs.com.br\/substancia-que-nao-vemos-no-ar-pode-provocar-mudancas-no-corpo-humano-diz-estudo\/","og_site_name":"Variedades - Cruso\u00e9","article_published_time":"2026-03-15T10:33:51+00:00","og_image":[{"width":2560,"height":1582,"url":"https:\/\/cdn.crusoe.com.br\/uploads\/2026\/03\/pexels-walking-30119623-scaled.jpg","type":"image\/jpeg"}],"author":"Milena Armando","twitter_card":"summary_large_image","twitter_misc":{"Escrito por":"Milena Armando","Est. tempo de leitura":"3 minutos"},"schema":{"@context":"https:\/\/schema.org","@graph":[{"@type":"WebPage","@id":"https:\/\/crusoe.audiencelabs.com.br\/substancia-que-nao-vemos-no-ar-pode-provocar-mudancas-no-corpo-humano-diz-estudo\/","url":"https:\/\/crusoe.audiencelabs.com.br\/substancia-que-nao-vemos-no-ar-pode-provocar-mudancas-no-corpo-humano-diz-estudo\/","name":"Subst\u00e2ncia que n\u00e3o vemos no ar pode provocar mudan\u00e7as no corpo humano, diz estudo","isPartOf":{"@id":"https:\/\/crusoe.audiencelabs.com.br\/#website"},"primaryImageOfPage":{"@id":"https:\/\/crusoe.audiencelabs.com.br\/substancia-que-nao-vemos-no-ar-pode-provocar-mudancas-no-corpo-humano-diz-estudo\/#primaryimage"},"image":{"@id":"https:\/\/crusoe.audiencelabs.com.br\/substancia-que-nao-vemos-no-ar-pode-provocar-mudancas-no-corpo-humano-diz-estudo\/#primaryimage"},"thumbnailUrl":"https:\/\/cdn.crusoe.com.br\/uploads\/2026\/03\/pexels-walking-30119623-scaled.jpg","datePublished":"2026-03-15T10:33:51+00:00","author":{"@id":"https:\/\/crusoe.audiencelabs.com.br\/#\/schema\/person\/f87f73cfe89e5360de2c006bd4bd6a74"},"breadcrumb":{"@id":"https:\/\/crusoe.audiencelabs.com.br\/substancia-que-nao-vemos-no-ar-pode-provocar-mudancas-no-corpo-humano-diz-estudo\/#breadcrumb"},"inLanguage":"pt-BR","potentialAction":[{"@type":"ReadAction","target":["https:\/\/crusoe.audiencelabs.com.br\/substancia-que-nao-vemos-no-ar-pode-provocar-mudancas-no-corpo-humano-diz-estudo\/"]}]},{"@type":"ImageObject","inLanguage":"pt-BR","@id":"https:\/\/crusoe.audiencelabs.com.br\/substancia-que-nao-vemos-no-ar-pode-provocar-mudancas-no-corpo-humano-diz-estudo\/#primaryimage","url":"https:\/\/cdn.crusoe.com.br\/uploads\/2026\/03\/pexels-walking-30119623-scaled.jpg","contentUrl":"https:\/\/cdn.crusoe.com.br\/uploads\/2026\/03\/pexels-walking-30119623-scaled.jpg","width":2560,"height":1582,"caption":"Reprodu\u00e7\u00e3o: Pexels\/Andy Chi"},{"@type":"BreadcrumbList","@id":"https:\/\/crusoe.audiencelabs.com.br\/substancia-que-nao-vemos-no-ar-pode-provocar-mudancas-no-corpo-humano-diz-estudo\/#breadcrumb","itemListElement":[{"@type":"ListItem","position":1,"name":"Home","item":"https:\/\/crusoe.audiencelabs.com.br\/"},{"@type":"ListItem","position":2,"name":"Subst\u00e2ncia que n\u00e3o vemos no ar pode provocar mudan\u00e7as no corpo humano, diz estudo"}]},{"@type":"WebSite","@id":"https:\/\/crusoe.audiencelabs.com.br\/#website","url":"https:\/\/crusoe.audiencelabs.com.br\/","name":"Variedades - Cruso\u00e9","description":"","potentialAction":[{"@type":"SearchAction","target":{"@type":"EntryPoint","urlTemplate":"https:\/\/crusoe.audiencelabs.com.br\/?s={search_term_string}"},"query-input":{"@type":"PropertyValueSpecification","valueRequired":true,"valueName":"search_term_string"}}],"inLanguage":"pt-BR"},{"@type":"Person","@id":"https:\/\/crusoe.audiencelabs.com.br\/#\/schema\/person\/f87f73cfe89e5360de2c006bd4bd6a74","name":"Milena Armando","image":{"@type":"ImageObject","inLanguage":"pt-BR","@id":"https:\/\/crusoe.audiencelabs.com.br\/#\/schema\/person\/image\/","url":"https:\/\/secure.gravatar.com\/avatar\/ea14ecddc9e9d202b698b18f9f69e09c9fd74cfbed5c6008d55f11faefdbdab7?s=96&d=mm&r=g","contentUrl":"https:\/\/secure.gravatar.com\/avatar\/ea14ecddc9e9d202b698b18f9f69e09c9fd74cfbed5c6008d55f11faefdbdab7?s=96&d=mm&r=g","caption":"Milena Armando"},"description":"Jornalista, redatora e revisora.","url":"https:\/\/crusoe.audiencelabs.com.br\/author\/milena\/"}]}},"_links":{"self":[{"href":"https:\/\/crusoe.audiencelabs.com.br\/wp-json\/wp\/v2\/posts\/33747","targetHints":{"allow":["GET"]}}],"collection":[{"href":"https:\/\/crusoe.audiencelabs.com.br\/wp-json\/wp\/v2\/posts"}],"about":[{"href":"https:\/\/crusoe.audiencelabs.com.br\/wp-json\/wp\/v2\/types\/post"}],"author":[{"embeddable":true,"href":"https:\/\/crusoe.audiencelabs.com.br\/wp-json\/wp\/v2\/users\/5"}],"replies":[{"embeddable":true,"href":"https:\/\/crusoe.audiencelabs.com.br\/wp-json\/wp\/v2\/comments?post=33747"}],"version-history":[{"count":3,"href":"https:\/\/crusoe.audiencelabs.com.br\/wp-json\/wp\/v2\/posts\/33747\/revisions"}],"predecessor-version":[{"id":34127,"href":"https:\/\/crusoe.audiencelabs.com.br\/wp-json\/wp\/v2\/posts\/33747\/revisions\/34127"}],"wp:featuredmedia":[{"embeddable":true,"href":"https:\/\/crusoe.audiencelabs.com.br\/wp-json\/wp\/v2\/media\/33749"}],"wp:attachment":[{"href":"https:\/\/crusoe.audiencelabs.com.br\/wp-json\/wp\/v2\/media?parent=33747"}],"wp:term":[{"taxonomy":"category","embeddable":true,"href":"https:\/\/crusoe.audiencelabs.com.br\/wp-json\/wp\/v2\/categories?post=33747"},{"taxonomy":"post_tag","embeddable":true,"href":"https:\/\/crusoe.audiencelabs.com.br\/wp-json\/wp\/v2\/tags?post=33747"}],"curies":[{"name":"wp","href":"https:\/\/api.w.org\/{rel}","templated":true}]}}