{"id":33722,"date":"2026-03-14T20:38:16","date_gmt":"2026-03-14T23:38:16","guid":{"rendered":"https:\/\/crusoe.audiencelabs.com.br\/?p=33722"},"modified":"2026-03-13T08:46:27","modified_gmt":"2026-03-13T11:46:27","slug":"nem-sempre-e-postura-dor-nas-costas-pode-indicar-reacao-do-corpo-contra-um-cancer","status":"publish","type":"post","link":"https:\/\/crusoe.audiencelabs.com.br\/nem-sempre-e-postura-dor-nas-costas-pode-indicar-reacao-do-corpo-contra-um-cancer\/","title":{"rendered":"Nem sempre \u00e9 postura: dor nas costas pode indicar rea\u00e7\u00e3o do corpo contra um c\u00e2ncer"},"content":{"rendered":"<p data-start=\"0\" data-end=\"435\">O tenista e educador f\u00edsico<a href=\"https:\/\/www.instagram.com\/rodrigobulso\/\"> Rodrigo Bulso<\/a>, de 33 anos, passou por uma mudan\u00e7a profunda em sua vida ap\u00f3s descobrir um<strong> melanoma raro<\/strong>.<\/p>\n<p data-start=\"0\" data-end=\"435\">Tudo come\u00e7ou com uma<strong> dor persistente nas costas<\/strong>. Ao procurar atendimento m\u00e9dico, o problema inicialmente foi tratado como uma poss\u00edvel les\u00e3o muscular.<\/p>\n<p data-start=\"0\" data-end=\"435\">No entanto, exames mais detalhados revelaram uma <strong>fratura vertebral provocada por c\u00e2ncer metast\u00e1tico<\/strong>, o que levou ao diagn\u00f3stico de <strong>melanoma amelan\u00f3tico<\/strong>.<\/p>\n<h2 data-section-id=\"10xzmn9\" data-start=\"437\" data-end=\"466\">Um diagn\u00f3stico complexo<\/h2>\n<p data-start=\"467\" data-end=\"753\">Exames de imagem indicaram que a doen\u00e7a j\u00e1 havia se espalhado para outras partes do corpo, incluindo pulm\u00f5es e f\u00edgado.<\/p>\n<p data-start=\"467\" data-end=\"753\">O diagn\u00f3stico trouxe um choque inicial para Rodrigo, mas an\u00e1lises posteriores confirmaram tratar-se de um melanoma sem a pigmenta\u00e7\u00e3o escura caracter\u00edstica da doen\u00e7a.<\/p>\n<p data-start=\"755\" data-end=\"981\">Conhecido como melanoma amelan\u00f3tico, esse tipo de c\u00e2ncer pode apresentar <strong>colora\u00e7\u00e3o avermelhada ou rosada,<\/strong> o que dificulta sua identifica\u00e7\u00e3o e faz com que muitas vezes passe despercebido at\u00e9 mesmo em avalia\u00e7\u00f5es mais detalhadas.<\/p>\n<h2 data-section-id=\"1kzhyfd\" data-start=\"983\" data-end=\"999\">Tratamento<\/h2>\n<p data-start=\"1000\" data-end=\"1319\">Ap\u00f3s o diagn\u00f3stico, Rodrigo iniciou o tratamento com imunoterapia, uma abordagem que estimula o sistema imunol\u00f3gico a reconhecer e combater as c\u00e9lulas cancer\u00edgenas.<\/p>\n<p data-start=\"1000\" data-end=\"1319\">As sess\u00f5es ocorrem a cada tr\u00eas semanas e estudos recentes apontam que a terapia pode aumentar a sobrevida de pacientes com melanoma em est\u00e1gio avan\u00e7ado.<\/p>\n<p data-start=\"1321\" data-end=\"1670\">Como o tratamento oncol\u00f3gico \u00e9 complexo e est\u00e1 em constante evolu\u00e7\u00e3o, o acompanhamento m\u00e9dico \u00e9 cont\u00ednuo. No caso do melanoma amelan\u00f3tico, a vigil\u00e2ncia constante \u00e9 essencial, assim como poss\u00edveis ajustes nas estrat\u00e9gias terap\u00eauticas.<\/p>\n<h2 data-section-id=\"129pdb7\" data-start=\"1672\" data-end=\"1696\">Superando desafios<\/h2>\n<p data-start=\"1697\" data-end=\"1966\">A adapta\u00e7\u00e3o \u00e0 nova rotina tem sido um dos maiores desafios. Apesar do hist\u00f3rico de boa condi\u00e7\u00e3o f\u00edsica, a batalha contra o c\u00e2ncer exigiu resili\u00eancia e mudan\u00e7as no dia a dia. Rodrigo precisou interromper temporariamente suas aulas de t\u00eanis para priorizar o tratamento.<\/p>\n<p data-start=\"1968\" data-end=\"2232\" data-is-last-node=\"\" data-is-only-node=\"\">Nesse per\u00edodo, o apoio de amigos, alunos e da comunidade esportiva tem sido fundamental. A rede de solidariedade formada ao seu redor oferece suporte emocional e ajuda pr\u00e1tica no cotidiano, permitindo que ele se concentre nas terapias e no processo de recupera\u00e7\u00e3o.<\/p>\n","protected":false},"excerpt":{"rendered":"<p>O tenista e educador f\u00edsico Rodrigo Bulso, de 33 anos, passou por uma mudan\u00e7a profunda em sua vida ap\u00f3s descobrir um melanoma raro. Tudo come\u00e7ou com uma dor persistente nas costas. Ao procurar atendimento m\u00e9dico, o problema inicialmente foi tratado como uma poss\u00edvel les\u00e3o muscular. No entanto, exames mais detalhados revelaram uma fratura vertebral provocada [&hellip;]<\/p>\n","protected":false},"author":5,"featured_media":33723,"comment_status":"open","ping_status":"open","sticky":false,"template":"","format":"standard","meta":{"jnews-multi-image_gallery":[],"jnews_single_post":{"subtitle":"","format":"standard","jnews_video_option_group":[[]],"override":[{"template":"2","parallax":"1","fullscreen":"1","layout":"right-sidebar","sidebar":"default-sidebar","second_sidebar":"default-sidebar","sticky_sidebar":"1","share_position":"hide","share_float_style":"share-monocrhome","show_featured":"1","show_post_meta":"1","show_post_author":"1","show_post_date":"1","post_date_format":"default","post_date_format_custom":"Y\/m\/d","show_post_category":"1","show_post_reading_time":"0","post_reading_time_wpm":"300","post_calculate_word_method":"str_word_count","show_zoom_button":"0","zoom_button_out_step":"2","zoom_button_in_step":"3","show_post_tag":"1","show_popup_post":"1","number_popup_post":"1","show_author_box":"1","show_post_related":"0"}],"image_override":[{"single_post_thumbnail_size":"crop-500","single_post_gallery_size":"crop-500"}],"trending_post_position":"meta","trending_post_label":"Trending","sponsored_post_label":"Sponsored by","disable_ad":"0"},"jnews_primary_category":[],"jnews_override_counter":{"view_counter_number":"0","share_counter_number":"0","like_counter_number":"0","dislike_counter_number":"0"},"jnews_post_split":{"post_split":[{"template":"1","tag":"h2","numbering":"asc","mode":"normal","first":"0","enable_toc":"0","toc_type":"normal"}]},"footnotes":""},"categories":[1],"tags":[6123],"class_list":["post-33722","post","type-post","status-publish","format-standard","has-post-thumbnail","hentry","category-geral","tag-melanoma-amelanotico"],"yoast_head":"<!-- This site is optimized with the Yoast SEO plugin v25.0 - https:\/\/yoast.com\/wordpress\/plugins\/seo\/ -->\n<title>Nem sempre \u00e9 postura: dor nas costas pode indicar rea\u00e7\u00e3o do corpo contra um c\u00e2ncer<\/title>\n<meta name=\"robots\" content=\"index, follow, max-snippet:-1, max-image-preview:large, max-video-preview:-1\" \/>\n<link rel=\"canonical\" href=\"https:\/\/crusoe.audiencelabs.com.br\/nem-sempre-e-postura-dor-nas-costas-pode-indicar-reacao-do-corpo-contra-um-cancer\/\" \/>\n<meta property=\"og:locale\" content=\"pt_BR\" \/>\n<meta property=\"og:type\" content=\"article\" \/>\n<meta property=\"og:title\" content=\"Nem sempre \u00e9 postura: dor nas costas pode indicar rea\u00e7\u00e3o do corpo contra um c\u00e2ncer\" \/>\n<meta property=\"og:description\" content=\"O tenista e educador f\u00edsico Rodrigo Bulso, de 33 anos, passou por uma mudan\u00e7a profunda em sua vida ap\u00f3s descobrir um melanoma raro. Tudo come\u00e7ou com uma dor persistente nas costas. Ao procurar atendimento m\u00e9dico, o problema inicialmente foi tratado como uma poss\u00edvel les\u00e3o muscular. No entanto, exames mais detalhados revelaram uma fratura vertebral provocada [&hellip;]\" \/>\n<meta property=\"og:url\" content=\"https:\/\/crusoe.audiencelabs.com.br\/nem-sempre-e-postura-dor-nas-costas-pode-indicar-reacao-do-corpo-contra-um-cancer\/\" \/>\n<meta property=\"og:site_name\" content=\"Variedades - Cruso\u00e9\" \/>\n<meta property=\"article:published_time\" content=\"2026-03-14T23:38:16+00:00\" \/>\n<meta property=\"og:image\" content=\"https:\/\/cdn.crusoe.com.br\/uploads\/2026\/03\/pexels-kindelmedia-7298412-scaled.jpg\" \/>\n\t<meta property=\"og:image:width\" content=\"2560\" \/>\n\t<meta property=\"og:image:height\" content=\"1442\" \/>\n\t<meta property=\"og:image:type\" content=\"image\/jpeg\" \/>\n<meta name=\"author\" content=\"Milena Armando\" \/>\n<meta name=\"twitter:card\" content=\"summary_large_image\" \/>\n<meta name=\"twitter:label1\" content=\"Escrito por\" \/>\n\t<meta name=\"twitter:data1\" content=\"Milena Armando\" \/>\n\t<meta name=\"twitter:label2\" content=\"Est. tempo de leitura\" \/>\n\t<meta name=\"twitter:data2\" content=\"2 minutos\" \/>\n<script type=\"application\/ld+json\" class=\"yoast-schema-graph\">{\"@context\":\"https:\/\/schema.org\",\"@graph\":[{\"@type\":\"WebPage\",\"@id\":\"https:\/\/crusoe.audiencelabs.com.br\/nem-sempre-e-postura-dor-nas-costas-pode-indicar-reacao-do-corpo-contra-um-cancer\/\",\"url\":\"https:\/\/crusoe.audiencelabs.com.br\/nem-sempre-e-postura-dor-nas-costas-pode-indicar-reacao-do-corpo-contra-um-cancer\/\",\"name\":\"Nem sempre \u00e9 postura: dor nas costas pode indicar rea\u00e7\u00e3o do corpo contra um c\u00e2ncer\",\"isPartOf\":{\"@id\":\"https:\/\/crusoe.audiencelabs.com.br\/#website\"},\"primaryImageOfPage\":{\"@id\":\"https:\/\/crusoe.audiencelabs.com.br\/nem-sempre-e-postura-dor-nas-costas-pode-indicar-reacao-do-corpo-contra-um-cancer\/#primaryimage\"},\"image\":{\"@id\":\"https:\/\/crusoe.audiencelabs.com.br\/nem-sempre-e-postura-dor-nas-costas-pode-indicar-reacao-do-corpo-contra-um-cancer\/#primaryimage\"},\"thumbnailUrl\":\"https:\/\/cdn.crusoe.com.br\/uploads\/2026\/03\/pexels-kindelmedia-7298412-scaled.jpg\",\"datePublished\":\"2026-03-14T23:38:16+00:00\",\"author\":{\"@id\":\"https:\/\/crusoe.audiencelabs.com.br\/#\/schema\/person\/f87f73cfe89e5360de2c006bd4bd6a74\"},\"breadcrumb\":{\"@id\":\"https:\/\/crusoe.audiencelabs.com.br\/nem-sempre-e-postura-dor-nas-costas-pode-indicar-reacao-do-corpo-contra-um-cancer\/#breadcrumb\"},\"inLanguage\":\"pt-BR\",\"potentialAction\":[{\"@type\":\"ReadAction\",\"target\":[\"https:\/\/crusoe.audiencelabs.com.br\/nem-sempre-e-postura-dor-nas-costas-pode-indicar-reacao-do-corpo-contra-um-cancer\/\"]}]},{\"@type\":\"ImageObject\",\"inLanguage\":\"pt-BR\",\"@id\":\"https:\/\/crusoe.audiencelabs.com.br\/nem-sempre-e-postura-dor-nas-costas-pode-indicar-reacao-do-corpo-contra-um-cancer\/#primaryimage\",\"url\":\"https:\/\/cdn.crusoe.com.br\/uploads\/2026\/03\/pexels-kindelmedia-7298412-scaled.jpg\",\"contentUrl\":\"https:\/\/cdn.crusoe.com.br\/uploads\/2026\/03\/pexels-kindelmedia-7298412-scaled.jpg\",\"width\":2560,\"height\":1442,\"caption\":\"Reprodu\u00e7\u00e3o: Pexels\/Kindel Media\"},{\"@type\":\"BreadcrumbList\",\"@id\":\"https:\/\/crusoe.audiencelabs.com.br\/nem-sempre-e-postura-dor-nas-costas-pode-indicar-reacao-do-corpo-contra-um-cancer\/#breadcrumb\",\"itemListElement\":[{\"@type\":\"ListItem\",\"position\":1,\"name\":\"Home\",\"item\":\"https:\/\/crusoe.audiencelabs.com.br\/\"},{\"@type\":\"ListItem\",\"position\":2,\"name\":\"Nem sempre \u00e9 postura: dor nas costas pode indicar rea\u00e7\u00e3o do corpo contra um c\u00e2ncer\"}]},{\"@type\":\"WebSite\",\"@id\":\"https:\/\/crusoe.audiencelabs.com.br\/#website\",\"url\":\"https:\/\/crusoe.audiencelabs.com.br\/\",\"name\":\"Variedades - Cruso\u00e9\",\"description\":\"\",\"potentialAction\":[{\"@type\":\"SearchAction\",\"target\":{\"@type\":\"EntryPoint\",\"urlTemplate\":\"https:\/\/crusoe.audiencelabs.com.br\/?s={search_term_string}\"},\"query-input\":{\"@type\":\"PropertyValueSpecification\",\"valueRequired\":true,\"valueName\":\"search_term_string\"}}],\"inLanguage\":\"pt-BR\"},{\"@type\":\"Person\",\"@id\":\"https:\/\/crusoe.audiencelabs.com.br\/#\/schema\/person\/f87f73cfe89e5360de2c006bd4bd6a74\",\"name\":\"Milena Armando\",\"image\":{\"@type\":\"ImageObject\",\"inLanguage\":\"pt-BR\",\"@id\":\"https:\/\/crusoe.audiencelabs.com.br\/#\/schema\/person\/image\/\",\"url\":\"https:\/\/secure.gravatar.com\/avatar\/ea14ecddc9e9d202b698b18f9f69e09c9fd74cfbed5c6008d55f11faefdbdab7?s=96&d=mm&r=g\",\"contentUrl\":\"https:\/\/secure.gravatar.com\/avatar\/ea14ecddc9e9d202b698b18f9f69e09c9fd74cfbed5c6008d55f11faefdbdab7?s=96&d=mm&r=g\",\"caption\":\"Milena Armando\"},\"description\":\"Jornalista, redatora e revisora.\",\"url\":\"https:\/\/crusoe.audiencelabs.com.br\/author\/milena\/\"}]}<\/script>\n<!-- \/ Yoast SEO plugin. -->","yoast_head_json":{"title":"Nem sempre \u00e9 postura: dor nas costas pode indicar rea\u00e7\u00e3o do corpo contra um c\u00e2ncer","robots":{"index":"index","follow":"follow","max-snippet":"max-snippet:-1","max-image-preview":"max-image-preview:large","max-video-preview":"max-video-preview:-1"},"canonical":"https:\/\/crusoe.audiencelabs.com.br\/nem-sempre-e-postura-dor-nas-costas-pode-indicar-reacao-do-corpo-contra-um-cancer\/","og_locale":"pt_BR","og_type":"article","og_title":"Nem sempre \u00e9 postura: dor nas costas pode indicar rea\u00e7\u00e3o do corpo contra um c\u00e2ncer","og_description":"O tenista e educador f\u00edsico Rodrigo Bulso, de 33 anos, passou por uma mudan\u00e7a profunda em sua vida ap\u00f3s descobrir um melanoma raro. Tudo come\u00e7ou com uma dor persistente nas costas. Ao procurar atendimento m\u00e9dico, o problema inicialmente foi tratado como uma poss\u00edvel les\u00e3o muscular. No entanto, exames mais detalhados revelaram uma fratura vertebral provocada [&hellip;]","og_url":"https:\/\/crusoe.audiencelabs.com.br\/nem-sempre-e-postura-dor-nas-costas-pode-indicar-reacao-do-corpo-contra-um-cancer\/","og_site_name":"Variedades - Cruso\u00e9","article_published_time":"2026-03-14T23:38:16+00:00","og_image":[{"width":2560,"height":1442,"url":"https:\/\/cdn.crusoe.com.br\/uploads\/2026\/03\/pexels-kindelmedia-7298412-scaled.jpg","type":"image\/jpeg"}],"author":"Milena Armando","twitter_card":"summary_large_image","twitter_misc":{"Escrito por":"Milena Armando","Est. tempo de leitura":"2 minutos"},"schema":{"@context":"https:\/\/schema.org","@graph":[{"@type":"WebPage","@id":"https:\/\/crusoe.audiencelabs.com.br\/nem-sempre-e-postura-dor-nas-costas-pode-indicar-reacao-do-corpo-contra-um-cancer\/","url":"https:\/\/crusoe.audiencelabs.com.br\/nem-sempre-e-postura-dor-nas-costas-pode-indicar-reacao-do-corpo-contra-um-cancer\/","name":"Nem sempre \u00e9 postura: dor nas costas pode indicar rea\u00e7\u00e3o do corpo contra um c\u00e2ncer","isPartOf":{"@id":"https:\/\/crusoe.audiencelabs.com.br\/#website"},"primaryImageOfPage":{"@id":"https:\/\/crusoe.audiencelabs.com.br\/nem-sempre-e-postura-dor-nas-costas-pode-indicar-reacao-do-corpo-contra-um-cancer\/#primaryimage"},"image":{"@id":"https:\/\/crusoe.audiencelabs.com.br\/nem-sempre-e-postura-dor-nas-costas-pode-indicar-reacao-do-corpo-contra-um-cancer\/#primaryimage"},"thumbnailUrl":"https:\/\/cdn.crusoe.com.br\/uploads\/2026\/03\/pexels-kindelmedia-7298412-scaled.jpg","datePublished":"2026-03-14T23:38:16+00:00","author":{"@id":"https:\/\/crusoe.audiencelabs.com.br\/#\/schema\/person\/f87f73cfe89e5360de2c006bd4bd6a74"},"breadcrumb":{"@id":"https:\/\/crusoe.audiencelabs.com.br\/nem-sempre-e-postura-dor-nas-costas-pode-indicar-reacao-do-corpo-contra-um-cancer\/#breadcrumb"},"inLanguage":"pt-BR","potentialAction":[{"@type":"ReadAction","target":["https:\/\/crusoe.audiencelabs.com.br\/nem-sempre-e-postura-dor-nas-costas-pode-indicar-reacao-do-corpo-contra-um-cancer\/"]}]},{"@type":"ImageObject","inLanguage":"pt-BR","@id":"https:\/\/crusoe.audiencelabs.com.br\/nem-sempre-e-postura-dor-nas-costas-pode-indicar-reacao-do-corpo-contra-um-cancer\/#primaryimage","url":"https:\/\/cdn.crusoe.com.br\/uploads\/2026\/03\/pexels-kindelmedia-7298412-scaled.jpg","contentUrl":"https:\/\/cdn.crusoe.com.br\/uploads\/2026\/03\/pexels-kindelmedia-7298412-scaled.jpg","width":2560,"height":1442,"caption":"Reprodu\u00e7\u00e3o: Pexels\/Kindel Media"},{"@type":"BreadcrumbList","@id":"https:\/\/crusoe.audiencelabs.com.br\/nem-sempre-e-postura-dor-nas-costas-pode-indicar-reacao-do-corpo-contra-um-cancer\/#breadcrumb","itemListElement":[{"@type":"ListItem","position":1,"name":"Home","item":"https:\/\/crusoe.audiencelabs.com.br\/"},{"@type":"ListItem","position":2,"name":"Nem sempre \u00e9 postura: dor nas costas pode indicar rea\u00e7\u00e3o do corpo contra um c\u00e2ncer"}]},{"@type":"WebSite","@id":"https:\/\/crusoe.audiencelabs.com.br\/#website","url":"https:\/\/crusoe.audiencelabs.com.br\/","name":"Variedades - Cruso\u00e9","description":"","potentialAction":[{"@type":"SearchAction","target":{"@type":"EntryPoint","urlTemplate":"https:\/\/crusoe.audiencelabs.com.br\/?s={search_term_string}"},"query-input":{"@type":"PropertyValueSpecification","valueRequired":true,"valueName":"search_term_string"}}],"inLanguage":"pt-BR"},{"@type":"Person","@id":"https:\/\/crusoe.audiencelabs.com.br\/#\/schema\/person\/f87f73cfe89e5360de2c006bd4bd6a74","name":"Milena Armando","image":{"@type":"ImageObject","inLanguage":"pt-BR","@id":"https:\/\/crusoe.audiencelabs.com.br\/#\/schema\/person\/image\/","url":"https:\/\/secure.gravatar.com\/avatar\/ea14ecddc9e9d202b698b18f9f69e09c9fd74cfbed5c6008d55f11faefdbdab7?s=96&d=mm&r=g","contentUrl":"https:\/\/secure.gravatar.com\/avatar\/ea14ecddc9e9d202b698b18f9f69e09c9fd74cfbed5c6008d55f11faefdbdab7?s=96&d=mm&r=g","caption":"Milena Armando"},"description":"Jornalista, redatora e revisora.","url":"https:\/\/crusoe.audiencelabs.com.br\/author\/milena\/"}]}},"_links":{"self":[{"href":"https:\/\/crusoe.audiencelabs.com.br\/wp-json\/wp\/v2\/posts\/33722","targetHints":{"allow":["GET"]}}],"collection":[{"href":"https:\/\/crusoe.audiencelabs.com.br\/wp-json\/wp\/v2\/posts"}],"about":[{"href":"https:\/\/crusoe.audiencelabs.com.br\/wp-json\/wp\/v2\/types\/post"}],"author":[{"embeddable":true,"href":"https:\/\/crusoe.audiencelabs.com.br\/wp-json\/wp\/v2\/users\/5"}],"replies":[{"embeddable":true,"href":"https:\/\/crusoe.audiencelabs.com.br\/wp-json\/wp\/v2\/comments?post=33722"}],"version-history":[{"count":3,"href":"https:\/\/crusoe.audiencelabs.com.br\/wp-json\/wp\/v2\/posts\/33722\/revisions"}],"predecessor-version":[{"id":34120,"href":"https:\/\/crusoe.audiencelabs.com.br\/wp-json\/wp\/v2\/posts\/33722\/revisions\/34120"}],"wp:featuredmedia":[{"embeddable":true,"href":"https:\/\/crusoe.audiencelabs.com.br\/wp-json\/wp\/v2\/media\/33723"}],"wp:attachment":[{"href":"https:\/\/crusoe.audiencelabs.com.br\/wp-json\/wp\/v2\/media?parent=33722"}],"wp:term":[{"taxonomy":"category","embeddable":true,"href":"https:\/\/crusoe.audiencelabs.com.br\/wp-json\/wp\/v2\/categories?post=33722"},{"taxonomy":"post_tag","embeddable":true,"href":"https:\/\/crusoe.audiencelabs.com.br\/wp-json\/wp\/v2\/tags?post=33722"}],"curies":[{"name":"wp","href":"https:\/\/api.w.org\/{rel}","templated":true}]}}