{"id":33635,"date":"2026-03-14T19:07:34","date_gmt":"2026-03-14T22:07:34","guid":{"rendered":"https:\/\/crusoe.audiencelabs.com.br\/?p=33635"},"modified":"2026-03-10T15:03:26","modified_gmt":"2026-03-10T18:03:26","slug":"a-psicologia-diz-que-as-pessoas-que-se-preocupam-constantemente-com-a-saude-apos-a-meia-idade-estao-muitas-vezes-respondendo-a-esses-11-medos","status":"publish","type":"post","link":"https:\/\/crusoe.audiencelabs.com.br\/a-psicologia-diz-que-as-pessoas-que-se-preocupam-constantemente-com-a-saude-apos-a-meia-idade-estao-muitas-vezes-respondendo-a-esses-11-medos\/","title":{"rendered":"A psicologia diz que as pessoas que se preocupam constantemente com a sa\u00fade ap\u00f3s a meia-idade est\u00e3o, muitas vezes, respondendo a esses 11 medos"},"content":{"rendered":"<p><span style=\"font-weight: 400\">\u00c0 medida que chegamos \u00e0<strong> meia\u2011idade<\/strong>, por volta dos 40, 50 anos ou mais, \u00e9 bastante comum come\u00e7ar a <strong>pensar mais sobre a sa\u00fade.<\/strong>\u00a0<\/span><\/p>\n<p><span style=\"font-weight: 400\">Parte disso \u00e9 normal, j\u00e1 que o corpo realmente muda com o tempo e surgem sinais que antes n\u00e3o existiam.\u00a0<\/span><\/p>\n<p><span style=\"font-weight: 400\">Por\u00e9m, quando essa preocupa\u00e7\u00e3o vira algo constante, que toma tempo e energia na maior parte do dia, muitas vezes n\u00e3o se trata apenas de cuidar da sa\u00fade f\u00edsica, mas de uma resposta a medos psicol\u00f3gicos profundos e antigos. Saiba mais!\u00a0<\/span><\/p>\n<h2><span style=\"font-weight: 400\">Preocupa\u00e7\u00e3o exagerada vs. aten\u00e7\u00e3o saud\u00e1vel<\/span><\/h2>\n<p><span style=\"font-weight: 400\">Preocupar\u2011se com o pr\u00f3prio corpo \u00e9 importante: ir ao m\u00e9dico, fazer exames, ouvir os sinais que o corpo d\u00e1. <\/span><\/p>\n<p><span style=\"font-weight: 400\">M<\/span><span style=\"font-weight: 400\">as quando a preocupa\u00e7\u00e3o vira uma vigil\u00e2ncia constante de sintomas, um medo intenso de cada sensa\u00e7\u00e3o corporal e uma ansiedade que interfere no dia a dia, isso pode ser um sinal de algo mais profundo.\u00a0<\/span><\/p>\n<p><span style=\"font-weight: 400\">Essa forma extrema de preocupa\u00e7\u00e3o j\u00e1 foi descrita em psicologia como um tipo de <strong>ansiedade de sa\u00fade<\/strong>, que vai al\u00e9m do cuidado comum e se aproxima do que muitos chamam popularmente de <strong>hipocondria<\/strong>.<\/span><\/p>\n<h2><span style=\"font-weight: 400\">11 medos que podem estar por tr\u00e1s dessa preocupa\u00e7\u00e3o intensa<\/span><\/h2>\n<p><span style=\"font-weight: 400\">Muitos adultos que se preocupam demais com a sa\u00fade n\u00e3o est\u00e3o realmente reagindo aos sintomas em si, mas a medos psicol\u00f3gicos que carregam desde a inf\u00e2ncia ou ao longo da vida.\u00a0<\/span><\/p>\n<p><span style=\"font-weight: 400\">Esses medos podem ter sido aprendidos observando como os pais respondiam a doen\u00e7as ou ao modo como a sa\u00fade era tratada no ambiente familiar. Alguns exemplos desses medos s\u00e3o:<\/span><\/p>\n<ol>\n<li style=\"font-weight: 400\"><b>Achar que todo sintoma \u00e9 sinal de algo grave:<\/b><span style=\"font-weight: 400\"> crescer vendo uma rea\u00e7\u00e3o exagerada a qualquer dor pode ensinar que o corpo \u00e9 perigoso;<\/span><\/li>\n<li style=\"font-weight: 400\"><b>Medo de doen\u00e7as invis\u00edveis: <\/b><span style=\"font-weight: 400\">n\u00e3o entender o que est\u00e1 acontecendo e imaginar que algo ruim deve estar por tr\u00e1s;<\/span><\/li>\n<li style=\"font-weight: 400\"><b>Medo de que a morte venha de forma inesperada<\/b><span style=\"font-weight: 400\">: internalizar a ideia de que a vida pode acabar sem aviso cria ansiedade constante;<\/span><\/li>\n<li style=\"font-weight: 400\"><b>Medo do decl\u00ednio lento:<\/b><span style=\"font-weight: 400\"> ter visto algu\u00e9m adoecer gradualmente cria medo de que pequenas mudan\u00e7as signifiquem algo terr\u00edvel;<\/span><\/li>\n<li style=\"font-weight: 400\"><b>Sentir que s\u00f3 eles mesmos podem \u201ccaptar\u201d os sinais do corpo<\/b><span style=\"font-weight: 400\">: resultado de terem sido respons\u00e1veis por cuidar de algu\u00e9m no passado;<\/span><\/li>\n<li style=\"font-weight: 400\"><b>Vergonha do pr\u00f3prio corpo:<\/b><span style=\"font-weight: 400\"> quando a rela\u00e7\u00e3o com o corpo \u00e9 negativa desde cedo, \u00e9 dif\u00edcil confiar nos sinais f\u00edsicos;<\/span><\/li>\n<li style=\"font-weight: 400\"><b>Medo de que ignorar sintomas seja fatal: <\/b><span style=\"font-weight: 400\">algumas pessoas viram casos reais em que algu\u00e9m piorou por n\u00e3o procurar ajuda, e agora sentem que devem monitorar tudo;<\/span><\/li>\n<li style=\"font-weight: 400\"><b>A cren\u00e7a de que a sa\u00fade pode desaparecer de repente<\/b><span style=\"font-weight: 400\">: quando filhos testemunham doen\u00e7as s\u00fabitas, isso pode gerar medo duradouro;<\/span><\/li>\n<li style=\"font-weight: 400\"><b>Achar que tranquilidade \u00e9 nega\u00e7\u00e3o<\/b><span style=\"font-weight: 400\">: nunca terem aprendido que o corpo pode ter varia\u00e7\u00f5es normais faz com que a calma pare\u00e7a inseguran\u00e7a;<\/span><\/li>\n<li style=\"font-weight: 400\"><b>N\u00e3o confiar no pr\u00f3prio corpo: <\/b><span style=\"font-weight: 400\">acharem que o corpo est\u00e1 sempre prestes a falhar;<\/span><\/li>\n<li style=\"font-weight: 400\"><b>Sensa\u00e7\u00e3o de que qualquer sinal corporal \u00e9 uma amea\u00e7a<\/b><span style=\"font-weight: 400\">; essa expectativa de perigo constante torna dif\u00edcil relaxar.<\/span><\/li>\n<\/ol>\n<h2><span style=\"font-weight: 400\">Por que esses medos aparecem mais depois da meia\u2011idade?<\/span><\/h2>\n<p><span style=\"font-weight: 400\">Na meia\u2011idade, o corpo come\u00e7a a mudar de verdade, com o aparecimento de dores, mudan\u00e7as no sono, altera\u00e7\u00f5es na energia ou na apar\u00eancia.<\/span><\/p>\n<p><span style=\"font-weight: 400\">\u00a0Para quem j\u00e1 tem um hist\u00f3rico de ansiedade ou medos n\u00e3o resolvidos, essas mudan\u00e7as podem se tornar \u201cgatilhos\u201d que ativam medos profundos aprendidos no passado.\u00a0<\/span><\/p>\n<p><span style=\"font-weight: 400\">Em outras palavras, a mente associa esses sinais corporais n\u00e3o apenas a uma avalia\u00e7\u00e3o racional de sa\u00fade, mas a um medo emocional intenso que tem ra\u00edzes em experi\u00eancias anteriores.<\/span><\/p>\n","protected":false},"excerpt":{"rendered":"<p>\u00c0 medida que chegamos \u00e0 meia\u2011idade, por volta dos 40, 50 anos ou mais, \u00e9 bastante comum come\u00e7ar a pensar mais sobre a sa\u00fade.\u00a0 Parte disso \u00e9 normal, j\u00e1 que o corpo realmente muda com o tempo e surgem sinais que antes n\u00e3o existiam.\u00a0 Por\u00e9m, quando essa preocupa\u00e7\u00e3o vira algo constante, que toma tempo e [&hellip;]<\/p>\n","protected":false},"author":5,"featured_media":33636,"comment_status":"open","ping_status":"open","sticky":false,"template":"","format":"standard","meta":{"jnews-multi-image_gallery":[],"jnews_single_post":{"subtitle":"","format":"standard","jnews_video_option_group":[[]],"override":[{"template":"2","parallax":"1","fullscreen":"1","layout":"right-sidebar","sidebar":"default-sidebar","second_sidebar":"default-sidebar","sticky_sidebar":"1","share_position":"hide","share_float_style":"share-monocrhome","show_featured":"1","show_post_meta":"1","show_post_author":"1","show_post_date":"1","post_date_format":"default","post_date_format_custom":"Y\/m\/d","show_post_category":"1","show_post_reading_time":"0","post_reading_time_wpm":"300","post_calculate_word_method":"str_word_count","show_zoom_button":"0","zoom_button_out_step":"2","zoom_button_in_step":"3","show_post_tag":"1","show_popup_post":"1","number_popup_post":"1","show_author_box":"1","show_post_related":"0"}],"image_override":[{"single_post_thumbnail_size":"crop-500","single_post_gallery_size":"crop-500"}],"trending_post_position":"meta","trending_post_label":"Trending","sponsored_post_label":"Sponsored by","disable_ad":"0"},"jnews_primary_category":[],"jnews_override_counter":{"view_counter_number":"0","share_counter_number":"0","like_counter_number":"0","dislike_counter_number":"0"},"jnews_post_split":{"post_split":[{"template":"1","tag":"h2","numbering":"asc","mode":"normal","first":"0","enable_toc":"0","toc_type":"normal"}]},"footnotes":""},"categories":[1],"tags":[6062,6063,2217],"class_list":["post-33635","post","type-post","status-publish","format-standard","has-post-thumbnail","hentry","category-geral","tag-dores","tag-hipocondria","tag-meia-idade"],"yoast_head":"<!-- This site is optimized with the Yoast SEO plugin v25.0 - https:\/\/yoast.com\/wordpress\/plugins\/seo\/ -->\n<title>A psicologia diz que as pessoas que se preocupam constantemente com a sa\u00fade ap\u00f3s a meia-idade est\u00e3o, muitas vezes, respondendo a esses 11 medos<\/title>\n<meta name=\"robots\" content=\"index, follow, max-snippet:-1, max-image-preview:large, max-video-preview:-1\" \/>\n<link rel=\"canonical\" href=\"https:\/\/crusoe.audiencelabs.com.br\/a-psicologia-diz-que-as-pessoas-que-se-preocupam-constantemente-com-a-saude-apos-a-meia-idade-estao-muitas-vezes-respondendo-a-esses-11-medos\/\" \/>\n<meta property=\"og:locale\" content=\"pt_BR\" \/>\n<meta property=\"og:type\" content=\"article\" \/>\n<meta property=\"og:title\" content=\"A psicologia diz que as pessoas que se preocupam constantemente com a sa\u00fade ap\u00f3s a meia-idade est\u00e3o, muitas vezes, respondendo a esses 11 medos\" \/>\n<meta property=\"og:description\" content=\"\u00c0 medida que chegamos \u00e0 meia\u2011idade, por volta dos 40, 50 anos ou mais, \u00e9 bastante comum come\u00e7ar a pensar mais sobre a sa\u00fade.\u00a0 Parte disso \u00e9 normal, j\u00e1 que o corpo realmente muda com o tempo e surgem sinais que antes n\u00e3o existiam.\u00a0 Por\u00e9m, quando essa preocupa\u00e7\u00e3o vira algo constante, que toma tempo e [&hellip;]\" \/>\n<meta property=\"og:url\" content=\"https:\/\/crusoe.audiencelabs.com.br\/a-psicologia-diz-que-as-pessoas-que-se-preocupam-constantemente-com-a-saude-apos-a-meia-idade-estao-muitas-vezes-respondendo-a-esses-11-medos\/\" \/>\n<meta property=\"og:site_name\" content=\"Variedades - Cruso\u00e9\" \/>\n<meta property=\"article:published_time\" content=\"2026-03-14T22:07:34+00:00\" \/>\n<meta property=\"og:image\" content=\"https:\/\/cdn.crusoe.com.br\/uploads\/2026\/03\/Captura-de-tela-2026-03-09-213442.jpg\" \/>\n\t<meta property=\"og:image:width\" content=\"957\" \/>\n\t<meta property=\"og:image:height\" content=\"592\" \/>\n\t<meta property=\"og:image:type\" content=\"image\/jpeg\" \/>\n<meta name=\"author\" content=\"Milena Armando\" \/>\n<meta name=\"twitter:card\" content=\"summary_large_image\" \/>\n<meta name=\"twitter:label1\" content=\"Escrito por\" \/>\n\t<meta name=\"twitter:data1\" content=\"Milena Armando\" \/>\n\t<meta name=\"twitter:label2\" content=\"Est. tempo de leitura\" \/>\n\t<meta name=\"twitter:data2\" content=\"4 minutos\" \/>\n<script type=\"application\/ld+json\" class=\"yoast-schema-graph\">{\"@context\":\"https:\/\/schema.org\",\"@graph\":[{\"@type\":\"WebPage\",\"@id\":\"https:\/\/crusoe.audiencelabs.com.br\/a-psicologia-diz-que-as-pessoas-que-se-preocupam-constantemente-com-a-saude-apos-a-meia-idade-estao-muitas-vezes-respondendo-a-esses-11-medos\/\",\"url\":\"https:\/\/crusoe.audiencelabs.com.br\/a-psicologia-diz-que-as-pessoas-que-se-preocupam-constantemente-com-a-saude-apos-a-meia-idade-estao-muitas-vezes-respondendo-a-esses-11-medos\/\",\"name\":\"A psicologia diz que as pessoas que se preocupam constantemente com a sa\u00fade ap\u00f3s a meia-idade est\u00e3o, muitas vezes, respondendo a esses 11 medos\",\"isPartOf\":{\"@id\":\"https:\/\/crusoe.audiencelabs.com.br\/#website\"},\"primaryImageOfPage\":{\"@id\":\"https:\/\/crusoe.audiencelabs.com.br\/a-psicologia-diz-que-as-pessoas-que-se-preocupam-constantemente-com-a-saude-apos-a-meia-idade-estao-muitas-vezes-respondendo-a-esses-11-medos\/#primaryimage\"},\"image\":{\"@id\":\"https:\/\/crusoe.audiencelabs.com.br\/a-psicologia-diz-que-as-pessoas-que-se-preocupam-constantemente-com-a-saude-apos-a-meia-idade-estao-muitas-vezes-respondendo-a-esses-11-medos\/#primaryimage\"},\"thumbnailUrl\":\"https:\/\/cdn.crusoe.com.br\/uploads\/2026\/03\/Captura-de-tela-2026-03-09-213442.jpg\",\"datePublished\":\"2026-03-14T22:07:34+00:00\",\"author\":{\"@id\":\"https:\/\/crusoe.audiencelabs.com.br\/#\/schema\/person\/f87f73cfe89e5360de2c006bd4bd6a74\"},\"breadcrumb\":{\"@id\":\"https:\/\/crusoe.audiencelabs.com.br\/a-psicologia-diz-que-as-pessoas-que-se-preocupam-constantemente-com-a-saude-apos-a-meia-idade-estao-muitas-vezes-respondendo-a-esses-11-medos\/#breadcrumb\"},\"inLanguage\":\"pt-BR\",\"potentialAction\":[{\"@type\":\"ReadAction\",\"target\":[\"https:\/\/crusoe.audiencelabs.com.br\/a-psicologia-diz-que-as-pessoas-que-se-preocupam-constantemente-com-a-saude-apos-a-meia-idade-estao-muitas-vezes-respondendo-a-esses-11-medos\/\"]}]},{\"@type\":\"ImageObject\",\"inLanguage\":\"pt-BR\",\"@id\":\"https:\/\/crusoe.audiencelabs.com.br\/a-psicologia-diz-que-as-pessoas-que-se-preocupam-constantemente-com-a-saude-apos-a-meia-idade-estao-muitas-vezes-respondendo-a-esses-11-medos\/#primaryimage\",\"url\":\"https:\/\/cdn.crusoe.com.br\/uploads\/2026\/03\/Captura-de-tela-2026-03-09-213442.jpg\",\"contentUrl\":\"https:\/\/cdn.crusoe.com.br\/uploads\/2026\/03\/Captura-de-tela-2026-03-09-213442.jpg\",\"width\":957,\"height\":592,\"caption\":\"Reprodu\u00e7\u00e3o: Pexels\/Yan Krukau\"},{\"@type\":\"BreadcrumbList\",\"@id\":\"https:\/\/crusoe.audiencelabs.com.br\/a-psicologia-diz-que-as-pessoas-que-se-preocupam-constantemente-com-a-saude-apos-a-meia-idade-estao-muitas-vezes-respondendo-a-esses-11-medos\/#breadcrumb\",\"itemListElement\":[{\"@type\":\"ListItem\",\"position\":1,\"name\":\"Home\",\"item\":\"https:\/\/crusoe.audiencelabs.com.br\/\"},{\"@type\":\"ListItem\",\"position\":2,\"name\":\"A psicologia diz que as pessoas que se preocupam constantemente com a sa\u00fade ap\u00f3s a meia-idade est\u00e3o, muitas vezes, respondendo a esses 11 medos\"}]},{\"@type\":\"WebSite\",\"@id\":\"https:\/\/crusoe.audiencelabs.com.br\/#website\",\"url\":\"https:\/\/crusoe.audiencelabs.com.br\/\",\"name\":\"Variedades - Cruso\u00e9\",\"description\":\"\",\"potentialAction\":[{\"@type\":\"SearchAction\",\"target\":{\"@type\":\"EntryPoint\",\"urlTemplate\":\"https:\/\/crusoe.audiencelabs.com.br\/?s={search_term_string}\"},\"query-input\":{\"@type\":\"PropertyValueSpecification\",\"valueRequired\":true,\"valueName\":\"search_term_string\"}}],\"inLanguage\":\"pt-BR\"},{\"@type\":\"Person\",\"@id\":\"https:\/\/crusoe.audiencelabs.com.br\/#\/schema\/person\/f87f73cfe89e5360de2c006bd4bd6a74\",\"name\":\"Milena Armando\",\"image\":{\"@type\":\"ImageObject\",\"inLanguage\":\"pt-BR\",\"@id\":\"https:\/\/crusoe.audiencelabs.com.br\/#\/schema\/person\/image\/\",\"url\":\"https:\/\/secure.gravatar.com\/avatar\/ea14ecddc9e9d202b698b18f9f69e09c9fd74cfbed5c6008d55f11faefdbdab7?s=96&d=mm&r=g\",\"contentUrl\":\"https:\/\/secure.gravatar.com\/avatar\/ea14ecddc9e9d202b698b18f9f69e09c9fd74cfbed5c6008d55f11faefdbdab7?s=96&d=mm&r=g\",\"caption\":\"Milena Armando\"},\"description\":\"Jornalista, redatora e revisora.\",\"url\":\"https:\/\/crusoe.audiencelabs.com.br\/author\/milena\/\"}]}<\/script>\n<!-- \/ Yoast SEO plugin. -->","yoast_head_json":{"title":"A psicologia diz que as pessoas que se preocupam constantemente com a sa\u00fade ap\u00f3s a meia-idade est\u00e3o, muitas vezes, respondendo a esses 11 medos","robots":{"index":"index","follow":"follow","max-snippet":"max-snippet:-1","max-image-preview":"max-image-preview:large","max-video-preview":"max-video-preview:-1"},"canonical":"https:\/\/crusoe.audiencelabs.com.br\/a-psicologia-diz-que-as-pessoas-que-se-preocupam-constantemente-com-a-saude-apos-a-meia-idade-estao-muitas-vezes-respondendo-a-esses-11-medos\/","og_locale":"pt_BR","og_type":"article","og_title":"A psicologia diz que as pessoas que se preocupam constantemente com a sa\u00fade ap\u00f3s a meia-idade est\u00e3o, muitas vezes, respondendo a esses 11 medos","og_description":"\u00c0 medida que chegamos \u00e0 meia\u2011idade, por volta dos 40, 50 anos ou mais, \u00e9 bastante comum come\u00e7ar a pensar mais sobre a sa\u00fade.\u00a0 Parte disso \u00e9 normal, j\u00e1 que o corpo realmente muda com o tempo e surgem sinais que antes n\u00e3o existiam.\u00a0 Por\u00e9m, quando essa preocupa\u00e7\u00e3o vira algo constante, que toma tempo e [&hellip;]","og_url":"https:\/\/crusoe.audiencelabs.com.br\/a-psicologia-diz-que-as-pessoas-que-se-preocupam-constantemente-com-a-saude-apos-a-meia-idade-estao-muitas-vezes-respondendo-a-esses-11-medos\/","og_site_name":"Variedades - Cruso\u00e9","article_published_time":"2026-03-14T22:07:34+00:00","og_image":[{"width":957,"height":592,"url":"https:\/\/cdn.crusoe.com.br\/uploads\/2026\/03\/Captura-de-tela-2026-03-09-213442.jpg","type":"image\/jpeg"}],"author":"Milena Armando","twitter_card":"summary_large_image","twitter_misc":{"Escrito por":"Milena Armando","Est. tempo de leitura":"4 minutos"},"schema":{"@context":"https:\/\/schema.org","@graph":[{"@type":"WebPage","@id":"https:\/\/crusoe.audiencelabs.com.br\/a-psicologia-diz-que-as-pessoas-que-se-preocupam-constantemente-com-a-saude-apos-a-meia-idade-estao-muitas-vezes-respondendo-a-esses-11-medos\/","url":"https:\/\/crusoe.audiencelabs.com.br\/a-psicologia-diz-que-as-pessoas-que-se-preocupam-constantemente-com-a-saude-apos-a-meia-idade-estao-muitas-vezes-respondendo-a-esses-11-medos\/","name":"A psicologia diz que as pessoas que se preocupam constantemente com a sa\u00fade ap\u00f3s a meia-idade est\u00e3o, muitas vezes, respondendo a esses 11 medos","isPartOf":{"@id":"https:\/\/crusoe.audiencelabs.com.br\/#website"},"primaryImageOfPage":{"@id":"https:\/\/crusoe.audiencelabs.com.br\/a-psicologia-diz-que-as-pessoas-que-se-preocupam-constantemente-com-a-saude-apos-a-meia-idade-estao-muitas-vezes-respondendo-a-esses-11-medos\/#primaryimage"},"image":{"@id":"https:\/\/crusoe.audiencelabs.com.br\/a-psicologia-diz-que-as-pessoas-que-se-preocupam-constantemente-com-a-saude-apos-a-meia-idade-estao-muitas-vezes-respondendo-a-esses-11-medos\/#primaryimage"},"thumbnailUrl":"https:\/\/cdn.crusoe.com.br\/uploads\/2026\/03\/Captura-de-tela-2026-03-09-213442.jpg","datePublished":"2026-03-14T22:07:34+00:00","author":{"@id":"https:\/\/crusoe.audiencelabs.com.br\/#\/schema\/person\/f87f73cfe89e5360de2c006bd4bd6a74"},"breadcrumb":{"@id":"https:\/\/crusoe.audiencelabs.com.br\/a-psicologia-diz-que-as-pessoas-que-se-preocupam-constantemente-com-a-saude-apos-a-meia-idade-estao-muitas-vezes-respondendo-a-esses-11-medos\/#breadcrumb"},"inLanguage":"pt-BR","potentialAction":[{"@type":"ReadAction","target":["https:\/\/crusoe.audiencelabs.com.br\/a-psicologia-diz-que-as-pessoas-que-se-preocupam-constantemente-com-a-saude-apos-a-meia-idade-estao-muitas-vezes-respondendo-a-esses-11-medos\/"]}]},{"@type":"ImageObject","inLanguage":"pt-BR","@id":"https:\/\/crusoe.audiencelabs.com.br\/a-psicologia-diz-que-as-pessoas-que-se-preocupam-constantemente-com-a-saude-apos-a-meia-idade-estao-muitas-vezes-respondendo-a-esses-11-medos\/#primaryimage","url":"https:\/\/cdn.crusoe.com.br\/uploads\/2026\/03\/Captura-de-tela-2026-03-09-213442.jpg","contentUrl":"https:\/\/cdn.crusoe.com.br\/uploads\/2026\/03\/Captura-de-tela-2026-03-09-213442.jpg","width":957,"height":592,"caption":"Reprodu\u00e7\u00e3o: Pexels\/Yan Krukau"},{"@type":"BreadcrumbList","@id":"https:\/\/crusoe.audiencelabs.com.br\/a-psicologia-diz-que-as-pessoas-que-se-preocupam-constantemente-com-a-saude-apos-a-meia-idade-estao-muitas-vezes-respondendo-a-esses-11-medos\/#breadcrumb","itemListElement":[{"@type":"ListItem","position":1,"name":"Home","item":"https:\/\/crusoe.audiencelabs.com.br\/"},{"@type":"ListItem","position":2,"name":"A psicologia diz que as pessoas que se preocupam constantemente com a sa\u00fade ap\u00f3s a meia-idade est\u00e3o, muitas vezes, respondendo a esses 11 medos"}]},{"@type":"WebSite","@id":"https:\/\/crusoe.audiencelabs.com.br\/#website","url":"https:\/\/crusoe.audiencelabs.com.br\/","name":"Variedades - Cruso\u00e9","description":"","potentialAction":[{"@type":"SearchAction","target":{"@type":"EntryPoint","urlTemplate":"https:\/\/crusoe.audiencelabs.com.br\/?s={search_term_string}"},"query-input":{"@type":"PropertyValueSpecification","valueRequired":true,"valueName":"search_term_string"}}],"inLanguage":"pt-BR"},{"@type":"Person","@id":"https:\/\/crusoe.audiencelabs.com.br\/#\/schema\/person\/f87f73cfe89e5360de2c006bd4bd6a74","name":"Milena Armando","image":{"@type":"ImageObject","inLanguage":"pt-BR","@id":"https:\/\/crusoe.audiencelabs.com.br\/#\/schema\/person\/image\/","url":"https:\/\/secure.gravatar.com\/avatar\/ea14ecddc9e9d202b698b18f9f69e09c9fd74cfbed5c6008d55f11faefdbdab7?s=96&d=mm&r=g","contentUrl":"https:\/\/secure.gravatar.com\/avatar\/ea14ecddc9e9d202b698b18f9f69e09c9fd74cfbed5c6008d55f11faefdbdab7?s=96&d=mm&r=g","caption":"Milena Armando"},"description":"Jornalista, redatora e revisora.","url":"https:\/\/crusoe.audiencelabs.com.br\/author\/milena\/"}]}},"_links":{"self":[{"href":"https:\/\/crusoe.audiencelabs.com.br\/wp-json\/wp\/v2\/posts\/33635","targetHints":{"allow":["GET"]}}],"collection":[{"href":"https:\/\/crusoe.audiencelabs.com.br\/wp-json\/wp\/v2\/posts"}],"about":[{"href":"https:\/\/crusoe.audiencelabs.com.br\/wp-json\/wp\/v2\/types\/post"}],"author":[{"embeddable":true,"href":"https:\/\/crusoe.audiencelabs.com.br\/wp-json\/wp\/v2\/users\/5"}],"replies":[{"embeddable":true,"href":"https:\/\/crusoe.audiencelabs.com.br\/wp-json\/wp\/v2\/comments?post=33635"}],"version-history":[{"count":3,"href":"https:\/\/crusoe.audiencelabs.com.br\/wp-json\/wp\/v2\/posts\/33635\/revisions"}],"predecessor-version":[{"id":33720,"href":"https:\/\/crusoe.audiencelabs.com.br\/wp-json\/wp\/v2\/posts\/33635\/revisions\/33720"}],"wp:featuredmedia":[{"embeddable":true,"href":"https:\/\/crusoe.audiencelabs.com.br\/wp-json\/wp\/v2\/media\/33636"}],"wp:attachment":[{"href":"https:\/\/crusoe.audiencelabs.com.br\/wp-json\/wp\/v2\/media?parent=33635"}],"wp:term":[{"taxonomy":"category","embeddable":true,"href":"https:\/\/crusoe.audiencelabs.com.br\/wp-json\/wp\/v2\/categories?post=33635"},{"taxonomy":"post_tag","embeddable":true,"href":"https:\/\/crusoe.audiencelabs.com.br\/wp-json\/wp\/v2\/tags?post=33635"}],"curies":[{"name":"wp","href":"https:\/\/api.w.org\/{rel}","templated":true}]}}