{"id":33626,"date":"2026-03-14T18:32:59","date_gmt":"2026-03-14T21:32:59","guid":{"rendered":"https:\/\/crusoe.audiencelabs.com.br\/?p=33626"},"modified":"2026-03-10T14:59:35","modified_gmt":"2026-03-10T17:59:35","slug":"astronomos-pedem-para-que-brasileiros-olhem-para-o-ceu-no-18-03","status":"publish","type":"post","link":"https:\/\/crusoe.audiencelabs.com.br\/astronomos-pedem-para-que-brasileiros-olhem-para-o-ceu-no-18-03\/","title":{"rendered":"Astr\u00f4nomos pedem para que brasileiros olhem para o c\u00e9u no 18\/03"},"content":{"rendered":"<p data-start=\"157\" data-end=\"562\">No dia <strong>18 de mar\u00e7o (pr\u00f3xima quinta-feira),<\/strong> os brasileiros t\u00eam um convite especial: olhar para o c\u00e9u e acompanhar a <strong>Lua Nova<\/strong>, fen\u00f4meno que marca o<strong> in\u00edcio de um novo ciclo lunar<\/strong>.<\/p>\n<p data-start=\"157\" data-end=\"562\">Astr\u00f4nomos e observat\u00f3rios refor\u00e7am que esse \u00e9 um momento ideal para observa\u00e7\u00f5es celestes, j\u00e1 que a<strong> Lua estar\u00e1 praticamente invis\u00edvel, tornando o c\u00e9u noturno mais prop\u00edcio para identificar estrelas, planetas e constela\u00e7\u00f5es.<\/strong><\/p>\n<h2 data-section-id=\"p4x3wx\" data-start=\"564\" data-end=\"589\">Quando ocorre a Lua Nova?<\/h2>\n<p data-start=\"591\" data-end=\"999\">A Lua Nova ocorre quando a face iluminada da Lua fica voltada para o Sol, deixando o lado vis\u00edvel da Terra quase totalmente \u00e0s escuras. \u00c9 o ponto de partida do ciclo lunar de aproximadamente 29 dias, que evolui at\u00e9 a Lua Cheia.<\/p>\n<p data-start=\"591\" data-end=\"999\">Durante a Lua Nova, a aus\u00eancia de luz lunar intensa permite que o <strong>c\u00e9u apare\u00e7a mais escuro<\/strong>, favorecendo a observa\u00e7\u00e3o de corpos celestes menos vis\u00edveis em outras fases.<\/p>\n<h2 data-section-id=\"1i6t1yj\" data-start=\"1001\" data-end=\"1040\">Por que observar o c\u00e9u durante a Lua Nova?<\/h2>\n<p data-start=\"1042\" data-end=\"1149\">Astr\u00f4nomos destacam que, al\u00e9m do valor est\u00e9tico, observar o c\u00e9u durante a Lua Nova \u00e9 uma oportunidade de:<\/p>\n<ul data-start=\"1150\" data-end=\"1430\">\n<li data-section-id=\"1ukeng0\" data-start=\"1150\" data-end=\"1211\">\n<p data-start=\"1152\" data-end=\"1211\">Identificar estrelas e constela\u00e7\u00f5es com mais clareza;<\/p>\n<\/li>\n<li data-section-id=\"1ukeng0\" data-start=\"1150\" data-end=\"1211\">\n<p data-start=\"1152\" data-end=\"1211\">Observar planetas vis\u00edveis a olho nu, como V\u00eanus, Marte ou J\u00fapiter, dependendo da posi\u00e7\u00e3o e hor\u00e1rio;<\/p>\n<\/li>\n<li data-section-id=\"1ukeng0\" data-start=\"1150\" data-end=\"1211\">\n<p data-start=\"1152\" data-end=\"1211\">Incentivar o interesse pela astronomia e ci\u00eancias espaciais, especialmente entre jovens e estudantes.<\/p>\n<\/li>\n<\/ul>\n<h2 data-section-id=\"1f4dbho\" data-start=\"1432\" data-end=\"1461\">Dicas para a observa\u00e7\u00e3o da Lua Nova<\/h2>\n<p data-start=\"1463\" data-end=\"1495\">Para aproveitar a experi\u00eancia:<\/p>\n<ul data-start=\"1496\" data-end=\"1872\">\n<li data-section-id=\"1qk9jek\" data-start=\"1496\" data-end=\"1581\">\n<p data-start=\"1498\" data-end=\"1581\">Procure locais com pouca polui\u00e7\u00e3o luminosa, longe de grandes centros urbanos;<\/p>\n<\/li>\n<li data-section-id=\"1qk9jek\" data-start=\"1496\" data-end=\"1581\">\n<p data-start=\"1498\" data-end=\"1581\">Leve bin\u00f3culos ou telesc\u00f3pio, caso tenha, para identificar detalhes de corpos celestes;<\/p>\n<\/li>\n<li data-section-id=\"1qk9jek\" data-start=\"1496\" data-end=\"1581\">\n<p data-start=\"1498\" data-end=\"1581\">Utilize aplicativos de astronomia que ajudam a localizar estrelas, constela\u00e7\u00f5es e planetas;<\/p>\n<\/li>\n<li data-section-id=\"1qk9jek\" data-start=\"1496\" data-end=\"1581\">\n<p data-start=\"1498\" data-end=\"1581\">Escolha hor\u00e1rios pr\u00f3ximos ao anoitecer ou in\u00edcio da noite, quando o c\u00e9u estiver totalmente escuro.<\/p>\n<\/li>\n<\/ul>\n<p data-start=\"1874\" data-end=\"2111\">O convite feito por astr\u00f4nomos refor\u00e7a que observar o c\u00e9u \u00e9 uma forma de conectar ci\u00eancia e contempla\u00e7\u00e3o, aproximando as pessoas do universo e despertando curiosidade sobre fen\u00f4menos naturais que ocorrem todos os meses.<\/p>\n","protected":false},"excerpt":{"rendered":"<p>No dia 18 de mar\u00e7o (pr\u00f3xima quinta-feira), os brasileiros t\u00eam um convite especial: olhar para o c\u00e9u e acompanhar a Lua Nova, fen\u00f4meno que marca o in\u00edcio de um novo ciclo lunar. Astr\u00f4nomos e observat\u00f3rios refor\u00e7am que esse \u00e9 um momento ideal para observa\u00e7\u00f5es celestes, j\u00e1 que a Lua estar\u00e1 praticamente invis\u00edvel, tornando o c\u00e9u [&hellip;]<\/p>\n","protected":false},"author":5,"featured_media":33627,"comment_status":"open","ping_status":"open","sticky":false,"template":"","format":"standard","meta":{"jnews-multi-image_gallery":[],"jnews_single_post":{"subtitle":"","format":"standard","jnews_video_option_group":[[]],"override":[{"template":"2","parallax":"1","fullscreen":"1","layout":"right-sidebar","sidebar":"default-sidebar","second_sidebar":"default-sidebar","sticky_sidebar":"1","share_position":"hide","share_float_style":"share-monocrhome","show_featured":"1","show_post_meta":"1","show_post_author":"1","show_post_date":"1","post_date_format":"default","post_date_format_custom":"Y\/m\/d","show_post_category":"1","show_post_reading_time":"0","post_reading_time_wpm":"300","post_calculate_word_method":"str_word_count","show_zoom_button":"0","zoom_button_out_step":"2","zoom_button_in_step":"3","show_post_tag":"1","show_popup_post":"1","number_popup_post":"1","show_author_box":"1","show_post_related":"0"}],"image_override":[{"single_post_thumbnail_size":"crop-500","single_post_gallery_size":"crop-500"}],"trending_post_position":"meta","trending_post_label":"Trending","sponsored_post_label":"Sponsored by","disable_ad":"0"},"jnews_primary_category":[],"jnews_override_counter":{"view_counter_number":"0","share_counter_number":"0","like_counter_number":"0","dislike_counter_number":"0"},"jnews_post_split":{"post_split":[{"template":"1","tag":"h2","numbering":"asc","mode":"normal","first":"0","enable_toc":"0","toc_type":"normal"}]},"footnotes":""},"categories":[1],"tags":[6060,6061],"class_list":["post-33626","post","type-post","status-publish","format-standard","has-post-thumbnail","hentry","category-geral","tag-lua-nova","tag-observacao"],"yoast_head":"<!-- This site is optimized with the Yoast SEO plugin v25.0 - https:\/\/yoast.com\/wordpress\/plugins\/seo\/ -->\n<title>Astr\u00f4nomos pedem para que brasileiros olhem para o c\u00e9u no 18\/03<\/title>\n<meta name=\"robots\" content=\"index, follow, max-snippet:-1, max-image-preview:large, max-video-preview:-1\" \/>\n<link rel=\"canonical\" href=\"https:\/\/crusoe.audiencelabs.com.br\/astronomos-pedem-para-que-brasileiros-olhem-para-o-ceu-no-18-03\/\" \/>\n<meta property=\"og:locale\" content=\"pt_BR\" \/>\n<meta property=\"og:type\" content=\"article\" \/>\n<meta property=\"og:title\" content=\"Astr\u00f4nomos pedem para que brasileiros olhem para o c\u00e9u no 18\/03\" \/>\n<meta property=\"og:description\" content=\"No dia 18 de mar\u00e7o (pr\u00f3xima quinta-feira), os brasileiros t\u00eam um convite especial: olhar para o c\u00e9u e acompanhar a Lua Nova, fen\u00f4meno que marca o in\u00edcio de um novo ciclo lunar. Astr\u00f4nomos e observat\u00f3rios refor\u00e7am que esse \u00e9 um momento ideal para observa\u00e7\u00f5es celestes, j\u00e1 que a Lua estar\u00e1 praticamente invis\u00edvel, tornando o c\u00e9u [&hellip;]\" \/>\n<meta property=\"og:url\" content=\"https:\/\/crusoe.audiencelabs.com.br\/astronomos-pedem-para-que-brasileiros-olhem-para-o-ceu-no-18-03\/\" \/>\n<meta property=\"og:site_name\" content=\"Variedades - Cruso\u00e9\" \/>\n<meta property=\"article:published_time\" content=\"2026-03-14T21:32:59+00:00\" \/>\n<meta name=\"author\" content=\"Milena Armando\" \/>\n<meta name=\"twitter:card\" content=\"summary_large_image\" \/>\n<meta name=\"twitter:label1\" content=\"Escrito por\" \/>\n\t<meta name=\"twitter:data1\" content=\"Milena Armando\" \/>\n\t<meta name=\"twitter:label2\" content=\"Est. tempo de leitura\" \/>\n\t<meta name=\"twitter:data2\" content=\"2 minutos\" \/>\n<script type=\"application\/ld+json\" class=\"yoast-schema-graph\">{\"@context\":\"https:\/\/schema.org\",\"@graph\":[{\"@type\":\"WebPage\",\"@id\":\"https:\/\/crusoe.audiencelabs.com.br\/astronomos-pedem-para-que-brasileiros-olhem-para-o-ceu-no-18-03\/\",\"url\":\"https:\/\/crusoe.audiencelabs.com.br\/astronomos-pedem-para-que-brasileiros-olhem-para-o-ceu-no-18-03\/\",\"name\":\"Astr\u00f4nomos pedem para que brasileiros olhem para o c\u00e9u no 18\/03\",\"isPartOf\":{\"@id\":\"https:\/\/crusoe.audiencelabs.com.br\/#website\"},\"primaryImageOfPage\":{\"@id\":\"https:\/\/crusoe.audiencelabs.com.br\/astronomos-pedem-para-que-brasileiros-olhem-para-o-ceu-no-18-03\/#primaryimage\"},\"image\":{\"@id\":\"https:\/\/crusoe.audiencelabs.com.br\/astronomos-pedem-para-que-brasileiros-olhem-para-o-ceu-no-18-03\/#primaryimage\"},\"thumbnailUrl\":\"https:\/\/cdn.crusoe.com.br\/uploads\/2026\/03\/panorama-noturno-da-galaxia_23-2148895324.avif\",\"datePublished\":\"2026-03-14T21:32:59+00:00\",\"author\":{\"@id\":\"https:\/\/crusoe.audiencelabs.com.br\/#\/schema\/person\/f87f73cfe89e5360de2c006bd4bd6a74\"},\"breadcrumb\":{\"@id\":\"https:\/\/crusoe.audiencelabs.com.br\/astronomos-pedem-para-que-brasileiros-olhem-para-o-ceu-no-18-03\/#breadcrumb\"},\"inLanguage\":\"pt-BR\",\"potentialAction\":[{\"@type\":\"ReadAction\",\"target\":[\"https:\/\/crusoe.audiencelabs.com.br\/astronomos-pedem-para-que-brasileiros-olhem-para-o-ceu-no-18-03\/\"]}]},{\"@type\":\"ImageObject\",\"inLanguage\":\"pt-BR\",\"@id\":\"https:\/\/crusoe.audiencelabs.com.br\/astronomos-pedem-para-que-brasileiros-olhem-para-o-ceu-no-18-03\/#primaryimage\",\"url\":\"https:\/\/cdn.crusoe.com.br\/uploads\/2026\/03\/panorama-noturno-da-galaxia_23-2148895324.avif\",\"contentUrl\":\"https:\/\/cdn.crusoe.com.br\/uploads\/2026\/03\/panorama-noturno-da-galaxia_23-2148895324.avif\",\"width\":740,\"height\":463,\"caption\":\"Reprodu\u00e7\u00e3o: Freepik\"},{\"@type\":\"BreadcrumbList\",\"@id\":\"https:\/\/crusoe.audiencelabs.com.br\/astronomos-pedem-para-que-brasileiros-olhem-para-o-ceu-no-18-03\/#breadcrumb\",\"itemListElement\":[{\"@type\":\"ListItem\",\"position\":1,\"name\":\"Home\",\"item\":\"https:\/\/crusoe.audiencelabs.com.br\/\"},{\"@type\":\"ListItem\",\"position\":2,\"name\":\"Astr\u00f4nomos pedem para que brasileiros olhem para o c\u00e9u no 18\/03\"}]},{\"@type\":\"WebSite\",\"@id\":\"https:\/\/crusoe.audiencelabs.com.br\/#website\",\"url\":\"https:\/\/crusoe.audiencelabs.com.br\/\",\"name\":\"Variedades - Cruso\u00e9\",\"description\":\"\",\"potentialAction\":[{\"@type\":\"SearchAction\",\"target\":{\"@type\":\"EntryPoint\",\"urlTemplate\":\"https:\/\/crusoe.audiencelabs.com.br\/?s={search_term_string}\"},\"query-input\":{\"@type\":\"PropertyValueSpecification\",\"valueRequired\":true,\"valueName\":\"search_term_string\"}}],\"inLanguage\":\"pt-BR\"},{\"@type\":\"Person\",\"@id\":\"https:\/\/crusoe.audiencelabs.com.br\/#\/schema\/person\/f87f73cfe89e5360de2c006bd4bd6a74\",\"name\":\"Milena Armando\",\"image\":{\"@type\":\"ImageObject\",\"inLanguage\":\"pt-BR\",\"@id\":\"https:\/\/crusoe.audiencelabs.com.br\/#\/schema\/person\/image\/\",\"url\":\"https:\/\/secure.gravatar.com\/avatar\/ea14ecddc9e9d202b698b18f9f69e09c9fd74cfbed5c6008d55f11faefdbdab7?s=96&d=mm&r=g\",\"contentUrl\":\"https:\/\/secure.gravatar.com\/avatar\/ea14ecddc9e9d202b698b18f9f69e09c9fd74cfbed5c6008d55f11faefdbdab7?s=96&d=mm&r=g\",\"caption\":\"Milena Armando\"},\"description\":\"Jornalista, redatora e revisora.\",\"url\":\"https:\/\/crusoe.audiencelabs.com.br\/author\/milena\/\"}]}<\/script>\n<!-- \/ Yoast SEO plugin. -->","yoast_head_json":{"title":"Astr\u00f4nomos pedem para que brasileiros olhem para o c\u00e9u no 18\/03","robots":{"index":"index","follow":"follow","max-snippet":"max-snippet:-1","max-image-preview":"max-image-preview:large","max-video-preview":"max-video-preview:-1"},"canonical":"https:\/\/crusoe.audiencelabs.com.br\/astronomos-pedem-para-que-brasileiros-olhem-para-o-ceu-no-18-03\/","og_locale":"pt_BR","og_type":"article","og_title":"Astr\u00f4nomos pedem para que brasileiros olhem para o c\u00e9u no 18\/03","og_description":"No dia 18 de mar\u00e7o (pr\u00f3xima quinta-feira), os brasileiros t\u00eam um convite especial: olhar para o c\u00e9u e acompanhar a Lua Nova, fen\u00f4meno que marca o in\u00edcio de um novo ciclo lunar. Astr\u00f4nomos e observat\u00f3rios refor\u00e7am que esse \u00e9 um momento ideal para observa\u00e7\u00f5es celestes, j\u00e1 que a Lua estar\u00e1 praticamente invis\u00edvel, tornando o c\u00e9u [&hellip;]","og_url":"https:\/\/crusoe.audiencelabs.com.br\/astronomos-pedem-para-que-brasileiros-olhem-para-o-ceu-no-18-03\/","og_site_name":"Variedades - Cruso\u00e9","article_published_time":"2026-03-14T21:32:59+00:00","author":"Milena Armando","twitter_card":"summary_large_image","twitter_misc":{"Escrito por":"Milena Armando","Est. tempo de leitura":"2 minutos"},"schema":{"@context":"https:\/\/schema.org","@graph":[{"@type":"WebPage","@id":"https:\/\/crusoe.audiencelabs.com.br\/astronomos-pedem-para-que-brasileiros-olhem-para-o-ceu-no-18-03\/","url":"https:\/\/crusoe.audiencelabs.com.br\/astronomos-pedem-para-que-brasileiros-olhem-para-o-ceu-no-18-03\/","name":"Astr\u00f4nomos pedem para que brasileiros olhem para o c\u00e9u no 18\/03","isPartOf":{"@id":"https:\/\/crusoe.audiencelabs.com.br\/#website"},"primaryImageOfPage":{"@id":"https:\/\/crusoe.audiencelabs.com.br\/astronomos-pedem-para-que-brasileiros-olhem-para-o-ceu-no-18-03\/#primaryimage"},"image":{"@id":"https:\/\/crusoe.audiencelabs.com.br\/astronomos-pedem-para-que-brasileiros-olhem-para-o-ceu-no-18-03\/#primaryimage"},"thumbnailUrl":"https:\/\/cdn.crusoe.com.br\/uploads\/2026\/03\/panorama-noturno-da-galaxia_23-2148895324.avif","datePublished":"2026-03-14T21:32:59+00:00","author":{"@id":"https:\/\/crusoe.audiencelabs.com.br\/#\/schema\/person\/f87f73cfe89e5360de2c006bd4bd6a74"},"breadcrumb":{"@id":"https:\/\/crusoe.audiencelabs.com.br\/astronomos-pedem-para-que-brasileiros-olhem-para-o-ceu-no-18-03\/#breadcrumb"},"inLanguage":"pt-BR","potentialAction":[{"@type":"ReadAction","target":["https:\/\/crusoe.audiencelabs.com.br\/astronomos-pedem-para-que-brasileiros-olhem-para-o-ceu-no-18-03\/"]}]},{"@type":"ImageObject","inLanguage":"pt-BR","@id":"https:\/\/crusoe.audiencelabs.com.br\/astronomos-pedem-para-que-brasileiros-olhem-para-o-ceu-no-18-03\/#primaryimage","url":"https:\/\/cdn.crusoe.com.br\/uploads\/2026\/03\/panorama-noturno-da-galaxia_23-2148895324.avif","contentUrl":"https:\/\/cdn.crusoe.com.br\/uploads\/2026\/03\/panorama-noturno-da-galaxia_23-2148895324.avif","width":740,"height":463,"caption":"Reprodu\u00e7\u00e3o: Freepik"},{"@type":"BreadcrumbList","@id":"https:\/\/crusoe.audiencelabs.com.br\/astronomos-pedem-para-que-brasileiros-olhem-para-o-ceu-no-18-03\/#breadcrumb","itemListElement":[{"@type":"ListItem","position":1,"name":"Home","item":"https:\/\/crusoe.audiencelabs.com.br\/"},{"@type":"ListItem","position":2,"name":"Astr\u00f4nomos pedem para que brasileiros olhem para o c\u00e9u no 18\/03"}]},{"@type":"WebSite","@id":"https:\/\/crusoe.audiencelabs.com.br\/#website","url":"https:\/\/crusoe.audiencelabs.com.br\/","name":"Variedades - Cruso\u00e9","description":"","potentialAction":[{"@type":"SearchAction","target":{"@type":"EntryPoint","urlTemplate":"https:\/\/crusoe.audiencelabs.com.br\/?s={search_term_string}"},"query-input":{"@type":"PropertyValueSpecification","valueRequired":true,"valueName":"search_term_string"}}],"inLanguage":"pt-BR"},{"@type":"Person","@id":"https:\/\/crusoe.audiencelabs.com.br\/#\/schema\/person\/f87f73cfe89e5360de2c006bd4bd6a74","name":"Milena Armando","image":{"@type":"ImageObject","inLanguage":"pt-BR","@id":"https:\/\/crusoe.audiencelabs.com.br\/#\/schema\/person\/image\/","url":"https:\/\/secure.gravatar.com\/avatar\/ea14ecddc9e9d202b698b18f9f69e09c9fd74cfbed5c6008d55f11faefdbdab7?s=96&d=mm&r=g","contentUrl":"https:\/\/secure.gravatar.com\/avatar\/ea14ecddc9e9d202b698b18f9f69e09c9fd74cfbed5c6008d55f11faefdbdab7?s=96&d=mm&r=g","caption":"Milena Armando"},"description":"Jornalista, redatora e revisora.","url":"https:\/\/crusoe.audiencelabs.com.br\/author\/milena\/"}]}},"_links":{"self":[{"href":"https:\/\/crusoe.audiencelabs.com.br\/wp-json\/wp\/v2\/posts\/33626","targetHints":{"allow":["GET"]}}],"collection":[{"href":"https:\/\/crusoe.audiencelabs.com.br\/wp-json\/wp\/v2\/posts"}],"about":[{"href":"https:\/\/crusoe.audiencelabs.com.br\/wp-json\/wp\/v2\/types\/post"}],"author":[{"embeddable":true,"href":"https:\/\/crusoe.audiencelabs.com.br\/wp-json\/wp\/v2\/users\/5"}],"replies":[{"embeddable":true,"href":"https:\/\/crusoe.audiencelabs.com.br\/wp-json\/wp\/v2\/comments?post=33626"}],"version-history":[{"count":3,"href":"https:\/\/crusoe.audiencelabs.com.br\/wp-json\/wp\/v2\/posts\/33626\/revisions"}],"predecessor-version":[{"id":33718,"href":"https:\/\/crusoe.audiencelabs.com.br\/wp-json\/wp\/v2\/posts\/33626\/revisions\/33718"}],"wp:featuredmedia":[{"embeddable":true,"href":"https:\/\/crusoe.audiencelabs.com.br\/wp-json\/wp\/v2\/media\/33627"}],"wp:attachment":[{"href":"https:\/\/crusoe.audiencelabs.com.br\/wp-json\/wp\/v2\/media?parent=33626"}],"wp:term":[{"taxonomy":"category","embeddable":true,"href":"https:\/\/crusoe.audiencelabs.com.br\/wp-json\/wp\/v2\/categories?post=33626"},{"taxonomy":"post_tag","embeddable":true,"href":"https:\/\/crusoe.audiencelabs.com.br\/wp-json\/wp\/v2\/tags?post=33626"}],"curies":[{"name":"wp","href":"https:\/\/api.w.org\/{rel}","templated":true}]}}