{"id":33598,"date":"2026-03-10T11:05:02","date_gmt":"2026-03-10T14:05:02","guid":{"rendered":"https:\/\/crusoe.audiencelabs.com.br\/?p=33598"},"modified":"2026-03-10T08:08:39","modified_gmt":"2026-03-10T11:08:39","slug":"presidente-revela-projeto-para-redesenhar-todo-este-pais-nos-proximos-50-anos","status":"publish","type":"post","link":"https:\/\/crusoe.audiencelabs.com.br\/presidente-revela-projeto-para-redesenhar-todo-este-pais-nos-proximos-50-anos\/","title":{"rendered":"Presidente revela projeto para \u201credesenhar\u201d todo este pa\u00eds nos pr\u00f3ximos 50 anos"},"content":{"rendered":"<p><span style=\"font-weight: 400\">O presidente da <strong>Argentina<\/strong>, <strong>Javier Milei<\/strong>, anunciou um ambicioso plano de <strong>90 reformas estruturais<\/strong> que pretende enviar ao Congresso em 2026 com a meta de \u201c<strong>redesenhar a arquitetura institucional<\/strong>\u201d do pa\u00eds para os pr\u00f3ximos 50 anos.\u00a0<\/span><\/p>\n<p><span style=\"font-weight: 400\">Segundo Milei, as propostas abrangem v\u00e1rias frentes, incluindo reformas econ\u00f4micas, tribut\u00e1rias, do sistema penal, eleitoral, educacional, judicial e de defesa, entre outras.\u00a0<\/span><\/p>\n<p><span style=\"font-weight: 400\">O objetivo do governo \u00e9 consolidar um novo modelo que, em sua vis\u00e3o, modernize a Argentina e coloque a economia e as institui\u00e7\u00f5es em um caminho de maior competitividade e efici\u00eancia.<\/span><\/p>\n<h2><span style=\"font-weight: 400\">Principais \u00e1reas de transforma\u00e7\u00e3o<\/span><\/h2>\n<p><span style=\"font-weight: 400\">Embora ainda n\u00e3o tenham sido aprovadas, as reformas programadas incluem altera\u00e7\u00f5es importantes em diferentes ramos da legisla\u00e7\u00e3o e da estrutura do Estado. Entre as mudan\u00e7as previstas est\u00e3o:<\/span><\/p>\n<ul>\n<li style=\"font-weight: 400\"><span style=\"font-weight: 400\">Revis\u00f5es nos c\u00f3digos civil e penal, com ajustes em como leis e penalidades s\u00e3o aplicadas;<\/span><\/li>\n<li style=\"font-weight: 400\"><span style=\"font-weight: 400\">Reformas no sistema eleitoral, que podem redefinir regras de financiamento e funcionamento dos partidos pol\u00edticos;<\/span><\/li>\n<li style=\"font-weight: 400\"><span style=\"font-weight: 400\">Atualiza\u00e7\u00f5es na legisla\u00e7\u00e3o educacional, com foco em adaptar o ensino \u00e0s demandas do mercado;<\/span><\/li>\n<li style=\"font-weight: 400\"><span style=\"font-weight: 400\">Propostas para reorganizar \u00e1reas ligadas \u00e0 intelig\u00eancia, defesa e com\u00e9rcio exterior.<\/span><\/li>\n<\/ul>\n<p><span style=\"font-weight: 400\">Essas transforma\u00e7\u00f5es fazem parte de um conjunto mais amplo de reestrutura\u00e7\u00e3o que o governo de Milei vem implementando desde sua posse, marcada por pol\u00edticas econ\u00f4micas liberais, cortes de gastos e esfor\u00e7os para atrair investimentos.<\/span><\/p>\n<h2><span style=\"font-weight: 400\">Impactos e rea\u00e7\u00f5es<\/span><\/h2>\n<p><span style=\"font-weight: 400\">Milei tem afirmado que as reformas estruturais s\u00e3o necess\u00e1rias para promover crescimento sustent\u00e1vel e moderniza\u00e7\u00e3o do pa\u00eds, mas tamb\u00e9m reconheceu que elas trar\u00e3o mudan\u00e7as profundas na economia e na organiza\u00e7\u00e3o produtiva.\u00a0<\/span><\/p>\n<p><span style=\"font-weight: 400\">Ele chegou a afirmar que alguns setores podem desaparecer se n\u00e3o se adaptarem \u00e0s novas regras e \u00e0 abertura econ\u00f4mica defendida pela sua administra\u00e7\u00e3o.<\/span><\/p>\n<p><span style=\"font-weight: 400\">A proposta tem gerado debates na Argentina, com apoiadores defendendo que as mudan\u00e7as impulsionar\u00e3o a competitividade internacional do pa\u00eds e cr\u00edticos alertando para poss\u00edveis impactos sociais e econ\u00f4micos negativos em setores mais vulner\u00e1veis.<\/span><\/p>\n<h2><span style=\"font-weight: 400\">Contexto das reformas<\/span><\/h2>\n<p><span style=\"font-weight: 400\">O pacote de reformas anunciadas est\u00e1 inserido em um esfor\u00e7o de Milei para remodelar pol\u00edticas p\u00fablicas que ele considera obsoletas ou ineficientes, em linha com sua vis\u00e3o ultraliberal de reduzir o tamanho do Estado e ampliar a liberdade econ\u00f4mica.\u00a0<\/span><\/p>\n<p><span style=\"font-weight: 400\">Desde que assumiu a presid\u00eancia, o governo j\u00e1 promoveu cortes de gastos, mudan\u00e7as em regulamenta\u00e7\u00f5es e medidas que mexem com leis hist\u00f3ricas no pa\u00eds.\u00a0<\/span><\/p>\n","protected":false},"excerpt":{"rendered":"<p>O presidente da Argentina, Javier Milei, anunciou um ambicioso plano de 90 reformas estruturais que pretende enviar ao Congresso em 2026 com a meta de \u201credesenhar a arquitetura institucional\u201d do pa\u00eds para os pr\u00f3ximos 50 anos.\u00a0 Segundo Milei, as propostas abrangem v\u00e1rias frentes, incluindo reformas econ\u00f4micas, tribut\u00e1rias, do sistema penal, eleitoral, educacional, judicial e de [&hellip;]<\/p>\n","protected":false},"author":5,"featured_media":33599,"comment_status":"open","ping_status":"open","sticky":false,"template":"","format":"standard","meta":{"jnews-multi-image_gallery":[],"jnews_single_post":{"subtitle":"","format":"standard","jnews_video_option_group":[[]],"override":[{"template":"2","parallax":"1","fullscreen":"1","layout":"right-sidebar","sidebar":"default-sidebar","second_sidebar":"default-sidebar","sticky_sidebar":"1","share_position":"hide","share_float_style":"share-monocrhome","show_featured":"1","show_post_meta":"1","show_post_author":"1","show_post_date":"1","post_date_format":"default","post_date_format_custom":"Y\/m\/d","show_post_category":"1","show_post_reading_time":"0","post_reading_time_wpm":"300","post_calculate_word_method":"str_word_count","show_zoom_button":"0","zoom_button_out_step":"2","zoom_button_in_step":"3","show_post_tag":"1","show_popup_post":"1","number_popup_post":"1","show_author_box":"1","show_post_related":"0"}],"image_override":[{"single_post_thumbnail_size":"crop-500","single_post_gallery_size":"crop-500"}],"trending_post_position":"meta","trending_post_label":"Trending","sponsored_post_label":"Sponsored by","disable_ad":"0"},"jnews_primary_category":[],"jnews_override_counter":{"view_counter_number":"0","share_counter_number":"0","like_counter_number":"0","dislike_counter_number":"0"},"jnews_post_split":{"post_split":[{"template":"1","tag":"h2","numbering":"asc","mode":"normal","first":"0","enable_toc":"0","toc_type":"normal"}]},"footnotes":""},"categories":[1],"tags":[2024,6044,6045],"class_list":["post-33598","post","type-post","status-publish","format-standard","has-post-thumbnail","hentry","category-geral","tag-argentina","tag-javier-milei","tag-reforma"],"yoast_head":"<!-- This site is optimized with the Yoast SEO plugin v25.0 - https:\/\/yoast.com\/wordpress\/plugins\/seo\/ -->\n<title>Presidente revela projeto para \u201credesenhar\u201d todo este pa\u00eds nos pr\u00f3ximos 50 anos<\/title>\n<meta name=\"robots\" content=\"index, follow, max-snippet:-1, max-image-preview:large, max-video-preview:-1\" \/>\n<link rel=\"canonical\" href=\"https:\/\/crusoe.audiencelabs.com.br\/presidente-revela-projeto-para-redesenhar-todo-este-pais-nos-proximos-50-anos\/\" \/>\n<meta property=\"og:locale\" content=\"pt_BR\" \/>\n<meta property=\"og:type\" content=\"article\" \/>\n<meta property=\"og:title\" content=\"Presidente revela projeto para \u201credesenhar\u201d todo este pa\u00eds nos pr\u00f3ximos 50 anos\" \/>\n<meta property=\"og:description\" content=\"O presidente da Argentina, Javier Milei, anunciou um ambicioso plano de 90 reformas estruturais que pretende enviar ao Congresso em 2026 com a meta de \u201credesenhar a arquitetura institucional\u201d do pa\u00eds para os pr\u00f3ximos 50 anos.\u00a0 Segundo Milei, as propostas abrangem v\u00e1rias frentes, incluindo reformas econ\u00f4micas, tribut\u00e1rias, do sistema penal, eleitoral, educacional, judicial e de [&hellip;]\" \/>\n<meta property=\"og:url\" content=\"https:\/\/crusoe.audiencelabs.com.br\/presidente-revela-projeto-para-redesenhar-todo-este-pais-nos-proximos-50-anos\/\" \/>\n<meta property=\"og:site_name\" content=\"Variedades - Cruso\u00e9\" \/>\n<meta property=\"article:published_time\" content=\"2026-03-10T14:05:02+00:00\" \/>\n<meta property=\"og:image\" content=\"https:\/\/cdn.crusoe.com.br\/uploads\/2026\/03\/pexels-pixabay-460697.jpg\" \/>\n\t<meta property=\"og:image:width\" content=\"2400\" \/>\n\t<meta property=\"og:image:height\" content=\"1600\" \/>\n\t<meta property=\"og:image:type\" content=\"image\/jpeg\" \/>\n<meta name=\"author\" content=\"Milena Armando\" \/>\n<meta name=\"twitter:card\" content=\"summary_large_image\" \/>\n<meta name=\"twitter:label1\" content=\"Escrito por\" \/>\n\t<meta name=\"twitter:data1\" content=\"Milena Armando\" \/>\n\t<meta name=\"twitter:label2\" content=\"Est. tempo de leitura\" \/>\n\t<meta name=\"twitter:data2\" content=\"3 minutos\" \/>\n<script type=\"application\/ld+json\" class=\"yoast-schema-graph\">{\"@context\":\"https:\/\/schema.org\",\"@graph\":[{\"@type\":\"WebPage\",\"@id\":\"https:\/\/crusoe.audiencelabs.com.br\/presidente-revela-projeto-para-redesenhar-todo-este-pais-nos-proximos-50-anos\/\",\"url\":\"https:\/\/crusoe.audiencelabs.com.br\/presidente-revela-projeto-para-redesenhar-todo-este-pais-nos-proximos-50-anos\/\",\"name\":\"Presidente revela projeto para \u201credesenhar\u201d todo este pa\u00eds nos pr\u00f3ximos 50 anos\",\"isPartOf\":{\"@id\":\"https:\/\/crusoe.audiencelabs.com.br\/#website\"},\"primaryImageOfPage\":{\"@id\":\"https:\/\/crusoe.audiencelabs.com.br\/presidente-revela-projeto-para-redesenhar-todo-este-pais-nos-proximos-50-anos\/#primaryimage\"},\"image\":{\"@id\":\"https:\/\/crusoe.audiencelabs.com.br\/presidente-revela-projeto-para-redesenhar-todo-este-pais-nos-proximos-50-anos\/#primaryimage\"},\"thumbnailUrl\":\"https:\/\/cdn.crusoe.com.br\/uploads\/2026\/03\/pexels-pixabay-460697.jpg\",\"datePublished\":\"2026-03-10T14:05:02+00:00\",\"author\":{\"@id\":\"https:\/\/crusoe.audiencelabs.com.br\/#\/schema\/person\/f87f73cfe89e5360de2c006bd4bd6a74\"},\"breadcrumb\":{\"@id\":\"https:\/\/crusoe.audiencelabs.com.br\/presidente-revela-projeto-para-redesenhar-todo-este-pais-nos-proximos-50-anos\/#breadcrumb\"},\"inLanguage\":\"pt-BR\",\"potentialAction\":[{\"@type\":\"ReadAction\",\"target\":[\"https:\/\/crusoe.audiencelabs.com.br\/presidente-revela-projeto-para-redesenhar-todo-este-pais-nos-proximos-50-anos\/\"]}]},{\"@type\":\"ImageObject\",\"inLanguage\":\"pt-BR\",\"@id\":\"https:\/\/crusoe.audiencelabs.com.br\/presidente-revela-projeto-para-redesenhar-todo-este-pais-nos-proximos-50-anos\/#primaryimage\",\"url\":\"https:\/\/cdn.crusoe.com.br\/uploads\/2026\/03\/pexels-pixabay-460697.jpg\",\"contentUrl\":\"https:\/\/cdn.crusoe.com.br\/uploads\/2026\/03\/pexels-pixabay-460697.jpg\",\"width\":2400,\"height\":1600,\"caption\":\"Reprodu\u00e7\u00e3o: Pixabay\"},{\"@type\":\"BreadcrumbList\",\"@id\":\"https:\/\/crusoe.audiencelabs.com.br\/presidente-revela-projeto-para-redesenhar-todo-este-pais-nos-proximos-50-anos\/#breadcrumb\",\"itemListElement\":[{\"@type\":\"ListItem\",\"position\":1,\"name\":\"Home\",\"item\":\"https:\/\/crusoe.audiencelabs.com.br\/\"},{\"@type\":\"ListItem\",\"position\":2,\"name\":\"Presidente revela projeto para \u201credesenhar\u201d todo este pa\u00eds nos pr\u00f3ximos 50 anos\"}]},{\"@type\":\"WebSite\",\"@id\":\"https:\/\/crusoe.audiencelabs.com.br\/#website\",\"url\":\"https:\/\/crusoe.audiencelabs.com.br\/\",\"name\":\"Variedades - Cruso\u00e9\",\"description\":\"\",\"potentialAction\":[{\"@type\":\"SearchAction\",\"target\":{\"@type\":\"EntryPoint\",\"urlTemplate\":\"https:\/\/crusoe.audiencelabs.com.br\/?s={search_term_string}\"},\"query-input\":{\"@type\":\"PropertyValueSpecification\",\"valueRequired\":true,\"valueName\":\"search_term_string\"}}],\"inLanguage\":\"pt-BR\"},{\"@type\":\"Person\",\"@id\":\"https:\/\/crusoe.audiencelabs.com.br\/#\/schema\/person\/f87f73cfe89e5360de2c006bd4bd6a74\",\"name\":\"Milena Armando\",\"image\":{\"@type\":\"ImageObject\",\"inLanguage\":\"pt-BR\",\"@id\":\"https:\/\/crusoe.audiencelabs.com.br\/#\/schema\/person\/image\/\",\"url\":\"https:\/\/secure.gravatar.com\/avatar\/ea14ecddc9e9d202b698b18f9f69e09c9fd74cfbed5c6008d55f11faefdbdab7?s=96&d=mm&r=g\",\"contentUrl\":\"https:\/\/secure.gravatar.com\/avatar\/ea14ecddc9e9d202b698b18f9f69e09c9fd74cfbed5c6008d55f11faefdbdab7?s=96&d=mm&r=g\",\"caption\":\"Milena Armando\"},\"description\":\"Jornalista, redatora e revisora.\",\"url\":\"https:\/\/crusoe.audiencelabs.com.br\/author\/milena\/\"}]}<\/script>\n<!-- \/ Yoast SEO plugin. -->","yoast_head_json":{"title":"Presidente revela projeto para \u201credesenhar\u201d todo este pa\u00eds nos pr\u00f3ximos 50 anos","robots":{"index":"index","follow":"follow","max-snippet":"max-snippet:-1","max-image-preview":"max-image-preview:large","max-video-preview":"max-video-preview:-1"},"canonical":"https:\/\/crusoe.audiencelabs.com.br\/presidente-revela-projeto-para-redesenhar-todo-este-pais-nos-proximos-50-anos\/","og_locale":"pt_BR","og_type":"article","og_title":"Presidente revela projeto para \u201credesenhar\u201d todo este pa\u00eds nos pr\u00f3ximos 50 anos","og_description":"O presidente da Argentina, Javier Milei, anunciou um ambicioso plano de 90 reformas estruturais que pretende enviar ao Congresso em 2026 com a meta de \u201credesenhar a arquitetura institucional\u201d do pa\u00eds para os pr\u00f3ximos 50 anos.\u00a0 Segundo Milei, as propostas abrangem v\u00e1rias frentes, incluindo reformas econ\u00f4micas, tribut\u00e1rias, do sistema penal, eleitoral, educacional, judicial e de [&hellip;]","og_url":"https:\/\/crusoe.audiencelabs.com.br\/presidente-revela-projeto-para-redesenhar-todo-este-pais-nos-proximos-50-anos\/","og_site_name":"Variedades - Cruso\u00e9","article_published_time":"2026-03-10T14:05:02+00:00","og_image":[{"width":2400,"height":1600,"url":"https:\/\/cdn.crusoe.com.br\/uploads\/2026\/03\/pexels-pixabay-460697.jpg","type":"image\/jpeg"}],"author":"Milena Armando","twitter_card":"summary_large_image","twitter_misc":{"Escrito por":"Milena Armando","Est. tempo de leitura":"3 minutos"},"schema":{"@context":"https:\/\/schema.org","@graph":[{"@type":"WebPage","@id":"https:\/\/crusoe.audiencelabs.com.br\/presidente-revela-projeto-para-redesenhar-todo-este-pais-nos-proximos-50-anos\/","url":"https:\/\/crusoe.audiencelabs.com.br\/presidente-revela-projeto-para-redesenhar-todo-este-pais-nos-proximos-50-anos\/","name":"Presidente revela projeto para \u201credesenhar\u201d todo este pa\u00eds nos pr\u00f3ximos 50 anos","isPartOf":{"@id":"https:\/\/crusoe.audiencelabs.com.br\/#website"},"primaryImageOfPage":{"@id":"https:\/\/crusoe.audiencelabs.com.br\/presidente-revela-projeto-para-redesenhar-todo-este-pais-nos-proximos-50-anos\/#primaryimage"},"image":{"@id":"https:\/\/crusoe.audiencelabs.com.br\/presidente-revela-projeto-para-redesenhar-todo-este-pais-nos-proximos-50-anos\/#primaryimage"},"thumbnailUrl":"https:\/\/cdn.crusoe.com.br\/uploads\/2026\/03\/pexels-pixabay-460697.jpg","datePublished":"2026-03-10T14:05:02+00:00","author":{"@id":"https:\/\/crusoe.audiencelabs.com.br\/#\/schema\/person\/f87f73cfe89e5360de2c006bd4bd6a74"},"breadcrumb":{"@id":"https:\/\/crusoe.audiencelabs.com.br\/presidente-revela-projeto-para-redesenhar-todo-este-pais-nos-proximos-50-anos\/#breadcrumb"},"inLanguage":"pt-BR","potentialAction":[{"@type":"ReadAction","target":["https:\/\/crusoe.audiencelabs.com.br\/presidente-revela-projeto-para-redesenhar-todo-este-pais-nos-proximos-50-anos\/"]}]},{"@type":"ImageObject","inLanguage":"pt-BR","@id":"https:\/\/crusoe.audiencelabs.com.br\/presidente-revela-projeto-para-redesenhar-todo-este-pais-nos-proximos-50-anos\/#primaryimage","url":"https:\/\/cdn.crusoe.com.br\/uploads\/2026\/03\/pexels-pixabay-460697.jpg","contentUrl":"https:\/\/cdn.crusoe.com.br\/uploads\/2026\/03\/pexels-pixabay-460697.jpg","width":2400,"height":1600,"caption":"Reprodu\u00e7\u00e3o: Pixabay"},{"@type":"BreadcrumbList","@id":"https:\/\/crusoe.audiencelabs.com.br\/presidente-revela-projeto-para-redesenhar-todo-este-pais-nos-proximos-50-anos\/#breadcrumb","itemListElement":[{"@type":"ListItem","position":1,"name":"Home","item":"https:\/\/crusoe.audiencelabs.com.br\/"},{"@type":"ListItem","position":2,"name":"Presidente revela projeto para \u201credesenhar\u201d todo este pa\u00eds nos pr\u00f3ximos 50 anos"}]},{"@type":"WebSite","@id":"https:\/\/crusoe.audiencelabs.com.br\/#website","url":"https:\/\/crusoe.audiencelabs.com.br\/","name":"Variedades - Cruso\u00e9","description":"","potentialAction":[{"@type":"SearchAction","target":{"@type":"EntryPoint","urlTemplate":"https:\/\/crusoe.audiencelabs.com.br\/?s={search_term_string}"},"query-input":{"@type":"PropertyValueSpecification","valueRequired":true,"valueName":"search_term_string"}}],"inLanguage":"pt-BR"},{"@type":"Person","@id":"https:\/\/crusoe.audiencelabs.com.br\/#\/schema\/person\/f87f73cfe89e5360de2c006bd4bd6a74","name":"Milena Armando","image":{"@type":"ImageObject","inLanguage":"pt-BR","@id":"https:\/\/crusoe.audiencelabs.com.br\/#\/schema\/person\/image\/","url":"https:\/\/secure.gravatar.com\/avatar\/ea14ecddc9e9d202b698b18f9f69e09c9fd74cfbed5c6008d55f11faefdbdab7?s=96&d=mm&r=g","contentUrl":"https:\/\/secure.gravatar.com\/avatar\/ea14ecddc9e9d202b698b18f9f69e09c9fd74cfbed5c6008d55f11faefdbdab7?s=96&d=mm&r=g","caption":"Milena Armando"},"description":"Jornalista, redatora e revisora.","url":"https:\/\/crusoe.audiencelabs.com.br\/author\/milena\/"}]}},"_links":{"self":[{"href":"https:\/\/crusoe.audiencelabs.com.br\/wp-json\/wp\/v2\/posts\/33598","targetHints":{"allow":["GET"]}}],"collection":[{"href":"https:\/\/crusoe.audiencelabs.com.br\/wp-json\/wp\/v2\/posts"}],"about":[{"href":"https:\/\/crusoe.audiencelabs.com.br\/wp-json\/wp\/v2\/types\/post"}],"author":[{"embeddable":true,"href":"https:\/\/crusoe.audiencelabs.com.br\/wp-json\/wp\/v2\/users\/5"}],"replies":[{"embeddable":true,"href":"https:\/\/crusoe.audiencelabs.com.br\/wp-json\/wp\/v2\/comments?post=33598"}],"version-history":[{"count":3,"href":"https:\/\/crusoe.audiencelabs.com.br\/wp-json\/wp\/v2\/posts\/33598\/revisions"}],"predecessor-version":[{"id":33666,"href":"https:\/\/crusoe.audiencelabs.com.br\/wp-json\/wp\/v2\/posts\/33598\/revisions\/33666"}],"wp:featuredmedia":[{"embeddable":true,"href":"https:\/\/crusoe.audiencelabs.com.br\/wp-json\/wp\/v2\/media\/33599"}],"wp:attachment":[{"href":"https:\/\/crusoe.audiencelabs.com.br\/wp-json\/wp\/v2\/media?parent=33598"}],"wp:term":[{"taxonomy":"category","embeddable":true,"href":"https:\/\/crusoe.audiencelabs.com.br\/wp-json\/wp\/v2\/categories?post=33598"},{"taxonomy":"post_tag","embeddable":true,"href":"https:\/\/crusoe.audiencelabs.com.br\/wp-json\/wp\/v2\/tags?post=33598"}],"curies":[{"name":"wp","href":"https:\/\/api.w.org\/{rel}","templated":true}]}}