{"id":33592,"date":"2026-03-10T09:34:05","date_gmt":"2026-03-10T12:34:05","guid":{"rendered":"https:\/\/crusoe.audiencelabs.com.br\/?p=33592"},"modified":"2026-03-10T08:01:50","modified_gmt":"2026-03-10T11:01:50","slug":"brasileiro-da-nasa-aponta-cidade-que-pode-virar-polo-tecnologico-do-pais","status":"publish","type":"post","link":"https:\/\/crusoe.audiencelabs.com.br\/brasileiro-da-nasa-aponta-cidade-que-pode-virar-polo-tecnologico-do-pais\/","title":{"rendered":"Brasileiro da NASA aponta estado que pode virar polo tecnol\u00f3gico do pa\u00eds"},"content":{"rendered":"<p data-start=\"137\" data-end=\"463\">O engenheiro brasileiro <strong>Ivair Gontijo<\/strong>, que atua no laborat\u00f3rio de propuls\u00e3o a jato da <strong>NASA<\/strong>, afirmou que o <strong>estado de S\u00e3o Paulo pode ser comparado \u00e0 Calif\u00f3rnia<\/strong> quando o assunto \u00e9 <strong>inova\u00e7\u00e3o e desenvolvimento tecnol\u00f3gico<\/strong>. A declara\u00e7\u00e3o foi feita durante uma entrevista ao site Estad\u00e3o.<\/p>\n<p data-start=\"465\" data-end=\"872\">Segundo o cientista, S\u00e3o Paulo re\u00fane caracter\u00edsticas semelhantes \u00e0s da regi\u00e3o conhecida mundialmente como <strong>Vale do Sil\u00edcio,<\/strong> um dos principais polos de tecnologia do planeta.<\/p>\n<p data-start=\"465\" data-end=\"872\">Entre os fatores que aproximam os dois destinos est\u00e3o a <strong>presen\u00e7a de universidades de excel\u00eancia, centros de pesquisa, startups e empresas de base tecnol\u00f3gica<\/strong>, al\u00e9m de um ecossistema que incentiva a inova\u00e7\u00e3o e o empreendedorismo.<\/p>\n<h2 data-section-id=\"pb85n9\" data-start=\"874\" data-end=\"913\">Potencial tecnol\u00f3gico de S\u00e3o Paulo<\/h2>\n<p data-start=\"915\" data-end=\"1286\">Gontijo destacou que o estado paulista tem uma concentra\u00e7\u00e3o relevante de talentos, infraestrutura cient\u00edfica e investimentos em tecnologia, o que favorece o surgimento de novas solu\u00e7\u00f5es e neg\u00f3cios inovadores.<\/p>\n<p data-start=\"915\" data-end=\"1286\">Para ele, esse ambiente pode impulsionar ainda mais o desenvolvimento tecnol\u00f3gico no Brasil e criar oportunidades para profissionais e pesquisadores do pa\u00eds.<\/p>\n<h2 data-section-id=\"13pnrnc\" data-start=\"1288\" data-end=\"1328\">Trajet\u00f3ria de Ivair Gontijo na NASA<\/h2>\n<p data-start=\"1330\" data-end=\"1768\">O engenheiro compartilhou sua trajet\u00f3ria at\u00e9 chegar \u00e0 NASA. Natural da cidade de Moema, interior de Minas Gerais, ele construiu carreira na \u00e1rea cient\u00edfica e hoje integra o Jet Propulsion Laboratory (JPL), um dos centros mais avan\u00e7ados da ag\u00eancia espacial americana.<\/p>\n<figure id=\"attachment_33661\" aria-describedby=\"caption-attachment-33661\" style=\"width: 1140px\" class=\"wp-caption aligncenter\"><img loading=\"lazy\" decoding=\"async\" class=\"wp-image-33661 size-full\" src=\"https:\/\/cdn.crusoe.com.br\/uploads\/2026\/03\/Ivair-Gontijo.jpg\" alt=\"\" width=\"1140\" height=\"641\" srcset=\"https:\/\/cdn.crusoe.com.br\/uploads\/2026\/03\/Ivair-Gontijo.jpg 1140w, https:\/\/cdn.crusoe.com.br\/uploads\/2026\/03\/Ivair-Gontijo-300x169.jpg 300w, https:\/\/cdn.crusoe.com.br\/uploads\/2026\/03\/Ivair-Gontijo-1024x576.jpg 1024w, https:\/\/cdn.crusoe.com.br\/uploads\/2026\/03\/Ivair-Gontijo-768x432.jpg 768w, https:\/\/cdn.crusoe.com.br\/uploads\/2026\/03\/Ivair-Gontijo-750x422.jpg 750w\" sizes=\"auto, (max-width: 1140px) 100vw, 1140px\" \/><figcaption id=\"caption-attachment-33661\" class=\"wp-caption-text\"><strong>Ivair Gontijo (Reprodu\u00e7\u00e3o: B\u00e1rbara Lopes\/Ag\u00eancia O Globo)<\/strong><\/figcaption><\/figure>\n<p data-start=\"1330\" data-end=\"1768\">Ao longo dos anos, participou de projetos importantes ligados \u00e0 explora\u00e7\u00e3o de Marte, incluindo miss\u00f5es que enviaram ve\u00edculos rob\u00f3ticos para estudar o planeta vermelho.<\/p>\n<h2 data-section-id=\"lx7zng\" data-start=\"1770\" data-end=\"1805\">Educa\u00e7\u00e3o cient\u00edfica e inova\u00e7\u00e3o<\/h2>\n<p data-start=\"1807\" data-end=\"2148\">Durante a entrevista, Gontijo ressaltou a import\u00e2ncia da educa\u00e7\u00e3o cient\u00edfica e da persist\u00eancia para quem deseja atuar em \u00e1reas de alta tecnologia.<\/p>\n<p data-start=\"1807\" data-end=\"2148\">Para ele, o crescimento de eventos, universidades e iniciativas voltadas \u00e0 inova\u00e7\u00e3o em S\u00e3o Paulo demonstra que o Brasil tem potencial para ampliar sua participa\u00e7\u00e3o no cen\u00e1rio tecnol\u00f3gico global.<\/p>\n<div class=\"flex flex-col text-sm\">\n<article class=\"text-token-text-primary w-full focus:outline-none [--shadow-height:45px] has-data-writing-block:pointer-events-none has-data-writing-block:-mt-(--shadow-height) has-data-writing-block:pt-(--shadow-height) [&amp;:has([data-writing-block])&gt;*]:pointer-events-auto scroll-mt-[calc(var(--header-height)+min(200px,max(70px,20svh)))]\" dir=\"auto\" data-turn-id=\"request-WEB:43870cf7-487b-41c2-a7ad-7e78ce3fb1ea-0\" data-testid=\"conversation-turn-2\" data-scroll-anchor=\"true\" data-turn=\"assistant\">\n<div class=\"text-base my-auto mx-auto pb-10 [--thread-content-margin:var(--thread-content-margin-xs,calc(var(--spacing)*4))] @w-sm\/main:[--thread-content-margin:var(--thread-content-margin-sm,calc(var(--spacing)*6))] @w-lg\/main:[--thread-content-margin:var(--thread-content-margin-lg,calc(var(--spacing)*16))] px-(--thread-content-margin)\">\n<div class=\"[--thread-content-max-width:40rem] @w-lg\/main:[--thread-content-max-width:48rem] mx-auto max-w-(--thread-content-max-width) flex-1 group\/turn-messages focus-visible:outline-hidden relative flex w-full min-w-0 flex-col agent-turn\">\n<div class=\"flex max-w-full flex-col gap-4 grow\">\n<div class=\"min-h-8 text-message relative flex w-full flex-col items-end gap-2 text-start break-words whitespace-normal [.text-message+&amp;]:mt-1\" dir=\"auto\" data-message-author-role=\"assistant\" data-message-id=\"e68a4f18-74b1-4451-9d3d-c1be4e40fb90\" data-message-model-slug=\"gpt-5-mini\">\n<div class=\"flex w-full flex-col gap-1 empty:hidden\">\n<div class=\"markdown prose dark:prose-invert w-full wrap-break-word dark markdown-new-styling\">\n<p data-start=\"0\" data-end=\"230\" data-is-last-node=\"\" data-is-only-node=\"\">Gontijo estar\u00e1 presente no S\u00e3o Paulo Innovation Week (SPIW), um festival dedicado \u00e0 inova\u00e7\u00e3o, tecnologia e neg\u00f3cios, promovido pelo Estad\u00e3o em parceria com a Base Eventos, que acontecer\u00e1 em maio na cidade de S\u00e3o Paulo.<\/p>\n<\/div>\n<\/div>\n<\/div>\n<\/div>\n<\/div>\n<\/div>\n<\/article>\n<\/div>\n","protected":false},"excerpt":{"rendered":"<p>O engenheiro brasileiro Ivair Gontijo, que atua no laborat\u00f3rio de propuls\u00e3o a jato da NASA, afirmou que o estado de S\u00e3o Paulo pode ser comparado \u00e0 Calif\u00f3rnia quando o assunto \u00e9 inova\u00e7\u00e3o e desenvolvimento tecnol\u00f3gico. A declara\u00e7\u00e3o foi feita durante uma entrevista ao site Estad\u00e3o. Segundo o cientista, S\u00e3o Paulo re\u00fane caracter\u00edsticas semelhantes \u00e0s da [&hellip;]<\/p>\n","protected":false},"author":5,"featured_media":33593,"comment_status":"open","ping_status":"open","sticky":false,"template":"","format":"standard","meta":{"jnews-multi-image_gallery":[],"jnews_single_post":{"subtitle":"","format":"standard","jnews_video_option_group":[[]],"override":[{"template":"2","parallax":"1","fullscreen":"1","layout":"right-sidebar","sidebar":"default-sidebar","second_sidebar":"default-sidebar","sticky_sidebar":"1","share_position":"hide","share_float_style":"share-monocrhome","show_featured":"1","show_post_meta":"1","show_post_author":"1","show_post_date":"1","post_date_format":"default","post_date_format_custom":"Y\/m\/d","show_post_category":"1","show_post_reading_time":"0","post_reading_time_wpm":"300","post_calculate_word_method":"str_word_count","show_zoom_button":"0","zoom_button_out_step":"2","zoom_button_in_step":"3","show_post_tag":"1","show_popup_post":"1","number_popup_post":"1","show_author_box":"1","show_post_related":"0"}],"image_override":[{"single_post_thumbnail_size":"crop-500","single_post_gallery_size":"crop-500"}],"trending_post_position":"meta","trending_post_label":"Trending","sponsored_post_label":"Sponsored by","disable_ad":"0"},"jnews_primary_category":[],"jnews_override_counter":{"view_counter_number":"0","share_counter_number":"0","like_counter_number":"0","dislike_counter_number":"0"},"jnews_post_split":{"post_split":[{"template":"1","tag":"h2","numbering":"asc","mode":"normal","first":"0","enable_toc":"0","toc_type":"normal"}]},"footnotes":""},"categories":[1],"tags":[6042,6041,249,820,59],"class_list":["post-33592","post","type-post","status-publish","format-standard","has-post-thumbnail","hentry","category-geral","tag-inivacao","tag-ivair-gontijo","tag-nasa","tag-sao-paulo","tag-tecnologia"],"yoast_head":"<!-- This site is optimized with the Yoast SEO plugin v25.0 - https:\/\/yoast.com\/wordpress\/plugins\/seo\/ -->\n<title>Brasileiro da NASA aponta estado que pode virar polo tecnol\u00f3gico do pa\u00eds<\/title>\n<meta name=\"robots\" content=\"index, follow, max-snippet:-1, max-image-preview:large, max-video-preview:-1\" \/>\n<link rel=\"canonical\" href=\"https:\/\/crusoe.audiencelabs.com.br\/brasileiro-da-nasa-aponta-cidade-que-pode-virar-polo-tecnologico-do-pais\/\" \/>\n<meta property=\"og:locale\" content=\"pt_BR\" \/>\n<meta property=\"og:type\" content=\"article\" \/>\n<meta property=\"og:title\" content=\"Brasileiro da NASA aponta estado que pode virar polo tecnol\u00f3gico do pa\u00eds\" \/>\n<meta property=\"og:description\" content=\"O engenheiro brasileiro Ivair Gontijo, que atua no laborat\u00f3rio de propuls\u00e3o a jato da NASA, afirmou que o estado de S\u00e3o Paulo pode ser comparado \u00e0 Calif\u00f3rnia quando o assunto \u00e9 inova\u00e7\u00e3o e desenvolvimento tecnol\u00f3gico. A declara\u00e7\u00e3o foi feita durante uma entrevista ao site Estad\u00e3o. Segundo o cientista, S\u00e3o Paulo re\u00fane caracter\u00edsticas semelhantes \u00e0s da [&hellip;]\" \/>\n<meta property=\"og:url\" content=\"https:\/\/crusoe.audiencelabs.com.br\/brasileiro-da-nasa-aponta-cidade-que-pode-virar-polo-tecnologico-do-pais\/\" \/>\n<meta property=\"og:site_name\" content=\"Variedades - Cruso\u00e9\" \/>\n<meta property=\"article:published_time\" content=\"2026-03-10T12:34:05+00:00\" \/>\n<meta property=\"og:image\" content=\"https:\/\/cdn.crusoe.com.br\/uploads\/2026\/03\/Captura-de-tela-2026-03-09-195109.jpg\" \/>\n\t<meta property=\"og:image:width\" content=\"1000\" \/>\n\t<meta property=\"og:image:height\" content=\"582\" \/>\n\t<meta property=\"og:image:type\" content=\"image\/jpeg\" \/>\n<meta name=\"author\" content=\"Milena Armando\" \/>\n<meta name=\"twitter:card\" content=\"summary_large_image\" \/>\n<meta name=\"twitter:label1\" content=\"Escrito por\" \/>\n\t<meta name=\"twitter:data1\" content=\"Milena Armando\" \/>\n\t<meta name=\"twitter:label2\" content=\"Est. tempo de leitura\" \/>\n\t<meta name=\"twitter:data2\" content=\"3 minutos\" \/>\n<script type=\"application\/ld+json\" class=\"yoast-schema-graph\">{\"@context\":\"https:\/\/schema.org\",\"@graph\":[{\"@type\":\"WebPage\",\"@id\":\"https:\/\/crusoe.audiencelabs.com.br\/brasileiro-da-nasa-aponta-cidade-que-pode-virar-polo-tecnologico-do-pais\/\",\"url\":\"https:\/\/crusoe.audiencelabs.com.br\/brasileiro-da-nasa-aponta-cidade-que-pode-virar-polo-tecnologico-do-pais\/\",\"name\":\"Brasileiro da NASA aponta estado que pode virar polo tecnol\u00f3gico do pa\u00eds\",\"isPartOf\":{\"@id\":\"https:\/\/crusoe.audiencelabs.com.br\/#website\"},\"primaryImageOfPage\":{\"@id\":\"https:\/\/crusoe.audiencelabs.com.br\/brasileiro-da-nasa-aponta-cidade-que-pode-virar-polo-tecnologico-do-pais\/#primaryimage\"},\"image\":{\"@id\":\"https:\/\/crusoe.audiencelabs.com.br\/brasileiro-da-nasa-aponta-cidade-que-pode-virar-polo-tecnologico-do-pais\/#primaryimage\"},\"thumbnailUrl\":\"https:\/\/cdn.crusoe.com.br\/uploads\/2026\/03\/Captura-de-tela-2026-03-09-195109.jpg\",\"datePublished\":\"2026-03-10T12:34:05+00:00\",\"author\":{\"@id\":\"https:\/\/crusoe.audiencelabs.com.br\/#\/schema\/person\/f87f73cfe89e5360de2c006bd4bd6a74\"},\"breadcrumb\":{\"@id\":\"https:\/\/crusoe.audiencelabs.com.br\/brasileiro-da-nasa-aponta-cidade-que-pode-virar-polo-tecnologico-do-pais\/#breadcrumb\"},\"inLanguage\":\"pt-BR\",\"potentialAction\":[{\"@type\":\"ReadAction\",\"target\":[\"https:\/\/crusoe.audiencelabs.com.br\/brasileiro-da-nasa-aponta-cidade-que-pode-virar-polo-tecnologico-do-pais\/\"]}]},{\"@type\":\"ImageObject\",\"inLanguage\":\"pt-BR\",\"@id\":\"https:\/\/crusoe.audiencelabs.com.br\/brasileiro-da-nasa-aponta-cidade-que-pode-virar-polo-tecnologico-do-pais\/#primaryimage\",\"url\":\"https:\/\/cdn.crusoe.com.br\/uploads\/2026\/03\/Captura-de-tela-2026-03-09-195109.jpg\",\"contentUrl\":\"https:\/\/cdn.crusoe.com.br\/uploads\/2026\/03\/Captura-de-tela-2026-03-09-195109.jpg\",\"width\":1000,\"height\":582,\"caption\":\"Reprodu\u00e7\u00e3o: Pexels\/Jean depocas\"},{\"@type\":\"BreadcrumbList\",\"@id\":\"https:\/\/crusoe.audiencelabs.com.br\/brasileiro-da-nasa-aponta-cidade-que-pode-virar-polo-tecnologico-do-pais\/#breadcrumb\",\"itemListElement\":[{\"@type\":\"ListItem\",\"position\":1,\"name\":\"Home\",\"item\":\"https:\/\/crusoe.audiencelabs.com.br\/\"},{\"@type\":\"ListItem\",\"position\":2,\"name\":\"Brasileiro da NASA aponta estado que pode virar polo tecnol\u00f3gico do pa\u00eds\"}]},{\"@type\":\"WebSite\",\"@id\":\"https:\/\/crusoe.audiencelabs.com.br\/#website\",\"url\":\"https:\/\/crusoe.audiencelabs.com.br\/\",\"name\":\"Variedades - Cruso\u00e9\",\"description\":\"\",\"potentialAction\":[{\"@type\":\"SearchAction\",\"target\":{\"@type\":\"EntryPoint\",\"urlTemplate\":\"https:\/\/crusoe.audiencelabs.com.br\/?s={search_term_string}\"},\"query-input\":{\"@type\":\"PropertyValueSpecification\",\"valueRequired\":true,\"valueName\":\"search_term_string\"}}],\"inLanguage\":\"pt-BR\"},{\"@type\":\"Person\",\"@id\":\"https:\/\/crusoe.audiencelabs.com.br\/#\/schema\/person\/f87f73cfe89e5360de2c006bd4bd6a74\",\"name\":\"Milena Armando\",\"image\":{\"@type\":\"ImageObject\",\"inLanguage\":\"pt-BR\",\"@id\":\"https:\/\/crusoe.audiencelabs.com.br\/#\/schema\/person\/image\/\",\"url\":\"https:\/\/secure.gravatar.com\/avatar\/ea14ecddc9e9d202b698b18f9f69e09c9fd74cfbed5c6008d55f11faefdbdab7?s=96&d=mm&r=g\",\"contentUrl\":\"https:\/\/secure.gravatar.com\/avatar\/ea14ecddc9e9d202b698b18f9f69e09c9fd74cfbed5c6008d55f11faefdbdab7?s=96&d=mm&r=g\",\"caption\":\"Milena Armando\"},\"description\":\"Jornalista, redatora e revisora.\",\"url\":\"https:\/\/crusoe.audiencelabs.com.br\/author\/milena\/\"}]}<\/script>\n<!-- \/ Yoast SEO plugin. -->","yoast_head_json":{"title":"Brasileiro da NASA aponta estado que pode virar polo tecnol\u00f3gico do pa\u00eds","robots":{"index":"index","follow":"follow","max-snippet":"max-snippet:-1","max-image-preview":"max-image-preview:large","max-video-preview":"max-video-preview:-1"},"canonical":"https:\/\/crusoe.audiencelabs.com.br\/brasileiro-da-nasa-aponta-cidade-que-pode-virar-polo-tecnologico-do-pais\/","og_locale":"pt_BR","og_type":"article","og_title":"Brasileiro da NASA aponta estado que pode virar polo tecnol\u00f3gico do pa\u00eds","og_description":"O engenheiro brasileiro Ivair Gontijo, que atua no laborat\u00f3rio de propuls\u00e3o a jato da NASA, afirmou que o estado de S\u00e3o Paulo pode ser comparado \u00e0 Calif\u00f3rnia quando o assunto \u00e9 inova\u00e7\u00e3o e desenvolvimento tecnol\u00f3gico. A declara\u00e7\u00e3o foi feita durante uma entrevista ao site Estad\u00e3o. Segundo o cientista, S\u00e3o Paulo re\u00fane caracter\u00edsticas semelhantes \u00e0s da [&hellip;]","og_url":"https:\/\/crusoe.audiencelabs.com.br\/brasileiro-da-nasa-aponta-cidade-que-pode-virar-polo-tecnologico-do-pais\/","og_site_name":"Variedades - Cruso\u00e9","article_published_time":"2026-03-10T12:34:05+00:00","og_image":[{"width":1000,"height":582,"url":"https:\/\/cdn.crusoe.com.br\/uploads\/2026\/03\/Captura-de-tela-2026-03-09-195109.jpg","type":"image\/jpeg"}],"author":"Milena Armando","twitter_card":"summary_large_image","twitter_misc":{"Escrito por":"Milena Armando","Est. tempo de leitura":"3 minutos"},"schema":{"@context":"https:\/\/schema.org","@graph":[{"@type":"WebPage","@id":"https:\/\/crusoe.audiencelabs.com.br\/brasileiro-da-nasa-aponta-cidade-que-pode-virar-polo-tecnologico-do-pais\/","url":"https:\/\/crusoe.audiencelabs.com.br\/brasileiro-da-nasa-aponta-cidade-que-pode-virar-polo-tecnologico-do-pais\/","name":"Brasileiro da NASA aponta estado que pode virar polo tecnol\u00f3gico do pa\u00eds","isPartOf":{"@id":"https:\/\/crusoe.audiencelabs.com.br\/#website"},"primaryImageOfPage":{"@id":"https:\/\/crusoe.audiencelabs.com.br\/brasileiro-da-nasa-aponta-cidade-que-pode-virar-polo-tecnologico-do-pais\/#primaryimage"},"image":{"@id":"https:\/\/crusoe.audiencelabs.com.br\/brasileiro-da-nasa-aponta-cidade-que-pode-virar-polo-tecnologico-do-pais\/#primaryimage"},"thumbnailUrl":"https:\/\/cdn.crusoe.com.br\/uploads\/2026\/03\/Captura-de-tela-2026-03-09-195109.jpg","datePublished":"2026-03-10T12:34:05+00:00","author":{"@id":"https:\/\/crusoe.audiencelabs.com.br\/#\/schema\/person\/f87f73cfe89e5360de2c006bd4bd6a74"},"breadcrumb":{"@id":"https:\/\/crusoe.audiencelabs.com.br\/brasileiro-da-nasa-aponta-cidade-que-pode-virar-polo-tecnologico-do-pais\/#breadcrumb"},"inLanguage":"pt-BR","potentialAction":[{"@type":"ReadAction","target":["https:\/\/crusoe.audiencelabs.com.br\/brasileiro-da-nasa-aponta-cidade-que-pode-virar-polo-tecnologico-do-pais\/"]}]},{"@type":"ImageObject","inLanguage":"pt-BR","@id":"https:\/\/crusoe.audiencelabs.com.br\/brasileiro-da-nasa-aponta-cidade-que-pode-virar-polo-tecnologico-do-pais\/#primaryimage","url":"https:\/\/cdn.crusoe.com.br\/uploads\/2026\/03\/Captura-de-tela-2026-03-09-195109.jpg","contentUrl":"https:\/\/cdn.crusoe.com.br\/uploads\/2026\/03\/Captura-de-tela-2026-03-09-195109.jpg","width":1000,"height":582,"caption":"Reprodu\u00e7\u00e3o: Pexels\/Jean depocas"},{"@type":"BreadcrumbList","@id":"https:\/\/crusoe.audiencelabs.com.br\/brasileiro-da-nasa-aponta-cidade-que-pode-virar-polo-tecnologico-do-pais\/#breadcrumb","itemListElement":[{"@type":"ListItem","position":1,"name":"Home","item":"https:\/\/crusoe.audiencelabs.com.br\/"},{"@type":"ListItem","position":2,"name":"Brasileiro da NASA aponta estado que pode virar polo tecnol\u00f3gico do pa\u00eds"}]},{"@type":"WebSite","@id":"https:\/\/crusoe.audiencelabs.com.br\/#website","url":"https:\/\/crusoe.audiencelabs.com.br\/","name":"Variedades - Cruso\u00e9","description":"","potentialAction":[{"@type":"SearchAction","target":{"@type":"EntryPoint","urlTemplate":"https:\/\/crusoe.audiencelabs.com.br\/?s={search_term_string}"},"query-input":{"@type":"PropertyValueSpecification","valueRequired":true,"valueName":"search_term_string"}}],"inLanguage":"pt-BR"},{"@type":"Person","@id":"https:\/\/crusoe.audiencelabs.com.br\/#\/schema\/person\/f87f73cfe89e5360de2c006bd4bd6a74","name":"Milena Armando","image":{"@type":"ImageObject","inLanguage":"pt-BR","@id":"https:\/\/crusoe.audiencelabs.com.br\/#\/schema\/person\/image\/","url":"https:\/\/secure.gravatar.com\/avatar\/ea14ecddc9e9d202b698b18f9f69e09c9fd74cfbed5c6008d55f11faefdbdab7?s=96&d=mm&r=g","contentUrl":"https:\/\/secure.gravatar.com\/avatar\/ea14ecddc9e9d202b698b18f9f69e09c9fd74cfbed5c6008d55f11faefdbdab7?s=96&d=mm&r=g","caption":"Milena Armando"},"description":"Jornalista, redatora e revisora.","url":"https:\/\/crusoe.audiencelabs.com.br\/author\/milena\/"}]}},"_links":{"self":[{"href":"https:\/\/crusoe.audiencelabs.com.br\/wp-json\/wp\/v2\/posts\/33592","targetHints":{"allow":["GET"]}}],"collection":[{"href":"https:\/\/crusoe.audiencelabs.com.br\/wp-json\/wp\/v2\/posts"}],"about":[{"href":"https:\/\/crusoe.audiencelabs.com.br\/wp-json\/wp\/v2\/types\/post"}],"author":[{"embeddable":true,"href":"https:\/\/crusoe.audiencelabs.com.br\/wp-json\/wp\/v2\/users\/5"}],"replies":[{"embeddable":true,"href":"https:\/\/crusoe.audiencelabs.com.br\/wp-json\/wp\/v2\/comments?post=33592"}],"version-history":[{"count":4,"href":"https:\/\/crusoe.audiencelabs.com.br\/wp-json\/wp\/v2\/posts\/33592\/revisions"}],"predecessor-version":[{"id":33660,"href":"https:\/\/crusoe.audiencelabs.com.br\/wp-json\/wp\/v2\/posts\/33592\/revisions\/33660"}],"wp:featuredmedia":[{"embeddable":true,"href":"https:\/\/crusoe.audiencelabs.com.br\/wp-json\/wp\/v2\/media\/33593"}],"wp:attachment":[{"href":"https:\/\/crusoe.audiencelabs.com.br\/wp-json\/wp\/v2\/media?parent=33592"}],"wp:term":[{"taxonomy":"category","embeddable":true,"href":"https:\/\/crusoe.audiencelabs.com.br\/wp-json\/wp\/v2\/categories?post=33592"},{"taxonomy":"post_tag","embeddable":true,"href":"https:\/\/crusoe.audiencelabs.com.br\/wp-json\/wp\/v2\/tags?post=33592"}],"curies":[{"name":"wp","href":"https:\/\/api.w.org\/{rel}","templated":true}]}}