{"id":33589,"date":"2026-03-10T08:03:59","date_gmt":"2026-03-10T11:03:59","guid":{"rendered":"https:\/\/crusoe.audiencelabs.com.br\/?p=33589"},"modified":"2026-03-10T07:43:25","modified_gmt":"2026-03-10T10:43:25","slug":"motoristas-terao-que-voltar-a-pagar-taxa-para-estacionar-nas-ruas","status":"publish","type":"post","link":"https:\/\/crusoe.audiencelabs.com.br\/motoristas-terao-que-voltar-a-pagar-taxa-para-estacionar-nas-ruas\/","title":{"rendered":"Motoristas ter\u00e3o que voltar a pagar taxa para estacionar nas ruas"},"content":{"rendered":"<p data-start=\"184\" data-end=\"437\">O sistema de estacionamento rotativo em <strong>Juiz de Fora<\/strong> (MG), conhecido como <strong>\u00c1rea Azul,<\/strong> foi retomado na \u00faltima segunda-feira (9). A Estapar, concession\u00e1ria respons\u00e1vel pela administra\u00e7\u00e3o do servi\u00e7o, voltou a operar ap\u00f3s autoriza\u00e7\u00e3o da Prefeitura.<\/p>\n<p data-start=\"439\" data-end=\"790\">A decis\u00e3o de retomar o sistema foi tomada com base na avalia\u00e7\u00e3o de que a cidade est\u00e1 gradualmente retornando \u00e0 normalidade <strong>ap\u00f3s o estado de calamidade p\u00fablica decretado em raz\u00e3o das fortes chuvas<\/strong>.<\/p>\n<p data-start=\"439\" data-end=\"790\">O rein\u00edcio das cobran\u00e7as tem como objetivo garantir a circula\u00e7\u00e3o de vagas, melhorar a organiza\u00e7\u00e3o do tr\u00e2nsito e assegurar a sustentabilidade do sistema.<\/p>\n<h2 data-section-id=\"5dc3g\" data-start=\"792\" data-end=\"827\">O que muda para os motoristas<\/h2>\n<p data-start=\"829\" data-end=\"1049\">Com a retomada, os motoristas passam a precisar pagar pelo uso das vagas de estacionamento rotativo novamente. A medida busca otimizar a ocupa\u00e7\u00e3o das vagas, reduzindo o tempo gasto na busca por espa\u00e7os dispon\u00edveis.<\/p>\n<p data-start=\"1051\" data-end=\"1241\">Al\u00e9m disso, a reativa\u00e7\u00e3o do sistema pretende melhorar o fluxo de ve\u00edculos na cidade, ajustando o tr\u00e2nsito que havia sido modificado durante a suspens\u00e3o devido aos problemas clim\u00e1ticos.<\/p>\n<h2 data-section-id=\"1bibyma\" data-start=\"1243\" data-end=\"1277\">Funcionamento e fiscaliza\u00e7\u00e3o<\/h2>\n<p data-start=\"1279\" data-end=\"1504\">O estacionamento rotativo em Juiz de Fora utiliza videomonitoramento para fiscalizar o cumprimento das normas. Infra\u00e7\u00f5es s\u00e3o detectadas em tempo real por agentes habilitados, que validam as imagens coletadas nos locais.<\/p>\n<p data-start=\"1506\" data-end=\"1695\">Embora a tecnologia j\u00e1 tenha recebido cr\u00edticas, a Prefeitura garante que os procedimentos est\u00e3o em conformidade com o <a href=\"https:\/\/www.planalto.gov.br\/ccivil_03\/leis\/l9503compilado.htm\">C\u00f3digo de Tr\u00e2nsito Brasileiro<\/a> e com as resolu\u00e7\u00f5es do <a href=\"https:\/\/www.gov.br\/transportes\/pt-br\/assuntos\/transito\/conteudo-Senatran\/resolucoes-contran\">Contran<\/a>.<\/p>\n<h2 data-section-id=\"1rz7j22\" data-start=\"1697\" data-end=\"1727\">Administra\u00e7\u00e3o e desafios<\/h2>\n<p data-start=\"1729\" data-end=\"1943\">A Estapar projeta que o retorno do sistema contribua para uma melhor gest\u00e3o do tr\u00e2nsito no centro de Juiz de Fora. A facilidade de acesso a estabelecimentos comerciais tamb\u00e9m pode beneficiar a economia local.<\/p>\n<p data-start=\"1945\" data-end=\"2081\">No entanto, os motoristas precisam estar atentos \u00e0s regras para evitar multas, um ponto que ainda gera debates entre alguns moradores.<\/p>\n<p data-start=\"2346\" data-end=\"2685\">O estacionamento rotativo \u00e9 considerado essencial para a ordem urbana, especialmente ap\u00f3s a interrup\u00e7\u00e3o causada pelas chuvas.<\/p>\n<p data-start=\"2346\" data-end=\"2685\">A cobran\u00e7a busca restaurar o equil\u00edbrio na mobilidade, enquanto a discuss\u00e3o sobre a legalidade de certas multas continua.<\/p>\n","protected":false},"excerpt":{"rendered":"<p>O sistema de estacionamento rotativo em Juiz de Fora (MG), conhecido como \u00c1rea Azul, foi retomado na \u00faltima segunda-feira (9). A Estapar, concession\u00e1ria respons\u00e1vel pela administra\u00e7\u00e3o do servi\u00e7o, voltou a operar ap\u00f3s autoriza\u00e7\u00e3o da Prefeitura. A decis\u00e3o de retomar o sistema foi tomada com base na avalia\u00e7\u00e3o de que a cidade est\u00e1 gradualmente retornando \u00e0 [&hellip;]<\/p>\n","protected":false},"author":5,"featured_media":33590,"comment_status":"open","ping_status":"open","sticky":false,"template":"","format":"standard","meta":{"jnews-multi-image_gallery":[],"jnews_single_post":{"subtitle":"","format":"standard","jnews_video_option_group":[[]],"override":[{"template":"2","parallax":"1","fullscreen":"1","layout":"right-sidebar","sidebar":"default-sidebar","second_sidebar":"default-sidebar","sticky_sidebar":"1","share_position":"hide","share_float_style":"share-monocrhome","show_featured":"1","show_post_meta":"1","show_post_author":"1","show_post_date":"1","post_date_format":"default","post_date_format_custom":"Y\/m\/d","show_post_category":"1","show_post_reading_time":"0","post_reading_time_wpm":"300","post_calculate_word_method":"str_word_count","show_zoom_button":"0","zoom_button_out_step":"2","zoom_button_in_step":"3","show_post_tag":"1","show_popup_post":"1","number_popup_post":"1","show_author_box":"1","show_post_related":"0"}],"image_override":[{"single_post_thumbnail_size":"crop-500","single_post_gallery_size":"crop-500"}],"trending_post_position":"meta","trending_post_label":"Trending","sponsored_post_label":"Sponsored by","disable_ad":"0"},"jnews_primary_category":[],"jnews_override_counter":{"view_counter_number":"0","share_counter_number":"0","like_counter_number":"0","dislike_counter_number":"0"},"jnews_post_split":{"post_split":[{"template":"1","tag":"h2","numbering":"asc","mode":"normal","first":"0","enable_toc":"0","toc_type":"normal"}]},"footnotes":""},"categories":[1],"tags":[6037,5942],"class_list":["post-33589","post","type-post","status-publish","format-standard","has-post-thumbnail","hentry","category-geral","tag-area-azul","tag-juiz-de-fora"],"yoast_head":"<!-- This site is optimized with the Yoast SEO plugin v25.0 - https:\/\/yoast.com\/wordpress\/plugins\/seo\/ -->\n<title>Motoristas ter\u00e3o que voltar a pagar taxa para estacionar nas ruas<\/title>\n<meta name=\"robots\" content=\"index, follow, max-snippet:-1, max-image-preview:large, max-video-preview:-1\" \/>\n<link rel=\"canonical\" href=\"https:\/\/crusoe.audiencelabs.com.br\/motoristas-terao-que-voltar-a-pagar-taxa-para-estacionar-nas-ruas\/\" \/>\n<meta property=\"og:locale\" content=\"pt_BR\" \/>\n<meta property=\"og:type\" content=\"article\" \/>\n<meta property=\"og:title\" content=\"Motoristas ter\u00e3o que voltar a pagar taxa para estacionar nas ruas\" \/>\n<meta property=\"og:description\" content=\"O sistema de estacionamento rotativo em Juiz de Fora (MG), conhecido como \u00c1rea Azul, foi retomado na \u00faltima segunda-feira (9). A Estapar, concession\u00e1ria respons\u00e1vel pela administra\u00e7\u00e3o do servi\u00e7o, voltou a operar ap\u00f3s autoriza\u00e7\u00e3o da Prefeitura. A decis\u00e3o de retomar o sistema foi tomada com base na avalia\u00e7\u00e3o de que a cidade est\u00e1 gradualmente retornando \u00e0 [&hellip;]\" \/>\n<meta property=\"og:url\" content=\"https:\/\/crusoe.audiencelabs.com.br\/motoristas-terao-que-voltar-a-pagar-taxa-para-estacionar-nas-ruas\/\" \/>\n<meta property=\"og:site_name\" content=\"Variedades - Cruso\u00e9\" \/>\n<meta property=\"article:published_time\" content=\"2026-03-10T11:03:59+00:00\" \/>\n<meta property=\"og:image\" content=\"https:\/\/cdn.crusoe.com.br\/uploads\/2026\/03\/pexels-karola-g2-6147-scaled.jpg\" \/>\n\t<meta property=\"og:image:width\" content=\"2560\" \/>\n\t<meta property=\"og:image:height\" content=\"1707\" \/>\n\t<meta property=\"og:image:type\" content=\"image\/jpeg\" \/>\n<meta name=\"author\" content=\"Milena Armando\" \/>\n<meta name=\"twitter:card\" content=\"summary_large_image\" \/>\n<meta name=\"twitter:label1\" content=\"Escrito por\" \/>\n\t<meta name=\"twitter:data1\" content=\"Milena Armando\" \/>\n\t<meta name=\"twitter:label2\" content=\"Est. tempo de leitura\" \/>\n\t<meta name=\"twitter:data2\" content=\"2 minutos\" \/>\n<script type=\"application\/ld+json\" class=\"yoast-schema-graph\">{\"@context\":\"https:\/\/schema.org\",\"@graph\":[{\"@type\":\"WebPage\",\"@id\":\"https:\/\/crusoe.audiencelabs.com.br\/motoristas-terao-que-voltar-a-pagar-taxa-para-estacionar-nas-ruas\/\",\"url\":\"https:\/\/crusoe.audiencelabs.com.br\/motoristas-terao-que-voltar-a-pagar-taxa-para-estacionar-nas-ruas\/\",\"name\":\"Motoristas ter\u00e3o que voltar a pagar taxa para estacionar nas ruas\",\"isPartOf\":{\"@id\":\"https:\/\/crusoe.audiencelabs.com.br\/#website\"},\"primaryImageOfPage\":{\"@id\":\"https:\/\/crusoe.audiencelabs.com.br\/motoristas-terao-que-voltar-a-pagar-taxa-para-estacionar-nas-ruas\/#primaryimage\"},\"image\":{\"@id\":\"https:\/\/crusoe.audiencelabs.com.br\/motoristas-terao-que-voltar-a-pagar-taxa-para-estacionar-nas-ruas\/#primaryimage\"},\"thumbnailUrl\":\"https:\/\/cdn.crusoe.com.br\/uploads\/2026\/03\/pexels-karola-g2-6147-scaled.jpg\",\"datePublished\":\"2026-03-10T11:03:59+00:00\",\"author\":{\"@id\":\"https:\/\/crusoe.audiencelabs.com.br\/#\/schema\/person\/f87f73cfe89e5360de2c006bd4bd6a74\"},\"breadcrumb\":{\"@id\":\"https:\/\/crusoe.audiencelabs.com.br\/motoristas-terao-que-voltar-a-pagar-taxa-para-estacionar-nas-ruas\/#breadcrumb\"},\"inLanguage\":\"pt-BR\",\"potentialAction\":[{\"@type\":\"ReadAction\",\"target\":[\"https:\/\/crusoe.audiencelabs.com.br\/motoristas-terao-que-voltar-a-pagar-taxa-para-estacionar-nas-ruas\/\"]}]},{\"@type\":\"ImageObject\",\"inLanguage\":\"pt-BR\",\"@id\":\"https:\/\/crusoe.audiencelabs.com.br\/motoristas-terao-que-voltar-a-pagar-taxa-para-estacionar-nas-ruas\/#primaryimage\",\"url\":\"https:\/\/cdn.crusoe.com.br\/uploads\/2026\/03\/pexels-karola-g2-6147-scaled.jpg\",\"contentUrl\":\"https:\/\/cdn.crusoe.com.br\/uploads\/2026\/03\/pexels-karola-g2-6147-scaled.jpg\",\"width\":2560,\"height\":1707,\"caption\":\"Reprodu\u00e7\u00e3o: Pexels\/ Karolina Grabowska www.kaboompics.com\"},{\"@type\":\"BreadcrumbList\",\"@id\":\"https:\/\/crusoe.audiencelabs.com.br\/motoristas-terao-que-voltar-a-pagar-taxa-para-estacionar-nas-ruas\/#breadcrumb\",\"itemListElement\":[{\"@type\":\"ListItem\",\"position\":1,\"name\":\"Home\",\"item\":\"https:\/\/crusoe.audiencelabs.com.br\/\"},{\"@type\":\"ListItem\",\"position\":2,\"name\":\"Motoristas ter\u00e3o que voltar a pagar taxa para estacionar nas ruas\"}]},{\"@type\":\"WebSite\",\"@id\":\"https:\/\/crusoe.audiencelabs.com.br\/#website\",\"url\":\"https:\/\/crusoe.audiencelabs.com.br\/\",\"name\":\"Variedades - Cruso\u00e9\",\"description\":\"\",\"potentialAction\":[{\"@type\":\"SearchAction\",\"target\":{\"@type\":\"EntryPoint\",\"urlTemplate\":\"https:\/\/crusoe.audiencelabs.com.br\/?s={search_term_string}\"},\"query-input\":{\"@type\":\"PropertyValueSpecification\",\"valueRequired\":true,\"valueName\":\"search_term_string\"}}],\"inLanguage\":\"pt-BR\"},{\"@type\":\"Person\",\"@id\":\"https:\/\/crusoe.audiencelabs.com.br\/#\/schema\/person\/f87f73cfe89e5360de2c006bd4bd6a74\",\"name\":\"Milena Armando\",\"image\":{\"@type\":\"ImageObject\",\"inLanguage\":\"pt-BR\",\"@id\":\"https:\/\/crusoe.audiencelabs.com.br\/#\/schema\/person\/image\/\",\"url\":\"https:\/\/secure.gravatar.com\/avatar\/ea14ecddc9e9d202b698b18f9f69e09c9fd74cfbed5c6008d55f11faefdbdab7?s=96&d=mm&r=g\",\"contentUrl\":\"https:\/\/secure.gravatar.com\/avatar\/ea14ecddc9e9d202b698b18f9f69e09c9fd74cfbed5c6008d55f11faefdbdab7?s=96&d=mm&r=g\",\"caption\":\"Milena Armando\"},\"description\":\"Jornalista, redatora e revisora.\",\"url\":\"https:\/\/crusoe.audiencelabs.com.br\/author\/milena\/\"}]}<\/script>\n<!-- \/ Yoast SEO plugin. -->","yoast_head_json":{"title":"Motoristas ter\u00e3o que voltar a pagar taxa para estacionar nas ruas","robots":{"index":"index","follow":"follow","max-snippet":"max-snippet:-1","max-image-preview":"max-image-preview:large","max-video-preview":"max-video-preview:-1"},"canonical":"https:\/\/crusoe.audiencelabs.com.br\/motoristas-terao-que-voltar-a-pagar-taxa-para-estacionar-nas-ruas\/","og_locale":"pt_BR","og_type":"article","og_title":"Motoristas ter\u00e3o que voltar a pagar taxa para estacionar nas ruas","og_description":"O sistema de estacionamento rotativo em Juiz de Fora (MG), conhecido como \u00c1rea Azul, foi retomado na \u00faltima segunda-feira (9). A Estapar, concession\u00e1ria respons\u00e1vel pela administra\u00e7\u00e3o do servi\u00e7o, voltou a operar ap\u00f3s autoriza\u00e7\u00e3o da Prefeitura. A decis\u00e3o de retomar o sistema foi tomada com base na avalia\u00e7\u00e3o de que a cidade est\u00e1 gradualmente retornando \u00e0 [&hellip;]","og_url":"https:\/\/crusoe.audiencelabs.com.br\/motoristas-terao-que-voltar-a-pagar-taxa-para-estacionar-nas-ruas\/","og_site_name":"Variedades - Cruso\u00e9","article_published_time":"2026-03-10T11:03:59+00:00","og_image":[{"width":2560,"height":1707,"url":"https:\/\/cdn.crusoe.com.br\/uploads\/2026\/03\/pexels-karola-g2-6147-scaled.jpg","type":"image\/jpeg"}],"author":"Milena Armando","twitter_card":"summary_large_image","twitter_misc":{"Escrito por":"Milena Armando","Est. tempo de leitura":"2 minutos"},"schema":{"@context":"https:\/\/schema.org","@graph":[{"@type":"WebPage","@id":"https:\/\/crusoe.audiencelabs.com.br\/motoristas-terao-que-voltar-a-pagar-taxa-para-estacionar-nas-ruas\/","url":"https:\/\/crusoe.audiencelabs.com.br\/motoristas-terao-que-voltar-a-pagar-taxa-para-estacionar-nas-ruas\/","name":"Motoristas ter\u00e3o que voltar a pagar taxa para estacionar nas ruas","isPartOf":{"@id":"https:\/\/crusoe.audiencelabs.com.br\/#website"},"primaryImageOfPage":{"@id":"https:\/\/crusoe.audiencelabs.com.br\/motoristas-terao-que-voltar-a-pagar-taxa-para-estacionar-nas-ruas\/#primaryimage"},"image":{"@id":"https:\/\/crusoe.audiencelabs.com.br\/motoristas-terao-que-voltar-a-pagar-taxa-para-estacionar-nas-ruas\/#primaryimage"},"thumbnailUrl":"https:\/\/cdn.crusoe.com.br\/uploads\/2026\/03\/pexels-karola-g2-6147-scaled.jpg","datePublished":"2026-03-10T11:03:59+00:00","author":{"@id":"https:\/\/crusoe.audiencelabs.com.br\/#\/schema\/person\/f87f73cfe89e5360de2c006bd4bd6a74"},"breadcrumb":{"@id":"https:\/\/crusoe.audiencelabs.com.br\/motoristas-terao-que-voltar-a-pagar-taxa-para-estacionar-nas-ruas\/#breadcrumb"},"inLanguage":"pt-BR","potentialAction":[{"@type":"ReadAction","target":["https:\/\/crusoe.audiencelabs.com.br\/motoristas-terao-que-voltar-a-pagar-taxa-para-estacionar-nas-ruas\/"]}]},{"@type":"ImageObject","inLanguage":"pt-BR","@id":"https:\/\/crusoe.audiencelabs.com.br\/motoristas-terao-que-voltar-a-pagar-taxa-para-estacionar-nas-ruas\/#primaryimage","url":"https:\/\/cdn.crusoe.com.br\/uploads\/2026\/03\/pexels-karola-g2-6147-scaled.jpg","contentUrl":"https:\/\/cdn.crusoe.com.br\/uploads\/2026\/03\/pexels-karola-g2-6147-scaled.jpg","width":2560,"height":1707,"caption":"Reprodu\u00e7\u00e3o: Pexels\/ Karolina Grabowska www.kaboompics.com"},{"@type":"BreadcrumbList","@id":"https:\/\/crusoe.audiencelabs.com.br\/motoristas-terao-que-voltar-a-pagar-taxa-para-estacionar-nas-ruas\/#breadcrumb","itemListElement":[{"@type":"ListItem","position":1,"name":"Home","item":"https:\/\/crusoe.audiencelabs.com.br\/"},{"@type":"ListItem","position":2,"name":"Motoristas ter\u00e3o que voltar a pagar taxa para estacionar nas ruas"}]},{"@type":"WebSite","@id":"https:\/\/crusoe.audiencelabs.com.br\/#website","url":"https:\/\/crusoe.audiencelabs.com.br\/","name":"Variedades - Cruso\u00e9","description":"","potentialAction":[{"@type":"SearchAction","target":{"@type":"EntryPoint","urlTemplate":"https:\/\/crusoe.audiencelabs.com.br\/?s={search_term_string}"},"query-input":{"@type":"PropertyValueSpecification","valueRequired":true,"valueName":"search_term_string"}}],"inLanguage":"pt-BR"},{"@type":"Person","@id":"https:\/\/crusoe.audiencelabs.com.br\/#\/schema\/person\/f87f73cfe89e5360de2c006bd4bd6a74","name":"Milena Armando","image":{"@type":"ImageObject","inLanguage":"pt-BR","@id":"https:\/\/crusoe.audiencelabs.com.br\/#\/schema\/person\/image\/","url":"https:\/\/secure.gravatar.com\/avatar\/ea14ecddc9e9d202b698b18f9f69e09c9fd74cfbed5c6008d55f11faefdbdab7?s=96&d=mm&r=g","contentUrl":"https:\/\/secure.gravatar.com\/avatar\/ea14ecddc9e9d202b698b18f9f69e09c9fd74cfbed5c6008d55f11faefdbdab7?s=96&d=mm&r=g","caption":"Milena Armando"},"description":"Jornalista, redatora e revisora.","url":"https:\/\/crusoe.audiencelabs.com.br\/author\/milena\/"}]}},"_links":{"self":[{"href":"https:\/\/crusoe.audiencelabs.com.br\/wp-json\/wp\/v2\/posts\/33589","targetHints":{"allow":["GET"]}}],"collection":[{"href":"https:\/\/crusoe.audiencelabs.com.br\/wp-json\/wp\/v2\/posts"}],"about":[{"href":"https:\/\/crusoe.audiencelabs.com.br\/wp-json\/wp\/v2\/types\/post"}],"author":[{"embeddable":true,"href":"https:\/\/crusoe.audiencelabs.com.br\/wp-json\/wp\/v2\/users\/5"}],"replies":[{"embeddable":true,"href":"https:\/\/crusoe.audiencelabs.com.br\/wp-json\/wp\/v2\/comments?post=33589"}],"version-history":[{"count":3,"href":"https:\/\/crusoe.audiencelabs.com.br\/wp-json\/wp\/v2\/posts\/33589\/revisions"}],"predecessor-version":[{"id":33656,"href":"https:\/\/crusoe.audiencelabs.com.br\/wp-json\/wp\/v2\/posts\/33589\/revisions\/33656"}],"wp:featuredmedia":[{"embeddable":true,"href":"https:\/\/crusoe.audiencelabs.com.br\/wp-json\/wp\/v2\/media\/33590"}],"wp:attachment":[{"href":"https:\/\/crusoe.audiencelabs.com.br\/wp-json\/wp\/v2\/media?parent=33589"}],"wp:term":[{"taxonomy":"category","embeddable":true,"href":"https:\/\/crusoe.audiencelabs.com.br\/wp-json\/wp\/v2\/categories?post=33589"},{"taxonomy":"post_tag","embeddable":true,"href":"https:\/\/crusoe.audiencelabs.com.br\/wp-json\/wp\/v2\/tags?post=33589"}],"curies":[{"name":"wp","href":"https:\/\/api.w.org\/{rel}","templated":true}]}}