{"id":33583,"date":"2026-03-10T07:13:01","date_gmt":"2026-03-10T10:13:01","guid":{"rendered":"https:\/\/crusoe.audiencelabs.com.br\/?p=33583"},"modified":"2026-03-10T07:20:07","modified_gmt":"2026-03-10T10:20:07","slug":"quem-sofre-com-esse-tipo-de-dor-pode-ter-direito-a-beneficio-mensal-do-governo","status":"publish","type":"post","link":"https:\/\/crusoe.audiencelabs.com.br\/quem-sofre-com-esse-tipo-de-dor-pode-ter-direito-a-beneficio-mensal-do-governo\/","title":{"rendered":"Quem sofre com esse tipo de dor pode ter direito a benef\u00edcio mensal do governo"},"content":{"rendered":"<p><span style=\"font-weight: 400\">O Instituto Nacional do Seguro Social (<strong>INSS<\/strong>) \u00e9 respons\u00e1vel por administrar o <strong>aux\u00edlio-acidente<\/strong> (ou benef\u00edcio por incapacidade tempor\u00e1ria).\u00a0<\/span><\/p>\n<p><span style=\"font-weight: 400\">Este benef\u00edcio \u00e9 destinado a trabalhadores que, ap\u00f3s um acidente ou doen\u00e7a, sofrem uma<strong> redu\u00e7\u00e3o permanente na capacidade funcional.\u00a0<\/strong><\/span><span style=\"font-weight: 400\">Ele \u00e9 garantido pelo artigo 86 da <a href=\"https:\/\/www.planalto.gov.br\/ccivil_03\/leis\/l8213cons.htm\">Lei n\u00ba 8.213\/1991.\u00a0<\/a><\/span><\/p>\n<h2><span style=\"font-weight: 400\">Quem tem direito ao aux\u00edlio-acidente?<\/span><\/h2>\n<p><span style=\"font-weight: 400\">Empregados registrados, contribuintes individuais, trabalhadores dom\u00e9sticos e segurados especiais est\u00e3o entre aqueles que podem acessar o benef\u00edcio. <\/span><\/p>\n<p><span style=\"font-weight: 400\">Para ter direito ao benef\u00edcio, o trabalhador deve ser segurado do INSS e comprovar que sofreu um acidente ou doen\u00e7a que resultou em uma redu\u00e7\u00e3o funcional permanente.\u00a0<\/span><\/p>\n<p data-start=\"48\" data-end=\"391\">A car\u00eancia n\u00e3o s\u00e9 exigida em situa\u00e7\u00f5es de acidentes, sejam eles relacionados ao trabalho ou n\u00e3o, nem em casos de doen\u00e7as graves listadas pelo Minist\u00e9rio da Sa\u00fade e pelo Minist\u00e9rio do Trabalho.<\/p>\n<p data-start=\"48\" data-end=\"391\">Contudo, mesmo nesses casos, \u00e9 necess\u00e1rio manter a &#8220;qualidade de segurado&#8221;, ou seja, estar em dia com as contribui\u00e7\u00f5es ou dentro do per\u00edodo de gra\u00e7a<\/p>\n<h2><span style=\"font-weight: 400\">Redu\u00e7\u00f5es funcionais cobertas<\/span><\/h2>\n<p><span style=\"font-weight: 400\">O aux\u00edlio-acidente \u00e9 aplic\u00e1vel quando ocorre uma<strong> redu\u00e7\u00e3o na for\u00e7a ou na capacidade funcional dos membros superiores ou inferiores<\/strong> do segurado, <\/span><span style=\"font-weight: 400\">incluindo a <strong>diminui\u00e7\u00e3o da for\u00e7a na m\u00e3o e complica\u00e7\u00f5es funcionais no polegar<\/strong>, que podem limitar atividades laborais.\u00a0<\/span><\/p>\n<p><span style=\"font-weight: 400\">N\u00e3o s\u00f3 acidentes graves, mas doen\u00e7as ocupacionais e les\u00f5es progressivas, como<strong> s\u00edndrome do t\u00fanel do carpo e tendinites cr\u00f4nicas<\/strong>, podem garantir o benef\u00edcio se resultarem em limita\u00e7\u00e3o permanente da capacidade laboral.<\/span><\/p>\n<h2><span style=\"font-weight: 400\">Como solicitar o aux\u00edlio-acidente<\/span><\/h2>\n<p><span style=\"font-weight: 400\">Os pedidos de aux\u00edlio-acidente devem ser feitos diretamente ao INSS por meio da plataforma Meu INSS ou pela Central de Atendimento 135.\u00a0<\/span><\/p>\n<p><span style=\"font-weight: 400\">\u00c9 essencial comprovar a redu\u00e7\u00e3o funcional com <strong>documenta\u00e7\u00e3o m\u00e9dica e laudos<\/strong>. O INSS realiza uma verifica\u00e7\u00e3o das sequ\u00eancias cl\u00ednicas e dos impactos da redu\u00e7\u00e3o funcional com base em crit\u00e9rios legais.<\/span><\/p>\n<p><span style=\"font-weight: 400\">Em suma, o aux\u00edlio-acidente \u00e9 um suporte essencial para trabalhadores que, mesmo ap\u00f3s um acidente ou doen\u00e7a, permanecem com limita\u00e7\u00f5es que afetam seu desempenho laboral.\u00a0<\/span><\/p>\n","protected":false},"excerpt":{"rendered":"<p>O Instituto Nacional do Seguro Social (INSS) \u00e9 respons\u00e1vel por administrar o aux\u00edlio-acidente (ou benef\u00edcio por incapacidade tempor\u00e1ria).\u00a0 Este benef\u00edcio \u00e9 destinado a trabalhadores que, ap\u00f3s um acidente ou doen\u00e7a, sofrem uma redu\u00e7\u00e3o permanente na capacidade funcional.\u00a0Ele \u00e9 garantido pelo artigo 86 da Lei n\u00ba 8.213\/1991.\u00a0 Quem tem direito ao aux\u00edlio-acidente? Empregados registrados, contribuintes individuais, [&hellip;]<\/p>\n","protected":false},"author":5,"featured_media":33584,"comment_status":"open","ping_status":"open","sticky":false,"template":"","format":"standard","meta":{"jnews-multi-image_gallery":[],"jnews_single_post":{"subtitle":"","format":"standard","jnews_video_option_group":[[]],"override":[{"template":"2","parallax":"1","fullscreen":"1","layout":"right-sidebar","sidebar":"default-sidebar","second_sidebar":"default-sidebar","sticky_sidebar":"1","share_position":"hide","share_float_style":"share-monocrhome","show_featured":"1","show_post_meta":"1","show_post_author":"1","show_post_date":"1","post_date_format":"default","post_date_format_custom":"Y\/m\/d","show_post_category":"1","show_post_reading_time":"0","post_reading_time_wpm":"300","post_calculate_word_method":"str_word_count","show_zoom_button":"0","zoom_button_out_step":"2","zoom_button_in_step":"3","show_post_tag":"1","show_popup_post":"1","number_popup_post":"1","show_author_box":"1","show_post_related":"0"}],"image_override":[{"single_post_thumbnail_size":"crop-500","single_post_gallery_size":"crop-500"}],"trending_post_position":"meta","trending_post_label":"Trending","sponsored_post_label":"Sponsored by","disable_ad":"0"},"jnews_primary_category":[],"jnews_override_counter":{"view_counter_number":"0","share_counter_number":"0","like_counter_number":"0","dislike_counter_number":"0"},"jnews_post_split":{"post_split":[{"template":"1","tag":"h2","numbering":"asc","mode":"normal","first":"0","enable_toc":"0","toc_type":"normal"}]},"footnotes":""},"categories":[1],"tags":[4180,208],"class_list":["post-33583","post","type-post","status-publish","format-standard","has-post-thumbnail","hentry","category-geral","tag-auxilio-doenca","tag-inss"],"yoast_head":"<!-- This site is optimized with the Yoast SEO plugin v25.0 - https:\/\/yoast.com\/wordpress\/plugins\/seo\/ -->\n<title>Quem sofre com esse tipo de dor pode ter direito a benef\u00edcio mensal do governo<\/title>\n<meta name=\"robots\" content=\"index, follow, max-snippet:-1, max-image-preview:large, max-video-preview:-1\" \/>\n<link rel=\"canonical\" href=\"https:\/\/crusoe.audiencelabs.com.br\/quem-sofre-com-esse-tipo-de-dor-pode-ter-direito-a-beneficio-mensal-do-governo\/\" \/>\n<meta property=\"og:locale\" content=\"pt_BR\" \/>\n<meta property=\"og:type\" content=\"article\" \/>\n<meta property=\"og:title\" content=\"Quem sofre com esse tipo de dor pode ter direito a benef\u00edcio mensal do governo\" \/>\n<meta property=\"og:description\" content=\"O Instituto Nacional do Seguro Social (INSS) \u00e9 respons\u00e1vel por administrar o aux\u00edlio-acidente (ou benef\u00edcio por incapacidade tempor\u00e1ria).\u00a0 Este benef\u00edcio \u00e9 destinado a trabalhadores que, ap\u00f3s um acidente ou doen\u00e7a, sofrem uma redu\u00e7\u00e3o permanente na capacidade funcional.\u00a0Ele \u00e9 garantido pelo artigo 86 da Lei n\u00ba 8.213\/1991.\u00a0 Quem tem direito ao aux\u00edlio-acidente? Empregados registrados, contribuintes individuais, [&hellip;]\" \/>\n<meta property=\"og:url\" content=\"https:\/\/crusoe.audiencelabs.com.br\/quem-sofre-com-esse-tipo-de-dor-pode-ter-direito-a-beneficio-mensal-do-governo\/\" \/>\n<meta property=\"og:site_name\" content=\"Variedades - Cruso\u00e9\" \/>\n<meta property=\"article:published_time\" content=\"2026-03-10T10:13:01+00:00\" \/>\n<meta property=\"article:modified_time\" content=\"2026-03-10T10:20:07+00:00\" \/>\n<meta property=\"og:image\" content=\"https:\/\/cdn.crusoe.com.br\/uploads\/2026\/03\/pexels-karola-g-4506078-scaled.jpg\" \/>\n\t<meta property=\"og:image:width\" content=\"2560\" \/>\n\t<meta property=\"og:image:height\" content=\"1707\" \/>\n\t<meta property=\"og:image:type\" content=\"image\/jpeg\" \/>\n<meta name=\"author\" content=\"Milena Armando\" \/>\n<meta name=\"twitter:card\" content=\"summary_large_image\" \/>\n<meta name=\"twitter:label1\" content=\"Escrito por\" \/>\n\t<meta name=\"twitter:data1\" content=\"Milena Armando\" \/>\n\t<meta name=\"twitter:label2\" content=\"Est. tempo de leitura\" \/>\n\t<meta name=\"twitter:data2\" content=\"2 minutos\" \/>\n<script type=\"application\/ld+json\" class=\"yoast-schema-graph\">{\"@context\":\"https:\/\/schema.org\",\"@graph\":[{\"@type\":\"WebPage\",\"@id\":\"https:\/\/crusoe.audiencelabs.com.br\/quem-sofre-com-esse-tipo-de-dor-pode-ter-direito-a-beneficio-mensal-do-governo\/\",\"url\":\"https:\/\/crusoe.audiencelabs.com.br\/quem-sofre-com-esse-tipo-de-dor-pode-ter-direito-a-beneficio-mensal-do-governo\/\",\"name\":\"Quem sofre com esse tipo de dor pode ter direito a benef\u00edcio mensal do governo\",\"isPartOf\":{\"@id\":\"https:\/\/crusoe.audiencelabs.com.br\/#website\"},\"primaryImageOfPage\":{\"@id\":\"https:\/\/crusoe.audiencelabs.com.br\/quem-sofre-com-esse-tipo-de-dor-pode-ter-direito-a-beneficio-mensal-do-governo\/#primaryimage\"},\"image\":{\"@id\":\"https:\/\/crusoe.audiencelabs.com.br\/quem-sofre-com-esse-tipo-de-dor-pode-ter-direito-a-beneficio-mensal-do-governo\/#primaryimage\"},\"thumbnailUrl\":\"https:\/\/cdn.crusoe.com.br\/uploads\/2026\/03\/pexels-karola-g-4506078-scaled.jpg\",\"datePublished\":\"2026-03-10T10:13:01+00:00\",\"dateModified\":\"2026-03-10T10:20:07+00:00\",\"author\":{\"@id\":\"https:\/\/crusoe.audiencelabs.com.br\/#\/schema\/person\/f87f73cfe89e5360de2c006bd4bd6a74\"},\"breadcrumb\":{\"@id\":\"https:\/\/crusoe.audiencelabs.com.br\/quem-sofre-com-esse-tipo-de-dor-pode-ter-direito-a-beneficio-mensal-do-governo\/#breadcrumb\"},\"inLanguage\":\"pt-BR\",\"potentialAction\":[{\"@type\":\"ReadAction\",\"target\":[\"https:\/\/crusoe.audiencelabs.com.br\/quem-sofre-com-esse-tipo-de-dor-pode-ter-direito-a-beneficio-mensal-do-governo\/\"]}]},{\"@type\":\"ImageObject\",\"inLanguage\":\"pt-BR\",\"@id\":\"https:\/\/crusoe.audiencelabs.com.br\/quem-sofre-com-esse-tipo-de-dor-pode-ter-direito-a-beneficio-mensal-do-governo\/#primaryimage\",\"url\":\"https:\/\/cdn.crusoe.com.br\/uploads\/2026\/03\/pexels-karola-g-4506078-scaled.jpg\",\"contentUrl\":\"https:\/\/cdn.crusoe.com.br\/uploads\/2026\/03\/pexels-karola-g-4506078-scaled.jpg\",\"width\":2560,\"height\":1707,\"caption\":\"Reprodu\u00e7\u00e3o: Pexels\/www.kaboompics.com\"},{\"@type\":\"BreadcrumbList\",\"@id\":\"https:\/\/crusoe.audiencelabs.com.br\/quem-sofre-com-esse-tipo-de-dor-pode-ter-direito-a-beneficio-mensal-do-governo\/#breadcrumb\",\"itemListElement\":[{\"@type\":\"ListItem\",\"position\":1,\"name\":\"Home\",\"item\":\"https:\/\/crusoe.audiencelabs.com.br\/\"},{\"@type\":\"ListItem\",\"position\":2,\"name\":\"Quem sofre com esse tipo de dor pode ter direito a benef\u00edcio mensal do governo\"}]},{\"@type\":\"WebSite\",\"@id\":\"https:\/\/crusoe.audiencelabs.com.br\/#website\",\"url\":\"https:\/\/crusoe.audiencelabs.com.br\/\",\"name\":\"Variedades - Cruso\u00e9\",\"description\":\"\",\"potentialAction\":[{\"@type\":\"SearchAction\",\"target\":{\"@type\":\"EntryPoint\",\"urlTemplate\":\"https:\/\/crusoe.audiencelabs.com.br\/?s={search_term_string}\"},\"query-input\":{\"@type\":\"PropertyValueSpecification\",\"valueRequired\":true,\"valueName\":\"search_term_string\"}}],\"inLanguage\":\"pt-BR\"},{\"@type\":\"Person\",\"@id\":\"https:\/\/crusoe.audiencelabs.com.br\/#\/schema\/person\/f87f73cfe89e5360de2c006bd4bd6a74\",\"name\":\"Milena Armando\",\"image\":{\"@type\":\"ImageObject\",\"inLanguage\":\"pt-BR\",\"@id\":\"https:\/\/crusoe.audiencelabs.com.br\/#\/schema\/person\/image\/\",\"url\":\"https:\/\/secure.gravatar.com\/avatar\/ea14ecddc9e9d202b698b18f9f69e09c9fd74cfbed5c6008d55f11faefdbdab7?s=96&d=mm&r=g\",\"contentUrl\":\"https:\/\/secure.gravatar.com\/avatar\/ea14ecddc9e9d202b698b18f9f69e09c9fd74cfbed5c6008d55f11faefdbdab7?s=96&d=mm&r=g\",\"caption\":\"Milena Armando\"},\"description\":\"Jornalista, redatora e revisora.\",\"url\":\"https:\/\/crusoe.audiencelabs.com.br\/author\/milena\/\"}]}<\/script>\n<!-- \/ Yoast SEO plugin. -->","yoast_head_json":{"title":"Quem sofre com esse tipo de dor pode ter direito a benef\u00edcio mensal do governo","robots":{"index":"index","follow":"follow","max-snippet":"max-snippet:-1","max-image-preview":"max-image-preview:large","max-video-preview":"max-video-preview:-1"},"canonical":"https:\/\/crusoe.audiencelabs.com.br\/quem-sofre-com-esse-tipo-de-dor-pode-ter-direito-a-beneficio-mensal-do-governo\/","og_locale":"pt_BR","og_type":"article","og_title":"Quem sofre com esse tipo de dor pode ter direito a benef\u00edcio mensal do governo","og_description":"O Instituto Nacional do Seguro Social (INSS) \u00e9 respons\u00e1vel por administrar o aux\u00edlio-acidente (ou benef\u00edcio por incapacidade tempor\u00e1ria).\u00a0 Este benef\u00edcio \u00e9 destinado a trabalhadores que, ap\u00f3s um acidente ou doen\u00e7a, sofrem uma redu\u00e7\u00e3o permanente na capacidade funcional.\u00a0Ele \u00e9 garantido pelo artigo 86 da Lei n\u00ba 8.213\/1991.\u00a0 Quem tem direito ao aux\u00edlio-acidente? Empregados registrados, contribuintes individuais, [&hellip;]","og_url":"https:\/\/crusoe.audiencelabs.com.br\/quem-sofre-com-esse-tipo-de-dor-pode-ter-direito-a-beneficio-mensal-do-governo\/","og_site_name":"Variedades - Cruso\u00e9","article_published_time":"2026-03-10T10:13:01+00:00","article_modified_time":"2026-03-10T10:20:07+00:00","og_image":[{"width":2560,"height":1707,"url":"https:\/\/cdn.crusoe.com.br\/uploads\/2026\/03\/pexels-karola-g-4506078-scaled.jpg","type":"image\/jpeg"}],"author":"Milena Armando","twitter_card":"summary_large_image","twitter_misc":{"Escrito por":"Milena Armando","Est. tempo de leitura":"2 minutos"},"schema":{"@context":"https:\/\/schema.org","@graph":[{"@type":"WebPage","@id":"https:\/\/crusoe.audiencelabs.com.br\/quem-sofre-com-esse-tipo-de-dor-pode-ter-direito-a-beneficio-mensal-do-governo\/","url":"https:\/\/crusoe.audiencelabs.com.br\/quem-sofre-com-esse-tipo-de-dor-pode-ter-direito-a-beneficio-mensal-do-governo\/","name":"Quem sofre com esse tipo de dor pode ter direito a benef\u00edcio mensal do governo","isPartOf":{"@id":"https:\/\/crusoe.audiencelabs.com.br\/#website"},"primaryImageOfPage":{"@id":"https:\/\/crusoe.audiencelabs.com.br\/quem-sofre-com-esse-tipo-de-dor-pode-ter-direito-a-beneficio-mensal-do-governo\/#primaryimage"},"image":{"@id":"https:\/\/crusoe.audiencelabs.com.br\/quem-sofre-com-esse-tipo-de-dor-pode-ter-direito-a-beneficio-mensal-do-governo\/#primaryimage"},"thumbnailUrl":"https:\/\/cdn.crusoe.com.br\/uploads\/2026\/03\/pexels-karola-g-4506078-scaled.jpg","datePublished":"2026-03-10T10:13:01+00:00","dateModified":"2026-03-10T10:20:07+00:00","author":{"@id":"https:\/\/crusoe.audiencelabs.com.br\/#\/schema\/person\/f87f73cfe89e5360de2c006bd4bd6a74"},"breadcrumb":{"@id":"https:\/\/crusoe.audiencelabs.com.br\/quem-sofre-com-esse-tipo-de-dor-pode-ter-direito-a-beneficio-mensal-do-governo\/#breadcrumb"},"inLanguage":"pt-BR","potentialAction":[{"@type":"ReadAction","target":["https:\/\/crusoe.audiencelabs.com.br\/quem-sofre-com-esse-tipo-de-dor-pode-ter-direito-a-beneficio-mensal-do-governo\/"]}]},{"@type":"ImageObject","inLanguage":"pt-BR","@id":"https:\/\/crusoe.audiencelabs.com.br\/quem-sofre-com-esse-tipo-de-dor-pode-ter-direito-a-beneficio-mensal-do-governo\/#primaryimage","url":"https:\/\/cdn.crusoe.com.br\/uploads\/2026\/03\/pexels-karola-g-4506078-scaled.jpg","contentUrl":"https:\/\/cdn.crusoe.com.br\/uploads\/2026\/03\/pexels-karola-g-4506078-scaled.jpg","width":2560,"height":1707,"caption":"Reprodu\u00e7\u00e3o: Pexels\/www.kaboompics.com"},{"@type":"BreadcrumbList","@id":"https:\/\/crusoe.audiencelabs.com.br\/quem-sofre-com-esse-tipo-de-dor-pode-ter-direito-a-beneficio-mensal-do-governo\/#breadcrumb","itemListElement":[{"@type":"ListItem","position":1,"name":"Home","item":"https:\/\/crusoe.audiencelabs.com.br\/"},{"@type":"ListItem","position":2,"name":"Quem sofre com esse tipo de dor pode ter direito a benef\u00edcio mensal do governo"}]},{"@type":"WebSite","@id":"https:\/\/crusoe.audiencelabs.com.br\/#website","url":"https:\/\/crusoe.audiencelabs.com.br\/","name":"Variedades - Cruso\u00e9","description":"","potentialAction":[{"@type":"SearchAction","target":{"@type":"EntryPoint","urlTemplate":"https:\/\/crusoe.audiencelabs.com.br\/?s={search_term_string}"},"query-input":{"@type":"PropertyValueSpecification","valueRequired":true,"valueName":"search_term_string"}}],"inLanguage":"pt-BR"},{"@type":"Person","@id":"https:\/\/crusoe.audiencelabs.com.br\/#\/schema\/person\/f87f73cfe89e5360de2c006bd4bd6a74","name":"Milena Armando","image":{"@type":"ImageObject","inLanguage":"pt-BR","@id":"https:\/\/crusoe.audiencelabs.com.br\/#\/schema\/person\/image\/","url":"https:\/\/secure.gravatar.com\/avatar\/ea14ecddc9e9d202b698b18f9f69e09c9fd74cfbed5c6008d55f11faefdbdab7?s=96&d=mm&r=g","contentUrl":"https:\/\/secure.gravatar.com\/avatar\/ea14ecddc9e9d202b698b18f9f69e09c9fd74cfbed5c6008d55f11faefdbdab7?s=96&d=mm&r=g","caption":"Milena Armando"},"description":"Jornalista, redatora e revisora.","url":"https:\/\/crusoe.audiencelabs.com.br\/author\/milena\/"}]}},"_links":{"self":[{"href":"https:\/\/crusoe.audiencelabs.com.br\/wp-json\/wp\/v2\/posts\/33583","targetHints":{"allow":["GET"]}}],"collection":[{"href":"https:\/\/crusoe.audiencelabs.com.br\/wp-json\/wp\/v2\/posts"}],"about":[{"href":"https:\/\/crusoe.audiencelabs.com.br\/wp-json\/wp\/v2\/types\/post"}],"author":[{"embeddable":true,"href":"https:\/\/crusoe.audiencelabs.com.br\/wp-json\/wp\/v2\/users\/5"}],"replies":[{"embeddable":true,"href":"https:\/\/crusoe.audiencelabs.com.br\/wp-json\/wp\/v2\/comments?post=33583"}],"version-history":[{"count":4,"href":"https:\/\/crusoe.audiencelabs.com.br\/wp-json\/wp\/v2\/posts\/33583\/revisions"}],"predecessor-version":[{"id":33653,"href":"https:\/\/crusoe.audiencelabs.com.br\/wp-json\/wp\/v2\/posts\/33583\/revisions\/33653"}],"wp:featuredmedia":[{"embeddable":true,"href":"https:\/\/crusoe.audiencelabs.com.br\/wp-json\/wp\/v2\/media\/33584"}],"wp:attachment":[{"href":"https:\/\/crusoe.audiencelabs.com.br\/wp-json\/wp\/v2\/media?parent=33583"}],"wp:term":[{"taxonomy":"category","embeddable":true,"href":"https:\/\/crusoe.audiencelabs.com.br\/wp-json\/wp\/v2\/categories?post=33583"},{"taxonomy":"post_tag","embeddable":true,"href":"https:\/\/crusoe.audiencelabs.com.br\/wp-json\/wp\/v2\/tags?post=33583"}],"curies":[{"name":"wp","href":"https:\/\/api.w.org\/{rel}","templated":true}]}}