{"id":33539,"date":"2026-03-14T11:02:14","date_gmt":"2026-03-14T14:02:14","guid":{"rendered":"https:\/\/crusoe.audiencelabs.com.br\/?p=33539"},"modified":"2026-03-09T07:40:09","modified_gmt":"2026-03-09T10:40:09","slug":"brasileiros-saltitam-de-alegria-com-noticia-sobre-ozempic-custando-menos-de-r-16","status":"publish","type":"post","link":"https:\/\/crusoe.audiencelabs.com.br\/brasileiros-saltitam-de-alegria-com-noticia-sobre-ozempic-custando-menos-de-r-16\/","title":{"rendered":"Brasileiros saltitam de alegria com not\u00edcia sobre &#8220;Ozempic&#8221; custando menos de R$ 16"},"content":{"rendered":"<p data-start=\"0\" data-end=\"557\">A poss\u00edvel chegada de <strong>vers\u00f5es gen\u00e9ricas do <span class=\"hover:entity-accent entity-underline inline cursor-pointer align-baseline\"><span class=\"whitespace-normal\">Ozempic<\/span><\/span> <\/strong>ao Brasil tem gerado grande expectativa entre pacientes e especialistas.<\/p>\n<p data-start=\"0\" data-end=\"557\">O medicamento, utilizado no tratamento do d<span class=\"hover:entity-accent entity-underline inline cursor-pointer align-baseline\"><span class=\"whitespace-normal\">iabetes tipo 2<\/span><\/span> e tamb\u00e9m associado ao controle da o<span class=\"hover:entity-accent entity-underline inline cursor-pointer align-baseline\"><span class=\"whitespace-normal\">besidade<\/span><\/span>, atualmente tem um custo elevado no pa\u00eds.<\/p>\n<p data-start=\"0\" data-end=\"557\">Estudos recentes indicam que, com a produ\u00e7\u00e3o de vers\u00f5es gen\u00e9ricas, o tratamento <strong>poderia custar menos de R$ 16 por m\u00eas<\/strong>, o que ampliaria o acesso da popula\u00e7\u00e3o a essa terapia.<\/p>\n<h2 data-section-id=\"1i09ikz\" data-start=\"559\" data-end=\"604\">Poss\u00edvel queda nos pre\u00e7os dos medicamentos<\/h2>\n<p data-start=\"606\" data-end=\"865\">Hoje, o tratamento com Ozempic pode chegar a cerca de R$ 1.299,70 por m\u00eas no Brasil. Outro medicamento com a mesma subst\u00e2ncia ativa, o <span class=\"hover:entity-accent entity-underline inline cursor-pointer align-baseline\"><span class=\"whitespace-normal\">Wegovy<\/span><\/span>, pode ultrapassar R$ 2.500 mensais, o que limita o acesso de muitos pacientes.<\/p>\n<p data-start=\"867\" data-end=\"1120\">Pesquisadores da <span class=\"hover:entity-accent entity-underline inline cursor-pointer align-baseline\"><span class=\"whitespace-normal\">University of Liverpool<\/span><\/span> realizaram um estudo preliminar que indica que a semaglutida, princ\u00edpio ativo presente nesses medicamentos, poderia ser produzida a um custo muito menor do que o atualmente praticado no mercado.<\/p>\n<p data-start=\"1122\" data-end=\"1374\">A fabricante <span class=\"hover:entity-accent entity-underline inline cursor-pointer align-baseline\"><span class=\"whitespace-normal\">Novo Nordisk<\/span><\/span>, respons\u00e1vel pelo Ozempic, tamb\u00e9m tem sinalizado iniciativas para reduzir os pre\u00e7os de alguns de seus produtos em determinados mercados internacionais, o que refor\u00e7a as discuss\u00f5es sobre acessibilidade.<\/p>\n<h2 data-section-id=\"apo0fm\" data-start=\"1376\" data-end=\"1404\">Impactos na sa\u00fade p\u00fablica<\/h2>\n<p data-start=\"1406\" data-end=\"1810\">A redu\u00e7\u00e3o no pre\u00e7o desses medicamentos pode trazer benef\u00edcios importantes para a sa\u00fade p\u00fablica. Tanto o diabetes tipo 2 quanto a obesidade s\u00e3o condi\u00e7\u00f5es cr\u00f4nicas que exigem tratamento cont\u00ednuo e acompanhamento m\u00e9dico.<\/p>\n<p data-start=\"1406\" data-end=\"1810\">Al\u00e9m de afetarem a qualidade de vida dos pacientes, essas doen\u00e7as tamb\u00e9m geram altos custos para os sistemas de sa\u00fade devido a complica\u00e7\u00f5es como problemas cardiovasculares e metab\u00f3licos.<\/p>\n<p data-start=\"1812\" data-end=\"2049\">Com medicamentos mais acess\u00edveis, mais pessoas poderiam iniciar e manter o tratamento adequado, o que ajudaria a reduzir complica\u00e7\u00f5es graves no longo prazo e, consequentemente, diminuir gastos com interna\u00e7\u00f5es e tratamentos mais complexos.<\/p>\n<p data-start=\"2051\" data-end=\"2355\">A poss\u00edvel introdu\u00e7\u00e3o de vers\u00f5es gen\u00e9ricas tamb\u00e9m refor\u00e7a o reconhecimento da obesidade como uma doen\u00e7a cr\u00f4nica que necessita de tratamento acess\u00edvel. No futuro, essa mudan\u00e7a pode abrir espa\u00e7o para que medicamentos desse tipo sejam inclu\u00eddos com mais facilidade em programas p\u00fablicos de sa\u00fade.<\/p>\n<h2 data-section-id=\"1wqjrp3\" data-start=\"2357\" data-end=\"2394\">Concorr\u00eancia pode ampliar o acesso<\/h2>\n<p data-start=\"2396\" data-end=\"2613\">A entrada de novos fabricantes de medicamentos gen\u00e9ricos tende a aumentar a concorr\u00eancia no setor farmac\u00eautico. Com mais empresas produzindo a mesma subst\u00e2ncia ativa, \u00e9 comum que ocorra uma redu\u00e7\u00e3o gradual dos pre\u00e7os.<\/p>\n<p data-start=\"2615\" data-end=\"2884\">Esse cen\u00e1rio \u00e9 considerado positivo para os pacientes, pois torna o tratamento mais vi\u00e1vel financeiramente. Ao mesmo tempo, a concorr\u00eancia pode estimular o mercado a oferecer alternativas mais acess\u00edveis e ampliar o acesso a terapias modernas para diabetes e obesidade.<\/p>\n<h2 data-section-id=\"gvcid5\" data-start=\"2886\" data-end=\"2920\">O que esperar nos pr\u00f3ximos anos<\/h2>\n<p data-start=\"2922\" data-end=\"3206\">Especialistas apontam que a patente do Ozempic pode come\u00e7ar a expirar em alguns mercados nos pr\u00f3ximos anos, abrindo caminho para a produ\u00e7\u00e3o de gen\u00e9ricos.<\/p>\n<p data-start=\"2922\" data-end=\"3206\">Caso isso se concretize tamb\u00e9m no Brasil, o impacto pode ser significativo para os pacientes e para o sistema de sa\u00fade.<\/p>\n<p data-start=\"3208\" data-end=\"3401\">Al\u00e9m de reduzir os custos do tratamento, a chegada desses medicamentos pode transformar o mercado farmac\u00eautico e fortalecer debates sobre pol\u00edticas de pre\u00e7os e acesso a medicamentos inovadores.<\/p>\n<p data-start=\"3403\" data-end=\"3624\" data-is-last-node=\"\" data-is-only-node=\"\">Se confirmadas as proje\u00e7\u00f5es de redu\u00e7\u00e3o de custo, o cen\u00e1rio pode representar uma mudan\u00e7a importante no tratamento do diabetes tipo 2 e da obesidade, tornando terapias muito mais acess\u00edveis para milh\u00f5es de pessoas.<\/p>\n<div class=\"flex flex-col text-sm pb-25\">\n<article class=\"text-token-text-primary w-full focus:outline-none [--shadow-height:45px] has-data-writing-block:pointer-events-none has-data-writing-block:-mt-(--shadow-height) has-data-writing-block:pt-(--shadow-height) [&amp;:has([data-writing-block])&gt;*]:pointer-events-auto scroll-mt-[calc(var(--header-height)+min(200px,max(70px,20svh)))]\" dir=\"auto\" data-turn-id=\"request-WEB:564762aa-5cc3-44ba-b4ad-715fae86a025-0\" data-testid=\"conversation-turn-2\" data-scroll-anchor=\"true\" data-turn=\"assistant\">\n<div class=\"text-base my-auto mx-auto pb-10 [--thread-content-margin:var(--thread-content-margin-xs,calc(var(--spacing)*4))] @w-sm\/main:[--thread-content-margin:var(--thread-content-margin-sm,calc(var(--spacing)*6))] @w-lg\/main:[--thread-content-margin:var(--thread-content-margin-lg,calc(var(--spacing)*16))] px-(--thread-content-margin)\">\n<div class=\"[--thread-content-max-width:40rem] @w-lg\/main:[--thread-content-max-width:48rem] mx-auto max-w-(--thread-content-max-width) flex-1 group\/turn-messages focus-visible:outline-hidden relative flex w-full min-w-0 flex-col agent-turn\">\n<div class=\"flex max-w-full flex-col gap-4 grow\">\n<div class=\"min-h-8 text-message relative flex w-full flex-col items-end gap-2 text-start break-words whitespace-normal [.text-message+&amp;]:mt-1\" dir=\"auto\" data-message-author-role=\"assistant\" data-message-id=\"592c4b98-bac2-48d1-a84d-dcae58cf3d28\" data-message-model-slug=\"gpt-5-3\">\n<div class=\"flex w-full flex-col gap-1 empty:hidden\">\n<div class=\"markdown prose dark:prose-invert w-full wrap-break-word dark markdown-new-styling\">\n<p data-start=\"0\" data-end=\"172\" data-is-last-node=\"\" data-is-only-node=\"\"><strong>*Vale ressaltar que essas estimativas fazem parte de um estudo e, at\u00e9 o momento, n\u00e3o h\u00e1 expectativa no mercado de que o valor apresentado venha a ser efetivamente praticado.<\/strong><\/p>\n<\/div>\n<\/div>\n<\/div>\n<\/div>\n<\/div>\n<\/div>\n<\/article>\n<\/div>\n","protected":false},"excerpt":{"rendered":"<p>A poss\u00edvel chegada de vers\u00f5es gen\u00e9ricas do Ozempic ao Brasil tem gerado grande expectativa entre pacientes e especialistas. O medicamento, utilizado no tratamento do diabetes tipo 2 e tamb\u00e9m associado ao controle da obesidade, atualmente tem um custo elevado no pa\u00eds. Estudos recentes indicam que, com a produ\u00e7\u00e3o de vers\u00f5es gen\u00e9ricas, o tratamento poderia custar [&hellip;]<\/p>\n","protected":false},"author":5,"featured_media":33540,"comment_status":"open","ping_status":"open","sticky":false,"template":"","format":"standard","meta":{"jnews-multi-image_gallery":[],"jnews_single_post":{"subtitle":"","format":"standard","jnews_video_option_group":[[]],"override":[{"template":"2","parallax":"1","fullscreen":"1","layout":"right-sidebar","sidebar":"default-sidebar","second_sidebar":"default-sidebar","sticky_sidebar":"1","share_position":"hide","share_float_style":"share-monocrhome","show_featured":"1","show_post_meta":"1","show_post_author":"1","show_post_date":"1","post_date_format":"default","post_date_format_custom":"Y\/m\/d","show_post_category":"1","show_post_reading_time":"0","post_reading_time_wpm":"300","post_calculate_word_method":"str_word_count","show_zoom_button":"0","zoom_button_out_step":"2","zoom_button_in_step":"3","show_post_tag":"1","show_popup_post":"1","number_popup_post":"1","show_author_box":"1","show_post_related":"0"}],"image_override":[{"single_post_thumbnail_size":"crop-500","single_post_gallery_size":"crop-500"}],"trending_post_position":"meta","trending_post_label":"Trending","sponsored_post_label":"Sponsored by","disable_ad":"0"},"jnews_primary_category":[],"jnews_override_counter":{"view_counter_number":"0","share_counter_number":"0","like_counter_number":"0","dislike_counter_number":"0"},"jnews_post_split":{"post_split":[{"template":"1","tag":"h2","numbering":"asc","mode":"normal","first":"0","enable_toc":"0","toc_type":"normal"}]},"footnotes":""},"categories":[1],"tags":[6035,613],"class_list":["post-33539","post","type-post","status-publish","format-standard","has-post-thumbnail","hentry","category-geral","tag-generico","tag-ozempic"],"yoast_head":"<!-- This site is optimized with the Yoast SEO plugin v25.0 - https:\/\/yoast.com\/wordpress\/plugins\/seo\/ -->\n<title>Brasileiros saltitam de alegria com not\u00edcia sobre &quot;Ozempic&quot; custando menos de R$ 16<\/title>\n<meta name=\"robots\" content=\"index, follow, max-snippet:-1, max-image-preview:large, max-video-preview:-1\" \/>\n<link rel=\"canonical\" href=\"https:\/\/crusoe.audiencelabs.com.br\/brasileiros-saltitam-de-alegria-com-noticia-sobre-ozempic-custando-menos-de-r-16\/\" \/>\n<meta property=\"og:locale\" content=\"pt_BR\" \/>\n<meta property=\"og:type\" content=\"article\" \/>\n<meta property=\"og:title\" content=\"Brasileiros saltitam de alegria com not\u00edcia sobre &quot;Ozempic&quot; custando menos de R$ 16\" \/>\n<meta property=\"og:description\" content=\"A poss\u00edvel chegada de vers\u00f5es gen\u00e9ricas do Ozempic ao Brasil tem gerado grande expectativa entre pacientes e especialistas. O medicamento, utilizado no tratamento do diabetes tipo 2 e tamb\u00e9m associado ao controle da obesidade, atualmente tem um custo elevado no pa\u00eds. Estudos recentes indicam que, com a produ\u00e7\u00e3o de vers\u00f5es gen\u00e9ricas, o tratamento poderia custar [&hellip;]\" \/>\n<meta property=\"og:url\" content=\"https:\/\/crusoe.audiencelabs.com.br\/brasileiros-saltitam-de-alegria-com-noticia-sobre-ozempic-custando-menos-de-r-16\/\" \/>\n<meta property=\"og:site_name\" content=\"Variedades - Cruso\u00e9\" \/>\n<meta property=\"article:published_time\" content=\"2026-03-14T14:02:14+00:00\" \/>\n<meta property=\"og:image\" content=\"https:\/\/cdn.crusoe.com.br\/uploads\/2026\/03\/AdobeStock_642751321-1-scaled-1.jpeg\" \/>\n\t<meta property=\"og:image:width\" content=\"2560\" \/>\n\t<meta property=\"og:image:height\" content=\"1707\" \/>\n\t<meta property=\"og:image:type\" content=\"image\/jpeg\" \/>\n<meta name=\"author\" content=\"Milena Armando\" \/>\n<meta name=\"twitter:card\" content=\"summary_large_image\" \/>\n<meta name=\"twitter:label1\" content=\"Escrito por\" \/>\n\t<meta name=\"twitter:data1\" content=\"Milena Armando\" \/>\n\t<meta name=\"twitter:label2\" content=\"Est. tempo de leitura\" \/>\n\t<meta name=\"twitter:data2\" content=\"4 minutos\" \/>\n<script type=\"application\/ld+json\" class=\"yoast-schema-graph\">{\"@context\":\"https:\/\/schema.org\",\"@graph\":[{\"@type\":\"WebPage\",\"@id\":\"https:\/\/crusoe.audiencelabs.com.br\/brasileiros-saltitam-de-alegria-com-noticia-sobre-ozempic-custando-menos-de-r-16\/\",\"url\":\"https:\/\/crusoe.audiencelabs.com.br\/brasileiros-saltitam-de-alegria-com-noticia-sobre-ozempic-custando-menos-de-r-16\/\",\"name\":\"Brasileiros saltitam de alegria com not\u00edcia sobre \\\"Ozempic\\\" custando menos de R$ 16\",\"isPartOf\":{\"@id\":\"https:\/\/crusoe.audiencelabs.com.br\/#website\"},\"primaryImageOfPage\":{\"@id\":\"https:\/\/crusoe.audiencelabs.com.br\/brasileiros-saltitam-de-alegria-com-noticia-sobre-ozempic-custando-menos-de-r-16\/#primaryimage\"},\"image\":{\"@id\":\"https:\/\/crusoe.audiencelabs.com.br\/brasileiros-saltitam-de-alegria-com-noticia-sobre-ozempic-custando-menos-de-r-16\/#primaryimage\"},\"thumbnailUrl\":\"https:\/\/cdn.crusoe.com.br\/uploads\/2026\/03\/AdobeStock_642751321-1-scaled-1.jpeg\",\"datePublished\":\"2026-03-14T14:02:14+00:00\",\"author\":{\"@id\":\"https:\/\/crusoe.audiencelabs.com.br\/#\/schema\/person\/f87f73cfe89e5360de2c006bd4bd6a74\"},\"breadcrumb\":{\"@id\":\"https:\/\/crusoe.audiencelabs.com.br\/brasileiros-saltitam-de-alegria-com-noticia-sobre-ozempic-custando-menos-de-r-16\/#breadcrumb\"},\"inLanguage\":\"pt-BR\",\"potentialAction\":[{\"@type\":\"ReadAction\",\"target\":[\"https:\/\/crusoe.audiencelabs.com.br\/brasileiros-saltitam-de-alegria-com-noticia-sobre-ozempic-custando-menos-de-r-16\/\"]}]},{\"@type\":\"ImageObject\",\"inLanguage\":\"pt-BR\",\"@id\":\"https:\/\/crusoe.audiencelabs.com.br\/brasileiros-saltitam-de-alegria-com-noticia-sobre-ozempic-custando-menos-de-r-16\/#primaryimage\",\"url\":\"https:\/\/cdn.crusoe.com.br\/uploads\/2026\/03\/AdobeStock_642751321-1-scaled-1.jpeg\",\"contentUrl\":\"https:\/\/cdn.crusoe.com.br\/uploads\/2026\/03\/AdobeStock_642751321-1-scaled-1.jpeg\",\"width\":2560,\"height\":1707,\"caption\":\"Reprodu\u00e7\u00e3o: Adobe Stock\"},{\"@type\":\"BreadcrumbList\",\"@id\":\"https:\/\/crusoe.audiencelabs.com.br\/brasileiros-saltitam-de-alegria-com-noticia-sobre-ozempic-custando-menos-de-r-16\/#breadcrumb\",\"itemListElement\":[{\"@type\":\"ListItem\",\"position\":1,\"name\":\"Home\",\"item\":\"https:\/\/crusoe.audiencelabs.com.br\/\"},{\"@type\":\"ListItem\",\"position\":2,\"name\":\"Brasileiros saltitam de alegria com not\u00edcia sobre &#8220;Ozempic&#8221; custando menos de R$ 16\"}]},{\"@type\":\"WebSite\",\"@id\":\"https:\/\/crusoe.audiencelabs.com.br\/#website\",\"url\":\"https:\/\/crusoe.audiencelabs.com.br\/\",\"name\":\"Variedades - Cruso\u00e9\",\"description\":\"\",\"potentialAction\":[{\"@type\":\"SearchAction\",\"target\":{\"@type\":\"EntryPoint\",\"urlTemplate\":\"https:\/\/crusoe.audiencelabs.com.br\/?s={search_term_string}\"},\"query-input\":{\"@type\":\"PropertyValueSpecification\",\"valueRequired\":true,\"valueName\":\"search_term_string\"}}],\"inLanguage\":\"pt-BR\"},{\"@type\":\"Person\",\"@id\":\"https:\/\/crusoe.audiencelabs.com.br\/#\/schema\/person\/f87f73cfe89e5360de2c006bd4bd6a74\",\"name\":\"Milena Armando\",\"image\":{\"@type\":\"ImageObject\",\"inLanguage\":\"pt-BR\",\"@id\":\"https:\/\/crusoe.audiencelabs.com.br\/#\/schema\/person\/image\/\",\"url\":\"https:\/\/secure.gravatar.com\/avatar\/ea14ecddc9e9d202b698b18f9f69e09c9fd74cfbed5c6008d55f11faefdbdab7?s=96&d=mm&r=g\",\"contentUrl\":\"https:\/\/secure.gravatar.com\/avatar\/ea14ecddc9e9d202b698b18f9f69e09c9fd74cfbed5c6008d55f11faefdbdab7?s=96&d=mm&r=g\",\"caption\":\"Milena Armando\"},\"description\":\"Jornalista, redatora e revisora.\",\"url\":\"https:\/\/crusoe.audiencelabs.com.br\/author\/milena\/\"}]}<\/script>\n<!-- \/ Yoast SEO plugin. -->","yoast_head_json":{"title":"Brasileiros saltitam de alegria com not\u00edcia sobre \"Ozempic\" custando menos de R$ 16","robots":{"index":"index","follow":"follow","max-snippet":"max-snippet:-1","max-image-preview":"max-image-preview:large","max-video-preview":"max-video-preview:-1"},"canonical":"https:\/\/crusoe.audiencelabs.com.br\/brasileiros-saltitam-de-alegria-com-noticia-sobre-ozempic-custando-menos-de-r-16\/","og_locale":"pt_BR","og_type":"article","og_title":"Brasileiros saltitam de alegria com not\u00edcia sobre \"Ozempic\" custando menos de R$ 16","og_description":"A poss\u00edvel chegada de vers\u00f5es gen\u00e9ricas do Ozempic ao Brasil tem gerado grande expectativa entre pacientes e especialistas. O medicamento, utilizado no tratamento do diabetes tipo 2 e tamb\u00e9m associado ao controle da obesidade, atualmente tem um custo elevado no pa\u00eds. Estudos recentes indicam que, com a produ\u00e7\u00e3o de vers\u00f5es gen\u00e9ricas, o tratamento poderia custar [&hellip;]","og_url":"https:\/\/crusoe.audiencelabs.com.br\/brasileiros-saltitam-de-alegria-com-noticia-sobre-ozempic-custando-menos-de-r-16\/","og_site_name":"Variedades - Cruso\u00e9","article_published_time":"2026-03-14T14:02:14+00:00","og_image":[{"width":2560,"height":1707,"url":"https:\/\/cdn.crusoe.com.br\/uploads\/2026\/03\/AdobeStock_642751321-1-scaled-1.jpeg","type":"image\/jpeg"}],"author":"Milena Armando","twitter_card":"summary_large_image","twitter_misc":{"Escrito por":"Milena Armando","Est. tempo de leitura":"4 minutos"},"schema":{"@context":"https:\/\/schema.org","@graph":[{"@type":"WebPage","@id":"https:\/\/crusoe.audiencelabs.com.br\/brasileiros-saltitam-de-alegria-com-noticia-sobre-ozempic-custando-menos-de-r-16\/","url":"https:\/\/crusoe.audiencelabs.com.br\/brasileiros-saltitam-de-alegria-com-noticia-sobre-ozempic-custando-menos-de-r-16\/","name":"Brasileiros saltitam de alegria com not\u00edcia sobre \"Ozempic\" custando menos de R$ 16","isPartOf":{"@id":"https:\/\/crusoe.audiencelabs.com.br\/#website"},"primaryImageOfPage":{"@id":"https:\/\/crusoe.audiencelabs.com.br\/brasileiros-saltitam-de-alegria-com-noticia-sobre-ozempic-custando-menos-de-r-16\/#primaryimage"},"image":{"@id":"https:\/\/crusoe.audiencelabs.com.br\/brasileiros-saltitam-de-alegria-com-noticia-sobre-ozempic-custando-menos-de-r-16\/#primaryimage"},"thumbnailUrl":"https:\/\/cdn.crusoe.com.br\/uploads\/2026\/03\/AdobeStock_642751321-1-scaled-1.jpeg","datePublished":"2026-03-14T14:02:14+00:00","author":{"@id":"https:\/\/crusoe.audiencelabs.com.br\/#\/schema\/person\/f87f73cfe89e5360de2c006bd4bd6a74"},"breadcrumb":{"@id":"https:\/\/crusoe.audiencelabs.com.br\/brasileiros-saltitam-de-alegria-com-noticia-sobre-ozempic-custando-menos-de-r-16\/#breadcrumb"},"inLanguage":"pt-BR","potentialAction":[{"@type":"ReadAction","target":["https:\/\/crusoe.audiencelabs.com.br\/brasileiros-saltitam-de-alegria-com-noticia-sobre-ozempic-custando-menos-de-r-16\/"]}]},{"@type":"ImageObject","inLanguage":"pt-BR","@id":"https:\/\/crusoe.audiencelabs.com.br\/brasileiros-saltitam-de-alegria-com-noticia-sobre-ozempic-custando-menos-de-r-16\/#primaryimage","url":"https:\/\/cdn.crusoe.com.br\/uploads\/2026\/03\/AdobeStock_642751321-1-scaled-1.jpeg","contentUrl":"https:\/\/cdn.crusoe.com.br\/uploads\/2026\/03\/AdobeStock_642751321-1-scaled-1.jpeg","width":2560,"height":1707,"caption":"Reprodu\u00e7\u00e3o: Adobe Stock"},{"@type":"BreadcrumbList","@id":"https:\/\/crusoe.audiencelabs.com.br\/brasileiros-saltitam-de-alegria-com-noticia-sobre-ozempic-custando-menos-de-r-16\/#breadcrumb","itemListElement":[{"@type":"ListItem","position":1,"name":"Home","item":"https:\/\/crusoe.audiencelabs.com.br\/"},{"@type":"ListItem","position":2,"name":"Brasileiros saltitam de alegria com not\u00edcia sobre &#8220;Ozempic&#8221; custando menos de R$ 16"}]},{"@type":"WebSite","@id":"https:\/\/crusoe.audiencelabs.com.br\/#website","url":"https:\/\/crusoe.audiencelabs.com.br\/","name":"Variedades - Cruso\u00e9","description":"","potentialAction":[{"@type":"SearchAction","target":{"@type":"EntryPoint","urlTemplate":"https:\/\/crusoe.audiencelabs.com.br\/?s={search_term_string}"},"query-input":{"@type":"PropertyValueSpecification","valueRequired":true,"valueName":"search_term_string"}}],"inLanguage":"pt-BR"},{"@type":"Person","@id":"https:\/\/crusoe.audiencelabs.com.br\/#\/schema\/person\/f87f73cfe89e5360de2c006bd4bd6a74","name":"Milena Armando","image":{"@type":"ImageObject","inLanguage":"pt-BR","@id":"https:\/\/crusoe.audiencelabs.com.br\/#\/schema\/person\/image\/","url":"https:\/\/secure.gravatar.com\/avatar\/ea14ecddc9e9d202b698b18f9f69e09c9fd74cfbed5c6008d55f11faefdbdab7?s=96&d=mm&r=g","contentUrl":"https:\/\/secure.gravatar.com\/avatar\/ea14ecddc9e9d202b698b18f9f69e09c9fd74cfbed5c6008d55f11faefdbdab7?s=96&d=mm&r=g","caption":"Milena Armando"},"description":"Jornalista, redatora e revisora.","url":"https:\/\/crusoe.audiencelabs.com.br\/author\/milena\/"}]}},"_links":{"self":[{"href":"https:\/\/crusoe.audiencelabs.com.br\/wp-json\/wp\/v2\/posts\/33539","targetHints":{"allow":["GET"]}}],"collection":[{"href":"https:\/\/crusoe.audiencelabs.com.br\/wp-json\/wp\/v2\/posts"}],"about":[{"href":"https:\/\/crusoe.audiencelabs.com.br\/wp-json\/wp\/v2\/types\/post"}],"author":[{"embeddable":true,"href":"https:\/\/crusoe.audiencelabs.com.br\/wp-json\/wp\/v2\/users\/5"}],"replies":[{"embeddable":true,"href":"https:\/\/crusoe.audiencelabs.com.br\/wp-json\/wp\/v2\/comments?post=33539"}],"version-history":[{"count":5,"href":"https:\/\/crusoe.audiencelabs.com.br\/wp-json\/wp\/v2\/posts\/33539\/revisions"}],"predecessor-version":[{"id":33578,"href":"https:\/\/crusoe.audiencelabs.com.br\/wp-json\/wp\/v2\/posts\/33539\/revisions\/33578"}],"wp:featuredmedia":[{"embeddable":true,"href":"https:\/\/crusoe.audiencelabs.com.br\/wp-json\/wp\/v2\/media\/33540"}],"wp:attachment":[{"href":"https:\/\/crusoe.audiencelabs.com.br\/wp-json\/wp\/v2\/media?parent=33539"}],"wp:term":[{"taxonomy":"category","embeddable":true,"href":"https:\/\/crusoe.audiencelabs.com.br\/wp-json\/wp\/v2\/categories?post=33539"},{"taxonomy":"post_tag","embeddable":true,"href":"https:\/\/crusoe.audiencelabs.com.br\/wp-json\/wp\/v2\/tags?post=33539"}],"curies":[{"name":"wp","href":"https:\/\/api.w.org\/{rel}","templated":true}]}}