{"id":33515,"date":"2026-03-09T20:32:21","date_gmt":"2026-03-09T23:32:21","guid":{"rendered":"https:\/\/crusoe.audiencelabs.com.br\/?p=33515"},"modified":"2026-03-09T07:07:16","modified_gmt":"2026-03-09T10:07:16","slug":"carros-eletricos-poderao-ser-totalmente-carregados-em-menos-de-10-minutos","status":"publish","type":"post","link":"https:\/\/crusoe.audiencelabs.com.br\/carros-eletricos-poderao-ser-totalmente-carregados-em-menos-de-10-minutos\/","title":{"rendered":"Carros el\u00e9tricos poder\u00e3o ser totalmente carregados em menos de 10 minutos"},"content":{"rendered":"<p><span style=\"font-weight: 400\">A montadora chinesa <strong>BYD,<\/strong>\u00a0apresentou na \u00faltima quinta-feira (5) seu mais recente avan\u00e7o em tecnologia de baterias para carros el\u00e9tricos.\u00a0<\/span><\/p>\n<p><span style=\"font-weight: 400\">Em um evento em Shenzhen, a empresa revelou a <strong>Blade Battery 2.0<\/strong>, que se destaca pela <strong>r\u00e1pida capacidade de recarga.\u00a0<\/strong><\/span><\/p>\n<p><span style=\"font-weight: 400\">Segundo a empresa, essa nova tecnologia permite carregar de 10% a 70% em apenas cinco minutos, e a <strong>carga quase total pode ser alcan\u00e7ada em 10 minutos<\/strong>. <\/span><span style=\"font-weight: 400\">I<\/span><span style=\"font-weight: 400\">nicialmente, essa inova\u00e7\u00e3o estar\u00e1 dispon\u00edvel no modelo Yangwang U7, um sed\u00e3 de luxo.<\/span><\/p>\n<h2><span style=\"font-weight: 400\">Inova\u00e7\u00e3o tecnol\u00f3gica em baterias<\/span><\/h2>\n<p><span style=\"font-weight: 400\">A ess\u00eancia dessa inova\u00e7\u00e3o reside nas baterias LFP (fosfato de ferro-l\u00edtio), que s\u00e3o mais econ\u00f4micas do que as NMC (n\u00edquel-mangan\u00eas-cobalto).\u00a0<\/span><\/p>\n<p><span style=\"font-weight: 400\">Com um custo m\u00e9dio de US$ 81 por quilowatt-hora, as baterias LFP s\u00e3o uma escolha financeira mais acess\u00edvel, sem sacrificar a efici\u00eancia.\u00a0<\/span><\/p>\n<p><span style=\"font-weight: 400\">Essa tecnologia est\u00e1 alinhada com as tend\u00eancias de mercado que buscam reduzir a depend\u00eancia de metais caros, como cobalto e n\u00edquel.<\/span><\/p>\n<h2><span style=\"font-weight: 400\">Impacto econ\u00f4mico e no consumidor<\/span><\/h2>\n<p><span style=\"font-weight: 400\">A ado\u00e7\u00e3o da nova Blade Battery 2.0 pode ser um divisor de \u00e1guas no competitivo mercado chin\u00eas de ve\u00edculos el\u00e9tricos, dominado por concorrentes como Li Auto, Xpeng e Xiaomi.\u00a0<\/span><\/p>\n<p><span style=\"font-weight: 400\">Ao oferecer tempos de recarga mais r\u00e1pidos, a BYD pretende n\u00e3o apenas atrair novos consumidores, mas tamb\u00e9m fortalecer a fidelidade dos clientes atuais. Esse movimento estrat\u00e9gico ocorre ap\u00f3s uma recente queda nas vendas da empresa.<\/span><\/p>\n<p><span style=\"font-weight: 400\">Os carregadores Flash Charging da BYD, que fornecem at\u00e9 1,5 megawatt de pot\u00eancia, s\u00e3o fundamentais neste novo cen\u00e1rio.\u00a0<\/span><span style=\"font-weight: 400\">Eles reduzem o tempo de recarga, tornando os ve\u00edculos el\u00e9tricos mais convenientes para uso di\u00e1rio e viagens longas.\u00a0<\/span><\/p>\n<h2><span style=\"font-weight: 400\">Desafios da carregamento ultrarr\u00e1pido<\/span><\/h2>\n<p><span style=\"font-weight: 400\">Embora as vantagens desta tecnologia sejam consider\u00e1veis, o uso frequente de carregamentos ultrarr\u00e1pidos pode desafiar a durabilidade das baterias.\u00a0<\/span><\/p>\n<p><span style=\"font-weight: 400\">Pesquisas indicam que esse tipo de carregamento imp\u00f5e mais estresse \u00e0s c\u00e9lulas, aumentando o risco de degrada\u00e7\u00e3o ao longo do tempo.<\/span><\/p>\n<p><span style=\"font-weight: 400\">Contudo, a BYD est\u00e1 investindo em tecnologia para mitigar esses impactos, ajustando seus sistemas de gest\u00e3o t\u00e9rmica e carga.<\/span><\/p>\n<p><span style=\"font-weight: 400\">Combinando custos competitivos com efici\u00eancia melhorada, a iniciativa promete redefinir o mercado de carros el\u00e9tricos.\u00a0<\/span><span style=\"font-weight: 400\">A empresa j\u00e1 iniciou a\u00e7\u00f5es concretas para ampliar sua rede de carregadores, o que poder\u00e1 aumentar a acessibilidade e a ado\u00e7\u00e3o de ve\u00edculos el\u00e9tricos globalmente.<\/span><\/p>\n","protected":false},"excerpt":{"rendered":"<p>A montadora chinesa BYD,\u00a0apresentou na \u00faltima quinta-feira (5) seu mais recente avan\u00e7o em tecnologia de baterias para carros el\u00e9tricos.\u00a0 Em um evento em Shenzhen, a empresa revelou a Blade Battery 2.0, que se destaca pela r\u00e1pida capacidade de recarga.\u00a0 Segundo a empresa, essa nova tecnologia permite carregar de 10% a 70% em apenas cinco minutos, [&hellip;]<\/p>\n","protected":false},"author":5,"featured_media":33516,"comment_status":"open","ping_status":"open","sticky":false,"template":"","format":"standard","meta":{"jnews-multi-image_gallery":[],"jnews_single_post":{"subtitle":"","format":"standard","jnews_video_option_group":[[]],"override":[{"template":"2","parallax":"1","fullscreen":"1","layout":"right-sidebar","sidebar":"default-sidebar","second_sidebar":"default-sidebar","sticky_sidebar":"1","share_position":"hide","share_float_style":"share-monocrhome","show_featured":"1","show_post_meta":"1","show_post_author":"1","show_post_date":"1","post_date_format":"default","post_date_format_custom":"Y\/m\/d","show_post_category":"1","show_post_reading_time":"0","post_reading_time_wpm":"300","post_calculate_word_method":"str_word_count","show_zoom_button":"0","zoom_button_out_step":"2","zoom_button_in_step":"3","show_post_tag":"1","show_popup_post":"1","number_popup_post":"1","show_author_box":"1","show_post_related":"0"}],"image_override":[{"single_post_thumbnail_size":"crop-500","single_post_gallery_size":"crop-500"}],"trending_post_position":"meta","trending_post_label":"Trending","sponsored_post_label":"Sponsored by","disable_ad":"0"},"jnews_primary_category":[],"jnews_override_counter":{"view_counter_number":"0","share_counter_number":"0","like_counter_number":"0","dislike_counter_number":"0"},"jnews_post_split":{"post_split":[{"template":"1","tag":"h2","numbering":"asc","mode":"normal","first":"0","enable_toc":"0","toc_type":"normal"}]},"footnotes":""},"categories":[1],"tags":[1053,1586,1907],"class_list":["post-33515","post","type-post","status-publish","format-standard","has-post-thumbnail","hentry","category-geral","tag-bateria","tag-byd","tag-carregamento"],"yoast_head":"<!-- This site is optimized with the Yoast SEO plugin v25.0 - https:\/\/yoast.com\/wordpress\/plugins\/seo\/ -->\n<title>Carros el\u00e9tricos poder\u00e3o ser totalmente carregados em menos de 10 minutos<\/title>\n<meta name=\"robots\" content=\"index, follow, max-snippet:-1, max-image-preview:large, max-video-preview:-1\" \/>\n<link rel=\"canonical\" href=\"https:\/\/crusoe.audiencelabs.com.br\/carros-eletricos-poderao-ser-totalmente-carregados-em-menos-de-10-minutos\/\" \/>\n<meta property=\"og:locale\" content=\"pt_BR\" \/>\n<meta property=\"og:type\" content=\"article\" \/>\n<meta property=\"og:title\" content=\"Carros el\u00e9tricos poder\u00e3o ser totalmente carregados em menos de 10 minutos\" \/>\n<meta property=\"og:description\" content=\"A montadora chinesa BYD,\u00a0apresentou na \u00faltima quinta-feira (5) seu mais recente avan\u00e7o em tecnologia de baterias para carros el\u00e9tricos.\u00a0 Em um evento em Shenzhen, a empresa revelou a Blade Battery 2.0, que se destaca pela r\u00e1pida capacidade de recarga.\u00a0 Segundo a empresa, essa nova tecnologia permite carregar de 10% a 70% em apenas cinco minutos, [&hellip;]\" \/>\n<meta property=\"og:url\" content=\"https:\/\/crusoe.audiencelabs.com.br\/carros-eletricos-poderao-ser-totalmente-carregados-em-menos-de-10-minutos\/\" \/>\n<meta property=\"og:site_name\" content=\"Variedades - Cruso\u00e9\" \/>\n<meta property=\"article:published_time\" content=\"2026-03-09T23:32:21+00:00\" \/>\n<meta property=\"og:image\" content=\"https:\/\/cdn.crusoe.com.br\/uploads\/2026\/03\/pexels-bank-3846205-scaled.jpg\" \/>\n\t<meta property=\"og:image:width\" content=\"2560\" \/>\n\t<meta property=\"og:image:height\" content=\"1707\" \/>\n\t<meta property=\"og:image:type\" content=\"image\/jpeg\" \/>\n<meta name=\"author\" content=\"Milena Armando\" \/>\n<meta name=\"twitter:card\" content=\"summary_large_image\" \/>\n<meta name=\"twitter:label1\" content=\"Escrito por\" \/>\n\t<meta name=\"twitter:data1\" content=\"Milena Armando\" \/>\n\t<meta name=\"twitter:label2\" content=\"Est. tempo de leitura\" \/>\n\t<meta name=\"twitter:data2\" content=\"3 minutos\" \/>\n<script type=\"application\/ld+json\" class=\"yoast-schema-graph\">{\"@context\":\"https:\/\/schema.org\",\"@graph\":[{\"@type\":\"WebPage\",\"@id\":\"https:\/\/crusoe.audiencelabs.com.br\/carros-eletricos-poderao-ser-totalmente-carregados-em-menos-de-10-minutos\/\",\"url\":\"https:\/\/crusoe.audiencelabs.com.br\/carros-eletricos-poderao-ser-totalmente-carregados-em-menos-de-10-minutos\/\",\"name\":\"Carros el\u00e9tricos poder\u00e3o ser totalmente carregados em menos de 10 minutos\",\"isPartOf\":{\"@id\":\"https:\/\/crusoe.audiencelabs.com.br\/#website\"},\"primaryImageOfPage\":{\"@id\":\"https:\/\/crusoe.audiencelabs.com.br\/carros-eletricos-poderao-ser-totalmente-carregados-em-menos-de-10-minutos\/#primaryimage\"},\"image\":{\"@id\":\"https:\/\/crusoe.audiencelabs.com.br\/carros-eletricos-poderao-ser-totalmente-carregados-em-menos-de-10-minutos\/#primaryimage\"},\"thumbnailUrl\":\"https:\/\/cdn.crusoe.com.br\/uploads\/2026\/03\/pexels-bank-3846205-scaled.jpg\",\"datePublished\":\"2026-03-09T23:32:21+00:00\",\"author\":{\"@id\":\"https:\/\/crusoe.audiencelabs.com.br\/#\/schema\/person\/f87f73cfe89e5360de2c006bd4bd6a74\"},\"breadcrumb\":{\"@id\":\"https:\/\/crusoe.audiencelabs.com.br\/carros-eletricos-poderao-ser-totalmente-carregados-em-menos-de-10-minutos\/#breadcrumb\"},\"inLanguage\":\"pt-BR\",\"potentialAction\":[{\"@type\":\"ReadAction\",\"target\":[\"https:\/\/crusoe.audiencelabs.com.br\/carros-eletricos-poderao-ser-totalmente-carregados-em-menos-de-10-minutos\/\"]}]},{\"@type\":\"ImageObject\",\"inLanguage\":\"pt-BR\",\"@id\":\"https:\/\/crusoe.audiencelabs.com.br\/carros-eletricos-poderao-ser-totalmente-carregados-em-menos-de-10-minutos\/#primaryimage\",\"url\":\"https:\/\/cdn.crusoe.com.br\/uploads\/2026\/03\/pexels-bank-3846205-scaled.jpg\",\"contentUrl\":\"https:\/\/cdn.crusoe.com.br\/uploads\/2026\/03\/pexels-bank-3846205-scaled.jpg\",\"width\":2560,\"height\":1707,\"caption\":\"Reprodu\u00e7\u00e3o: Pexels\/Rathaphon Nanthapreecha\"},{\"@type\":\"BreadcrumbList\",\"@id\":\"https:\/\/crusoe.audiencelabs.com.br\/carros-eletricos-poderao-ser-totalmente-carregados-em-menos-de-10-minutos\/#breadcrumb\",\"itemListElement\":[{\"@type\":\"ListItem\",\"position\":1,\"name\":\"Home\",\"item\":\"https:\/\/crusoe.audiencelabs.com.br\/\"},{\"@type\":\"ListItem\",\"position\":2,\"name\":\"Carros el\u00e9tricos poder\u00e3o ser totalmente carregados em menos de 10 minutos\"}]},{\"@type\":\"WebSite\",\"@id\":\"https:\/\/crusoe.audiencelabs.com.br\/#website\",\"url\":\"https:\/\/crusoe.audiencelabs.com.br\/\",\"name\":\"Variedades - Cruso\u00e9\",\"description\":\"\",\"potentialAction\":[{\"@type\":\"SearchAction\",\"target\":{\"@type\":\"EntryPoint\",\"urlTemplate\":\"https:\/\/crusoe.audiencelabs.com.br\/?s={search_term_string}\"},\"query-input\":{\"@type\":\"PropertyValueSpecification\",\"valueRequired\":true,\"valueName\":\"search_term_string\"}}],\"inLanguage\":\"pt-BR\"},{\"@type\":\"Person\",\"@id\":\"https:\/\/crusoe.audiencelabs.com.br\/#\/schema\/person\/f87f73cfe89e5360de2c006bd4bd6a74\",\"name\":\"Milena Armando\",\"image\":{\"@type\":\"ImageObject\",\"inLanguage\":\"pt-BR\",\"@id\":\"https:\/\/crusoe.audiencelabs.com.br\/#\/schema\/person\/image\/\",\"url\":\"https:\/\/secure.gravatar.com\/avatar\/ea14ecddc9e9d202b698b18f9f69e09c9fd74cfbed5c6008d55f11faefdbdab7?s=96&d=mm&r=g\",\"contentUrl\":\"https:\/\/secure.gravatar.com\/avatar\/ea14ecddc9e9d202b698b18f9f69e09c9fd74cfbed5c6008d55f11faefdbdab7?s=96&d=mm&r=g\",\"caption\":\"Milena Armando\"},\"description\":\"Jornalista, redatora e revisora.\",\"url\":\"https:\/\/crusoe.audiencelabs.com.br\/author\/milena\/\"}]}<\/script>\n<!-- \/ Yoast SEO plugin. -->","yoast_head_json":{"title":"Carros el\u00e9tricos poder\u00e3o ser totalmente carregados em menos de 10 minutos","robots":{"index":"index","follow":"follow","max-snippet":"max-snippet:-1","max-image-preview":"max-image-preview:large","max-video-preview":"max-video-preview:-1"},"canonical":"https:\/\/crusoe.audiencelabs.com.br\/carros-eletricos-poderao-ser-totalmente-carregados-em-menos-de-10-minutos\/","og_locale":"pt_BR","og_type":"article","og_title":"Carros el\u00e9tricos poder\u00e3o ser totalmente carregados em menos de 10 minutos","og_description":"A montadora chinesa BYD,\u00a0apresentou na \u00faltima quinta-feira (5) seu mais recente avan\u00e7o em tecnologia de baterias para carros el\u00e9tricos.\u00a0 Em um evento em Shenzhen, a empresa revelou a Blade Battery 2.0, que se destaca pela r\u00e1pida capacidade de recarga.\u00a0 Segundo a empresa, essa nova tecnologia permite carregar de 10% a 70% em apenas cinco minutos, [&hellip;]","og_url":"https:\/\/crusoe.audiencelabs.com.br\/carros-eletricos-poderao-ser-totalmente-carregados-em-menos-de-10-minutos\/","og_site_name":"Variedades - Cruso\u00e9","article_published_time":"2026-03-09T23:32:21+00:00","og_image":[{"width":2560,"height":1707,"url":"https:\/\/cdn.crusoe.com.br\/uploads\/2026\/03\/pexels-bank-3846205-scaled.jpg","type":"image\/jpeg"}],"author":"Milena Armando","twitter_card":"summary_large_image","twitter_misc":{"Escrito por":"Milena Armando","Est. tempo de leitura":"3 minutos"},"schema":{"@context":"https:\/\/schema.org","@graph":[{"@type":"WebPage","@id":"https:\/\/crusoe.audiencelabs.com.br\/carros-eletricos-poderao-ser-totalmente-carregados-em-menos-de-10-minutos\/","url":"https:\/\/crusoe.audiencelabs.com.br\/carros-eletricos-poderao-ser-totalmente-carregados-em-menos-de-10-minutos\/","name":"Carros el\u00e9tricos poder\u00e3o ser totalmente carregados em menos de 10 minutos","isPartOf":{"@id":"https:\/\/crusoe.audiencelabs.com.br\/#website"},"primaryImageOfPage":{"@id":"https:\/\/crusoe.audiencelabs.com.br\/carros-eletricos-poderao-ser-totalmente-carregados-em-menos-de-10-minutos\/#primaryimage"},"image":{"@id":"https:\/\/crusoe.audiencelabs.com.br\/carros-eletricos-poderao-ser-totalmente-carregados-em-menos-de-10-minutos\/#primaryimage"},"thumbnailUrl":"https:\/\/cdn.crusoe.com.br\/uploads\/2026\/03\/pexels-bank-3846205-scaled.jpg","datePublished":"2026-03-09T23:32:21+00:00","author":{"@id":"https:\/\/crusoe.audiencelabs.com.br\/#\/schema\/person\/f87f73cfe89e5360de2c006bd4bd6a74"},"breadcrumb":{"@id":"https:\/\/crusoe.audiencelabs.com.br\/carros-eletricos-poderao-ser-totalmente-carregados-em-menos-de-10-minutos\/#breadcrumb"},"inLanguage":"pt-BR","potentialAction":[{"@type":"ReadAction","target":["https:\/\/crusoe.audiencelabs.com.br\/carros-eletricos-poderao-ser-totalmente-carregados-em-menos-de-10-minutos\/"]}]},{"@type":"ImageObject","inLanguage":"pt-BR","@id":"https:\/\/crusoe.audiencelabs.com.br\/carros-eletricos-poderao-ser-totalmente-carregados-em-menos-de-10-minutos\/#primaryimage","url":"https:\/\/cdn.crusoe.com.br\/uploads\/2026\/03\/pexels-bank-3846205-scaled.jpg","contentUrl":"https:\/\/cdn.crusoe.com.br\/uploads\/2026\/03\/pexels-bank-3846205-scaled.jpg","width":2560,"height":1707,"caption":"Reprodu\u00e7\u00e3o: Pexels\/Rathaphon Nanthapreecha"},{"@type":"BreadcrumbList","@id":"https:\/\/crusoe.audiencelabs.com.br\/carros-eletricos-poderao-ser-totalmente-carregados-em-menos-de-10-minutos\/#breadcrumb","itemListElement":[{"@type":"ListItem","position":1,"name":"Home","item":"https:\/\/crusoe.audiencelabs.com.br\/"},{"@type":"ListItem","position":2,"name":"Carros el\u00e9tricos poder\u00e3o ser totalmente carregados em menos de 10 minutos"}]},{"@type":"WebSite","@id":"https:\/\/crusoe.audiencelabs.com.br\/#website","url":"https:\/\/crusoe.audiencelabs.com.br\/","name":"Variedades - Cruso\u00e9","description":"","potentialAction":[{"@type":"SearchAction","target":{"@type":"EntryPoint","urlTemplate":"https:\/\/crusoe.audiencelabs.com.br\/?s={search_term_string}"},"query-input":{"@type":"PropertyValueSpecification","valueRequired":true,"valueName":"search_term_string"}}],"inLanguage":"pt-BR"},{"@type":"Person","@id":"https:\/\/crusoe.audiencelabs.com.br\/#\/schema\/person\/f87f73cfe89e5360de2c006bd4bd6a74","name":"Milena Armando","image":{"@type":"ImageObject","inLanguage":"pt-BR","@id":"https:\/\/crusoe.audiencelabs.com.br\/#\/schema\/person\/image\/","url":"https:\/\/secure.gravatar.com\/avatar\/ea14ecddc9e9d202b698b18f9f69e09c9fd74cfbed5c6008d55f11faefdbdab7?s=96&d=mm&r=g","contentUrl":"https:\/\/secure.gravatar.com\/avatar\/ea14ecddc9e9d202b698b18f9f69e09c9fd74cfbed5c6008d55f11faefdbdab7?s=96&d=mm&r=g","caption":"Milena Armando"},"description":"Jornalista, redatora e revisora.","url":"https:\/\/crusoe.audiencelabs.com.br\/author\/milena\/"}]}},"_links":{"self":[{"href":"https:\/\/crusoe.audiencelabs.com.br\/wp-json\/wp\/v2\/posts\/33515","targetHints":{"allow":["GET"]}}],"collection":[{"href":"https:\/\/crusoe.audiencelabs.com.br\/wp-json\/wp\/v2\/posts"}],"about":[{"href":"https:\/\/crusoe.audiencelabs.com.br\/wp-json\/wp\/v2\/types\/post"}],"author":[{"embeddable":true,"href":"https:\/\/crusoe.audiencelabs.com.br\/wp-json\/wp\/v2\/users\/5"}],"replies":[{"embeddable":true,"href":"https:\/\/crusoe.audiencelabs.com.br\/wp-json\/wp\/v2\/comments?post=33515"}],"version-history":[{"count":2,"href":"https:\/\/crusoe.audiencelabs.com.br\/wp-json\/wp\/v2\/posts\/33515\/revisions"}],"predecessor-version":[{"id":33561,"href":"https:\/\/crusoe.audiencelabs.com.br\/wp-json\/wp\/v2\/posts\/33515\/revisions\/33561"}],"wp:featuredmedia":[{"embeddable":true,"href":"https:\/\/crusoe.audiencelabs.com.br\/wp-json\/wp\/v2\/media\/33516"}],"wp:attachment":[{"href":"https:\/\/crusoe.audiencelabs.com.br\/wp-json\/wp\/v2\/media?parent=33515"}],"wp:term":[{"taxonomy":"category","embeddable":true,"href":"https:\/\/crusoe.audiencelabs.com.br\/wp-json\/wp\/v2\/categories?post=33515"},{"taxonomy":"post_tag","embeddable":true,"href":"https:\/\/crusoe.audiencelabs.com.br\/wp-json\/wp\/v2\/tags?post=33515"}],"curies":[{"name":"wp","href":"https:\/\/api.w.org\/{rel}","templated":true}]}}