{"id":33506,"date":"2026-03-09T18:09:54","date_gmt":"2026-03-09T21:09:54","guid":{"rendered":"https:\/\/crusoe.audiencelabs.com.br\/?p=33506"},"modified":"2026-03-09T06:57:39","modified_gmt":"2026-03-09T09:57:39","slug":"doenca-que-preocupa-medicos-ja-tem-136-casos-registrados-no-brasil","status":"publish","type":"post","link":"https:\/\/crusoe.audiencelabs.com.br\/doenca-que-preocupa-medicos-ja-tem-136-casos-registrados-no-brasil\/","title":{"rendered":"Doen\u00e7a que preocupa m\u00e9dicos j\u00e1 tem 136 casos registrados no Brasil"},"content":{"rendered":"<p><span style=\"font-weight: 400\">A <strong>mpox<\/strong> continua a causar preocupa\u00e7\u00e3o no Brasil, com <strong>136 novos casos registrados<\/strong>, incluindo a entrada da doen\u00e7a em cinco estados, segundo o <a href=\"https:\/\/www.gov.br\/saude\/pt-br\/assuntos\/saude-de-a-a-z\/m\/mpox\">Minist\u00e9rio da Sa\u00fade<\/a>.\u00a0<\/span><\/p>\n<p><span style=\"font-weight: 400\">Este aumento, embora not\u00e1vel, ainda n\u00e3o atinge os quase<strong> 400 casos notificados no mesmo per\u00edodo de 2025<\/strong>, mas refor\u00e7a a necessidade de vigil\u00e2ncia.<\/span><\/p>\n<p><strong>S\u00e3o Paulo lidera as notifica\u00e7\u00f5es, com 86 casos. Al\u00e9m disso, o Rio de Janeiro registrou 19 casos, Rond\u00f4nia 10 e Minas Gerais 7.\u00a0<\/strong><\/p>\n<p><span style=\"font-weight: 400\">Recentemente, <strong>Rio Grande do Norte, Cear\u00e1, Goi\u00e1s, Par\u00e1 e Sergipe<\/strong> relataram seus primeiros casos de <a href=\"https:\/\/crusoe.audiencelabs.com.br\/casos-de-mpox-podem-criar-nova-quarentena-no-brasil-o-que-os-medicos-dizem\/\">mpox<\/a> no ano.<\/span><\/p>\n<h2><span style=\"font-weight: 400\">Inqu\u00e9rito epidemiol\u00f3gico<\/span><\/h2>\n<p><span style=\"font-weight: 400\">A r\u00e1pida ascens\u00e3o dos casos de mpox aumentou o alerta entre as autoridades de sa\u00fade. Oito desses casos necessitaram de hospitaliza\u00e7\u00e3o, enquanto <strong>570 notifica\u00e7\u00f5es suspeitas ainda est\u00e3o sob an\u00e1lise.<\/strong>\u00a0<\/span><\/p>\n<p><span style=\"font-weight: 400\">A mpox tem se apresentado predominantemente em homens brancos, com idade m\u00e9dia de 33 anos. Alguns dos infectados tamb\u00e9m mostraram coinfec\u00e7\u00f5es com o v\u00edrus HIV ou outras Infec\u00e7\u00f5es Sexualmente Transmiss\u00edveis (ISTs).<\/span><\/p>\n<h2><span style=\"font-weight: 400\">Sintomas e transmiss\u00e3o da Mpox<\/span><\/h2>\n<p><span style=\"font-weight: 400\">Sintomas iniciais da mpox incluem <strong>febre, dores musculares, fadiga e g\u00e2nglios linf\u00e1ticos inchados<\/strong>.\u00a0 <\/span><span style=\"font-weight: 400\">Caracteristicamente, a doen\u00e7a causa <strong>erup\u00e7\u00f5es na pele<\/strong>, come\u00e7ando geralmente<strong> pelo rosto e se espalhando pelo corpo<\/strong>, <strong>podendo aparecer na regi\u00e3o genital nos casos associados \u00e0 transmiss\u00e3o sexual<\/strong>.<\/span><\/p>\n<p><strong>A mpox \u00e9 transmitida principalmente pelo contato direto com pessoas infectadas, atrav\u00e9s de les\u00f5es na pele ou fluidos corporais. Tamb\u00e9m pode ocorrer transmiss\u00e3o por contato com animais infectados.<\/strong><\/p>\n<h2><span style=\"font-weight: 400\">Medidas de preven\u00e7\u00e3o e vacina\u00e7\u00e3o<\/span><\/h2>\n<p><span style=\"font-weight: 400\">Para prevenir a mpox, medidas simples de higiene s\u00e3o fundamentais, como a <strong>lavagem frequente das m\u00e3os e evitar contato pr\u00f3ximo com aqueles que apresentam sintomas.\u00a0<\/strong><\/span><\/p>\n<p><span style=\"font-weight: 400\">A vacina\u00e7\u00e3o est\u00e1 dispon\u00edvel no Brasil para grupos de risco, incluindo pessoas com HIV e trabalhadores de laborat\u00f3rio que manipulam o v\u00edrus.\u00a0<\/span><span style=\"font-weight: 400\">A vacina\u00e7\u00e3o p\u00f3s-exposi\u00e7\u00e3o \u00e9 aplicada a quem teve contato direto com fluidos de pacientes infectados.<\/span><\/p>\n<p><span style=\"font-weight: 400\">Embora o n\u00famero de casos esteja crescendo, a situa\u00e7\u00e3o atual \u00e9 menos grave do que em 2025. Autoridades de sa\u00fade permanecem vigilantes e prontas para ajustar estrat\u00e9gias conforme necess\u00e1rio.<\/span><\/p>\n","protected":false},"excerpt":{"rendered":"<p>A mpox continua a causar preocupa\u00e7\u00e3o no Brasil, com 136 novos casos registrados, incluindo a entrada da doen\u00e7a em cinco estados, segundo o Minist\u00e9rio da Sa\u00fade.\u00a0 Este aumento, embora not\u00e1vel, ainda n\u00e3o atinge os quase 400 casos notificados no mesmo per\u00edodo de 2025, mas refor\u00e7a a necessidade de vigil\u00e2ncia. S\u00e3o Paulo lidera as notifica\u00e7\u00f5es, com [&hellip;]<\/p>\n","protected":false},"author":5,"featured_media":33507,"comment_status":"open","ping_status":"open","sticky":false,"template":"","format":"standard","meta":{"jnews-multi-image_gallery":[],"jnews_single_post":{"subtitle":"","format":"standard","jnews_video_option_group":[[]],"override":[{"template":"2","parallax":"1","fullscreen":"1","layout":"right-sidebar","sidebar":"default-sidebar","second_sidebar":"default-sidebar","sticky_sidebar":"1","share_position":"hide","share_float_style":"share-monocrhome","show_featured":"1","show_post_meta":"1","show_post_author":"1","show_post_date":"1","post_date_format":"default","post_date_format_custom":"Y\/m\/d","show_post_category":"1","show_post_reading_time":"0","post_reading_time_wpm":"300","post_calculate_word_method":"str_word_count","show_zoom_button":"0","zoom_button_out_step":"2","zoom_button_in_step":"3","show_post_tag":"1","show_popup_post":"1","number_popup_post":"1","show_author_box":"1","show_post_related":"0"}],"image_override":[{"single_post_thumbnail_size":"crop-500","single_post_gallery_size":"crop-500"}],"trending_post_position":"meta","trending_post_label":"Trending","sponsored_post_label":"Sponsored by","disable_ad":"0"},"jnews_primary_category":[],"jnews_override_counter":{"view_counter_number":"0","share_counter_number":"0","like_counter_number":"0","dislike_counter_number":"0"},"jnews_post_split":{"post_split":[{"template":"1","tag":"h2","numbering":"asc","mode":"normal","first":"0","enable_toc":"0","toc_type":"normal"}]},"footnotes":""},"categories":[1],"tags":[47,5789,5640],"class_list":["post-33506","post","type-post","status-publish","format-standard","has-post-thumbnail","hentry","category-geral","tag-brasil","tag-casos","tag-mpox"],"yoast_head":"<!-- This site is optimized with the Yoast SEO plugin v25.0 - https:\/\/yoast.com\/wordpress\/plugins\/seo\/ -->\n<title>Doen\u00e7a que preocupa m\u00e9dicos j\u00e1 tem 136 casos registrados no Brasil<\/title>\n<meta name=\"robots\" content=\"index, follow, max-snippet:-1, max-image-preview:large, max-video-preview:-1\" \/>\n<link rel=\"canonical\" href=\"https:\/\/crusoe.audiencelabs.com.br\/doenca-que-preocupa-medicos-ja-tem-136-casos-registrados-no-brasil\/\" \/>\n<meta property=\"og:locale\" content=\"pt_BR\" \/>\n<meta property=\"og:type\" content=\"article\" \/>\n<meta property=\"og:title\" content=\"Doen\u00e7a que preocupa m\u00e9dicos j\u00e1 tem 136 casos registrados no Brasil\" \/>\n<meta property=\"og:description\" content=\"A mpox continua a causar preocupa\u00e7\u00e3o no Brasil, com 136 novos casos registrados, incluindo a entrada da doen\u00e7a em cinco estados, segundo o Minist\u00e9rio da Sa\u00fade.\u00a0 Este aumento, embora not\u00e1vel, ainda n\u00e3o atinge os quase 400 casos notificados no mesmo per\u00edodo de 2025, mas refor\u00e7a a necessidade de vigil\u00e2ncia. S\u00e3o Paulo lidera as notifica\u00e7\u00f5es, com [&hellip;]\" \/>\n<meta property=\"og:url\" content=\"https:\/\/crusoe.audiencelabs.com.br\/doenca-que-preocupa-medicos-ja-tem-136-casos-registrados-no-brasil\/\" \/>\n<meta property=\"og:site_name\" content=\"Variedades - Cruso\u00e9\" \/>\n<meta property=\"article:published_time\" content=\"2026-03-09T21:09:54+00:00\" \/>\n<meta property=\"og:image\" content=\"https:\/\/cdn.crusoe.com.br\/uploads\/2026\/03\/pexels-daniel-dan-47825192-7542650-scaled.jpg\" \/>\n\t<meta property=\"og:image:width\" content=\"2560\" \/>\n\t<meta property=\"og:image:height\" content=\"1707\" \/>\n\t<meta property=\"og:image:type\" content=\"image\/jpeg\" \/>\n<meta name=\"author\" content=\"Milena Armando\" \/>\n<meta name=\"twitter:card\" content=\"summary_large_image\" \/>\n<meta name=\"twitter:label1\" content=\"Escrito por\" \/>\n\t<meta name=\"twitter:data1\" content=\"Milena Armando\" \/>\n\t<meta name=\"twitter:label2\" content=\"Est. tempo de leitura\" \/>\n\t<meta name=\"twitter:data2\" content=\"2 minutos\" \/>\n<script type=\"application\/ld+json\" class=\"yoast-schema-graph\">{\"@context\":\"https:\/\/schema.org\",\"@graph\":[{\"@type\":\"WebPage\",\"@id\":\"https:\/\/crusoe.audiencelabs.com.br\/doenca-que-preocupa-medicos-ja-tem-136-casos-registrados-no-brasil\/\",\"url\":\"https:\/\/crusoe.audiencelabs.com.br\/doenca-que-preocupa-medicos-ja-tem-136-casos-registrados-no-brasil\/\",\"name\":\"Doen\u00e7a que preocupa m\u00e9dicos j\u00e1 tem 136 casos registrados no Brasil\",\"isPartOf\":{\"@id\":\"https:\/\/crusoe.audiencelabs.com.br\/#website\"},\"primaryImageOfPage\":{\"@id\":\"https:\/\/crusoe.audiencelabs.com.br\/doenca-que-preocupa-medicos-ja-tem-136-casos-registrados-no-brasil\/#primaryimage\"},\"image\":{\"@id\":\"https:\/\/crusoe.audiencelabs.com.br\/doenca-que-preocupa-medicos-ja-tem-136-casos-registrados-no-brasil\/#primaryimage\"},\"thumbnailUrl\":\"https:\/\/cdn.crusoe.com.br\/uploads\/2026\/03\/pexels-daniel-dan-47825192-7542650-scaled.jpg\",\"datePublished\":\"2026-03-09T21:09:54+00:00\",\"author\":{\"@id\":\"https:\/\/crusoe.audiencelabs.com.br\/#\/schema\/person\/f87f73cfe89e5360de2c006bd4bd6a74\"},\"breadcrumb\":{\"@id\":\"https:\/\/crusoe.audiencelabs.com.br\/doenca-que-preocupa-medicos-ja-tem-136-casos-registrados-no-brasil\/#breadcrumb\"},\"inLanguage\":\"pt-BR\",\"potentialAction\":[{\"@type\":\"ReadAction\",\"target\":[\"https:\/\/crusoe.audiencelabs.com.br\/doenca-que-preocupa-medicos-ja-tem-136-casos-registrados-no-brasil\/\"]}]},{\"@type\":\"ImageObject\",\"inLanguage\":\"pt-BR\",\"@id\":\"https:\/\/crusoe.audiencelabs.com.br\/doenca-que-preocupa-medicos-ja-tem-136-casos-registrados-no-brasil\/#primaryimage\",\"url\":\"https:\/\/cdn.crusoe.com.br\/uploads\/2026\/03\/pexels-daniel-dan-47825192-7542650-scaled.jpg\",\"contentUrl\":\"https:\/\/cdn.crusoe.com.br\/uploads\/2026\/03\/pexels-daniel-dan-47825192-7542650-scaled.jpg\",\"width\":2560,\"height\":1707,\"caption\":\"Reprodu\u00e7\u00e3o: Pexels\/Daniel Dan\"},{\"@type\":\"BreadcrumbList\",\"@id\":\"https:\/\/crusoe.audiencelabs.com.br\/doenca-que-preocupa-medicos-ja-tem-136-casos-registrados-no-brasil\/#breadcrumb\",\"itemListElement\":[{\"@type\":\"ListItem\",\"position\":1,\"name\":\"Home\",\"item\":\"https:\/\/crusoe.audiencelabs.com.br\/\"},{\"@type\":\"ListItem\",\"position\":2,\"name\":\"Doen\u00e7a que preocupa m\u00e9dicos j\u00e1 tem 136 casos registrados no Brasil\"}]},{\"@type\":\"WebSite\",\"@id\":\"https:\/\/crusoe.audiencelabs.com.br\/#website\",\"url\":\"https:\/\/crusoe.audiencelabs.com.br\/\",\"name\":\"Variedades - Cruso\u00e9\",\"description\":\"\",\"potentialAction\":[{\"@type\":\"SearchAction\",\"target\":{\"@type\":\"EntryPoint\",\"urlTemplate\":\"https:\/\/crusoe.audiencelabs.com.br\/?s={search_term_string}\"},\"query-input\":{\"@type\":\"PropertyValueSpecification\",\"valueRequired\":true,\"valueName\":\"search_term_string\"}}],\"inLanguage\":\"pt-BR\"},{\"@type\":\"Person\",\"@id\":\"https:\/\/crusoe.audiencelabs.com.br\/#\/schema\/person\/f87f73cfe89e5360de2c006bd4bd6a74\",\"name\":\"Milena Armando\",\"image\":{\"@type\":\"ImageObject\",\"inLanguage\":\"pt-BR\",\"@id\":\"https:\/\/crusoe.audiencelabs.com.br\/#\/schema\/person\/image\/\",\"url\":\"https:\/\/secure.gravatar.com\/avatar\/ea14ecddc9e9d202b698b18f9f69e09c9fd74cfbed5c6008d55f11faefdbdab7?s=96&d=mm&r=g\",\"contentUrl\":\"https:\/\/secure.gravatar.com\/avatar\/ea14ecddc9e9d202b698b18f9f69e09c9fd74cfbed5c6008d55f11faefdbdab7?s=96&d=mm&r=g\",\"caption\":\"Milena Armando\"},\"description\":\"Jornalista, redatora e revisora.\",\"url\":\"https:\/\/crusoe.audiencelabs.com.br\/author\/milena\/\"}]}<\/script>\n<!-- \/ Yoast SEO plugin. -->","yoast_head_json":{"title":"Doen\u00e7a que preocupa m\u00e9dicos j\u00e1 tem 136 casos registrados no Brasil","robots":{"index":"index","follow":"follow","max-snippet":"max-snippet:-1","max-image-preview":"max-image-preview:large","max-video-preview":"max-video-preview:-1"},"canonical":"https:\/\/crusoe.audiencelabs.com.br\/doenca-que-preocupa-medicos-ja-tem-136-casos-registrados-no-brasil\/","og_locale":"pt_BR","og_type":"article","og_title":"Doen\u00e7a que preocupa m\u00e9dicos j\u00e1 tem 136 casos registrados no Brasil","og_description":"A mpox continua a causar preocupa\u00e7\u00e3o no Brasil, com 136 novos casos registrados, incluindo a entrada da doen\u00e7a em cinco estados, segundo o Minist\u00e9rio da Sa\u00fade.\u00a0 Este aumento, embora not\u00e1vel, ainda n\u00e3o atinge os quase 400 casos notificados no mesmo per\u00edodo de 2025, mas refor\u00e7a a necessidade de vigil\u00e2ncia. S\u00e3o Paulo lidera as notifica\u00e7\u00f5es, com [&hellip;]","og_url":"https:\/\/crusoe.audiencelabs.com.br\/doenca-que-preocupa-medicos-ja-tem-136-casos-registrados-no-brasil\/","og_site_name":"Variedades - Cruso\u00e9","article_published_time":"2026-03-09T21:09:54+00:00","og_image":[{"width":2560,"height":1707,"url":"https:\/\/cdn.crusoe.com.br\/uploads\/2026\/03\/pexels-daniel-dan-47825192-7542650-scaled.jpg","type":"image\/jpeg"}],"author":"Milena Armando","twitter_card":"summary_large_image","twitter_misc":{"Escrito por":"Milena Armando","Est. tempo de leitura":"2 minutos"},"schema":{"@context":"https:\/\/schema.org","@graph":[{"@type":"WebPage","@id":"https:\/\/crusoe.audiencelabs.com.br\/doenca-que-preocupa-medicos-ja-tem-136-casos-registrados-no-brasil\/","url":"https:\/\/crusoe.audiencelabs.com.br\/doenca-que-preocupa-medicos-ja-tem-136-casos-registrados-no-brasil\/","name":"Doen\u00e7a que preocupa m\u00e9dicos j\u00e1 tem 136 casos registrados no Brasil","isPartOf":{"@id":"https:\/\/crusoe.audiencelabs.com.br\/#website"},"primaryImageOfPage":{"@id":"https:\/\/crusoe.audiencelabs.com.br\/doenca-que-preocupa-medicos-ja-tem-136-casos-registrados-no-brasil\/#primaryimage"},"image":{"@id":"https:\/\/crusoe.audiencelabs.com.br\/doenca-que-preocupa-medicos-ja-tem-136-casos-registrados-no-brasil\/#primaryimage"},"thumbnailUrl":"https:\/\/cdn.crusoe.com.br\/uploads\/2026\/03\/pexels-daniel-dan-47825192-7542650-scaled.jpg","datePublished":"2026-03-09T21:09:54+00:00","author":{"@id":"https:\/\/crusoe.audiencelabs.com.br\/#\/schema\/person\/f87f73cfe89e5360de2c006bd4bd6a74"},"breadcrumb":{"@id":"https:\/\/crusoe.audiencelabs.com.br\/doenca-que-preocupa-medicos-ja-tem-136-casos-registrados-no-brasil\/#breadcrumb"},"inLanguage":"pt-BR","potentialAction":[{"@type":"ReadAction","target":["https:\/\/crusoe.audiencelabs.com.br\/doenca-que-preocupa-medicos-ja-tem-136-casos-registrados-no-brasil\/"]}]},{"@type":"ImageObject","inLanguage":"pt-BR","@id":"https:\/\/crusoe.audiencelabs.com.br\/doenca-que-preocupa-medicos-ja-tem-136-casos-registrados-no-brasil\/#primaryimage","url":"https:\/\/cdn.crusoe.com.br\/uploads\/2026\/03\/pexels-daniel-dan-47825192-7542650-scaled.jpg","contentUrl":"https:\/\/cdn.crusoe.com.br\/uploads\/2026\/03\/pexels-daniel-dan-47825192-7542650-scaled.jpg","width":2560,"height":1707,"caption":"Reprodu\u00e7\u00e3o: Pexels\/Daniel Dan"},{"@type":"BreadcrumbList","@id":"https:\/\/crusoe.audiencelabs.com.br\/doenca-que-preocupa-medicos-ja-tem-136-casos-registrados-no-brasil\/#breadcrumb","itemListElement":[{"@type":"ListItem","position":1,"name":"Home","item":"https:\/\/crusoe.audiencelabs.com.br\/"},{"@type":"ListItem","position":2,"name":"Doen\u00e7a que preocupa m\u00e9dicos j\u00e1 tem 136 casos registrados no Brasil"}]},{"@type":"WebSite","@id":"https:\/\/crusoe.audiencelabs.com.br\/#website","url":"https:\/\/crusoe.audiencelabs.com.br\/","name":"Variedades - Cruso\u00e9","description":"","potentialAction":[{"@type":"SearchAction","target":{"@type":"EntryPoint","urlTemplate":"https:\/\/crusoe.audiencelabs.com.br\/?s={search_term_string}"},"query-input":{"@type":"PropertyValueSpecification","valueRequired":true,"valueName":"search_term_string"}}],"inLanguage":"pt-BR"},{"@type":"Person","@id":"https:\/\/crusoe.audiencelabs.com.br\/#\/schema\/person\/f87f73cfe89e5360de2c006bd4bd6a74","name":"Milena Armando","image":{"@type":"ImageObject","inLanguage":"pt-BR","@id":"https:\/\/crusoe.audiencelabs.com.br\/#\/schema\/person\/image\/","url":"https:\/\/secure.gravatar.com\/avatar\/ea14ecddc9e9d202b698b18f9f69e09c9fd74cfbed5c6008d55f11faefdbdab7?s=96&d=mm&r=g","contentUrl":"https:\/\/secure.gravatar.com\/avatar\/ea14ecddc9e9d202b698b18f9f69e09c9fd74cfbed5c6008d55f11faefdbdab7?s=96&d=mm&r=g","caption":"Milena Armando"},"description":"Jornalista, redatora e revisora.","url":"https:\/\/crusoe.audiencelabs.com.br\/author\/milena\/"}]}},"_links":{"self":[{"href":"https:\/\/crusoe.audiencelabs.com.br\/wp-json\/wp\/v2\/posts\/33506","targetHints":{"allow":["GET"]}}],"collection":[{"href":"https:\/\/crusoe.audiencelabs.com.br\/wp-json\/wp\/v2\/posts"}],"about":[{"href":"https:\/\/crusoe.audiencelabs.com.br\/wp-json\/wp\/v2\/types\/post"}],"author":[{"embeddable":true,"href":"https:\/\/crusoe.audiencelabs.com.br\/wp-json\/wp\/v2\/users\/5"}],"replies":[{"embeddable":true,"href":"https:\/\/crusoe.audiencelabs.com.br\/wp-json\/wp\/v2\/comments?post=33506"}],"version-history":[{"count":3,"href":"https:\/\/crusoe.audiencelabs.com.br\/wp-json\/wp\/v2\/posts\/33506\/revisions"}],"predecessor-version":[{"id":33554,"href":"https:\/\/crusoe.audiencelabs.com.br\/wp-json\/wp\/v2\/posts\/33506\/revisions\/33554"}],"wp:featuredmedia":[{"embeddable":true,"href":"https:\/\/crusoe.audiencelabs.com.br\/wp-json\/wp\/v2\/media\/33507"}],"wp:attachment":[{"href":"https:\/\/crusoe.audiencelabs.com.br\/wp-json\/wp\/v2\/media?parent=33506"}],"wp:term":[{"taxonomy":"category","embeddable":true,"href":"https:\/\/crusoe.audiencelabs.com.br\/wp-json\/wp\/v2\/categories?post=33506"},{"taxonomy":"post_tag","embeddable":true,"href":"https:\/\/crusoe.audiencelabs.com.br\/wp-json\/wp\/v2\/tags?post=33506"}],"curies":[{"name":"wp","href":"https:\/\/api.w.org\/{rel}","templated":true}]}}