{"id":33503,"date":"2026-03-09T17:05:22","date_gmt":"2026-03-09T20:05:22","guid":{"rendered":"https:\/\/crusoe.audiencelabs.com.br\/?p=33503"},"modified":"2026-03-09T06:50:54","modified_gmt":"2026-03-09T09:50:54","slug":"se-voce-enxerga-esses-pontos-voce-pode-ter-problema-de-visao-dizem-especialistas","status":"publish","type":"post","link":"https:\/\/crusoe.audiencelabs.com.br\/se-voce-enxerga-esses-pontos-voce-pode-ter-problema-de-visao-dizem-especialistas\/","title":{"rendered":"Se voc\u00ea enxerga esses pontos, voc\u00ea pode ter problema de vis\u00e3o, dizem especialistas"},"content":{"rendered":"<p><span style=\"font-weight: 400\"><strong>Moscas volantes<\/strong>, aquelas <strong>pequenas sombras ou manchas que parecem flutuar no campo de vis\u00e3o,<\/strong> s\u00e3o mais frequentes entre pessoas com mais de 45 anos, mas podem surgir em qualquer idade.\u00a0<\/span><\/p>\n<p><span style=\"font-weight: 400\">Elas s\u00e3o causadas por <strong>mudan\u00e7as no humor v\u00edtreo<\/strong>, subst\u00e2ncia gelatinosa dentro do olho, e sua s\u00fabita apari\u00e7\u00e3o ou aumento pode exigir aten\u00e7\u00e3o m\u00e9dica.<\/span><\/p>\n<h2><span style=\"font-weight: 400\">Entendendo as moscas volantes<\/span><\/h2>\n<p><span style=\"font-weight: 400\">Essas manchas ocorrem devido ao<strong> envelhecimento natural do v\u00edtreo<\/strong>, que provoca o aglomeramento das fibras de col\u00e1geno, formando sombras que se projetam na retina.\u00a0<\/span><\/p>\n<p><span style=\"font-weight: 400\">Elas s\u00e3o percebidas como manchas ou linhas que se movem com o campo de vis\u00e3o. Em ambientes claros, sua visibilidade pode aumentar.\u00a0<\/span><\/p>\n<p><span style=\"font-weight: 400\">Embora sejam geralmente inofensivas, \u00e9 importante estar atento a sintomas associados que possam indicar problemas mais s\u00e9rios, como o <strong>descolamento de retina<\/strong>.<\/span><\/p>\n<h2><span style=\"font-weight: 400\">Sinais de alerta: quando procurar ajuda m\u00e9dica<\/span><\/h2>\n<p><span style=\"font-weight: 400\">Na maioria dos casos, as moscas volantes s\u00e3o benignas e o c\u00e9rebro tende a se adaptar a elas.\u00a0<\/span><span style=\"font-weight: 400\">Contudo, mudan\u00e7as s\u00fabitas, como o aparecimento de muitas moscas, <strong>flashes de luz ou sensa\u00e7\u00e3o de sombra cobrindo parte do campo visual<\/strong>, s\u00e3o sinais para procurar um oftalmologista.\u00a0<\/span><\/p>\n<p><span style=\"font-weight: 400\">Esses sintomas podem indicar descolamento de retina, uma condi\u00e7\u00e3o que requer tratamento para prevenir perda permanente de vis\u00e3o.<\/span><\/p>\n<h2><span style=\"font-weight: 400\">Diagn\u00f3stico e tratamento<\/span><\/h2>\n<p><span style=\"font-weight: 400\">O diagn\u00f3stico envolve um exame oftalmol\u00f3gico detalhado, incluindo o mapeamento da retina. Esse procedimento identifica se as moscas est\u00e3o relacionadas a problemas mais graves.\u00a0<\/span><\/p>\n<p><span style=\"font-weight: 400\">Enquanto muitas vezes o c\u00e9rebro se adapta e o tratamento n\u00e3o \u00e9 necess\u00e1rio, casos em que a vis\u00e3o \u00e9 prejudicada podem requerer uma <strong>vitrectomia<\/strong>, cirurgia que remove o v\u00edtreo.\u00a0<\/span><\/p>\n<p><span style=\"font-weight: 400\">Essa interven\u00e7\u00e3o \u00e9 indicada apenas quando as moscas volantes afetam significativamente a qualidade de vida do paciente.<\/span><\/p>\n<h2><span style=\"font-weight: 400\">Medidas preventivas e cuidados\u00a0<\/span><\/h2>\n<p><span style=\"font-weight: 400\">Manter consultas oftalmol\u00f3gicas regulares ajuda a detectar precocemente qualquer altera\u00e7\u00e3o. Pessoas <strong>m\u00edopes, diab\u00e9ticas ou com hist\u00f3rico de inflama\u00e7\u00e3o ocular devem redobrar os cuidados.<\/strong><\/span><\/p>\n<p><span style=\"font-weight: 400\">Embora n\u00e3o haja cura definitiva para as moscas volantes, monitorar suas mudan\u00e7as pode prevenir complica\u00e7\u00f5es graves.\u00a0<\/span><\/p>\n<p><span style=\"font-weight: 400\">Em resumo, as moscas volantes s\u00e3o consequ\u00eancias comuns do envelhecimento ocular.\u00a0<\/span><span style=\"font-weight: 400\">Com aten\u00e7\u00e3o e cuidados adequados, \u00e9 poss\u00edvel minimizar seu impacto e preservar a sa\u00fade visual, garantindo uma qualidade de vida mais tranquila e segura.<\/span><\/p>\n","protected":false},"excerpt":{"rendered":"<p>Moscas volantes, aquelas pequenas sombras ou manchas que parecem flutuar no campo de vis\u00e3o, s\u00e3o mais frequentes entre pessoas com mais de 45 anos, mas podem surgir em qualquer idade.\u00a0 Elas s\u00e3o causadas por mudan\u00e7as no humor v\u00edtreo, subst\u00e2ncia gelatinosa dentro do olho, e sua s\u00fabita apari\u00e7\u00e3o ou aumento pode exigir aten\u00e7\u00e3o m\u00e9dica. Entendendo as [&hellip;]<\/p>\n","protected":false},"author":5,"featured_media":33504,"comment_status":"open","ping_status":"open","sticky":false,"template":"","format":"standard","meta":{"jnews-multi-image_gallery":[],"jnews_single_post":{"subtitle":"","format":"standard","jnews_video_option_group":[[]],"override":[{"template":"2","parallax":"1","fullscreen":"1","layout":"right-sidebar","sidebar":"default-sidebar","second_sidebar":"default-sidebar","sticky_sidebar":"1","share_position":"hide","share_float_style":"share-monocrhome","show_featured":"1","show_post_meta":"1","show_post_author":"1","show_post_date":"1","post_date_format":"default","post_date_format_custom":"Y\/m\/d","show_post_category":"1","show_post_reading_time":"0","post_reading_time_wpm":"300","post_calculate_word_method":"str_word_count","show_zoom_button":"0","zoom_button_out_step":"2","zoom_button_in_step":"3","show_post_tag":"1","show_popup_post":"1","number_popup_post":"1","show_author_box":"1","show_post_related":"0"}],"image_override":[{"single_post_thumbnail_size":"crop-500","single_post_gallery_size":"crop-500"}],"trending_post_position":"meta","trending_post_label":"Trending","sponsored_post_label":"Sponsored by","disable_ad":"0"},"jnews_primary_category":[],"jnews_override_counter":{"view_counter_number":"0","share_counter_number":"0","like_counter_number":"0","dislike_counter_number":"0"},"jnews_post_split":{"post_split":[{"template":"1","tag":"h2","numbering":"asc","mode":"normal","first":"0","enable_toc":"0","toc_type":"normal"}]},"footnotes":""},"categories":[1],"tags":[939,6029,6028,4845,1297],"class_list":["post-33503","post","type-post","status-publish","format-standard","has-post-thumbnail","hentry","category-geral","tag-cuidados","tag-deslocamento-de-retina","tag-moscas-volantes","tag-olhos","tag-visao"],"yoast_head":"<!-- This site is optimized with the Yoast SEO plugin v25.0 - https:\/\/yoast.com\/wordpress\/plugins\/seo\/ -->\n<title>Se voc\u00ea enxerga esses pontos, voc\u00ea pode ter problema de vis\u00e3o, dizem especialistas<\/title>\n<meta name=\"robots\" content=\"index, follow, max-snippet:-1, max-image-preview:large, max-video-preview:-1\" \/>\n<link rel=\"canonical\" href=\"https:\/\/crusoe.audiencelabs.com.br\/se-voce-enxerga-esses-pontos-voce-pode-ter-problema-de-visao-dizem-especialistas\/\" \/>\n<meta property=\"og:locale\" content=\"pt_BR\" \/>\n<meta property=\"og:type\" content=\"article\" \/>\n<meta property=\"og:title\" content=\"Se voc\u00ea enxerga esses pontos, voc\u00ea pode ter problema de vis\u00e3o, dizem especialistas\" \/>\n<meta property=\"og:description\" content=\"Moscas volantes, aquelas pequenas sombras ou manchas que parecem flutuar no campo de vis\u00e3o, s\u00e3o mais frequentes entre pessoas com mais de 45 anos, mas podem surgir em qualquer idade.\u00a0 Elas s\u00e3o causadas por mudan\u00e7as no humor v\u00edtreo, subst\u00e2ncia gelatinosa dentro do olho, e sua s\u00fabita apari\u00e7\u00e3o ou aumento pode exigir aten\u00e7\u00e3o m\u00e9dica. Entendendo as [&hellip;]\" \/>\n<meta property=\"og:url\" content=\"https:\/\/crusoe.audiencelabs.com.br\/se-voce-enxerga-esses-pontos-voce-pode-ter-problema-de-visao-dizem-especialistas\/\" \/>\n<meta property=\"og:site_name\" content=\"Variedades - Cruso\u00e9\" \/>\n<meta property=\"article:published_time\" content=\"2026-03-09T20:05:22+00:00\" \/>\n<meta property=\"og:image\" content=\"https:\/\/cdn.crusoe.com.br\/uploads\/2026\/03\/pexels-victorfreitas-865711-scaled.jpg\" \/>\n\t<meta property=\"og:image:width\" content=\"2560\" \/>\n\t<meta property=\"og:image:height\" content=\"1707\" \/>\n\t<meta property=\"og:image:type\" content=\"image\/jpeg\" \/>\n<meta name=\"author\" content=\"Milena Armando\" \/>\n<meta name=\"twitter:card\" content=\"summary_large_image\" \/>\n<meta name=\"twitter:label1\" content=\"Escrito por\" \/>\n\t<meta name=\"twitter:data1\" content=\"Milena Armando\" \/>\n\t<meta name=\"twitter:label2\" content=\"Est. tempo de leitura\" \/>\n\t<meta name=\"twitter:data2\" content=\"3 minutos\" \/>\n<script type=\"application\/ld+json\" class=\"yoast-schema-graph\">{\"@context\":\"https:\/\/schema.org\",\"@graph\":[{\"@type\":\"WebPage\",\"@id\":\"https:\/\/crusoe.audiencelabs.com.br\/se-voce-enxerga-esses-pontos-voce-pode-ter-problema-de-visao-dizem-especialistas\/\",\"url\":\"https:\/\/crusoe.audiencelabs.com.br\/se-voce-enxerga-esses-pontos-voce-pode-ter-problema-de-visao-dizem-especialistas\/\",\"name\":\"Se voc\u00ea enxerga esses pontos, voc\u00ea pode ter problema de vis\u00e3o, dizem especialistas\",\"isPartOf\":{\"@id\":\"https:\/\/crusoe.audiencelabs.com.br\/#website\"},\"primaryImageOfPage\":{\"@id\":\"https:\/\/crusoe.audiencelabs.com.br\/se-voce-enxerga-esses-pontos-voce-pode-ter-problema-de-visao-dizem-especialistas\/#primaryimage\"},\"image\":{\"@id\":\"https:\/\/crusoe.audiencelabs.com.br\/se-voce-enxerga-esses-pontos-voce-pode-ter-problema-de-visao-dizem-especialistas\/#primaryimage\"},\"thumbnailUrl\":\"https:\/\/cdn.crusoe.com.br\/uploads\/2026\/03\/pexels-victorfreitas-865711-scaled.jpg\",\"datePublished\":\"2026-03-09T20:05:22+00:00\",\"author\":{\"@id\":\"https:\/\/crusoe.audiencelabs.com.br\/#\/schema\/person\/f87f73cfe89e5360de2c006bd4bd6a74\"},\"breadcrumb\":{\"@id\":\"https:\/\/crusoe.audiencelabs.com.br\/se-voce-enxerga-esses-pontos-voce-pode-ter-problema-de-visao-dizem-especialistas\/#breadcrumb\"},\"inLanguage\":\"pt-BR\",\"potentialAction\":[{\"@type\":\"ReadAction\",\"target\":[\"https:\/\/crusoe.audiencelabs.com.br\/se-voce-enxerga-esses-pontos-voce-pode-ter-problema-de-visao-dizem-especialistas\/\"]}]},{\"@type\":\"ImageObject\",\"inLanguage\":\"pt-BR\",\"@id\":\"https:\/\/crusoe.audiencelabs.com.br\/se-voce-enxerga-esses-pontos-voce-pode-ter-problema-de-visao-dizem-especialistas\/#primaryimage\",\"url\":\"https:\/\/cdn.crusoe.com.br\/uploads\/2026\/03\/pexels-victorfreitas-865711-scaled.jpg\",\"contentUrl\":\"https:\/\/cdn.crusoe.com.br\/uploads\/2026\/03\/pexels-victorfreitas-865711-scaled.jpg\",\"width\":2560,\"height\":1707,\"caption\":\"Reprodu\u00e7\u00e3o: Pexdels\/Victor Freitas\"},{\"@type\":\"BreadcrumbList\",\"@id\":\"https:\/\/crusoe.audiencelabs.com.br\/se-voce-enxerga-esses-pontos-voce-pode-ter-problema-de-visao-dizem-especialistas\/#breadcrumb\",\"itemListElement\":[{\"@type\":\"ListItem\",\"position\":1,\"name\":\"Home\",\"item\":\"https:\/\/crusoe.audiencelabs.com.br\/\"},{\"@type\":\"ListItem\",\"position\":2,\"name\":\"Se voc\u00ea enxerga esses pontos, voc\u00ea pode ter problema de vis\u00e3o, dizem especialistas\"}]},{\"@type\":\"WebSite\",\"@id\":\"https:\/\/crusoe.audiencelabs.com.br\/#website\",\"url\":\"https:\/\/crusoe.audiencelabs.com.br\/\",\"name\":\"Variedades - Cruso\u00e9\",\"description\":\"\",\"potentialAction\":[{\"@type\":\"SearchAction\",\"target\":{\"@type\":\"EntryPoint\",\"urlTemplate\":\"https:\/\/crusoe.audiencelabs.com.br\/?s={search_term_string}\"},\"query-input\":{\"@type\":\"PropertyValueSpecification\",\"valueRequired\":true,\"valueName\":\"search_term_string\"}}],\"inLanguage\":\"pt-BR\"},{\"@type\":\"Person\",\"@id\":\"https:\/\/crusoe.audiencelabs.com.br\/#\/schema\/person\/f87f73cfe89e5360de2c006bd4bd6a74\",\"name\":\"Milena Armando\",\"image\":{\"@type\":\"ImageObject\",\"inLanguage\":\"pt-BR\",\"@id\":\"https:\/\/crusoe.audiencelabs.com.br\/#\/schema\/person\/image\/\",\"url\":\"https:\/\/secure.gravatar.com\/avatar\/ea14ecddc9e9d202b698b18f9f69e09c9fd74cfbed5c6008d55f11faefdbdab7?s=96&d=mm&r=g\",\"contentUrl\":\"https:\/\/secure.gravatar.com\/avatar\/ea14ecddc9e9d202b698b18f9f69e09c9fd74cfbed5c6008d55f11faefdbdab7?s=96&d=mm&r=g\",\"caption\":\"Milena Armando\"},\"description\":\"Jornalista, redatora e revisora.\",\"url\":\"https:\/\/crusoe.audiencelabs.com.br\/author\/milena\/\"}]}<\/script>\n<!-- \/ Yoast SEO plugin. -->","yoast_head_json":{"title":"Se voc\u00ea enxerga esses pontos, voc\u00ea pode ter problema de vis\u00e3o, dizem especialistas","robots":{"index":"index","follow":"follow","max-snippet":"max-snippet:-1","max-image-preview":"max-image-preview:large","max-video-preview":"max-video-preview:-1"},"canonical":"https:\/\/crusoe.audiencelabs.com.br\/se-voce-enxerga-esses-pontos-voce-pode-ter-problema-de-visao-dizem-especialistas\/","og_locale":"pt_BR","og_type":"article","og_title":"Se voc\u00ea enxerga esses pontos, voc\u00ea pode ter problema de vis\u00e3o, dizem especialistas","og_description":"Moscas volantes, aquelas pequenas sombras ou manchas que parecem flutuar no campo de vis\u00e3o, s\u00e3o mais frequentes entre pessoas com mais de 45 anos, mas podem surgir em qualquer idade.\u00a0 Elas s\u00e3o causadas por mudan\u00e7as no humor v\u00edtreo, subst\u00e2ncia gelatinosa dentro do olho, e sua s\u00fabita apari\u00e7\u00e3o ou aumento pode exigir aten\u00e7\u00e3o m\u00e9dica. Entendendo as [&hellip;]","og_url":"https:\/\/crusoe.audiencelabs.com.br\/se-voce-enxerga-esses-pontos-voce-pode-ter-problema-de-visao-dizem-especialistas\/","og_site_name":"Variedades - Cruso\u00e9","article_published_time":"2026-03-09T20:05:22+00:00","og_image":[{"width":2560,"height":1707,"url":"https:\/\/cdn.crusoe.com.br\/uploads\/2026\/03\/pexels-victorfreitas-865711-scaled.jpg","type":"image\/jpeg"}],"author":"Milena Armando","twitter_card":"summary_large_image","twitter_misc":{"Escrito por":"Milena Armando","Est. tempo de leitura":"3 minutos"},"schema":{"@context":"https:\/\/schema.org","@graph":[{"@type":"WebPage","@id":"https:\/\/crusoe.audiencelabs.com.br\/se-voce-enxerga-esses-pontos-voce-pode-ter-problema-de-visao-dizem-especialistas\/","url":"https:\/\/crusoe.audiencelabs.com.br\/se-voce-enxerga-esses-pontos-voce-pode-ter-problema-de-visao-dizem-especialistas\/","name":"Se voc\u00ea enxerga esses pontos, voc\u00ea pode ter problema de vis\u00e3o, dizem especialistas","isPartOf":{"@id":"https:\/\/crusoe.audiencelabs.com.br\/#website"},"primaryImageOfPage":{"@id":"https:\/\/crusoe.audiencelabs.com.br\/se-voce-enxerga-esses-pontos-voce-pode-ter-problema-de-visao-dizem-especialistas\/#primaryimage"},"image":{"@id":"https:\/\/crusoe.audiencelabs.com.br\/se-voce-enxerga-esses-pontos-voce-pode-ter-problema-de-visao-dizem-especialistas\/#primaryimage"},"thumbnailUrl":"https:\/\/cdn.crusoe.com.br\/uploads\/2026\/03\/pexels-victorfreitas-865711-scaled.jpg","datePublished":"2026-03-09T20:05:22+00:00","author":{"@id":"https:\/\/crusoe.audiencelabs.com.br\/#\/schema\/person\/f87f73cfe89e5360de2c006bd4bd6a74"},"breadcrumb":{"@id":"https:\/\/crusoe.audiencelabs.com.br\/se-voce-enxerga-esses-pontos-voce-pode-ter-problema-de-visao-dizem-especialistas\/#breadcrumb"},"inLanguage":"pt-BR","potentialAction":[{"@type":"ReadAction","target":["https:\/\/crusoe.audiencelabs.com.br\/se-voce-enxerga-esses-pontos-voce-pode-ter-problema-de-visao-dizem-especialistas\/"]}]},{"@type":"ImageObject","inLanguage":"pt-BR","@id":"https:\/\/crusoe.audiencelabs.com.br\/se-voce-enxerga-esses-pontos-voce-pode-ter-problema-de-visao-dizem-especialistas\/#primaryimage","url":"https:\/\/cdn.crusoe.com.br\/uploads\/2026\/03\/pexels-victorfreitas-865711-scaled.jpg","contentUrl":"https:\/\/cdn.crusoe.com.br\/uploads\/2026\/03\/pexels-victorfreitas-865711-scaled.jpg","width":2560,"height":1707,"caption":"Reprodu\u00e7\u00e3o: Pexdels\/Victor Freitas"},{"@type":"BreadcrumbList","@id":"https:\/\/crusoe.audiencelabs.com.br\/se-voce-enxerga-esses-pontos-voce-pode-ter-problema-de-visao-dizem-especialistas\/#breadcrumb","itemListElement":[{"@type":"ListItem","position":1,"name":"Home","item":"https:\/\/crusoe.audiencelabs.com.br\/"},{"@type":"ListItem","position":2,"name":"Se voc\u00ea enxerga esses pontos, voc\u00ea pode ter problema de vis\u00e3o, dizem especialistas"}]},{"@type":"WebSite","@id":"https:\/\/crusoe.audiencelabs.com.br\/#website","url":"https:\/\/crusoe.audiencelabs.com.br\/","name":"Variedades - Cruso\u00e9","description":"","potentialAction":[{"@type":"SearchAction","target":{"@type":"EntryPoint","urlTemplate":"https:\/\/crusoe.audiencelabs.com.br\/?s={search_term_string}"},"query-input":{"@type":"PropertyValueSpecification","valueRequired":true,"valueName":"search_term_string"}}],"inLanguage":"pt-BR"},{"@type":"Person","@id":"https:\/\/crusoe.audiencelabs.com.br\/#\/schema\/person\/f87f73cfe89e5360de2c006bd4bd6a74","name":"Milena Armando","image":{"@type":"ImageObject","inLanguage":"pt-BR","@id":"https:\/\/crusoe.audiencelabs.com.br\/#\/schema\/person\/image\/","url":"https:\/\/secure.gravatar.com\/avatar\/ea14ecddc9e9d202b698b18f9f69e09c9fd74cfbed5c6008d55f11faefdbdab7?s=96&d=mm&r=g","contentUrl":"https:\/\/secure.gravatar.com\/avatar\/ea14ecddc9e9d202b698b18f9f69e09c9fd74cfbed5c6008d55f11faefdbdab7?s=96&d=mm&r=g","caption":"Milena Armando"},"description":"Jornalista, redatora e revisora.","url":"https:\/\/crusoe.audiencelabs.com.br\/author\/milena\/"}]}},"_links":{"self":[{"href":"https:\/\/crusoe.audiencelabs.com.br\/wp-json\/wp\/v2\/posts\/33503","targetHints":{"allow":["GET"]}}],"collection":[{"href":"https:\/\/crusoe.audiencelabs.com.br\/wp-json\/wp\/v2\/posts"}],"about":[{"href":"https:\/\/crusoe.audiencelabs.com.br\/wp-json\/wp\/v2\/types\/post"}],"author":[{"embeddable":true,"href":"https:\/\/crusoe.audiencelabs.com.br\/wp-json\/wp\/v2\/users\/5"}],"replies":[{"embeddable":true,"href":"https:\/\/crusoe.audiencelabs.com.br\/wp-json\/wp\/v2\/comments?post=33503"}],"version-history":[{"count":4,"href":"https:\/\/crusoe.audiencelabs.com.br\/wp-json\/wp\/v2\/posts\/33503\/revisions"}],"predecessor-version":[{"id":33553,"href":"https:\/\/crusoe.audiencelabs.com.br\/wp-json\/wp\/v2\/posts\/33503\/revisions\/33553"}],"wp:featuredmedia":[{"embeddable":true,"href":"https:\/\/crusoe.audiencelabs.com.br\/wp-json\/wp\/v2\/media\/33504"}],"wp:attachment":[{"href":"https:\/\/crusoe.audiencelabs.com.br\/wp-json\/wp\/v2\/media?parent=33503"}],"wp:term":[{"taxonomy":"category","embeddable":true,"href":"https:\/\/crusoe.audiencelabs.com.br\/wp-json\/wp\/v2\/categories?post=33503"},{"taxonomy":"post_tag","embeddable":true,"href":"https:\/\/crusoe.audiencelabs.com.br\/wp-json\/wp\/v2\/tags?post=33503"}],"curies":[{"name":"wp","href":"https:\/\/api.w.org\/{rel}","templated":true}]}}