{"id":33485,"date":"2026-03-09T12:05:25","date_gmt":"2026-03-09T15:05:25","guid":{"rendered":"https:\/\/crusoe.audiencelabs.com.br\/?p=33485"},"modified":"2026-03-08T12:56:12","modified_gmt":"2026-03-08T15:56:12","slug":"trump-faz-nova-ameaca-e-aponta-pais-que-pode-ser-atacado-pelos-eua","status":"publish","type":"post","link":"https:\/\/crusoe.audiencelabs.com.br\/trump-faz-nova-ameaca-e-aponta-pais-que-pode-ser-atacado-pelos-eua\/","title":{"rendered":"Trump faz nova amea\u00e7a e aponta pa\u00eds que pode ser atacado pelos EUA"},"content":{"rendered":"<p data-start=\"0\" data-end=\"426\">O presidente dos <span class=\"hover:entity-accent entity-underline inline cursor-pointer align-baseline\"><span class=\"whitespace-normal\">Estados Unidos<\/span><\/span>, <strong><span class=\"hover:entity-accent entity-underline inline cursor-pointer align-baseline\"><span class=\"whitespace-normal\">Donald Trump<\/span><\/span><\/strong>, voltou a elevar o tom das cr\u00edticas ao <span class=\"hover:entity-accent entity-underline inline cursor-pointer align-baseline\"><span class=\"whitespace-normal\">Ir\u00e3<\/span><\/span> no \u00faltimo s\u00e1bado (7).<\/p>\n<p data-start=\"0\" data-end=\"426\">Em publica\u00e7\u00f5es nas redes sociais, o l\u00edder norte-americano indicou a <strong>possibilidade de novas a\u00e7\u00f5es militares<\/strong> e classificou o pa\u00eds como o \u201c<strong>perdedor do <span class=\"hover:entity-accent entity-underline inline cursor-pointer align-baseline\"><span class=\"whitespace-normal\">Oriente M\u00e9dio<\/span><\/span><\/strong>\u201d.<\/p>\n<p data-start=\"428\" data-end=\"789\">Uma ofensiva coordenada por for\u00e7as dos Estados Unidos e de <span class=\"hover:entity-accent entity-underline inline cursor-pointer align-baseline\"><span class=\"whitespace-normal\">Israel<\/span><\/span> teria resultado na morte do l\u00edder supremo iraniano, o aiatol\u00e1 <strong><span class=\"hover:entity-accent entity-underline inline cursor-pointer align-baseline\"><span class=\"whitespace-normal\">Ali Khamenei<\/span><\/span><\/strong>. O epis\u00f3dio ampliou significativamente o clima de instabilidade regional.<\/p>\n<p data-start=\"791\" data-end=\"1069\">Em resposta, o Ir\u00e3 teria lan\u00e7ado ataques contra aliados de Washington, ampliando o alcance do conflito e envolvendo diferentes pa\u00edses da regi\u00e3o.<\/p>\n<p data-start=\"791\" data-end=\"1069\">Os confrontos resultaram em v\u00edtimas e aumentaram a preocupa\u00e7\u00e3o internacional com uma poss\u00edvel escalada militar de maiores propor\u00e7\u00f5es.<\/p>\n<h2 data-section-id=\"6sm4we\" data-start=\"1071\" data-end=\"1110\">Ir\u00e3 como \u201cperdedor do Oriente M\u00e9dio\u201d<\/h2>\n<p data-start=\"1112\" data-end=\"1440\">Ao classificar o Ir\u00e3 como \u201cperdedor do Oriente M\u00e9dio\u201d, Trump refor\u00e7ou a estrat\u00e9gia americana de conter a influ\u00eancia iraniana na regi\u00e3o.<\/p>\n<p data-start=\"1112\" data-end=\"1440\">O governo dos Estados Unidos argumenta que o pa\u00eds enfrenta dificuldades econ\u00f4micas e diplom\u00e1ticas, agravadas por san\u00e7\u00f5es internacionais e pelo isolamento pol\u00edtico entre parte de seus vizinhos.<\/p>\n<p data-start=\"1442\" data-end=\"1704\">Analistas apontam, no entanto, que o cen\u00e1rio tamb\u00e9m gera apreens\u00e3o na comunidade internacional. A destrui\u00e7\u00e3o de instala\u00e7\u00f5es militares e estrat\u00e9gicas iranianas e a morte de figuras centrais do regime levantam d\u00favidas sobre a estabilidade pol\u00edtica interna do pa\u00eds.<\/p>\n<h2 data-section-id=\"ylzc7d\" data-start=\"1927\" data-end=\"1950\">Expans\u00e3o do conflito<\/h2>\n<p data-start=\"1952\" data-end=\"2264\">Enquanto Estados Unidos e Israel mant\u00eam press\u00e3o militar, autoridades iranianas sinalizam a possibilidade de novas retalia\u00e7\u00f5es.<\/p>\n<p data-start=\"1952\" data-end=\"2264\">Entre os pa\u00edses mencionados como potenciais alvos est\u00e3o os <span class=\"hover:entity-accent entity-underline inline cursor-pointer align-baseline\"><span class=\"whitespace-normal\">Emirados \u00c1rabes Unidos<\/span><\/span> e a <span class=\"hover:entity-accent entity-underline inline cursor-pointer align-baseline\"><span class=\"whitespace-normal\">Ar\u00e1bia Saudita<\/span><\/span>, aliados estrat\u00e9gicos de Washington na regi\u00e3o.<\/p>\n<p data-start=\"2266\" data-end=\"2628\">O uso de drones e m\u00edsseis em opera\u00e7\u00f5es recentes demonstra a crescente complexidade do cen\u00e1rio militar no Oriente M\u00e9dio.<\/p>\n<p data-start=\"2266\" data-end=\"2628\">Ao mesmo tempo, pot\u00eancias internacionais, como membros da <a href=\"https:\/\/crusoe.audiencelabs.com.br\/paises-da-europa-se-juntam-aos-eua-e-reforcam-alianca-em-momento-de-tensao\/\"><span class=\"hover:entity-accent entity-underline inline cursor-pointer align-baseline\"><span class=\"whitespace-normal\">Uni\u00e3o Europeia<\/span><\/span><\/a> e a <span class=\"hover:entity-accent entity-underline inline cursor-pointer align-baseline\"><span class=\"whitespace-normal\">R\u00fassia<\/span><\/span>, acompanham a situa\u00e7\u00e3o e defendem esfor\u00e7os diplom\u00e1ticos para evitar uma escalada mais ampla do conflito.<\/p>\n<h2 data-section-id=\"5gr2ez\" data-start=\"2630\" data-end=\"2673\">Repercuss\u00f5es internas nos Estados Unidos<\/h2>\n<p data-start=\"2675\" data-end=\"2942\">A crise tamb\u00e9m repercute dentro dos Estados Unidos. A administra\u00e7\u00e3o Trump enfrenta press\u00f5es para justificar suas a\u00e7\u00f5es militares em um momento em que parte do eleitorado demonstra preocupa\u00e7\u00e3o com o custo humano e financeiro de novas interven\u00e7\u00f5es no exterior.<\/p>\n<p data-start=\"2944\" data-end=\"3290\" data-is-last-node=\"\" data-is-only-node=\"\">Com as elei\u00e7\u00f5es de meio de mandato se aproximando, os desdobramentos do conflito podem influenciar o cen\u00e1rio pol\u00edtico norte-americano.<\/p>\n<p data-start=\"2944\" data-end=\"3290\" data-is-last-node=\"\" data-is-only-node=\"\">O debate entre republicanos e democratas sobre a pol\u00edtica externa baseada no princ\u00edpio \u201cAmerica First\u201d evidencia divis\u00f5es no Congresso e levanta questionamentos sobre os rumos da estrat\u00e9gia americana no Oriente M\u00e9dio.<\/p>\n","protected":false},"excerpt":{"rendered":"<p>O presidente dos Estados Unidos, Donald Trump, voltou a elevar o tom das cr\u00edticas ao Ir\u00e3 no \u00faltimo s\u00e1bado (7). Em publica\u00e7\u00f5es nas redes sociais, o l\u00edder norte-americano indicou a possibilidade de novas a\u00e7\u00f5es militares e classificou o pa\u00eds como o \u201cperdedor do Oriente M\u00e9dio\u201d. Uma ofensiva coordenada por for\u00e7as dos Estados Unidos e de [&hellip;]<\/p>\n","protected":false},"author":5,"featured_media":33486,"comment_status":"open","ping_status":"open","sticky":false,"template":"","format":"standard","meta":{"jnews-multi-image_gallery":[],"jnews_single_post":{"format":"standard","jnews_video_option_group":[[]],"override":[{"template":"2","parallax":"1","fullscreen":"1","layout":"right-sidebar","sidebar":"default-sidebar","second_sidebar":"default-sidebar","sticky_sidebar":"1","share_position":"hide","share_float_style":"share-monocrhome","show_featured":"1","show_post_meta":"1","show_post_author":"1","show_post_date":"1","post_date_format":"default","post_date_format_custom":"Y\/m\/d","show_post_category":"1","show_post_reading_time":"0","post_reading_time_wpm":"300","post_calculate_word_method":"str_word_count","show_zoom_button":"0","zoom_button_out_step":"2","zoom_button_in_step":"3","show_post_tag":"1","show_popup_post":"1","number_popup_post":"1","show_author_box":"1","show_post_related":"0"}],"image_override":[{"single_post_thumbnail_size":"crop-500","single_post_gallery_size":"crop-500"}],"trending_post_position":"meta","trending_post_label":"Trending","sponsored_post_label":"Sponsored by","disable_ad":"0","subtitle":""},"jnews_primary_category":[],"jnews_override_counter":{"view_counter_number":"0","share_counter_number":"0","like_counter_number":"0","dislike_counter_number":"0"},"jnews_post_split":{"post_split":[{"template":"1","tag":"h2","numbering":"asc","mode":"normal","first":"0","enable_toc":"0","toc_type":"normal"}]},"footnotes":""},"categories":[1],"tags":[2470,71,3059,1259],"class_list":["post-33485","post","type-post","status-publish","format-standard","has-post-thumbnail","hentry","category-geral","tag-ataques","tag-estados-unidos","tag-ira","tag-trump"],"yoast_head":"<!-- This site is optimized with the Yoast SEO plugin v25.0 - https:\/\/yoast.com\/wordpress\/plugins\/seo\/ -->\n<title>Trump faz nova amea\u00e7a e aponta pa\u00eds que pode ser atacado pelos EUA<\/title>\n<meta name=\"robots\" content=\"index, follow, max-snippet:-1, max-image-preview:large, max-video-preview:-1\" \/>\n<link rel=\"canonical\" href=\"https:\/\/crusoe.audiencelabs.com.br\/trump-faz-nova-ameaca-e-aponta-pais-que-pode-ser-atacado-pelos-eua\/\" \/>\n<meta property=\"og:locale\" content=\"pt_BR\" \/>\n<meta property=\"og:type\" content=\"article\" \/>\n<meta property=\"og:title\" content=\"Trump faz nova amea\u00e7a e aponta pa\u00eds que pode ser atacado pelos EUA\" \/>\n<meta property=\"og:description\" content=\"O presidente dos Estados Unidos, Donald Trump, voltou a elevar o tom das cr\u00edticas ao Ir\u00e3 no \u00faltimo s\u00e1bado (7). Em publica\u00e7\u00f5es nas redes sociais, o l\u00edder norte-americano indicou a possibilidade de novas a\u00e7\u00f5es militares e classificou o pa\u00eds como o \u201cperdedor do Oriente M\u00e9dio\u201d. Uma ofensiva coordenada por for\u00e7as dos Estados Unidos e de [&hellip;]\" \/>\n<meta property=\"og:url\" content=\"https:\/\/crusoe.audiencelabs.com.br\/trump-faz-nova-ameaca-e-aponta-pais-que-pode-ser-atacado-pelos-eua\/\" \/>\n<meta property=\"og:site_name\" content=\"Variedades - Cruso\u00e9\" \/>\n<meta property=\"article:published_time\" content=\"2026-03-09T15:05:25+00:00\" \/>\n<meta name=\"author\" content=\"Milena Armando\" \/>\n<meta name=\"twitter:card\" content=\"summary_large_image\" \/>\n<meta name=\"twitter:label1\" content=\"Escrito por\" \/>\n\t<meta name=\"twitter:data1\" content=\"Milena Armando\" \/>\n\t<meta name=\"twitter:label2\" content=\"Est. tempo de leitura\" \/>\n\t<meta name=\"twitter:data2\" content=\"3 minutos\" \/>\n<script type=\"application\/ld+json\" class=\"yoast-schema-graph\">{\"@context\":\"https:\/\/schema.org\",\"@graph\":[{\"@type\":\"WebPage\",\"@id\":\"https:\/\/crusoe.audiencelabs.com.br\/trump-faz-nova-ameaca-e-aponta-pais-que-pode-ser-atacado-pelos-eua\/\",\"url\":\"https:\/\/crusoe.audiencelabs.com.br\/trump-faz-nova-ameaca-e-aponta-pais-que-pode-ser-atacado-pelos-eua\/\",\"name\":\"Trump faz nova amea\u00e7a e aponta pa\u00eds que pode ser atacado pelos EUA\",\"isPartOf\":{\"@id\":\"https:\/\/crusoe.audiencelabs.com.br\/#website\"},\"primaryImageOfPage\":{\"@id\":\"https:\/\/crusoe.audiencelabs.com.br\/trump-faz-nova-ameaca-e-aponta-pais-que-pode-ser-atacado-pelos-eua\/#primaryimage\"},\"image\":{\"@id\":\"https:\/\/crusoe.audiencelabs.com.br\/trump-faz-nova-ameaca-e-aponta-pais-que-pode-ser-atacado-pelos-eua\/#primaryimage\"},\"thumbnailUrl\":\"https:\/\/cdn.crusoe.com.br\/uploads\/2026\/03\/03iran-live-qwbl-jumbo.avif\",\"datePublished\":\"2026-03-09T15:05:25+00:00\",\"author\":{\"@id\":\"https:\/\/crusoe.audiencelabs.com.br\/#\/schema\/person\/f87f73cfe89e5360de2c006bd4bd6a74\"},\"breadcrumb\":{\"@id\":\"https:\/\/crusoe.audiencelabs.com.br\/trump-faz-nova-ameaca-e-aponta-pais-que-pode-ser-atacado-pelos-eua\/#breadcrumb\"},\"inLanguage\":\"pt-BR\",\"potentialAction\":[{\"@type\":\"ReadAction\",\"target\":[\"https:\/\/crusoe.audiencelabs.com.br\/trump-faz-nova-ameaca-e-aponta-pais-que-pode-ser-atacado-pelos-eua\/\"]}]},{\"@type\":\"ImageObject\",\"inLanguage\":\"pt-BR\",\"@id\":\"https:\/\/crusoe.audiencelabs.com.br\/trump-faz-nova-ameaca-e-aponta-pais-que-pode-ser-atacado-pelos-eua\/#primaryimage\",\"url\":\"https:\/\/cdn.crusoe.com.br\/uploads\/2026\/03\/03iran-live-qwbl-jumbo.avif\",\"contentUrl\":\"https:\/\/cdn.crusoe.com.br\/uploads\/2026\/03\/03iran-live-qwbl-jumbo.avif\",\"width\":888,\"height\":592,\"caption\":\"Reprodu\u00e7\u00e3o: Doug Mills\/New York Times\"},{\"@type\":\"BreadcrumbList\",\"@id\":\"https:\/\/crusoe.audiencelabs.com.br\/trump-faz-nova-ameaca-e-aponta-pais-que-pode-ser-atacado-pelos-eua\/#breadcrumb\",\"itemListElement\":[{\"@type\":\"ListItem\",\"position\":1,\"name\":\"Home\",\"item\":\"https:\/\/crusoe.audiencelabs.com.br\/\"},{\"@type\":\"ListItem\",\"position\":2,\"name\":\"Trump faz nova amea\u00e7a e aponta pa\u00eds que pode ser atacado pelos EUA\"}]},{\"@type\":\"WebSite\",\"@id\":\"https:\/\/crusoe.audiencelabs.com.br\/#website\",\"url\":\"https:\/\/crusoe.audiencelabs.com.br\/\",\"name\":\"Variedades - Cruso\u00e9\",\"description\":\"\",\"potentialAction\":[{\"@type\":\"SearchAction\",\"target\":{\"@type\":\"EntryPoint\",\"urlTemplate\":\"https:\/\/crusoe.audiencelabs.com.br\/?s={search_term_string}\"},\"query-input\":{\"@type\":\"PropertyValueSpecification\",\"valueRequired\":true,\"valueName\":\"search_term_string\"}}],\"inLanguage\":\"pt-BR\"},{\"@type\":\"Person\",\"@id\":\"https:\/\/crusoe.audiencelabs.com.br\/#\/schema\/person\/f87f73cfe89e5360de2c006bd4bd6a74\",\"name\":\"Milena Armando\",\"image\":{\"@type\":\"ImageObject\",\"inLanguage\":\"pt-BR\",\"@id\":\"https:\/\/crusoe.audiencelabs.com.br\/#\/schema\/person\/image\/\",\"url\":\"https:\/\/secure.gravatar.com\/avatar\/ea14ecddc9e9d202b698b18f9f69e09c9fd74cfbed5c6008d55f11faefdbdab7?s=96&d=mm&r=g\",\"contentUrl\":\"https:\/\/secure.gravatar.com\/avatar\/ea14ecddc9e9d202b698b18f9f69e09c9fd74cfbed5c6008d55f11faefdbdab7?s=96&d=mm&r=g\",\"caption\":\"Milena Armando\"},\"description\":\"Jornalista, redatora e revisora.\",\"url\":\"https:\/\/crusoe.audiencelabs.com.br\/author\/milena\/\"}]}<\/script>\n<!-- \/ Yoast SEO plugin. -->","yoast_head_json":{"title":"Trump faz nova amea\u00e7a e aponta pa\u00eds que pode ser atacado pelos EUA","robots":{"index":"index","follow":"follow","max-snippet":"max-snippet:-1","max-image-preview":"max-image-preview:large","max-video-preview":"max-video-preview:-1"},"canonical":"https:\/\/crusoe.audiencelabs.com.br\/trump-faz-nova-ameaca-e-aponta-pais-que-pode-ser-atacado-pelos-eua\/","og_locale":"pt_BR","og_type":"article","og_title":"Trump faz nova amea\u00e7a e aponta pa\u00eds que pode ser atacado pelos EUA","og_description":"O presidente dos Estados Unidos, Donald Trump, voltou a elevar o tom das cr\u00edticas ao Ir\u00e3 no \u00faltimo s\u00e1bado (7). Em publica\u00e7\u00f5es nas redes sociais, o l\u00edder norte-americano indicou a possibilidade de novas a\u00e7\u00f5es militares e classificou o pa\u00eds como o \u201cperdedor do Oriente M\u00e9dio\u201d. Uma ofensiva coordenada por for\u00e7as dos Estados Unidos e de [&hellip;]","og_url":"https:\/\/crusoe.audiencelabs.com.br\/trump-faz-nova-ameaca-e-aponta-pais-que-pode-ser-atacado-pelos-eua\/","og_site_name":"Variedades - Cruso\u00e9","article_published_time":"2026-03-09T15:05:25+00:00","author":"Milena Armando","twitter_card":"summary_large_image","twitter_misc":{"Escrito por":"Milena Armando","Est. tempo de leitura":"3 minutos"},"schema":{"@context":"https:\/\/schema.org","@graph":[{"@type":"WebPage","@id":"https:\/\/crusoe.audiencelabs.com.br\/trump-faz-nova-ameaca-e-aponta-pais-que-pode-ser-atacado-pelos-eua\/","url":"https:\/\/crusoe.audiencelabs.com.br\/trump-faz-nova-ameaca-e-aponta-pais-que-pode-ser-atacado-pelos-eua\/","name":"Trump faz nova amea\u00e7a e aponta pa\u00eds que pode ser atacado pelos EUA","isPartOf":{"@id":"https:\/\/crusoe.audiencelabs.com.br\/#website"},"primaryImageOfPage":{"@id":"https:\/\/crusoe.audiencelabs.com.br\/trump-faz-nova-ameaca-e-aponta-pais-que-pode-ser-atacado-pelos-eua\/#primaryimage"},"image":{"@id":"https:\/\/crusoe.audiencelabs.com.br\/trump-faz-nova-ameaca-e-aponta-pais-que-pode-ser-atacado-pelos-eua\/#primaryimage"},"thumbnailUrl":"https:\/\/cdn.crusoe.com.br\/uploads\/2026\/03\/03iran-live-qwbl-jumbo.avif","datePublished":"2026-03-09T15:05:25+00:00","author":{"@id":"https:\/\/crusoe.audiencelabs.com.br\/#\/schema\/person\/f87f73cfe89e5360de2c006bd4bd6a74"},"breadcrumb":{"@id":"https:\/\/crusoe.audiencelabs.com.br\/trump-faz-nova-ameaca-e-aponta-pais-que-pode-ser-atacado-pelos-eua\/#breadcrumb"},"inLanguage":"pt-BR","potentialAction":[{"@type":"ReadAction","target":["https:\/\/crusoe.audiencelabs.com.br\/trump-faz-nova-ameaca-e-aponta-pais-que-pode-ser-atacado-pelos-eua\/"]}]},{"@type":"ImageObject","inLanguage":"pt-BR","@id":"https:\/\/crusoe.audiencelabs.com.br\/trump-faz-nova-ameaca-e-aponta-pais-que-pode-ser-atacado-pelos-eua\/#primaryimage","url":"https:\/\/cdn.crusoe.com.br\/uploads\/2026\/03\/03iran-live-qwbl-jumbo.avif","contentUrl":"https:\/\/cdn.crusoe.com.br\/uploads\/2026\/03\/03iran-live-qwbl-jumbo.avif","width":888,"height":592,"caption":"Reprodu\u00e7\u00e3o: Doug Mills\/New York Times"},{"@type":"BreadcrumbList","@id":"https:\/\/crusoe.audiencelabs.com.br\/trump-faz-nova-ameaca-e-aponta-pais-que-pode-ser-atacado-pelos-eua\/#breadcrumb","itemListElement":[{"@type":"ListItem","position":1,"name":"Home","item":"https:\/\/crusoe.audiencelabs.com.br\/"},{"@type":"ListItem","position":2,"name":"Trump faz nova amea\u00e7a e aponta pa\u00eds que pode ser atacado pelos EUA"}]},{"@type":"WebSite","@id":"https:\/\/crusoe.audiencelabs.com.br\/#website","url":"https:\/\/crusoe.audiencelabs.com.br\/","name":"Variedades - Cruso\u00e9","description":"","potentialAction":[{"@type":"SearchAction","target":{"@type":"EntryPoint","urlTemplate":"https:\/\/crusoe.audiencelabs.com.br\/?s={search_term_string}"},"query-input":{"@type":"PropertyValueSpecification","valueRequired":true,"valueName":"search_term_string"}}],"inLanguage":"pt-BR"},{"@type":"Person","@id":"https:\/\/crusoe.audiencelabs.com.br\/#\/schema\/person\/f87f73cfe89e5360de2c006bd4bd6a74","name":"Milena Armando","image":{"@type":"ImageObject","inLanguage":"pt-BR","@id":"https:\/\/crusoe.audiencelabs.com.br\/#\/schema\/person\/image\/","url":"https:\/\/secure.gravatar.com\/avatar\/ea14ecddc9e9d202b698b18f9f69e09c9fd74cfbed5c6008d55f11faefdbdab7?s=96&d=mm&r=g","contentUrl":"https:\/\/secure.gravatar.com\/avatar\/ea14ecddc9e9d202b698b18f9f69e09c9fd74cfbed5c6008d55f11faefdbdab7?s=96&d=mm&r=g","caption":"Milena Armando"},"description":"Jornalista, redatora e revisora.","url":"https:\/\/crusoe.audiencelabs.com.br\/author\/milena\/"}]}},"_links":{"self":[{"href":"https:\/\/crusoe.audiencelabs.com.br\/wp-json\/wp\/v2\/posts\/33485","targetHints":{"allow":["GET"]}}],"collection":[{"href":"https:\/\/crusoe.audiencelabs.com.br\/wp-json\/wp\/v2\/posts"}],"about":[{"href":"https:\/\/crusoe.audiencelabs.com.br\/wp-json\/wp\/v2\/types\/post"}],"author":[{"embeddable":true,"href":"https:\/\/crusoe.audiencelabs.com.br\/wp-json\/wp\/v2\/users\/5"}],"replies":[{"embeddable":true,"href":"https:\/\/crusoe.audiencelabs.com.br\/wp-json\/wp\/v2\/comments?post=33485"}],"version-history":[{"count":2,"href":"https:\/\/crusoe.audiencelabs.com.br\/wp-json\/wp\/v2\/posts\/33485\/revisions"}],"predecessor-version":[{"id":33488,"href":"https:\/\/crusoe.audiencelabs.com.br\/wp-json\/wp\/v2\/posts\/33485\/revisions\/33488"}],"wp:featuredmedia":[{"embeddable":true,"href":"https:\/\/crusoe.audiencelabs.com.br\/wp-json\/wp\/v2\/media\/33486"}],"wp:attachment":[{"href":"https:\/\/crusoe.audiencelabs.com.br\/wp-json\/wp\/v2\/media?parent=33485"}],"wp:term":[{"taxonomy":"category","embeddable":true,"href":"https:\/\/crusoe.audiencelabs.com.br\/wp-json\/wp\/v2\/categories?post=33485"},{"taxonomy":"post_tag","embeddable":true,"href":"https:\/\/crusoe.audiencelabs.com.br\/wp-json\/wp\/v2\/tags?post=33485"}],"curies":[{"name":"wp","href":"https:\/\/api.w.org\/{rel}","templated":true}]}}