{"id":33458,"date":"2026-03-09T08:08:39","date_gmt":"2026-03-09T11:08:39","guid":{"rendered":"https:\/\/crusoe.audiencelabs.com.br\/?p=33458"},"modified":"2026-03-08T11:45:53","modified_gmt":"2026-03-08T14:45:53","slug":"brasileiros-usam-o-horario-de-brasilia-ha-decadas-mas-ele-e-definido-no-rio-de-janeiro","status":"publish","type":"post","link":"https:\/\/crusoe.audiencelabs.com.br\/brasileiros-usam-o-horario-de-brasilia-ha-decadas-mas-ele-e-definido-no-rio-de-janeiro\/","title":{"rendered":"Brasileiros usam o hor\u00e1rio de Bras\u00edlia h\u00e1 d\u00e9cadas, mas ele \u00e9 definido no Rio de Janeiro"},"content":{"rendered":"<p data-start=\"0\" data-end=\"349\">A precis\u00e3o na medi\u00e7\u00e3o do tempo \u00e9 um elemento fundamental para o funcionamento de uma sociedade global conectada.<\/p>\n<p data-start=\"0\" data-end=\"349\">No Brasil, a chamada <strong data-start=\"134\" data-end=\"159\">Hora Legal Brasileira<\/strong>, conhecida popularmente como <strong>hor\u00e1rio de Bras\u00edlia<\/strong>, \u00e9 mantida por um sistema de <strong>rel\u00f3gios at\u00f4micos<\/strong> operado pelo <span class=\"hover:entity-accent entity-underline inline cursor-pointer align-baseline\"><span class=\"whitespace-normal\">Observat\u00f3rio Nacional<\/span><\/span>, no <span class=\"hover:entity-accent entity-underline inline cursor-pointer align-baseline\"><span class=\"whitespace-normal\">Rio de Janeiro<\/span><\/span>.<\/p>\n<p data-start=\"351\" data-end=\"754\">O desenvolvimento desse sistema come\u00e7ou ainda na d\u00e9cada de 1960 e, desde ent\u00e3o, evoluiu para atender \u00e0s demandas de diversos setores estrat\u00e9gicos do pa\u00eds.<\/p>\n<h2 data-section-id=\"1rgr1sd\" data-start=\"756\" data-end=\"794\">Como funcionam os rel\u00f3gios at\u00f4micos?<\/h2>\n<p data-start=\"796\" data-end=\"1060\">O princ\u00edpio de funcionamento de um rel\u00f3gio at\u00f4mico est\u00e1 na <strong>frequ\u00eancia extremamente est\u00e1vel emitida pelo is\u00f3topo C\u00e9sio-133<\/strong>. Essa frequ\u00eancia funciona como um p\u00eandulo perfeito, permitindo a contagem do tempo com precis\u00e3o muito superior \u00e0 dos rel\u00f3gios convencionais.<\/p>\n<p data-start=\"1062\" data-end=\"1424\">Nos equipamentos modernos, essa frequ\u00eancia \u00e9 captada e convertida em sinais el\u00e9tricos por circuitos baseados em quartzo, que traduzem as oscila\u00e7\u00f5es at\u00f4micas em unidades de tempo.<\/p>\n<p data-start=\"1062\" data-end=\"1424\">Diferentemente dos rel\u00f3gios mec\u00e2nicos ou eletr\u00f4nicos, que podem sofrer interfer\u00eancias externas, os rel\u00f3gios at\u00f4micos oferecem um n\u00edvel de estabilidade praticamente inalter\u00e1vel.<\/p>\n<p data-start=\"1426\" data-end=\"1683\">Para aumentar ainda mais a confiabilidade, a <a href=\"http:\/\/pcdsh01.on.br\/HoraLegalBrasileira.php\">Hora Legal Brasileira<\/a> n\u00e3o depende de apenas um aparelho. O sistema utiliza a m\u00e9dia dos sinais gerados por v\u00e1rios rel\u00f3gios at\u00f4micos, o que garante que eventuais falhas individuais n\u00e3o comprometam a precis\u00e3o final.<\/p>\n<h2 data-section-id=\"1gfmwra\" data-start=\"1685\" data-end=\"1719\">Expans\u00e3o do sistema no Nordeste<\/h2>\n<p data-start=\"1721\" data-end=\"2123\">Nos \u00faltimos anos, o sistema brasileiro de medi\u00e7\u00e3o do tempo passou por uma amplia\u00e7\u00e3o estrat\u00e9gica.<\/p>\n<p data-start=\"1721\" data-end=\"2123\">Um dos avan\u00e7os foi a instala\u00e7\u00e3o de um novo rel\u00f3gio at\u00f4mico em <span class=\"hover:entity-accent entity-underline inline cursor-pointer align-baseline\"><span class=\"whitespace-normal\">Fortaleza (CE)<\/span><\/span>, como parte do chamado <strong data-start=\"1983\" data-end=\"2007\">Projeto Tempo Brasil<\/strong>, iniciativa que busca descentralizar e fortalecer a infraestrutura respons\u00e1vel pela sincroniza\u00e7\u00e3o do tempo no pa\u00eds.<\/p>\n<p data-start=\"2125\" data-end=\"2416\">O equipamento est\u00e1 instalado no datacenter da <span class=\"hover:entity-accent entity-underline inline cursor-pointer align-baseline\"><span class=\"whitespace-normal\">Empresa de Tecnologia da Informa\u00e7\u00e3o do Cear\u00e1<\/span><\/span> (Etice).<\/p>\n<h2 data-section-id=\"1n4fe89\" data-start=\"2566\" data-end=\"2606\">Import\u00e2ncia para setores estrat\u00e9gicos<\/h2>\n<p data-start=\"2608\" data-end=\"2888\">A medi\u00e7\u00e3o precisa do tempo \u00e9 essencial para o funcionamento de diversas \u00e1reas da economia e da infraestrutura nacional. No setor de <strong>telecomunica\u00e7\u00f5es<\/strong>, por exemplo, redes m\u00f3veis e sistemas de transmiss\u00e3o de dados dependem de sincroniza\u00e7\u00e3o temporal rigorosa para operar corretamente.<\/p>\n<p data-start=\"2890\" data-end=\"3128\">No <strong>sistema<\/strong> <strong>financeiro<\/strong>, registros exatos de tempo s\u00e3o fundamentais para validar transa\u00e7\u00f5es digitais e garantir a seguran\u00e7a de opera\u00e7\u00f5es eletr\u00f4nicas, incluindo sistemas instant\u00e2neos de pagamento como o <a href=\"https:\/\/crusoe.audiencelabs.com.br\/brasileiros-preparem-se-pix-tera-6-novidades-a-partir-de-2026\/\"><span class=\"hover:entity-accent entity-underline inline cursor-pointer align-baseline\"><span class=\"whitespace-normal\">Pix<\/span><\/span><\/a>.<\/p>\n<p data-start=\"3130\" data-end=\"3388\">A <strong>navega\u00e7\u00e3o a\u00e9rea e mar\u00edtima<\/strong> tamb\u00e9m depende diretamente dessa precis\u00e3o. Tecnologias de posicionamento por sat\u00e9lite, como o <span class=\"hover:entity-accent entity-underline inline cursor-pointer align-baseline\"><span class=\"whitespace-normal\">GPS<\/span><\/span>, utilizam medi\u00e7\u00f5es temporais extremamente exatas para calcular posi\u00e7\u00f5es geogr\u00e1ficas com precis\u00e3o.<\/p>\n<p data-start=\"3390\" data-end=\"3677\" data-is-last-node=\"\" data-is-only-node=\"\">Assim, os rel\u00f3gios at\u00f4micos que sustentam a Hora Legal Brasileira formam uma infraestrutura invis\u00edvel, por\u00e9m indispens\u00e1vel. \u00c0 medida que a economia digital e os sistemas tecnol\u00f3gicos se tornam mais complexos, a import\u00e2ncia dessa rede de sincroniza\u00e7\u00e3o do tempo tende a crescer ainda mais.<\/p>\n","protected":false},"excerpt":{"rendered":"<p>A precis\u00e3o na medi\u00e7\u00e3o do tempo \u00e9 um elemento fundamental para o funcionamento de uma sociedade global conectada. No Brasil, a chamada Hora Legal Brasileira, conhecida popularmente como hor\u00e1rio de Bras\u00edlia, \u00e9 mantida por um sistema de rel\u00f3gios at\u00f4micos operado pelo Observat\u00f3rio Nacional, no Rio de Janeiro. O desenvolvimento desse sistema come\u00e7ou ainda na d\u00e9cada [&hellip;]<\/p>\n","protected":false},"author":5,"featured_media":33459,"comment_status":"open","ping_status":"open","sticky":false,"template":"","format":"standard","meta":{"jnews-multi-image_gallery":[],"jnews_single_post":{"subtitle":"","format":"standard","jnews_video_option_group":[[]],"override":[{"template":"2","parallax":"1","fullscreen":"1","layout":"right-sidebar","sidebar":"default-sidebar","second_sidebar":"default-sidebar","sticky_sidebar":"1","share_position":"hide","share_float_style":"share-monocrhome","show_featured":"1","show_post_meta":"1","show_post_author":"1","show_post_date":"1","post_date_format":"default","post_date_format_custom":"Y\/m\/d","show_post_category":"1","show_post_reading_time":"0","post_reading_time_wpm":"300","post_calculate_word_method":"str_word_count","show_zoom_button":"0","zoom_button_out_step":"2","zoom_button_in_step":"3","show_post_tag":"1","show_popup_post":"1","number_popup_post":"1","show_author_box":"1","show_post_related":"0"}],"image_override":[{"single_post_thumbnail_size":"crop-500","single_post_gallery_size":"crop-500"}],"trending_post_position":"meta","trending_post_label":"Trending","sponsored_post_label":"Sponsored by","disable_ad":"0"},"jnews_primary_category":[],"jnews_override_counter":{"view_counter_number":"0","share_counter_number":"0","like_counter_number":"0","dislike_counter_number":"0"},"jnews_post_split":{"post_split":[{"template":"1","tag":"h2","numbering":"asc","mode":"normal","first":"0","enable_toc":"0","toc_type":"normal"}]},"footnotes":""},"categories":[1],"tags":[6018,6019],"class_list":["post-33458","post","type-post","status-publish","format-standard","has-post-thumbnail","hentry","category-geral","tag-hora-legal-brasileira","tag-horario-de-brasilia"],"yoast_head":"<!-- This site is optimized with the Yoast SEO plugin v25.0 - https:\/\/yoast.com\/wordpress\/plugins\/seo\/ -->\n<title>Brasileiros usam o hor\u00e1rio de Bras\u00edlia h\u00e1 d\u00e9cadas, mas ele \u00e9 definido no Rio de Janeiro<\/title>\n<meta name=\"robots\" content=\"index, follow, max-snippet:-1, max-image-preview:large, max-video-preview:-1\" \/>\n<link rel=\"canonical\" href=\"https:\/\/crusoe.audiencelabs.com.br\/brasileiros-usam-o-horario-de-brasilia-ha-decadas-mas-ele-e-definido-no-rio-de-janeiro\/\" \/>\n<meta property=\"og:locale\" content=\"pt_BR\" \/>\n<meta property=\"og:type\" content=\"article\" \/>\n<meta property=\"og:title\" content=\"Brasileiros usam o hor\u00e1rio de Bras\u00edlia h\u00e1 d\u00e9cadas, mas ele \u00e9 definido no Rio de Janeiro\" \/>\n<meta property=\"og:description\" content=\"A precis\u00e3o na medi\u00e7\u00e3o do tempo \u00e9 um elemento fundamental para o funcionamento de uma sociedade global conectada. No Brasil, a chamada Hora Legal Brasileira, conhecida popularmente como hor\u00e1rio de Bras\u00edlia, \u00e9 mantida por um sistema de rel\u00f3gios at\u00f4micos operado pelo Observat\u00f3rio Nacional, no Rio de Janeiro. O desenvolvimento desse sistema come\u00e7ou ainda na d\u00e9cada [&hellip;]\" \/>\n<meta property=\"og:url\" content=\"https:\/\/crusoe.audiencelabs.com.br\/brasileiros-usam-o-horario-de-brasilia-ha-decadas-mas-ele-e-definido-no-rio-de-janeiro\/\" \/>\n<meta property=\"og:site_name\" content=\"Variedades - Cruso\u00e9\" \/>\n<meta property=\"article:published_time\" content=\"2026-03-09T11:08:39+00:00\" \/>\n<meta property=\"og:image\" content=\"https:\/\/cdn.crusoe.com.br\/uploads\/2026\/03\/pexels-tima-miroshnichenko-7033891-scaled.jpg\" \/>\n\t<meta property=\"og:image:width\" content=\"2560\" \/>\n\t<meta property=\"og:image:height\" content=\"1440\" \/>\n\t<meta property=\"og:image:type\" content=\"image\/jpeg\" \/>\n<meta name=\"author\" content=\"Milena Armando\" \/>\n<meta name=\"twitter:card\" content=\"summary_large_image\" \/>\n<meta name=\"twitter:label1\" content=\"Escrito por\" \/>\n\t<meta name=\"twitter:data1\" content=\"Milena Armando\" \/>\n\t<meta name=\"twitter:label2\" content=\"Est. tempo de leitura\" \/>\n\t<meta name=\"twitter:data2\" content=\"3 minutos\" \/>\n<script type=\"application\/ld+json\" class=\"yoast-schema-graph\">{\"@context\":\"https:\/\/schema.org\",\"@graph\":[{\"@type\":\"WebPage\",\"@id\":\"https:\/\/crusoe.audiencelabs.com.br\/brasileiros-usam-o-horario-de-brasilia-ha-decadas-mas-ele-e-definido-no-rio-de-janeiro\/\",\"url\":\"https:\/\/crusoe.audiencelabs.com.br\/brasileiros-usam-o-horario-de-brasilia-ha-decadas-mas-ele-e-definido-no-rio-de-janeiro\/\",\"name\":\"Brasileiros usam o hor\u00e1rio de Bras\u00edlia h\u00e1 d\u00e9cadas, mas ele \u00e9 definido no Rio de Janeiro\",\"isPartOf\":{\"@id\":\"https:\/\/crusoe.audiencelabs.com.br\/#website\"},\"primaryImageOfPage\":{\"@id\":\"https:\/\/crusoe.audiencelabs.com.br\/brasileiros-usam-o-horario-de-brasilia-ha-decadas-mas-ele-e-definido-no-rio-de-janeiro\/#primaryimage\"},\"image\":{\"@id\":\"https:\/\/crusoe.audiencelabs.com.br\/brasileiros-usam-o-horario-de-brasilia-ha-decadas-mas-ele-e-definido-no-rio-de-janeiro\/#primaryimage\"},\"thumbnailUrl\":\"https:\/\/cdn.crusoe.com.br\/uploads\/2026\/03\/pexels-tima-miroshnichenko-7033891-scaled.jpg\",\"datePublished\":\"2026-03-09T11:08:39+00:00\",\"author\":{\"@id\":\"https:\/\/crusoe.audiencelabs.com.br\/#\/schema\/person\/f87f73cfe89e5360de2c006bd4bd6a74\"},\"breadcrumb\":{\"@id\":\"https:\/\/crusoe.audiencelabs.com.br\/brasileiros-usam-o-horario-de-brasilia-ha-decadas-mas-ele-e-definido-no-rio-de-janeiro\/#breadcrumb\"},\"inLanguage\":\"pt-BR\",\"potentialAction\":[{\"@type\":\"ReadAction\",\"target\":[\"https:\/\/crusoe.audiencelabs.com.br\/brasileiros-usam-o-horario-de-brasilia-ha-decadas-mas-ele-e-definido-no-rio-de-janeiro\/\"]}]},{\"@type\":\"ImageObject\",\"inLanguage\":\"pt-BR\",\"@id\":\"https:\/\/crusoe.audiencelabs.com.br\/brasileiros-usam-o-horario-de-brasilia-ha-decadas-mas-ele-e-definido-no-rio-de-janeiro\/#primaryimage\",\"url\":\"https:\/\/cdn.crusoe.com.br\/uploads\/2026\/03\/pexels-tima-miroshnichenko-7033891-scaled.jpg\",\"contentUrl\":\"https:\/\/cdn.crusoe.com.br\/uploads\/2026\/03\/pexels-tima-miroshnichenko-7033891-scaled.jpg\",\"width\":2560,\"height\":1440,\"caption\":\"Reprodu\u00e7\u00e3o: Pexels\/Tima Miroshnichenko\"},{\"@type\":\"BreadcrumbList\",\"@id\":\"https:\/\/crusoe.audiencelabs.com.br\/brasileiros-usam-o-horario-de-brasilia-ha-decadas-mas-ele-e-definido-no-rio-de-janeiro\/#breadcrumb\",\"itemListElement\":[{\"@type\":\"ListItem\",\"position\":1,\"name\":\"Home\",\"item\":\"https:\/\/crusoe.audiencelabs.com.br\/\"},{\"@type\":\"ListItem\",\"position\":2,\"name\":\"Brasileiros usam o hor\u00e1rio de Bras\u00edlia h\u00e1 d\u00e9cadas, mas ele \u00e9 definido no Rio de Janeiro\"}]},{\"@type\":\"WebSite\",\"@id\":\"https:\/\/crusoe.audiencelabs.com.br\/#website\",\"url\":\"https:\/\/crusoe.audiencelabs.com.br\/\",\"name\":\"Variedades - Cruso\u00e9\",\"description\":\"\",\"potentialAction\":[{\"@type\":\"SearchAction\",\"target\":{\"@type\":\"EntryPoint\",\"urlTemplate\":\"https:\/\/crusoe.audiencelabs.com.br\/?s={search_term_string}\"},\"query-input\":{\"@type\":\"PropertyValueSpecification\",\"valueRequired\":true,\"valueName\":\"search_term_string\"}}],\"inLanguage\":\"pt-BR\"},{\"@type\":\"Person\",\"@id\":\"https:\/\/crusoe.audiencelabs.com.br\/#\/schema\/person\/f87f73cfe89e5360de2c006bd4bd6a74\",\"name\":\"Milena Armando\",\"image\":{\"@type\":\"ImageObject\",\"inLanguage\":\"pt-BR\",\"@id\":\"https:\/\/crusoe.audiencelabs.com.br\/#\/schema\/person\/image\/\",\"url\":\"https:\/\/secure.gravatar.com\/avatar\/ea14ecddc9e9d202b698b18f9f69e09c9fd74cfbed5c6008d55f11faefdbdab7?s=96&d=mm&r=g\",\"contentUrl\":\"https:\/\/secure.gravatar.com\/avatar\/ea14ecddc9e9d202b698b18f9f69e09c9fd74cfbed5c6008d55f11faefdbdab7?s=96&d=mm&r=g\",\"caption\":\"Milena Armando\"},\"description\":\"Jornalista, redatora e revisora.\",\"url\":\"https:\/\/crusoe.audiencelabs.com.br\/author\/milena\/\"}]}<\/script>\n<!-- \/ Yoast SEO plugin. -->","yoast_head_json":{"title":"Brasileiros usam o hor\u00e1rio de Bras\u00edlia h\u00e1 d\u00e9cadas, mas ele \u00e9 definido no Rio de Janeiro","robots":{"index":"index","follow":"follow","max-snippet":"max-snippet:-1","max-image-preview":"max-image-preview:large","max-video-preview":"max-video-preview:-1"},"canonical":"https:\/\/crusoe.audiencelabs.com.br\/brasileiros-usam-o-horario-de-brasilia-ha-decadas-mas-ele-e-definido-no-rio-de-janeiro\/","og_locale":"pt_BR","og_type":"article","og_title":"Brasileiros usam o hor\u00e1rio de Bras\u00edlia h\u00e1 d\u00e9cadas, mas ele \u00e9 definido no Rio de Janeiro","og_description":"A precis\u00e3o na medi\u00e7\u00e3o do tempo \u00e9 um elemento fundamental para o funcionamento de uma sociedade global conectada. No Brasil, a chamada Hora Legal Brasileira, conhecida popularmente como hor\u00e1rio de Bras\u00edlia, \u00e9 mantida por um sistema de rel\u00f3gios at\u00f4micos operado pelo Observat\u00f3rio Nacional, no Rio de Janeiro. O desenvolvimento desse sistema come\u00e7ou ainda na d\u00e9cada [&hellip;]","og_url":"https:\/\/crusoe.audiencelabs.com.br\/brasileiros-usam-o-horario-de-brasilia-ha-decadas-mas-ele-e-definido-no-rio-de-janeiro\/","og_site_name":"Variedades - Cruso\u00e9","article_published_time":"2026-03-09T11:08:39+00:00","og_image":[{"width":2560,"height":1440,"url":"https:\/\/cdn.crusoe.com.br\/uploads\/2026\/03\/pexels-tima-miroshnichenko-7033891-scaled.jpg","type":"image\/jpeg"}],"author":"Milena Armando","twitter_card":"summary_large_image","twitter_misc":{"Escrito por":"Milena Armando","Est. tempo de leitura":"3 minutos"},"schema":{"@context":"https:\/\/schema.org","@graph":[{"@type":"WebPage","@id":"https:\/\/crusoe.audiencelabs.com.br\/brasileiros-usam-o-horario-de-brasilia-ha-decadas-mas-ele-e-definido-no-rio-de-janeiro\/","url":"https:\/\/crusoe.audiencelabs.com.br\/brasileiros-usam-o-horario-de-brasilia-ha-decadas-mas-ele-e-definido-no-rio-de-janeiro\/","name":"Brasileiros usam o hor\u00e1rio de Bras\u00edlia h\u00e1 d\u00e9cadas, mas ele \u00e9 definido no Rio de Janeiro","isPartOf":{"@id":"https:\/\/crusoe.audiencelabs.com.br\/#website"},"primaryImageOfPage":{"@id":"https:\/\/crusoe.audiencelabs.com.br\/brasileiros-usam-o-horario-de-brasilia-ha-decadas-mas-ele-e-definido-no-rio-de-janeiro\/#primaryimage"},"image":{"@id":"https:\/\/crusoe.audiencelabs.com.br\/brasileiros-usam-o-horario-de-brasilia-ha-decadas-mas-ele-e-definido-no-rio-de-janeiro\/#primaryimage"},"thumbnailUrl":"https:\/\/cdn.crusoe.com.br\/uploads\/2026\/03\/pexels-tima-miroshnichenko-7033891-scaled.jpg","datePublished":"2026-03-09T11:08:39+00:00","author":{"@id":"https:\/\/crusoe.audiencelabs.com.br\/#\/schema\/person\/f87f73cfe89e5360de2c006bd4bd6a74"},"breadcrumb":{"@id":"https:\/\/crusoe.audiencelabs.com.br\/brasileiros-usam-o-horario-de-brasilia-ha-decadas-mas-ele-e-definido-no-rio-de-janeiro\/#breadcrumb"},"inLanguage":"pt-BR","potentialAction":[{"@type":"ReadAction","target":["https:\/\/crusoe.audiencelabs.com.br\/brasileiros-usam-o-horario-de-brasilia-ha-decadas-mas-ele-e-definido-no-rio-de-janeiro\/"]}]},{"@type":"ImageObject","inLanguage":"pt-BR","@id":"https:\/\/crusoe.audiencelabs.com.br\/brasileiros-usam-o-horario-de-brasilia-ha-decadas-mas-ele-e-definido-no-rio-de-janeiro\/#primaryimage","url":"https:\/\/cdn.crusoe.com.br\/uploads\/2026\/03\/pexels-tima-miroshnichenko-7033891-scaled.jpg","contentUrl":"https:\/\/cdn.crusoe.com.br\/uploads\/2026\/03\/pexels-tima-miroshnichenko-7033891-scaled.jpg","width":2560,"height":1440,"caption":"Reprodu\u00e7\u00e3o: Pexels\/Tima Miroshnichenko"},{"@type":"BreadcrumbList","@id":"https:\/\/crusoe.audiencelabs.com.br\/brasileiros-usam-o-horario-de-brasilia-ha-decadas-mas-ele-e-definido-no-rio-de-janeiro\/#breadcrumb","itemListElement":[{"@type":"ListItem","position":1,"name":"Home","item":"https:\/\/crusoe.audiencelabs.com.br\/"},{"@type":"ListItem","position":2,"name":"Brasileiros usam o hor\u00e1rio de Bras\u00edlia h\u00e1 d\u00e9cadas, mas ele \u00e9 definido no Rio de Janeiro"}]},{"@type":"WebSite","@id":"https:\/\/crusoe.audiencelabs.com.br\/#website","url":"https:\/\/crusoe.audiencelabs.com.br\/","name":"Variedades - Cruso\u00e9","description":"","potentialAction":[{"@type":"SearchAction","target":{"@type":"EntryPoint","urlTemplate":"https:\/\/crusoe.audiencelabs.com.br\/?s={search_term_string}"},"query-input":{"@type":"PropertyValueSpecification","valueRequired":true,"valueName":"search_term_string"}}],"inLanguage":"pt-BR"},{"@type":"Person","@id":"https:\/\/crusoe.audiencelabs.com.br\/#\/schema\/person\/f87f73cfe89e5360de2c006bd4bd6a74","name":"Milena Armando","image":{"@type":"ImageObject","inLanguage":"pt-BR","@id":"https:\/\/crusoe.audiencelabs.com.br\/#\/schema\/person\/image\/","url":"https:\/\/secure.gravatar.com\/avatar\/ea14ecddc9e9d202b698b18f9f69e09c9fd74cfbed5c6008d55f11faefdbdab7?s=96&d=mm&r=g","contentUrl":"https:\/\/secure.gravatar.com\/avatar\/ea14ecddc9e9d202b698b18f9f69e09c9fd74cfbed5c6008d55f11faefdbdab7?s=96&d=mm&r=g","caption":"Milena Armando"},"description":"Jornalista, redatora e revisora.","url":"https:\/\/crusoe.audiencelabs.com.br\/author\/milena\/"}]}},"_links":{"self":[{"href":"https:\/\/crusoe.audiencelabs.com.br\/wp-json\/wp\/v2\/posts\/33458","targetHints":{"allow":["GET"]}}],"collection":[{"href":"https:\/\/crusoe.audiencelabs.com.br\/wp-json\/wp\/v2\/posts"}],"about":[{"href":"https:\/\/crusoe.audiencelabs.com.br\/wp-json\/wp\/v2\/types\/post"}],"author":[{"embeddable":true,"href":"https:\/\/crusoe.audiencelabs.com.br\/wp-json\/wp\/v2\/users\/5"}],"replies":[{"embeddable":true,"href":"https:\/\/crusoe.audiencelabs.com.br\/wp-json\/wp\/v2\/comments?post=33458"}],"version-history":[{"count":4,"href":"https:\/\/crusoe.audiencelabs.com.br\/wp-json\/wp\/v2\/posts\/33458\/revisions"}],"predecessor-version":[{"id":33461,"href":"https:\/\/crusoe.audiencelabs.com.br\/wp-json\/wp\/v2\/posts\/33458\/revisions\/33461"}],"wp:featuredmedia":[{"embeddable":true,"href":"https:\/\/crusoe.audiencelabs.com.br\/wp-json\/wp\/v2\/media\/33459"}],"wp:attachment":[{"href":"https:\/\/crusoe.audiencelabs.com.br\/wp-json\/wp\/v2\/media?parent=33458"}],"wp:term":[{"taxonomy":"category","embeddable":true,"href":"https:\/\/crusoe.audiencelabs.com.br\/wp-json\/wp\/v2\/categories?post=33458"},{"taxonomy":"post_tag","embeddable":true,"href":"https:\/\/crusoe.audiencelabs.com.br\/wp-json\/wp\/v2\/tags?post=33458"}],"curies":[{"name":"wp","href":"https:\/\/api.w.org\/{rel}","templated":true}]}}