{"id":33452,"date":"2026-03-09T07:35:49","date_gmt":"2026-03-09T10:35:49","guid":{"rendered":"https:\/\/crusoe.audiencelabs.com.br\/?p=33452"},"modified":"2026-03-08T11:27:59","modified_gmt":"2026-03-08T14:27:59","slug":"apos-8-anos-longe-das-novelas-ator-classico-da-globo-esta-de-volta-a-tv","status":"publish","type":"post","link":"https:\/\/crusoe.audiencelabs.com.br\/apos-8-anos-longe-das-novelas-ator-classico-da-globo-esta-de-volta-a-tv\/","title":{"rendered":"Ap\u00f3s 8 anos longe das novelas, ator cl\u00e1ssico da Globo est\u00e1 de volta \u00e0 TV"},"content":{"rendered":"<p data-start=\"0\" data-end=\"273\">O ator <strong><span class=\"hover:entity-accent entity-underline inline cursor-pointer align-baseline\"><span class=\"whitespace-normal\">Luiz Fernando Guimar\u00e3es<\/span><\/span><\/strong> <strong>retorna \u00e0s novelas ap\u00f3s oito anos<\/strong> afastado das produ\u00e7\u00f5es da <span class=\"hover:entity-accent entity-underline inline cursor-pointer align-baseline\"><span class=\"whitespace-normal\">TV Globo<\/span><\/span>. Aos 76 anos, o artista far\u00e1 uma participa\u00e7\u00e3o em <strong><span class=\"hover:entity-accent entity-underline inline cursor-pointer align-baseline\"><span class=\"whitespace-normal\">Tr\u00eas Gra\u00e7as<\/span><\/span><\/strong>, onde dar\u00e1 vida ao personagem <strong>Michelangelo<\/strong>.<\/p>\n<p data-start=\"275\" data-end=\"646\">Na trama, Michelangelo integra o n\u00facleo de Lorena, personagem de <span class=\"hover:entity-accent entity-underline inline cursor-pointer align-baseline\"><span class=\"whitespace-normal\">Alanis Guillen<\/span><\/span>, e de sua namorada Juquinha, interpretada por <span class=\"hover:entity-accent entity-underline inline cursor-pointer align-baseline\"><span class=\"whitespace-normal\">Gabriela Medvedovsky<\/span><\/span>.<\/p>\n<p data-start=\"275\" data-end=\"646\">Em uma das cenas previstas, Lorena e Juquinha trocam carinhos \u00e0 beira da piscina enquanto Michelangelo observa a situa\u00e7\u00e3o e faz coment\u00e1rios.<\/p>\n<h2 data-section-id=\"1j3dyxy\" data-start=\"648\" data-end=\"670\">Retorno do ator \u00e0s novelas<\/h2>\n<p data-start=\"672\" data-end=\"955\">Conhecido pela versatilidade ao transitar entre o drama e a com\u00e9dia, Luiz Fernando Guimar\u00e3es construiu grande parte de sua trajet\u00f3ria na Globo.<\/p>\n<p data-start=\"672\" data-end=\"955\">O retorno do ator \u00e0 emissora tamb\u00e9m dialoga com uma estrat\u00e9gia de resgatar nomes marcantes da dramaturgia e do humor televisivo brasileiro.<\/p>\n<p data-start=\"957\" data-end=\"1190\">O p\u00fablico acompanha a carreira do artista desde produ\u00e7\u00f5es que se tornaram refer\u00eancia, como <span class=\"hover:entity-accent entity-underline inline cursor-pointer align-baseline\"><span class=\"whitespace-normal\">Os Normais<\/span><\/span> e <span class=\"hover:entity-accent entity-underline inline cursor-pointer align-baseline\"><span class=\"whitespace-normal\">TV Pirata<\/span><\/span>, que consolidaram sua popularidade ao longo das \u00faltimas d\u00e9cadas.<\/p>\n<figure id=\"attachment_33456\" aria-describedby=\"caption-attachment-33456\" style=\"width: 984px\" class=\"wp-caption aligncenter\"><img loading=\"lazy\" decoding=\"async\" class=\"wp-image-33456 size-full\" src=\"https:\/\/cdn.crusoe.com.br\/uploads\/2026\/03\/5678.webp\" alt=\"\" width=\"984\" height=\"632\" srcset=\"https:\/\/cdn.crusoe.com.br\/uploads\/2026\/03\/5678.webp 984w, https:\/\/cdn.crusoe.com.br\/uploads\/2026\/03\/5678-300x193.webp 300w, https:\/\/cdn.crusoe.com.br\/uploads\/2026\/03\/5678-768x493.webp 768w, https:\/\/cdn.crusoe.com.br\/uploads\/2026\/03\/5678-750x482.webp 750w\" sizes=\"auto, (max-width: 984px) 100vw, 984px\" \/><figcaption id=\"caption-attachment-33456\" class=\"wp-caption-text\"><strong>Luiz Fernando Guimar\u00e3es- Reprodu\u00e7\u00e3o: Ana Branco\/Ag\u00eancia O Globo<\/strong><\/figcaption><\/figure>\n<h2 data-section-id=\"uxy0tv\" data-start=\"1192\" data-end=\"1227\">Um novo cap\u00edtulo na dramaturgia<\/h2>\n<p data-start=\"1229\" data-end=\"1451\">A novela Tr\u00eas Gra\u00e7as tem apostado em narrativas que repercutem nas redes sociais. Entre elas est\u00e1 o casal apelidado pelos f\u00e3s de \u201cLoquinha\u201d, formado por Lorena e Juquinha, que vem gerando discuss\u00f5es online.<\/p>\n<p data-start=\"1453\" data-end=\"1647\">Nesse contexto, a presen\u00e7a de Luiz Fernando Guimar\u00e3es busca ampliar o alcance da produ\u00e7\u00e3o, combinando nostalgia, representada pelo retorno do ator, com elementos contempor\u00e2neos da narrativa.<\/p>\n<p data-start=\"957\" data-end=\"1190\">A grava\u00e7\u00e3o acontece nesta segunda-feira (9), em um clube no Leblon, na Zona Sul da capital carioca.<\/p>\n<h2 data-section-id=\"36ul55\" data-start=\"1649\" data-end=\"1675\">Impacto e expectativas<\/h2>\n<p data-start=\"1677\" data-end=\"1979\">Exibida no hor\u00e1rio nobre, Tr\u00eas Gra\u00e7as sucede a novela <span class=\"hover:entity-accent entity-underline inline cursor-pointer align-baseline\"><span class=\"whitespace-normal\">Vale Tudo<\/span><\/span> na grade da Globo.\u00a0A introdu\u00e7\u00e3o de Michelangelo no n\u00facleo central da trama refor\u00e7a a aposta da emissora em unir diferentes gera\u00e7\u00f5es de talentos e ampliar o interesse do p\u00fablico.<\/p>\n<p data-start=\"1981\" data-end=\"2235\" data-is-last-node=\"\" data-is-only-node=\"\">Com um enredo marcado por rela\u00e7\u00f5es complexas e personagens diversos, a novela ganha novos desdobramentos com a chegada do personagem de Guimar\u00e3es, consolidando a produ\u00e7\u00e3o como um ponto de encontro entre tradi\u00e7\u00e3o e renova\u00e7\u00e3o na teledramaturgia brasileira.<\/p>\n","protected":false},"excerpt":{"rendered":"<p>O ator Luiz Fernando Guimar\u00e3es retorna \u00e0s novelas ap\u00f3s oito anos afastado das produ\u00e7\u00f5es da TV Globo. Aos 76 anos, o artista far\u00e1 uma participa\u00e7\u00e3o em Tr\u00eas Gra\u00e7as, onde dar\u00e1 vida ao personagem Michelangelo. Na trama, Michelangelo integra o n\u00facleo de Lorena, personagem de Alanis Guillen, e de sua namorada Juquinha, interpretada por Gabriela Medvedovsky. [&hellip;]<\/p>\n","protected":false},"author":5,"featured_media":33453,"comment_status":"open","ping_status":"open","sticky":false,"template":"","format":"standard","meta":{"jnews-multi-image_gallery":[],"jnews_single_post":{"subtitle":"","format":"standard","jnews_video_option_group":[[]],"override":[{"template":"2","parallax":"1","fullscreen":"1","layout":"right-sidebar","sidebar":"default-sidebar","second_sidebar":"default-sidebar","sticky_sidebar":"1","share_position":"hide","share_float_style":"share-monocrhome","show_featured":"1","show_post_meta":"1","show_post_author":"1","show_post_date":"1","post_date_format":"default","post_date_format_custom":"Y\/m\/d","show_post_category":"1","show_post_reading_time":"0","post_reading_time_wpm":"300","post_calculate_word_method":"str_word_count","show_zoom_button":"0","zoom_button_out_step":"2","zoom_button_in_step":"3","show_post_tag":"1","show_popup_post":"1","number_popup_post":"1","show_author_box":"1","show_post_related":"0"}],"image_override":[{"single_post_thumbnail_size":"crop-500","single_post_gallery_size":"crop-500"}],"trending_post_position":"meta","trending_post_label":"Trending","sponsored_post_label":"Sponsored by","disable_ad":"0"},"jnews_primary_category":[],"jnews_override_counter":{"view_counter_number":"0","share_counter_number":"0","like_counter_number":"0","dislike_counter_number":"0"},"jnews_post_split":{"post_split":[{"template":"1","tag":"h2","numbering":"asc","mode":"normal","first":"0","enable_toc":"0","toc_type":"normal"}]},"footnotes":""},"categories":[1],"tags":[87,6017,4089,6016],"class_list":["post-33452","post","type-post","status-publish","format-standard","has-post-thumbnail","hentry","category-geral","tag-globo","tag-luiz-fernando-guimaraes","tag-novela","tag-tres-gracas"],"yoast_head":"<!-- This site is optimized with the Yoast SEO plugin v25.0 - https:\/\/yoast.com\/wordpress\/plugins\/seo\/ -->\n<title>Ap\u00f3s 8 anos longe das novelas, ator cl\u00e1ssico da Globo est\u00e1 de volta \u00e0 TV<\/title>\n<meta name=\"robots\" content=\"index, follow, max-snippet:-1, max-image-preview:large, max-video-preview:-1\" \/>\n<link rel=\"canonical\" href=\"https:\/\/crusoe.audiencelabs.com.br\/apos-8-anos-longe-das-novelas-ator-classico-da-globo-esta-de-volta-a-tv\/\" \/>\n<meta property=\"og:locale\" content=\"pt_BR\" \/>\n<meta property=\"og:type\" content=\"article\" \/>\n<meta property=\"og:title\" content=\"Ap\u00f3s 8 anos longe das novelas, ator cl\u00e1ssico da Globo est\u00e1 de volta \u00e0 TV\" \/>\n<meta property=\"og:description\" content=\"O ator Luiz Fernando Guimar\u00e3es retorna \u00e0s novelas ap\u00f3s oito anos afastado das produ\u00e7\u00f5es da TV Globo. Aos 76 anos, o artista far\u00e1 uma participa\u00e7\u00e3o em Tr\u00eas Gra\u00e7as, onde dar\u00e1 vida ao personagem Michelangelo. Na trama, Michelangelo integra o n\u00facleo de Lorena, personagem de Alanis Guillen, e de sua namorada Juquinha, interpretada por Gabriela Medvedovsky. [&hellip;]\" \/>\n<meta property=\"og:url\" content=\"https:\/\/crusoe.audiencelabs.com.br\/apos-8-anos-longe-das-novelas-ator-classico-da-globo-esta-de-volta-a-tv\/\" \/>\n<meta property=\"og:site_name\" content=\"Variedades - Cruso\u00e9\" \/>\n<meta property=\"article:published_time\" content=\"2026-03-09T10:35:49+00:00\" \/>\n<meta property=\"og:image\" content=\"https:\/\/cdn.crusoe.com.br\/uploads\/2026\/03\/pexels-karola-g-5202954-scaled.jpg\" \/>\n\t<meta property=\"og:image:width\" content=\"2560\" \/>\n\t<meta property=\"og:image:height\" content=\"1707\" \/>\n\t<meta property=\"og:image:type\" content=\"image\/jpeg\" \/>\n<meta name=\"author\" content=\"Milena Armando\" \/>\n<meta name=\"twitter:card\" content=\"summary_large_image\" \/>\n<meta name=\"twitter:label1\" content=\"Escrito por\" \/>\n\t<meta name=\"twitter:data1\" content=\"Milena Armando\" \/>\n\t<meta name=\"twitter:label2\" content=\"Est. tempo de leitura\" \/>\n\t<meta name=\"twitter:data2\" content=\"3 minutos\" \/>\n<script type=\"application\/ld+json\" class=\"yoast-schema-graph\">{\"@context\":\"https:\/\/schema.org\",\"@graph\":[{\"@type\":\"WebPage\",\"@id\":\"https:\/\/crusoe.audiencelabs.com.br\/apos-8-anos-longe-das-novelas-ator-classico-da-globo-esta-de-volta-a-tv\/\",\"url\":\"https:\/\/crusoe.audiencelabs.com.br\/apos-8-anos-longe-das-novelas-ator-classico-da-globo-esta-de-volta-a-tv\/\",\"name\":\"Ap\u00f3s 8 anos longe das novelas, ator cl\u00e1ssico da Globo est\u00e1 de volta \u00e0 TV\",\"isPartOf\":{\"@id\":\"https:\/\/crusoe.audiencelabs.com.br\/#website\"},\"primaryImageOfPage\":{\"@id\":\"https:\/\/crusoe.audiencelabs.com.br\/apos-8-anos-longe-das-novelas-ator-classico-da-globo-esta-de-volta-a-tv\/#primaryimage\"},\"image\":{\"@id\":\"https:\/\/crusoe.audiencelabs.com.br\/apos-8-anos-longe-das-novelas-ator-classico-da-globo-esta-de-volta-a-tv\/#primaryimage\"},\"thumbnailUrl\":\"https:\/\/cdn.crusoe.com.br\/uploads\/2026\/03\/pexels-karola-g-5202954-scaled.jpg\",\"datePublished\":\"2026-03-09T10:35:49+00:00\",\"author\":{\"@id\":\"https:\/\/crusoe.audiencelabs.com.br\/#\/schema\/person\/f87f73cfe89e5360de2c006bd4bd6a74\"},\"breadcrumb\":{\"@id\":\"https:\/\/crusoe.audiencelabs.com.br\/apos-8-anos-longe-das-novelas-ator-classico-da-globo-esta-de-volta-a-tv\/#breadcrumb\"},\"inLanguage\":\"pt-BR\",\"potentialAction\":[{\"@type\":\"ReadAction\",\"target\":[\"https:\/\/crusoe.audiencelabs.com.br\/apos-8-anos-longe-das-novelas-ator-classico-da-globo-esta-de-volta-a-tv\/\"]}]},{\"@type\":\"ImageObject\",\"inLanguage\":\"pt-BR\",\"@id\":\"https:\/\/crusoe.audiencelabs.com.br\/apos-8-anos-longe-das-novelas-ator-classico-da-globo-esta-de-volta-a-tv\/#primaryimage\",\"url\":\"https:\/\/cdn.crusoe.com.br\/uploads\/2026\/03\/pexels-karola-g-5202954-scaled.jpg\",\"contentUrl\":\"https:\/\/cdn.crusoe.com.br\/uploads\/2026\/03\/pexels-karola-g-5202954-scaled.jpg\",\"width\":2560,\"height\":1707,\"caption\":\"Reprodu\u00e7\u00e3o: Pexels\/ www.kaboompics.com\"},{\"@type\":\"BreadcrumbList\",\"@id\":\"https:\/\/crusoe.audiencelabs.com.br\/apos-8-anos-longe-das-novelas-ator-classico-da-globo-esta-de-volta-a-tv\/#breadcrumb\",\"itemListElement\":[{\"@type\":\"ListItem\",\"position\":1,\"name\":\"Home\",\"item\":\"https:\/\/crusoe.audiencelabs.com.br\/\"},{\"@type\":\"ListItem\",\"position\":2,\"name\":\"Ap\u00f3s 8 anos longe das novelas, ator cl\u00e1ssico da Globo est\u00e1 de volta \u00e0 TV\"}]},{\"@type\":\"WebSite\",\"@id\":\"https:\/\/crusoe.audiencelabs.com.br\/#website\",\"url\":\"https:\/\/crusoe.audiencelabs.com.br\/\",\"name\":\"Variedades - Cruso\u00e9\",\"description\":\"\",\"potentialAction\":[{\"@type\":\"SearchAction\",\"target\":{\"@type\":\"EntryPoint\",\"urlTemplate\":\"https:\/\/crusoe.audiencelabs.com.br\/?s={search_term_string}\"},\"query-input\":{\"@type\":\"PropertyValueSpecification\",\"valueRequired\":true,\"valueName\":\"search_term_string\"}}],\"inLanguage\":\"pt-BR\"},{\"@type\":\"Person\",\"@id\":\"https:\/\/crusoe.audiencelabs.com.br\/#\/schema\/person\/f87f73cfe89e5360de2c006bd4bd6a74\",\"name\":\"Milena Armando\",\"image\":{\"@type\":\"ImageObject\",\"inLanguage\":\"pt-BR\",\"@id\":\"https:\/\/crusoe.audiencelabs.com.br\/#\/schema\/person\/image\/\",\"url\":\"https:\/\/secure.gravatar.com\/avatar\/ea14ecddc9e9d202b698b18f9f69e09c9fd74cfbed5c6008d55f11faefdbdab7?s=96&d=mm&r=g\",\"contentUrl\":\"https:\/\/secure.gravatar.com\/avatar\/ea14ecddc9e9d202b698b18f9f69e09c9fd74cfbed5c6008d55f11faefdbdab7?s=96&d=mm&r=g\",\"caption\":\"Milena Armando\"},\"description\":\"Jornalista, redatora e revisora.\",\"url\":\"https:\/\/crusoe.audiencelabs.com.br\/author\/milena\/\"}]}<\/script>\n<!-- \/ Yoast SEO plugin. -->","yoast_head_json":{"title":"Ap\u00f3s 8 anos longe das novelas, ator cl\u00e1ssico da Globo est\u00e1 de volta \u00e0 TV","robots":{"index":"index","follow":"follow","max-snippet":"max-snippet:-1","max-image-preview":"max-image-preview:large","max-video-preview":"max-video-preview:-1"},"canonical":"https:\/\/crusoe.audiencelabs.com.br\/apos-8-anos-longe-das-novelas-ator-classico-da-globo-esta-de-volta-a-tv\/","og_locale":"pt_BR","og_type":"article","og_title":"Ap\u00f3s 8 anos longe das novelas, ator cl\u00e1ssico da Globo est\u00e1 de volta \u00e0 TV","og_description":"O ator Luiz Fernando Guimar\u00e3es retorna \u00e0s novelas ap\u00f3s oito anos afastado das produ\u00e7\u00f5es da TV Globo. Aos 76 anos, o artista far\u00e1 uma participa\u00e7\u00e3o em Tr\u00eas Gra\u00e7as, onde dar\u00e1 vida ao personagem Michelangelo. Na trama, Michelangelo integra o n\u00facleo de Lorena, personagem de Alanis Guillen, e de sua namorada Juquinha, interpretada por Gabriela Medvedovsky. [&hellip;]","og_url":"https:\/\/crusoe.audiencelabs.com.br\/apos-8-anos-longe-das-novelas-ator-classico-da-globo-esta-de-volta-a-tv\/","og_site_name":"Variedades - Cruso\u00e9","article_published_time":"2026-03-09T10:35:49+00:00","og_image":[{"width":2560,"height":1707,"url":"https:\/\/cdn.crusoe.com.br\/uploads\/2026\/03\/pexels-karola-g-5202954-scaled.jpg","type":"image\/jpeg"}],"author":"Milena Armando","twitter_card":"summary_large_image","twitter_misc":{"Escrito por":"Milena Armando","Est. tempo de leitura":"3 minutos"},"schema":{"@context":"https:\/\/schema.org","@graph":[{"@type":"WebPage","@id":"https:\/\/crusoe.audiencelabs.com.br\/apos-8-anos-longe-das-novelas-ator-classico-da-globo-esta-de-volta-a-tv\/","url":"https:\/\/crusoe.audiencelabs.com.br\/apos-8-anos-longe-das-novelas-ator-classico-da-globo-esta-de-volta-a-tv\/","name":"Ap\u00f3s 8 anos longe das novelas, ator cl\u00e1ssico da Globo est\u00e1 de volta \u00e0 TV","isPartOf":{"@id":"https:\/\/crusoe.audiencelabs.com.br\/#website"},"primaryImageOfPage":{"@id":"https:\/\/crusoe.audiencelabs.com.br\/apos-8-anos-longe-das-novelas-ator-classico-da-globo-esta-de-volta-a-tv\/#primaryimage"},"image":{"@id":"https:\/\/crusoe.audiencelabs.com.br\/apos-8-anos-longe-das-novelas-ator-classico-da-globo-esta-de-volta-a-tv\/#primaryimage"},"thumbnailUrl":"https:\/\/cdn.crusoe.com.br\/uploads\/2026\/03\/pexels-karola-g-5202954-scaled.jpg","datePublished":"2026-03-09T10:35:49+00:00","author":{"@id":"https:\/\/crusoe.audiencelabs.com.br\/#\/schema\/person\/f87f73cfe89e5360de2c006bd4bd6a74"},"breadcrumb":{"@id":"https:\/\/crusoe.audiencelabs.com.br\/apos-8-anos-longe-das-novelas-ator-classico-da-globo-esta-de-volta-a-tv\/#breadcrumb"},"inLanguage":"pt-BR","potentialAction":[{"@type":"ReadAction","target":["https:\/\/crusoe.audiencelabs.com.br\/apos-8-anos-longe-das-novelas-ator-classico-da-globo-esta-de-volta-a-tv\/"]}]},{"@type":"ImageObject","inLanguage":"pt-BR","@id":"https:\/\/crusoe.audiencelabs.com.br\/apos-8-anos-longe-das-novelas-ator-classico-da-globo-esta-de-volta-a-tv\/#primaryimage","url":"https:\/\/cdn.crusoe.com.br\/uploads\/2026\/03\/pexels-karola-g-5202954-scaled.jpg","contentUrl":"https:\/\/cdn.crusoe.com.br\/uploads\/2026\/03\/pexels-karola-g-5202954-scaled.jpg","width":2560,"height":1707,"caption":"Reprodu\u00e7\u00e3o: Pexels\/ www.kaboompics.com"},{"@type":"BreadcrumbList","@id":"https:\/\/crusoe.audiencelabs.com.br\/apos-8-anos-longe-das-novelas-ator-classico-da-globo-esta-de-volta-a-tv\/#breadcrumb","itemListElement":[{"@type":"ListItem","position":1,"name":"Home","item":"https:\/\/crusoe.audiencelabs.com.br\/"},{"@type":"ListItem","position":2,"name":"Ap\u00f3s 8 anos longe das novelas, ator cl\u00e1ssico da Globo est\u00e1 de volta \u00e0 TV"}]},{"@type":"WebSite","@id":"https:\/\/crusoe.audiencelabs.com.br\/#website","url":"https:\/\/crusoe.audiencelabs.com.br\/","name":"Variedades - Cruso\u00e9","description":"","potentialAction":[{"@type":"SearchAction","target":{"@type":"EntryPoint","urlTemplate":"https:\/\/crusoe.audiencelabs.com.br\/?s={search_term_string}"},"query-input":{"@type":"PropertyValueSpecification","valueRequired":true,"valueName":"search_term_string"}}],"inLanguage":"pt-BR"},{"@type":"Person","@id":"https:\/\/crusoe.audiencelabs.com.br\/#\/schema\/person\/f87f73cfe89e5360de2c006bd4bd6a74","name":"Milena Armando","image":{"@type":"ImageObject","inLanguage":"pt-BR","@id":"https:\/\/crusoe.audiencelabs.com.br\/#\/schema\/person\/image\/","url":"https:\/\/secure.gravatar.com\/avatar\/ea14ecddc9e9d202b698b18f9f69e09c9fd74cfbed5c6008d55f11faefdbdab7?s=96&d=mm&r=g","contentUrl":"https:\/\/secure.gravatar.com\/avatar\/ea14ecddc9e9d202b698b18f9f69e09c9fd74cfbed5c6008d55f11faefdbdab7?s=96&d=mm&r=g","caption":"Milena Armando"},"description":"Jornalista, redatora e revisora.","url":"https:\/\/crusoe.audiencelabs.com.br\/author\/milena\/"}]}},"_links":{"self":[{"href":"https:\/\/crusoe.audiencelabs.com.br\/wp-json\/wp\/v2\/posts\/33452","targetHints":{"allow":["GET"]}}],"collection":[{"href":"https:\/\/crusoe.audiencelabs.com.br\/wp-json\/wp\/v2\/posts"}],"about":[{"href":"https:\/\/crusoe.audiencelabs.com.br\/wp-json\/wp\/v2\/types\/post"}],"author":[{"embeddable":true,"href":"https:\/\/crusoe.audiencelabs.com.br\/wp-json\/wp\/v2\/users\/5"}],"replies":[{"embeddable":true,"href":"https:\/\/crusoe.audiencelabs.com.br\/wp-json\/wp\/v2\/comments?post=33452"}],"version-history":[{"count":3,"href":"https:\/\/crusoe.audiencelabs.com.br\/wp-json\/wp\/v2\/posts\/33452\/revisions"}],"predecessor-version":[{"id":33455,"href":"https:\/\/crusoe.audiencelabs.com.br\/wp-json\/wp\/v2\/posts\/33452\/revisions\/33455"}],"wp:featuredmedia":[{"embeddable":true,"href":"https:\/\/crusoe.audiencelabs.com.br\/wp-json\/wp\/v2\/media\/33453"}],"wp:attachment":[{"href":"https:\/\/crusoe.audiencelabs.com.br\/wp-json\/wp\/v2\/media?parent=33452"}],"wp:term":[{"taxonomy":"category","embeddable":true,"href":"https:\/\/crusoe.audiencelabs.com.br\/wp-json\/wp\/v2\/categories?post=33452"},{"taxonomy":"post_tag","embeddable":true,"href":"https:\/\/crusoe.audiencelabs.com.br\/wp-json\/wp\/v2\/tags?post=33452"}],"curies":[{"name":"wp","href":"https:\/\/api.w.org\/{rel}","templated":true}]}}