{"id":33448,"date":"2026-03-09T07:03:12","date_gmt":"2026-03-09T10:03:12","guid":{"rendered":"https:\/\/crusoe.audiencelabs.com.br\/?p=33448"},"modified":"2026-03-08T11:15:19","modified_gmt":"2026-03-08T14:15:19","slug":"justica-manda-prender-novamente-o-goleiro-bruno-apos-ele-quebrar-mais-uma-regra","status":"publish","type":"post","link":"https:\/\/crusoe.audiencelabs.com.br\/justica-manda-prender-novamente-o-goleiro-bruno-apos-ele-quebrar-mais-uma-regra\/","title":{"rendered":"Justi\u00e7a manda prender novamente o goleiro Bruno ap\u00f3s ele quebrar mais uma regra"},"content":{"rendered":"<p><span style=\"font-weight: 400\">O <strong>goleiro Bruno Fernandes, condenado pelo assassinato de Eliza Samudio,<\/strong> est\u00e1 de volta \u00e0 pris\u00e3o ap\u00f3s a Justi\u00e7a do Rio de Janeiro<strong> revogar sua liberdade condicional<\/strong>.\u00a0<\/span><\/p>\n<p><span style=\"font-weight: 400\">Em fevereiro, Bruno violou as condi\u00e7\u00f5es impostas ao <strong>viajar para o Acre (AM) sem autoriza\u00e7\u00e3o,<\/strong> para participar de uma partida de futebol pela Copa do Brasil defendendo o clube Vasco-AC. Essa a\u00e7\u00e3o foi suficiente para anular o benef\u00edcio concedido anteriormente.<\/span><\/p>\n<h2><span style=\"font-weight: 400\">Decis\u00e3o judicial e implica\u00e7\u00f5es legais<\/span><\/h2>\n<p><span style=\"font-weight: 400\">A decis\u00e3o foi tomada pela Vara de Execu\u00e7\u00f5es Penais do Rio de Janeiro no in\u00edcio de mar\u00e7o. O juiz Rafael Estrela N\u00f3brega destacou que a sa\u00edda do atleta sem permiss\u00e3o caracterizou um <strong>descumprimento flagrante<\/strong> das condi\u00e7\u00f5es de sua liberdade condicional.\u00a0<\/span><\/p>\n<p><span style=\"font-weight: 400\">Com isso, Bruno deve agora cumprir pena em <strong>regime semiaberto<\/strong>. Nesta modalidade, ele poder\u00e1 trabalhar durante o dia, mas deve se recolher a uma unidade prisional \u00e0 noite.<\/span><\/p>\n<p><span style=\"font-weight: 400\">O Minist\u00e9rio P\u00fablico havia solicitado que Bruno retornasse ao regime fechado devido a diversas viola\u00e7\u00f5es, incluindo o n\u00e3o cumprimento do recolhimento domiciliar noturno. Contudo, a Justi\u00e7a optou por manter o atleta apenas sob regime semiaberto, anulando o livramento condicional.<\/span><\/p>\n<h2><span style=\"font-weight: 400\">Hist\u00f3rico criminal e condena\u00e7\u00f5es do goleiro Bruno<\/span><\/h2>\n<p><span style=\"font-weight: 400\">Bruno foi condenado em 2013 a<strong> 23 anos de pris\u00e3o<\/strong> pelo homic\u00eddio de Eliza Samudio, al\u00e9m de sequestro e oculta\u00e7\u00e3o de cad\u00e1ver. O <strong>corpo de Eliza nunca foi encontrado<\/strong>.\u00a0<\/span><\/p>\n<p><span style=\"font-weight: 400\">Ap\u00f3s passar para o regime semiaberto em 2019, ele obteve liberdade condicional em janeiro deste ano, at\u00e9 romper as condi\u00e7\u00f5es estipuladas pela Justi\u00e7a ao deixar o estado do Rio de Janeiro.<\/span><\/p>\n<h2><span style=\"font-weight: 400\">Participa\u00e7\u00e3o em jogos\u00a0<\/span><\/h2>\n<p><span style=\"font-weight: 400\">A exibi\u00e7\u00e3o nos gramados e a presen\u00e7a p\u00fablica reacenderam debates sobre a reintegra\u00e7\u00e3o de detentos condenados por crimes de grande repercuss\u00e3o.\u00a0<\/span><\/p>\n<p><span style=\"font-weight: 400\">Bruno, um ex-destaque do futebol brasileiro, principalmente pela sua atua\u00e7\u00e3o no Flamengo, j\u00e1 havia tentado retomar sua carreira no esporte mesmo sob rigorosas condi\u00e7\u00f5es judiciais.\u00a0<\/span><\/p>\n<p><span style=\"font-weight: 400\">No entanto, a decis\u00e3o de revogar seu livramento condicional prejudica ainda mais sua imagem p\u00fablica e seus esfor\u00e7os para reintegra\u00e7\u00e3o.<\/span><\/p>\n","protected":false},"excerpt":{"rendered":"<p>O goleiro Bruno Fernandes, condenado pelo assassinato de Eliza Samudio, est\u00e1 de volta \u00e0 pris\u00e3o ap\u00f3s a Justi\u00e7a do Rio de Janeiro revogar sua liberdade condicional.\u00a0 Em fevereiro, Bruno violou as condi\u00e7\u00f5es impostas ao viajar para o Acre (AM) sem autoriza\u00e7\u00e3o, para participar de uma partida de futebol pela Copa do Brasil defendendo o clube [&hellip;]<\/p>\n","protected":false},"author":5,"featured_media":33449,"comment_status":"open","ping_status":"open","sticky":false,"template":"","format":"standard","meta":{"jnews-multi-image_gallery":[],"jnews_single_post":{"subtitle":""},"jnews_primary_category":[],"jnews_override_counter":[],"jnews_post_split":[],"footnotes":""},"categories":[1],"tags":[6015,1958],"class_list":["post-33448","post","type-post","status-publish","format-standard","has-post-thumbnail","hentry","category-geral","tag-goleiro-bruno","tag-prisao"],"yoast_head":"<!-- This site is optimized with the Yoast SEO plugin v25.0 - https:\/\/yoast.com\/wordpress\/plugins\/seo\/ -->\n<title>Justi\u00e7a manda prender novamente o goleiro Bruno ap\u00f3s ele quebrar mais uma regra<\/title>\n<meta name=\"robots\" content=\"index, follow, max-snippet:-1, max-image-preview:large, max-video-preview:-1\" \/>\n<link rel=\"canonical\" href=\"https:\/\/crusoe.audiencelabs.com.br\/justica-manda-prender-novamente-o-goleiro-bruno-apos-ele-quebrar-mais-uma-regra\/\" \/>\n<meta property=\"og:locale\" content=\"pt_BR\" \/>\n<meta property=\"og:type\" content=\"article\" \/>\n<meta property=\"og:title\" content=\"Justi\u00e7a manda prender novamente o goleiro Bruno ap\u00f3s ele quebrar mais uma regra\" \/>\n<meta property=\"og:description\" content=\"O goleiro Bruno Fernandes, condenado pelo assassinato de Eliza Samudio, est\u00e1 de volta \u00e0 pris\u00e3o ap\u00f3s a Justi\u00e7a do Rio de Janeiro revogar sua liberdade condicional.\u00a0 Em fevereiro, Bruno violou as condi\u00e7\u00f5es impostas ao viajar para o Acre (AM) sem autoriza\u00e7\u00e3o, para participar de uma partida de futebol pela Copa do Brasil defendendo o clube [&hellip;]\" \/>\n<meta property=\"og:url\" content=\"https:\/\/crusoe.audiencelabs.com.br\/justica-manda-prender-novamente-o-goleiro-bruno-apos-ele-quebrar-mais-uma-regra\/\" \/>\n<meta property=\"og:site_name\" content=\"Variedades - Cruso\u00e9\" \/>\n<meta property=\"article:published_time\" content=\"2026-03-09T10:03:12+00:00\" \/>\n<meta property=\"og:image\" content=\"https:\/\/cdn.crusoe.com.br\/uploads\/2026\/03\/Goleiro-Bruno-orienta-colegas-de-time-e1767733441230.webp\" \/>\n\t<meta property=\"og:image:width\" content=\"491\" \/>\n\t<meta property=\"og:image:height\" content=\"277\" \/>\n\t<meta property=\"og:image:type\" content=\"image\/webp\" \/>\n<meta name=\"author\" content=\"Milena Armando\" \/>\n<meta name=\"twitter:card\" content=\"summary_large_image\" \/>\n<meta name=\"twitter:label1\" content=\"Escrito por\" \/>\n\t<meta name=\"twitter:data1\" content=\"Milena Armando\" \/>\n\t<meta name=\"twitter:label2\" content=\"Est. tempo de leitura\" \/>\n\t<meta name=\"twitter:data2\" content=\"2 minutos\" \/>\n<script type=\"application\/ld+json\" class=\"yoast-schema-graph\">{\"@context\":\"https:\/\/schema.org\",\"@graph\":[{\"@type\":\"WebPage\",\"@id\":\"https:\/\/crusoe.audiencelabs.com.br\/justica-manda-prender-novamente-o-goleiro-bruno-apos-ele-quebrar-mais-uma-regra\/\",\"url\":\"https:\/\/crusoe.audiencelabs.com.br\/justica-manda-prender-novamente-o-goleiro-bruno-apos-ele-quebrar-mais-uma-regra\/\",\"name\":\"Justi\u00e7a manda prender novamente o goleiro Bruno ap\u00f3s ele quebrar mais uma regra\",\"isPartOf\":{\"@id\":\"https:\/\/crusoe.audiencelabs.com.br\/#website\"},\"primaryImageOfPage\":{\"@id\":\"https:\/\/crusoe.audiencelabs.com.br\/justica-manda-prender-novamente-o-goleiro-bruno-apos-ele-quebrar-mais-uma-regra\/#primaryimage\"},\"image\":{\"@id\":\"https:\/\/crusoe.audiencelabs.com.br\/justica-manda-prender-novamente-o-goleiro-bruno-apos-ele-quebrar-mais-uma-regra\/#primaryimage\"},\"thumbnailUrl\":\"https:\/\/cdn.crusoe.com.br\/uploads\/2026\/03\/Goleiro-Bruno-orienta-colegas-de-time-e1767733441230.webp\",\"datePublished\":\"2026-03-09T10:03:12+00:00\",\"author\":{\"@id\":\"https:\/\/crusoe.audiencelabs.com.br\/#\/schema\/person\/f87f73cfe89e5360de2c006bd4bd6a74\"},\"breadcrumb\":{\"@id\":\"https:\/\/crusoe.audiencelabs.com.br\/justica-manda-prender-novamente-o-goleiro-bruno-apos-ele-quebrar-mais-uma-regra\/#breadcrumb\"},\"inLanguage\":\"pt-BR\",\"potentialAction\":[{\"@type\":\"ReadAction\",\"target\":[\"https:\/\/crusoe.audiencelabs.com.br\/justica-manda-prender-novamente-o-goleiro-bruno-apos-ele-quebrar-mais-uma-regra\/\"]}]},{\"@type\":\"ImageObject\",\"inLanguage\":\"pt-BR\",\"@id\":\"https:\/\/crusoe.audiencelabs.com.br\/justica-manda-prender-novamente-o-goleiro-bruno-apos-ele-quebrar-mais-uma-regra\/#primaryimage\",\"url\":\"https:\/\/cdn.crusoe.com.br\/uploads\/2026\/03\/Goleiro-Bruno-orienta-colegas-de-time-e1767733441230.webp\",\"contentUrl\":\"https:\/\/cdn.crusoe.com.br\/uploads\/2026\/03\/Goleiro-Bruno-orienta-colegas-de-time-e1767733441230.webp\",\"width\":491,\"height\":277,\"caption\":\"Reprodu\u00e7\u00e3o: Rive Atl\u00e9tico Clube\"},{\"@type\":\"BreadcrumbList\",\"@id\":\"https:\/\/crusoe.audiencelabs.com.br\/justica-manda-prender-novamente-o-goleiro-bruno-apos-ele-quebrar-mais-uma-regra\/#breadcrumb\",\"itemListElement\":[{\"@type\":\"ListItem\",\"position\":1,\"name\":\"Home\",\"item\":\"https:\/\/crusoe.audiencelabs.com.br\/\"},{\"@type\":\"ListItem\",\"position\":2,\"name\":\"Justi\u00e7a manda prender novamente o goleiro Bruno ap\u00f3s ele quebrar mais uma regra\"}]},{\"@type\":\"WebSite\",\"@id\":\"https:\/\/crusoe.audiencelabs.com.br\/#website\",\"url\":\"https:\/\/crusoe.audiencelabs.com.br\/\",\"name\":\"Variedades - Cruso\u00e9\",\"description\":\"\",\"potentialAction\":[{\"@type\":\"SearchAction\",\"target\":{\"@type\":\"EntryPoint\",\"urlTemplate\":\"https:\/\/crusoe.audiencelabs.com.br\/?s={search_term_string}\"},\"query-input\":{\"@type\":\"PropertyValueSpecification\",\"valueRequired\":true,\"valueName\":\"search_term_string\"}}],\"inLanguage\":\"pt-BR\"},{\"@type\":\"Person\",\"@id\":\"https:\/\/crusoe.audiencelabs.com.br\/#\/schema\/person\/f87f73cfe89e5360de2c006bd4bd6a74\",\"name\":\"Milena Armando\",\"image\":{\"@type\":\"ImageObject\",\"inLanguage\":\"pt-BR\",\"@id\":\"https:\/\/crusoe.audiencelabs.com.br\/#\/schema\/person\/image\/\",\"url\":\"https:\/\/secure.gravatar.com\/avatar\/ea14ecddc9e9d202b698b18f9f69e09c9fd74cfbed5c6008d55f11faefdbdab7?s=96&d=mm&r=g\",\"contentUrl\":\"https:\/\/secure.gravatar.com\/avatar\/ea14ecddc9e9d202b698b18f9f69e09c9fd74cfbed5c6008d55f11faefdbdab7?s=96&d=mm&r=g\",\"caption\":\"Milena Armando\"},\"description\":\"Jornalista, redatora e revisora.\",\"url\":\"https:\/\/crusoe.audiencelabs.com.br\/author\/milena\/\"}]}<\/script>\n<!-- \/ Yoast SEO plugin. -->","yoast_head_json":{"title":"Justi\u00e7a manda prender novamente o goleiro Bruno ap\u00f3s ele quebrar mais uma regra","robots":{"index":"index","follow":"follow","max-snippet":"max-snippet:-1","max-image-preview":"max-image-preview:large","max-video-preview":"max-video-preview:-1"},"canonical":"https:\/\/crusoe.audiencelabs.com.br\/justica-manda-prender-novamente-o-goleiro-bruno-apos-ele-quebrar-mais-uma-regra\/","og_locale":"pt_BR","og_type":"article","og_title":"Justi\u00e7a manda prender novamente o goleiro Bruno ap\u00f3s ele quebrar mais uma regra","og_description":"O goleiro Bruno Fernandes, condenado pelo assassinato de Eliza Samudio, est\u00e1 de volta \u00e0 pris\u00e3o ap\u00f3s a Justi\u00e7a do Rio de Janeiro revogar sua liberdade condicional.\u00a0 Em fevereiro, Bruno violou as condi\u00e7\u00f5es impostas ao viajar para o Acre (AM) sem autoriza\u00e7\u00e3o, para participar de uma partida de futebol pela Copa do Brasil defendendo o clube [&hellip;]","og_url":"https:\/\/crusoe.audiencelabs.com.br\/justica-manda-prender-novamente-o-goleiro-bruno-apos-ele-quebrar-mais-uma-regra\/","og_site_name":"Variedades - Cruso\u00e9","article_published_time":"2026-03-09T10:03:12+00:00","og_image":[{"width":491,"height":277,"url":"https:\/\/cdn.crusoe.com.br\/uploads\/2026\/03\/Goleiro-Bruno-orienta-colegas-de-time-e1767733441230.webp","type":"image\/webp"}],"author":"Milena Armando","twitter_card":"summary_large_image","twitter_misc":{"Escrito por":"Milena Armando","Est. tempo de leitura":"2 minutos"},"schema":{"@context":"https:\/\/schema.org","@graph":[{"@type":"WebPage","@id":"https:\/\/crusoe.audiencelabs.com.br\/justica-manda-prender-novamente-o-goleiro-bruno-apos-ele-quebrar-mais-uma-regra\/","url":"https:\/\/crusoe.audiencelabs.com.br\/justica-manda-prender-novamente-o-goleiro-bruno-apos-ele-quebrar-mais-uma-regra\/","name":"Justi\u00e7a manda prender novamente o goleiro Bruno ap\u00f3s ele quebrar mais uma regra","isPartOf":{"@id":"https:\/\/crusoe.audiencelabs.com.br\/#website"},"primaryImageOfPage":{"@id":"https:\/\/crusoe.audiencelabs.com.br\/justica-manda-prender-novamente-o-goleiro-bruno-apos-ele-quebrar-mais-uma-regra\/#primaryimage"},"image":{"@id":"https:\/\/crusoe.audiencelabs.com.br\/justica-manda-prender-novamente-o-goleiro-bruno-apos-ele-quebrar-mais-uma-regra\/#primaryimage"},"thumbnailUrl":"https:\/\/cdn.crusoe.com.br\/uploads\/2026\/03\/Goleiro-Bruno-orienta-colegas-de-time-e1767733441230.webp","datePublished":"2026-03-09T10:03:12+00:00","author":{"@id":"https:\/\/crusoe.audiencelabs.com.br\/#\/schema\/person\/f87f73cfe89e5360de2c006bd4bd6a74"},"breadcrumb":{"@id":"https:\/\/crusoe.audiencelabs.com.br\/justica-manda-prender-novamente-o-goleiro-bruno-apos-ele-quebrar-mais-uma-regra\/#breadcrumb"},"inLanguage":"pt-BR","potentialAction":[{"@type":"ReadAction","target":["https:\/\/crusoe.audiencelabs.com.br\/justica-manda-prender-novamente-o-goleiro-bruno-apos-ele-quebrar-mais-uma-regra\/"]}]},{"@type":"ImageObject","inLanguage":"pt-BR","@id":"https:\/\/crusoe.audiencelabs.com.br\/justica-manda-prender-novamente-o-goleiro-bruno-apos-ele-quebrar-mais-uma-regra\/#primaryimage","url":"https:\/\/cdn.crusoe.com.br\/uploads\/2026\/03\/Goleiro-Bruno-orienta-colegas-de-time-e1767733441230.webp","contentUrl":"https:\/\/cdn.crusoe.com.br\/uploads\/2026\/03\/Goleiro-Bruno-orienta-colegas-de-time-e1767733441230.webp","width":491,"height":277,"caption":"Reprodu\u00e7\u00e3o: Rive Atl\u00e9tico Clube"},{"@type":"BreadcrumbList","@id":"https:\/\/crusoe.audiencelabs.com.br\/justica-manda-prender-novamente-o-goleiro-bruno-apos-ele-quebrar-mais-uma-regra\/#breadcrumb","itemListElement":[{"@type":"ListItem","position":1,"name":"Home","item":"https:\/\/crusoe.audiencelabs.com.br\/"},{"@type":"ListItem","position":2,"name":"Justi\u00e7a manda prender novamente o goleiro Bruno ap\u00f3s ele quebrar mais uma regra"}]},{"@type":"WebSite","@id":"https:\/\/crusoe.audiencelabs.com.br\/#website","url":"https:\/\/crusoe.audiencelabs.com.br\/","name":"Variedades - Cruso\u00e9","description":"","potentialAction":[{"@type":"SearchAction","target":{"@type":"EntryPoint","urlTemplate":"https:\/\/crusoe.audiencelabs.com.br\/?s={search_term_string}"},"query-input":{"@type":"PropertyValueSpecification","valueRequired":true,"valueName":"search_term_string"}}],"inLanguage":"pt-BR"},{"@type":"Person","@id":"https:\/\/crusoe.audiencelabs.com.br\/#\/schema\/person\/f87f73cfe89e5360de2c006bd4bd6a74","name":"Milena Armando","image":{"@type":"ImageObject","inLanguage":"pt-BR","@id":"https:\/\/crusoe.audiencelabs.com.br\/#\/schema\/person\/image\/","url":"https:\/\/secure.gravatar.com\/avatar\/ea14ecddc9e9d202b698b18f9f69e09c9fd74cfbed5c6008d55f11faefdbdab7?s=96&d=mm&r=g","contentUrl":"https:\/\/secure.gravatar.com\/avatar\/ea14ecddc9e9d202b698b18f9f69e09c9fd74cfbed5c6008d55f11faefdbdab7?s=96&d=mm&r=g","caption":"Milena Armando"},"description":"Jornalista, redatora e revisora.","url":"https:\/\/crusoe.audiencelabs.com.br\/author\/milena\/"}]}},"_links":{"self":[{"href":"https:\/\/crusoe.audiencelabs.com.br\/wp-json\/wp\/v2\/posts\/33448","targetHints":{"allow":["GET"]}}],"collection":[{"href":"https:\/\/crusoe.audiencelabs.com.br\/wp-json\/wp\/v2\/posts"}],"about":[{"href":"https:\/\/crusoe.audiencelabs.com.br\/wp-json\/wp\/v2\/types\/post"}],"author":[{"embeddable":true,"href":"https:\/\/crusoe.audiencelabs.com.br\/wp-json\/wp\/v2\/users\/5"}],"replies":[{"embeddable":true,"href":"https:\/\/crusoe.audiencelabs.com.br\/wp-json\/wp\/v2\/comments?post=33448"}],"version-history":[{"count":2,"href":"https:\/\/crusoe.audiencelabs.com.br\/wp-json\/wp\/v2\/posts\/33448\/revisions"}],"predecessor-version":[{"id":33451,"href":"https:\/\/crusoe.audiencelabs.com.br\/wp-json\/wp\/v2\/posts\/33448\/revisions\/33451"}],"wp:featuredmedia":[{"embeddable":true,"href":"https:\/\/crusoe.audiencelabs.com.br\/wp-json\/wp\/v2\/media\/33449"}],"wp:attachment":[{"href":"https:\/\/crusoe.audiencelabs.com.br\/wp-json\/wp\/v2\/media?parent=33448"}],"wp:term":[{"taxonomy":"category","embeddable":true,"href":"https:\/\/crusoe.audiencelabs.com.br\/wp-json\/wp\/v2\/categories?post=33448"},{"taxonomy":"post_tag","embeddable":true,"href":"https:\/\/crusoe.audiencelabs.com.br\/wp-json\/wp\/v2\/tags?post=33448"}],"curies":[{"name":"wp","href":"https:\/\/api.w.org\/{rel}","templated":true}]}}