{"id":33444,"date":"2026-03-08T21:32:08","date_gmt":"2026-03-09T00:32:08","guid":{"rendered":"https:\/\/crusoe.audiencelabs.com.br\/?p=33444"},"modified":"2026-03-06T21:50:11","modified_gmt":"2026-03-07T00:50:11","slug":"os-pais-realmente-tem-um-filho-favorito-um-novo-estudo-afirma-que-e-provavel-que-sim","status":"publish","type":"post","link":"https:\/\/crusoe.audiencelabs.com.br\/os-pais-realmente-tem-um-filho-favorito-um-novo-estudo-afirma-que-e-provavel-que-sim\/","title":{"rendered":"Os pais realmente t\u00eam um filho favorito? Um novo estudo afirma que \u00e9 prov\u00e1vel que sim"},"content":{"rendered":"<p><span style=\"font-weight: 400\">No complexo cen\u00e1rio das<strong> rela\u00e7\u00f5es familiares<\/strong>, o <strong>favoritismo parental<\/strong> aparece como um tema sens\u00edvel e muitas vezes evitado nas conversas entre pais e filhos. No entanto, pesquisas recentes indicam que esse fen\u00f4meno pode ser mais comum do que se imagina.<\/span><\/p>\n<p><span style=\"font-weight: 400\">Um estudo conduzido pela<a href=\"https:\/\/www.byu.edu\/\"> Brigham Young University<\/a> analisou dados de diversas pesquisas anteriores e concluiu que muitos pais, consciente ou inconscientemente, acabam demonstrando algum n\u00edvel de prefer\u00eancia entre os filhos. <\/span><\/p>\n<p><span style=\"font-weight: 400\">A descoberta levanta uma quest\u00e3o frequente em muitas fam\u00edlias: afinal, quem tende a ocupar o lugar de \u201cfavorito\u201d e por qu\u00ea?<\/span><\/p>\n<h2><span style=\"font-weight: 400\">Quem costuma ser percebido como o filho favorito?<\/span><\/h2>\n<p><span style=\"font-weight: 400\">A discuss\u00e3o sobre favoritismo frequentemente surge entre irm\u00e3os. De acordo com a pesquisa, filhos mais novos costumam perceber que recebem mais aten\u00e7\u00e3o emocional, embora, em algumas situa\u00e7\u00f5es, se sintam menos favorecidos em quest\u00f5es pr\u00e1ticas ou responsabilidades familiares.<\/span><\/p>\n<p><span style=\"font-weight: 400\">Outro ponto interessante \u00e9 que <strong>caracter\u00edsticas de personalidade<\/strong> tamb\u00e9m influenciam a percep\u00e7\u00e3o dos pais. Crian\u00e7as consideradas mais respons\u00e1veis, cooperativas e am\u00e1veis tendem a ser vistas de forma mais positiva dentro da din\u00e2mica familiar.<\/span><\/p>\n<p><span style=\"font-weight: 400\">O estudo tamb\u00e9m identificou uma leve tend\u00eancia de prefer\u00eancia por filhas por parte de m\u00e3es e de pais. Pesquisadores apontam que fatores culturais e expectativas sociais podem influenciar essa inclina\u00e7\u00e3o, j\u00e1 que determinados comportamentos valorizados pelos pais costumam ser mais associados \u00e0s meninas.<\/span><\/p>\n<h2><span style=\"font-weight: 400\">Efeitos do favoritismo na sa\u00fade mental dos filhos<\/span><\/h2>\n<p><span style=\"font-weight: 400\">A percep\u00e7\u00e3o de tratamento desigual pode ter impactos importantes no bem-estar emocional. Filhos que acreditam receber menos aten\u00e7\u00e3o ou reconhecimento podem desenvolver sentimentos de rejei\u00e7\u00e3o, o que aumenta o risco de problemas como ansiedade, baixa autoestima e sintomas depressivos.<\/span><\/p>\n<p><span style=\"font-weight: 400\">Al\u00e9m do impacto individual, o favoritismo tamb\u00e9m pode intensificar rivalidades entre irm\u00e3os, gerando conflitos que se prolongam ao longo da vida. <\/span><\/p>\n<h2><span style=\"font-weight: 400\">Como os pais podem reduzir os efeitos do favoritismo<\/span><\/h2>\n<p><span style=\"font-weight: 400\">Eliminar completamente qualquer forma de prefer\u00eancia pode ser dif\u00edcil, j\u00e1 que cada filho tem personalidade e necessidades diferentes. Ainda assim, especialistas defendem que algumas atitudes ajudam a reduzir os efeitos negativos desse fen\u00f4meno.<\/span><\/p>\n<p><span style=\"font-weight: 400\">Uma das estrat\u00e9gias mais importantes \u00e9 <strong>reconhecer as particularidades de cada filho<\/strong>, oferecendo apoio de acordo com suas necessidades individuais. Al\u00e9m disso, <strong>dedicar momentos de aten\u00e7\u00e3o exclusiva a cada filho<\/strong> pode fortalecer o v\u00ednculo e evitar percep\u00e7\u00f5es de injusti\u00e7a.<\/span><\/p>\n<p><span style=\"font-weight: 400\">A <strong>comunica\u00e7\u00e3o aberta<\/strong> tamb\u00e9m desempenha papel fundamental. Conversar sobre sentimentos e percep\u00e7\u00f5es dentro da fam\u00edlia ajuda a criar um ambiente de confian\u00e7a e compreens\u00e3o.<\/span><\/p>\n<p><span style=\"font-weight: 400\">Com di\u00e1logo, aten\u00e7\u00e3o \u00e0s necessidades individuais e uma postura consciente, \u00e9 poss\u00edvel reduzir os impactos negativos do favoritismo e fortalecer os la\u00e7os familiares, promovendo conviv\u00eancia mais harmoniosa entre pais e filhos.<\/span><\/p>\n","protected":false},"excerpt":{"rendered":"<p>No complexo cen\u00e1rio das rela\u00e7\u00f5es familiares, o favoritismo parental aparece como um tema sens\u00edvel e muitas vezes evitado nas conversas entre pais e filhos. No entanto, pesquisas recentes indicam que esse fen\u00f4meno pode ser mais comum do que se imagina. Um estudo conduzido pela Brigham Young University analisou dados de diversas pesquisas anteriores e concluiu [&hellip;]<\/p>\n","protected":false},"author":5,"featured_media":33445,"comment_status":"open","ping_status":"open","sticky":false,"template":"","format":"standard","meta":{"jnews-multi-image_gallery":[],"jnews_single_post":{"subtitle":""},"jnews_primary_category":[],"jnews_override_counter":[],"jnews_post_split":[],"footnotes":""},"categories":[1],"tags":[4133,6014,2481],"class_list":["post-33444","post","type-post","status-publish","format-standard","has-post-thumbnail","hentry","category-geral","tag-familia","tag-favoritismo","tag-filhos"],"yoast_head":"<!-- This site is optimized with the Yoast SEO plugin v25.0 - https:\/\/yoast.com\/wordpress\/plugins\/seo\/ -->\n<title>Os pais realmente t\u00eam um filho favorito? Um novo estudo afirma que \u00e9 prov\u00e1vel que sim<\/title>\n<meta name=\"robots\" content=\"index, follow, max-snippet:-1, max-image-preview:large, max-video-preview:-1\" \/>\n<link rel=\"canonical\" href=\"https:\/\/crusoe.audiencelabs.com.br\/os-pais-realmente-tem-um-filho-favorito-um-novo-estudo-afirma-que-e-provavel-que-sim\/\" \/>\n<meta property=\"og:locale\" content=\"pt_BR\" \/>\n<meta property=\"og:type\" content=\"article\" \/>\n<meta property=\"og:title\" content=\"Os pais realmente t\u00eam um filho favorito? Um novo estudo afirma que \u00e9 prov\u00e1vel que sim\" \/>\n<meta property=\"og:description\" content=\"No complexo cen\u00e1rio das rela\u00e7\u00f5es familiares, o favoritismo parental aparece como um tema sens\u00edvel e muitas vezes evitado nas conversas entre pais e filhos. No entanto, pesquisas recentes indicam que esse fen\u00f4meno pode ser mais comum do que se imagina. Um estudo conduzido pela Brigham Young University analisou dados de diversas pesquisas anteriores e concluiu [&hellip;]\" \/>\n<meta property=\"og:url\" content=\"https:\/\/crusoe.audiencelabs.com.br\/os-pais-realmente-tem-um-filho-favorito-um-novo-estudo-afirma-que-e-provavel-que-sim\/\" \/>\n<meta property=\"og:site_name\" content=\"Variedades - Cruso\u00e9\" \/>\n<meta property=\"article:published_time\" content=\"2026-03-09T00:32:08+00:00\" \/>\n<meta property=\"og:image\" content=\"https:\/\/cdn.crusoe.com.br\/uploads\/2026\/03\/pexels-vidalbalielojrfotografia-1682497-scaled.jpg\" \/>\n\t<meta property=\"og:image:width\" content=\"2560\" \/>\n\t<meta property=\"og:image:height\" content=\"1707\" \/>\n\t<meta property=\"og:image:type\" content=\"image\/jpeg\" \/>\n<meta name=\"author\" content=\"Milena Armando\" \/>\n<meta name=\"twitter:card\" content=\"summary_large_image\" \/>\n<meta name=\"twitter:label1\" content=\"Escrito por\" \/>\n\t<meta name=\"twitter:data1\" content=\"Milena Armando\" \/>\n\t<meta name=\"twitter:label2\" content=\"Est. tempo de leitura\" \/>\n\t<meta name=\"twitter:data2\" content=\"3 minutos\" \/>\n<script type=\"application\/ld+json\" class=\"yoast-schema-graph\">{\"@context\":\"https:\/\/schema.org\",\"@graph\":[{\"@type\":\"WebPage\",\"@id\":\"https:\/\/crusoe.audiencelabs.com.br\/os-pais-realmente-tem-um-filho-favorito-um-novo-estudo-afirma-que-e-provavel-que-sim\/\",\"url\":\"https:\/\/crusoe.audiencelabs.com.br\/os-pais-realmente-tem-um-filho-favorito-um-novo-estudo-afirma-que-e-provavel-que-sim\/\",\"name\":\"Os pais realmente t\u00eam um filho favorito? Um novo estudo afirma que \u00e9 prov\u00e1vel que sim\",\"isPartOf\":{\"@id\":\"https:\/\/crusoe.audiencelabs.com.br\/#website\"},\"primaryImageOfPage\":{\"@id\":\"https:\/\/crusoe.audiencelabs.com.br\/os-pais-realmente-tem-um-filho-favorito-um-novo-estudo-afirma-que-e-provavel-que-sim\/#primaryimage\"},\"image\":{\"@id\":\"https:\/\/crusoe.audiencelabs.com.br\/os-pais-realmente-tem-um-filho-favorito-um-novo-estudo-afirma-que-e-provavel-que-sim\/#primaryimage\"},\"thumbnailUrl\":\"https:\/\/cdn.crusoe.com.br\/uploads\/2026\/03\/pexels-vidalbalielojrfotografia-1682497-scaled.jpg\",\"datePublished\":\"2026-03-09T00:32:08+00:00\",\"author\":{\"@id\":\"https:\/\/crusoe.audiencelabs.com.br\/#\/schema\/person\/f87f73cfe89e5360de2c006bd4bd6a74\"},\"breadcrumb\":{\"@id\":\"https:\/\/crusoe.audiencelabs.com.br\/os-pais-realmente-tem-um-filho-favorito-um-novo-estudo-afirma-que-e-provavel-que-sim\/#breadcrumb\"},\"inLanguage\":\"pt-BR\",\"potentialAction\":[{\"@type\":\"ReadAction\",\"target\":[\"https:\/\/crusoe.audiencelabs.com.br\/os-pais-realmente-tem-um-filho-favorito-um-novo-estudo-afirma-que-e-provavel-que-sim\/\"]}]},{\"@type\":\"ImageObject\",\"inLanguage\":\"pt-BR\",\"@id\":\"https:\/\/crusoe.audiencelabs.com.br\/os-pais-realmente-tem-um-filho-favorito-um-novo-estudo-afirma-que-e-provavel-que-sim\/#primaryimage\",\"url\":\"https:\/\/cdn.crusoe.com.br\/uploads\/2026\/03\/pexels-vidalbalielojrfotografia-1682497-scaled.jpg\",\"contentUrl\":\"https:\/\/cdn.crusoe.com.br\/uploads\/2026\/03\/pexels-vidalbalielojrfotografia-1682497-scaled.jpg\",\"width\":2560,\"height\":1707,\"caption\":\"Reprodu\u00e7\u00e3o: Pexels\/Vidal Balielo Jr.\"},{\"@type\":\"BreadcrumbList\",\"@id\":\"https:\/\/crusoe.audiencelabs.com.br\/os-pais-realmente-tem-um-filho-favorito-um-novo-estudo-afirma-que-e-provavel-que-sim\/#breadcrumb\",\"itemListElement\":[{\"@type\":\"ListItem\",\"position\":1,\"name\":\"Home\",\"item\":\"https:\/\/crusoe.audiencelabs.com.br\/\"},{\"@type\":\"ListItem\",\"position\":2,\"name\":\"Os pais realmente t\u00eam um filho favorito? Um novo estudo afirma que \u00e9 prov\u00e1vel que sim\"}]},{\"@type\":\"WebSite\",\"@id\":\"https:\/\/crusoe.audiencelabs.com.br\/#website\",\"url\":\"https:\/\/crusoe.audiencelabs.com.br\/\",\"name\":\"Variedades - Cruso\u00e9\",\"description\":\"\",\"potentialAction\":[{\"@type\":\"SearchAction\",\"target\":{\"@type\":\"EntryPoint\",\"urlTemplate\":\"https:\/\/crusoe.audiencelabs.com.br\/?s={search_term_string}\"},\"query-input\":{\"@type\":\"PropertyValueSpecification\",\"valueRequired\":true,\"valueName\":\"search_term_string\"}}],\"inLanguage\":\"pt-BR\"},{\"@type\":\"Person\",\"@id\":\"https:\/\/crusoe.audiencelabs.com.br\/#\/schema\/person\/f87f73cfe89e5360de2c006bd4bd6a74\",\"name\":\"Milena Armando\",\"image\":{\"@type\":\"ImageObject\",\"inLanguage\":\"pt-BR\",\"@id\":\"https:\/\/crusoe.audiencelabs.com.br\/#\/schema\/person\/image\/\",\"url\":\"https:\/\/secure.gravatar.com\/avatar\/ea14ecddc9e9d202b698b18f9f69e09c9fd74cfbed5c6008d55f11faefdbdab7?s=96&d=mm&r=g\",\"contentUrl\":\"https:\/\/secure.gravatar.com\/avatar\/ea14ecddc9e9d202b698b18f9f69e09c9fd74cfbed5c6008d55f11faefdbdab7?s=96&d=mm&r=g\",\"caption\":\"Milena Armando\"},\"description\":\"Jornalista, redatora e revisora.\",\"url\":\"https:\/\/crusoe.audiencelabs.com.br\/author\/milena\/\"}]}<\/script>\n<!-- \/ Yoast SEO plugin. -->","yoast_head_json":{"title":"Os pais realmente t\u00eam um filho favorito? Um novo estudo afirma que \u00e9 prov\u00e1vel que sim","robots":{"index":"index","follow":"follow","max-snippet":"max-snippet:-1","max-image-preview":"max-image-preview:large","max-video-preview":"max-video-preview:-1"},"canonical":"https:\/\/crusoe.audiencelabs.com.br\/os-pais-realmente-tem-um-filho-favorito-um-novo-estudo-afirma-que-e-provavel-que-sim\/","og_locale":"pt_BR","og_type":"article","og_title":"Os pais realmente t\u00eam um filho favorito? Um novo estudo afirma que \u00e9 prov\u00e1vel que sim","og_description":"No complexo cen\u00e1rio das rela\u00e7\u00f5es familiares, o favoritismo parental aparece como um tema sens\u00edvel e muitas vezes evitado nas conversas entre pais e filhos. No entanto, pesquisas recentes indicam que esse fen\u00f4meno pode ser mais comum do que se imagina. Um estudo conduzido pela Brigham Young University analisou dados de diversas pesquisas anteriores e concluiu [&hellip;]","og_url":"https:\/\/crusoe.audiencelabs.com.br\/os-pais-realmente-tem-um-filho-favorito-um-novo-estudo-afirma-que-e-provavel-que-sim\/","og_site_name":"Variedades - Cruso\u00e9","article_published_time":"2026-03-09T00:32:08+00:00","og_image":[{"width":2560,"height":1707,"url":"https:\/\/cdn.crusoe.com.br\/uploads\/2026\/03\/pexels-vidalbalielojrfotografia-1682497-scaled.jpg","type":"image\/jpeg"}],"author":"Milena Armando","twitter_card":"summary_large_image","twitter_misc":{"Escrito por":"Milena Armando","Est. tempo de leitura":"3 minutos"},"schema":{"@context":"https:\/\/schema.org","@graph":[{"@type":"WebPage","@id":"https:\/\/crusoe.audiencelabs.com.br\/os-pais-realmente-tem-um-filho-favorito-um-novo-estudo-afirma-que-e-provavel-que-sim\/","url":"https:\/\/crusoe.audiencelabs.com.br\/os-pais-realmente-tem-um-filho-favorito-um-novo-estudo-afirma-que-e-provavel-que-sim\/","name":"Os pais realmente t\u00eam um filho favorito? Um novo estudo afirma que \u00e9 prov\u00e1vel que sim","isPartOf":{"@id":"https:\/\/crusoe.audiencelabs.com.br\/#website"},"primaryImageOfPage":{"@id":"https:\/\/crusoe.audiencelabs.com.br\/os-pais-realmente-tem-um-filho-favorito-um-novo-estudo-afirma-que-e-provavel-que-sim\/#primaryimage"},"image":{"@id":"https:\/\/crusoe.audiencelabs.com.br\/os-pais-realmente-tem-um-filho-favorito-um-novo-estudo-afirma-que-e-provavel-que-sim\/#primaryimage"},"thumbnailUrl":"https:\/\/cdn.crusoe.com.br\/uploads\/2026\/03\/pexels-vidalbalielojrfotografia-1682497-scaled.jpg","datePublished":"2026-03-09T00:32:08+00:00","author":{"@id":"https:\/\/crusoe.audiencelabs.com.br\/#\/schema\/person\/f87f73cfe89e5360de2c006bd4bd6a74"},"breadcrumb":{"@id":"https:\/\/crusoe.audiencelabs.com.br\/os-pais-realmente-tem-um-filho-favorito-um-novo-estudo-afirma-que-e-provavel-que-sim\/#breadcrumb"},"inLanguage":"pt-BR","potentialAction":[{"@type":"ReadAction","target":["https:\/\/crusoe.audiencelabs.com.br\/os-pais-realmente-tem-um-filho-favorito-um-novo-estudo-afirma-que-e-provavel-que-sim\/"]}]},{"@type":"ImageObject","inLanguage":"pt-BR","@id":"https:\/\/crusoe.audiencelabs.com.br\/os-pais-realmente-tem-um-filho-favorito-um-novo-estudo-afirma-que-e-provavel-que-sim\/#primaryimage","url":"https:\/\/cdn.crusoe.com.br\/uploads\/2026\/03\/pexels-vidalbalielojrfotografia-1682497-scaled.jpg","contentUrl":"https:\/\/cdn.crusoe.com.br\/uploads\/2026\/03\/pexels-vidalbalielojrfotografia-1682497-scaled.jpg","width":2560,"height":1707,"caption":"Reprodu\u00e7\u00e3o: Pexels\/Vidal Balielo Jr."},{"@type":"BreadcrumbList","@id":"https:\/\/crusoe.audiencelabs.com.br\/os-pais-realmente-tem-um-filho-favorito-um-novo-estudo-afirma-que-e-provavel-que-sim\/#breadcrumb","itemListElement":[{"@type":"ListItem","position":1,"name":"Home","item":"https:\/\/crusoe.audiencelabs.com.br\/"},{"@type":"ListItem","position":2,"name":"Os pais realmente t\u00eam um filho favorito? Um novo estudo afirma que \u00e9 prov\u00e1vel que sim"}]},{"@type":"WebSite","@id":"https:\/\/crusoe.audiencelabs.com.br\/#website","url":"https:\/\/crusoe.audiencelabs.com.br\/","name":"Variedades - Cruso\u00e9","description":"","potentialAction":[{"@type":"SearchAction","target":{"@type":"EntryPoint","urlTemplate":"https:\/\/crusoe.audiencelabs.com.br\/?s={search_term_string}"},"query-input":{"@type":"PropertyValueSpecification","valueRequired":true,"valueName":"search_term_string"}}],"inLanguage":"pt-BR"},{"@type":"Person","@id":"https:\/\/crusoe.audiencelabs.com.br\/#\/schema\/person\/f87f73cfe89e5360de2c006bd4bd6a74","name":"Milena Armando","image":{"@type":"ImageObject","inLanguage":"pt-BR","@id":"https:\/\/crusoe.audiencelabs.com.br\/#\/schema\/person\/image\/","url":"https:\/\/secure.gravatar.com\/avatar\/ea14ecddc9e9d202b698b18f9f69e09c9fd74cfbed5c6008d55f11faefdbdab7?s=96&d=mm&r=g","contentUrl":"https:\/\/secure.gravatar.com\/avatar\/ea14ecddc9e9d202b698b18f9f69e09c9fd74cfbed5c6008d55f11faefdbdab7?s=96&d=mm&r=g","caption":"Milena Armando"},"description":"Jornalista, redatora e revisora.","url":"https:\/\/crusoe.audiencelabs.com.br\/author\/milena\/"}]}},"_links":{"self":[{"href":"https:\/\/crusoe.audiencelabs.com.br\/wp-json\/wp\/v2\/posts\/33444","targetHints":{"allow":["GET"]}}],"collection":[{"href":"https:\/\/crusoe.audiencelabs.com.br\/wp-json\/wp\/v2\/posts"}],"about":[{"href":"https:\/\/crusoe.audiencelabs.com.br\/wp-json\/wp\/v2\/types\/post"}],"author":[{"embeddable":true,"href":"https:\/\/crusoe.audiencelabs.com.br\/wp-json\/wp\/v2\/users\/5"}],"replies":[{"embeddable":true,"href":"https:\/\/crusoe.audiencelabs.com.br\/wp-json\/wp\/v2\/comments?post=33444"}],"version-history":[{"count":2,"href":"https:\/\/crusoe.audiencelabs.com.br\/wp-json\/wp\/v2\/posts\/33444\/revisions"}],"predecessor-version":[{"id":33447,"href":"https:\/\/crusoe.audiencelabs.com.br\/wp-json\/wp\/v2\/posts\/33444\/revisions\/33447"}],"wp:featuredmedia":[{"embeddable":true,"href":"https:\/\/crusoe.audiencelabs.com.br\/wp-json\/wp\/v2\/media\/33445"}],"wp:attachment":[{"href":"https:\/\/crusoe.audiencelabs.com.br\/wp-json\/wp\/v2\/media?parent=33444"}],"wp:term":[{"taxonomy":"category","embeddable":true,"href":"https:\/\/crusoe.audiencelabs.com.br\/wp-json\/wp\/v2\/categories?post=33444"},{"taxonomy":"post_tag","embeddable":true,"href":"https:\/\/crusoe.audiencelabs.com.br\/wp-json\/wp\/v2\/tags?post=33444"}],"curies":[{"name":"wp","href":"https:\/\/api.w.org\/{rel}","templated":true}]}}