{"id":33196,"date":"2026-03-05T07:32:35","date_gmt":"2026-03-05T10:32:35","guid":{"rendered":"https:\/\/crusoe.audiencelabs.com.br\/?p=33196"},"modified":"2026-03-05T06:13:39","modified_gmt":"2026-03-05T09:13:39","slug":"com-solo-instavel-e-chuvas-no-radar-cidade-brasileira-tem-risco-de-repetir-catastrofe","status":"publish","type":"post","link":"https:\/\/crusoe.audiencelabs.com.br\/com-solo-instavel-e-chuvas-no-radar-cidade-brasileira-tem-risco-de-repetir-catastrofe\/","title":{"rendered":"Com solo inst\u00e1vel e chuvas no radar, cidade brasileira tem risco de repetir cat\u00e1strofe"},"content":{"rendered":"<p><span style=\"font-weight: 400\"><strong>Juiz de Fora<\/strong>, cidade mineira com cerca de 540 mil habitantes, enfrenta um desafio crescente. A <strong>ocupa\u00e7\u00e3o de \u00e1reas de risco, principalmente em encostas<\/strong>, tem avan\u00e7ado de maneira preocupante.\u00a0<\/span><\/p>\n<p><span style=\"font-weight: 400\">Essa situa\u00e7\u00e3o coloca o munic\u00edpio entre as dez cidades brasileiras com maior n\u00famero de pessoas vivendo em condi\u00e7\u00f5es vulner\u00e1veis.\u00a0<\/span><\/p>\n<p><span style=\"font-weight: 400\">Em compara\u00e7\u00e3o, apenas as grandes capitais como S\u00e3o Paulo e Rio de Janeiro apresentam n\u00fameros superiores. <strong>Juiz de Fora \u00e9 a terceira cidade com maior \u00e1rea de urbaniza\u00e7\u00e3o em terrenos acima de 30% de inclina\u00e7\u00e3o no pa\u00eds.\u00a0<\/strong><\/span><\/p>\n<h2><span style=\"font-weight: 400\">Motivos do perigo\u00a0<\/span><\/h2>\n<p><span style=\"font-weight: 400\">Nos \u00faltimos anos, a<strong> urbaniza\u00e7\u00e3o desordenada <\/strong>intensificou-se nas regi\u00f5es no munic\u00edpio. Dados do <\/span><a href=\"https:\/\/brasil.mapbiomas.org\/2026\/03\/04\/brasil-areas-urbanas-em-regioes-de-risco-crescem-mais-rapido-que-urbanizacao-total-entre-1985-e-2024\/\"><span style=\"font-weight: 400\">MapBiomas <\/span><\/a><span style=\"font-weight: 400\">mostram que entre 1985 e 2024, a \u00e1rea constru\u00edda nessas condi\u00e7\u00f5es aumentou de <strong>547 para 1.256 hectares<\/strong>.\u00a0<\/span><\/p>\n<p><span style=\"font-weight: 400\">Essa expans\u00e3o \u00e9 alimentada por um crescimento populacional constante, que leva muitos a buscarem moradia em \u00e1reas menos convencionais devido \u00e0 falta de op\u00e7\u00f5es habitacionais adequadas.<\/span><\/p>\n<h2><span style=\"font-weight: 400\">Expans\u00e3o demogr\u00e1fica e urbaniza\u00e7\u00e3o desordenada<\/span><\/h2>\n<p><span style=\"font-weight: 400\">A <strong>crescente press\u00e3o demogr\u00e1fica<\/strong> em Juiz de Fora levou a uma r\u00e1pida urbaniza\u00e7\u00e3o de<strong> \u00e1reas \u00edngremes<\/strong>.\u00a0<\/span><\/p>\n<p><span style=\"font-weight: 400\">A popula\u00e7\u00e3o local, agora em torno de 540 mil pessoas (segundo o Censo do IBGE 2022), tem uma parcela significativa vivendo em regi\u00f5es de risco acentuado.\u00a0<\/span><\/p>\n<p><span style=\"font-weight: 400\"><strong>Mais de 20% dos moradores est\u00e3o em \u00e1reas suscet\u00edveis a deslizamentos e enchentes<\/strong>. A necessidade de moradias acess\u00edveis nas proximidades de oportunidades de trabalho e servi\u00e7os essenciais aumentou a ocupa\u00e7\u00e3o dessas \u00e1reas fr\u00e1geis.<\/span><\/p>\n<figure id=\"attachment_33198\" aria-describedby=\"caption-attachment-33198\" style=\"width: 450px\" class=\"wp-caption aligncenter\"><img loading=\"lazy\" decoding=\"async\" class=\" wp-image-33198\" src=\"https:\/\/cdn.crusoe.com.br\/uploads\/2026\/03\/56-300x200.avif\" alt=\"\" width=\"450\" height=\"300\" srcset=\"https:\/\/cdn.crusoe.com.br\/uploads\/2026\/03\/56-300x200.avif 300w, https:\/\/cdn.crusoe.com.br\/uploads\/2026\/03\/56-768x512.avif 768w, https:\/\/cdn.crusoe.com.br\/uploads\/2026\/03\/56-750x500.avif 750w, https:\/\/cdn.crusoe.com.br\/uploads\/2026\/03\/56.avif 888w\" sizes=\"auto, (max-width: 450px) 100vw, 450px\" \/><figcaption id=\"caption-attachment-33198\" class=\"wp-caption-text\">Reprodu\u00e7\u00e3o: Domingos Peixoto\/via: O Globo<\/figcaption><\/figure>\n<h2><span style=\"font-weight: 400\">Impactos das chuvas intensas<\/span><\/h2>\n<p><span style=\"font-weight: 400\">Nos \u00faltimos dias, eventos clim\u00e1ticos extremos ressaltaram a fragilidade de Juiz de Fora perante desastres naturais.\u00a0<\/span><\/p>\n<p><span style=\"font-weight: 400\">As intensas chuvas na regi\u00e3o da Zona da Mata mineira resultaram em deslizamentos de terra fatais, com 65 \u00f3bitos relatados.\u00a0<\/span><\/p>\n<p><span style=\"font-weight: 400\">Essas ocorr\u00eancias evidenciam a vulnerabilidade estrutural dessas \u00e1reas ocupadas de forma irregular, afetando seriamente infraestrutura e economia local.<\/span><\/p>\n<h2><span style=\"font-weight: 400\">Planejamento urbano e medidas preventivas<\/span><\/h2>\n<p><span style=\"font-weight: 400\">A complexidade geogr\u00e1fica de Juiz de Fora exige estrat\u00e9gias urban\u00edsticas. \u00c9 essencial promover iniciativas de habita\u00e7\u00e3o social em locais seguros, assim como requalificar \u00e1reas abandonadas.\u00a0<\/span><\/p>\n<p><span style=\"font-weight: 400\">A solu\u00e7\u00e3o para a crise de moradia em \u00e1reas de risco reside em uma abordagem que alie pol\u00edticas p\u00fablicas e participa\u00e7\u00e3o comunit\u00e1ria.<\/span><\/p>\n<p><span style=\"font-weight: 400\">Com bases s\u00f3lidas, Juiz de Fora pode se tornar refer\u00eancia para outras cidades enfrentando complexidades semelhantes.<\/span><\/p>\n","protected":false},"excerpt":{"rendered":"<p>Juiz de Fora, cidade mineira com cerca de 540 mil habitantes, enfrenta um desafio crescente. A ocupa\u00e7\u00e3o de \u00e1reas de risco, principalmente em encostas, tem avan\u00e7ado de maneira preocupante.\u00a0 Essa situa\u00e7\u00e3o coloca o munic\u00edpio entre as dez cidades brasileiras com maior n\u00famero de pessoas vivendo em condi\u00e7\u00f5es vulner\u00e1veis.\u00a0 Em compara\u00e7\u00e3o, apenas as grandes capitais como [&hellip;]<\/p>\n","protected":false},"author":5,"featured_media":33197,"comment_status":"open","ping_status":"open","sticky":false,"template":"","format":"standard","meta":{"jnews-multi-image_gallery":[],"jnews_single_post":{"subtitle":""},"jnews_primary_category":[],"jnews_override_counter":[],"jnews_post_split":[],"footnotes":""},"categories":[1],"tags":[5942],"class_list":["post-33196","post","type-post","status-publish","format-standard","has-post-thumbnail","hentry","category-geral","tag-juiz-de-fora"],"yoast_head":"<!-- This site is optimized with the Yoast SEO plugin v25.0 - https:\/\/yoast.com\/wordpress\/plugins\/seo\/ -->\n<title>Com solo inst\u00e1vel e chuvas no radar, cidade brasileira tem risco de repetir cat\u00e1strofe<\/title>\n<meta name=\"robots\" content=\"index, follow, max-snippet:-1, max-image-preview:large, max-video-preview:-1\" \/>\n<link rel=\"canonical\" href=\"https:\/\/crusoe.audiencelabs.com.br\/com-solo-instavel-e-chuvas-no-radar-cidade-brasileira-tem-risco-de-repetir-catastrofe\/\" \/>\n<meta property=\"og:locale\" content=\"pt_BR\" \/>\n<meta property=\"og:type\" content=\"article\" \/>\n<meta property=\"og:title\" content=\"Com solo inst\u00e1vel e chuvas no radar, cidade brasileira tem risco de repetir cat\u00e1strofe\" \/>\n<meta property=\"og:description\" content=\"Juiz de Fora, cidade mineira com cerca de 540 mil habitantes, enfrenta um desafio crescente. A ocupa\u00e7\u00e3o de \u00e1reas de risco, principalmente em encostas, tem avan\u00e7ado de maneira preocupante.\u00a0 Essa situa\u00e7\u00e3o coloca o munic\u00edpio entre as dez cidades brasileiras com maior n\u00famero de pessoas vivendo em condi\u00e7\u00f5es vulner\u00e1veis.\u00a0 Em compara\u00e7\u00e3o, apenas as grandes capitais como [&hellip;]\" \/>\n<meta property=\"og:url\" content=\"https:\/\/crusoe.audiencelabs.com.br\/com-solo-instavel-e-chuvas-no-radar-cidade-brasileira-tem-risco-de-repetir-catastrofe\/\" \/>\n<meta property=\"og:site_name\" content=\"Variedades - Cruso\u00e9\" \/>\n<meta property=\"article:published_time\" content=\"2026-03-05T10:32:35+00:00\" \/>\n<meta property=\"og:image\" content=\"https:\/\/cdn.crusoe.com.br\/uploads\/2026\/03\/Juiz-de-Fora-1-1-e1763398952921.jpg\" \/>\n\t<meta property=\"og:image:width\" content=\"1200\" \/>\n\t<meta property=\"og:image:height\" content=\"676\" \/>\n\t<meta property=\"og:image:type\" content=\"image\/jpeg\" \/>\n<meta name=\"author\" content=\"Milena Armando\" \/>\n<meta name=\"twitter:card\" content=\"summary_large_image\" \/>\n<meta name=\"twitter:label1\" content=\"Escrito por\" \/>\n\t<meta name=\"twitter:data1\" content=\"Milena Armando\" \/>\n\t<meta name=\"twitter:label2\" content=\"Est. tempo de leitura\" \/>\n\t<meta name=\"twitter:data2\" content=\"3 minutos\" \/>\n<script type=\"application\/ld+json\" class=\"yoast-schema-graph\">{\"@context\":\"https:\/\/schema.org\",\"@graph\":[{\"@type\":\"WebPage\",\"@id\":\"https:\/\/crusoe.audiencelabs.com.br\/com-solo-instavel-e-chuvas-no-radar-cidade-brasileira-tem-risco-de-repetir-catastrofe\/\",\"url\":\"https:\/\/crusoe.audiencelabs.com.br\/com-solo-instavel-e-chuvas-no-radar-cidade-brasileira-tem-risco-de-repetir-catastrofe\/\",\"name\":\"Com solo inst\u00e1vel e chuvas no radar, cidade brasileira tem risco de repetir cat\u00e1strofe\",\"isPartOf\":{\"@id\":\"https:\/\/crusoe.audiencelabs.com.br\/#website\"},\"primaryImageOfPage\":{\"@id\":\"https:\/\/crusoe.audiencelabs.com.br\/com-solo-instavel-e-chuvas-no-radar-cidade-brasileira-tem-risco-de-repetir-catastrofe\/#primaryimage\"},\"image\":{\"@id\":\"https:\/\/crusoe.audiencelabs.com.br\/com-solo-instavel-e-chuvas-no-radar-cidade-brasileira-tem-risco-de-repetir-catastrofe\/#primaryimage\"},\"thumbnailUrl\":\"https:\/\/cdn.crusoe.com.br\/uploads\/2026\/03\/Juiz-de-Fora-1-1-e1763398952921.jpg\",\"datePublished\":\"2026-03-05T10:32:35+00:00\",\"author\":{\"@id\":\"https:\/\/crusoe.audiencelabs.com.br\/#\/schema\/person\/f87f73cfe89e5360de2c006bd4bd6a74\"},\"breadcrumb\":{\"@id\":\"https:\/\/crusoe.audiencelabs.com.br\/com-solo-instavel-e-chuvas-no-radar-cidade-brasileira-tem-risco-de-repetir-catastrofe\/#breadcrumb\"},\"inLanguage\":\"pt-BR\",\"potentialAction\":[{\"@type\":\"ReadAction\",\"target\":[\"https:\/\/crusoe.audiencelabs.com.br\/com-solo-instavel-e-chuvas-no-radar-cidade-brasileira-tem-risco-de-repetir-catastrofe\/\"]}]},{\"@type\":\"ImageObject\",\"inLanguage\":\"pt-BR\",\"@id\":\"https:\/\/crusoe.audiencelabs.com.br\/com-solo-instavel-e-chuvas-no-radar-cidade-brasileira-tem-risco-de-repetir-catastrofe\/#primaryimage\",\"url\":\"https:\/\/cdn.crusoe.com.br\/uploads\/2026\/03\/Juiz-de-Fora-1-1-e1763398952921.jpg\",\"contentUrl\":\"https:\/\/cdn.crusoe.com.br\/uploads\/2026\/03\/Juiz-de-Fora-1-1-e1763398952921.jpg\",\"width\":1200,\"height\":676,\"caption\":\"Reprodu\u00e7\u00e3o: Matheus Brum\/via: Jornal JF\"},{\"@type\":\"BreadcrumbList\",\"@id\":\"https:\/\/crusoe.audiencelabs.com.br\/com-solo-instavel-e-chuvas-no-radar-cidade-brasileira-tem-risco-de-repetir-catastrofe\/#breadcrumb\",\"itemListElement\":[{\"@type\":\"ListItem\",\"position\":1,\"name\":\"Home\",\"item\":\"https:\/\/crusoe.audiencelabs.com.br\/\"},{\"@type\":\"ListItem\",\"position\":2,\"name\":\"Com solo inst\u00e1vel e chuvas no radar, cidade brasileira tem risco de repetir cat\u00e1strofe\"}]},{\"@type\":\"WebSite\",\"@id\":\"https:\/\/crusoe.audiencelabs.com.br\/#website\",\"url\":\"https:\/\/crusoe.audiencelabs.com.br\/\",\"name\":\"Variedades - Cruso\u00e9\",\"description\":\"\",\"potentialAction\":[{\"@type\":\"SearchAction\",\"target\":{\"@type\":\"EntryPoint\",\"urlTemplate\":\"https:\/\/crusoe.audiencelabs.com.br\/?s={search_term_string}\"},\"query-input\":{\"@type\":\"PropertyValueSpecification\",\"valueRequired\":true,\"valueName\":\"search_term_string\"}}],\"inLanguage\":\"pt-BR\"},{\"@type\":\"Person\",\"@id\":\"https:\/\/crusoe.audiencelabs.com.br\/#\/schema\/person\/f87f73cfe89e5360de2c006bd4bd6a74\",\"name\":\"Milena Armando\",\"image\":{\"@type\":\"ImageObject\",\"inLanguage\":\"pt-BR\",\"@id\":\"https:\/\/crusoe.audiencelabs.com.br\/#\/schema\/person\/image\/\",\"url\":\"https:\/\/secure.gravatar.com\/avatar\/ea14ecddc9e9d202b698b18f9f69e09c9fd74cfbed5c6008d55f11faefdbdab7?s=96&d=mm&r=g\",\"contentUrl\":\"https:\/\/secure.gravatar.com\/avatar\/ea14ecddc9e9d202b698b18f9f69e09c9fd74cfbed5c6008d55f11faefdbdab7?s=96&d=mm&r=g\",\"caption\":\"Milena Armando\"},\"description\":\"Jornalista, redatora e revisora.\",\"url\":\"https:\/\/crusoe.audiencelabs.com.br\/author\/milena\/\"}]}<\/script>\n<!-- \/ Yoast SEO plugin. -->","yoast_head_json":{"title":"Com solo inst\u00e1vel e chuvas no radar, cidade brasileira tem risco de repetir cat\u00e1strofe","robots":{"index":"index","follow":"follow","max-snippet":"max-snippet:-1","max-image-preview":"max-image-preview:large","max-video-preview":"max-video-preview:-1"},"canonical":"https:\/\/crusoe.audiencelabs.com.br\/com-solo-instavel-e-chuvas-no-radar-cidade-brasileira-tem-risco-de-repetir-catastrofe\/","og_locale":"pt_BR","og_type":"article","og_title":"Com solo inst\u00e1vel e chuvas no radar, cidade brasileira tem risco de repetir cat\u00e1strofe","og_description":"Juiz de Fora, cidade mineira com cerca de 540 mil habitantes, enfrenta um desafio crescente. A ocupa\u00e7\u00e3o de \u00e1reas de risco, principalmente em encostas, tem avan\u00e7ado de maneira preocupante.\u00a0 Essa situa\u00e7\u00e3o coloca o munic\u00edpio entre as dez cidades brasileiras com maior n\u00famero de pessoas vivendo em condi\u00e7\u00f5es vulner\u00e1veis.\u00a0 Em compara\u00e7\u00e3o, apenas as grandes capitais como [&hellip;]","og_url":"https:\/\/crusoe.audiencelabs.com.br\/com-solo-instavel-e-chuvas-no-radar-cidade-brasileira-tem-risco-de-repetir-catastrofe\/","og_site_name":"Variedades - Cruso\u00e9","article_published_time":"2026-03-05T10:32:35+00:00","og_image":[{"width":1200,"height":676,"url":"https:\/\/cdn.crusoe.com.br\/uploads\/2026\/03\/Juiz-de-Fora-1-1-e1763398952921.jpg","type":"image\/jpeg"}],"author":"Milena Armando","twitter_card":"summary_large_image","twitter_misc":{"Escrito por":"Milena Armando","Est. tempo de leitura":"3 minutos"},"schema":{"@context":"https:\/\/schema.org","@graph":[{"@type":"WebPage","@id":"https:\/\/crusoe.audiencelabs.com.br\/com-solo-instavel-e-chuvas-no-radar-cidade-brasileira-tem-risco-de-repetir-catastrofe\/","url":"https:\/\/crusoe.audiencelabs.com.br\/com-solo-instavel-e-chuvas-no-radar-cidade-brasileira-tem-risco-de-repetir-catastrofe\/","name":"Com solo inst\u00e1vel e chuvas no radar, cidade brasileira tem risco de repetir cat\u00e1strofe","isPartOf":{"@id":"https:\/\/crusoe.audiencelabs.com.br\/#website"},"primaryImageOfPage":{"@id":"https:\/\/crusoe.audiencelabs.com.br\/com-solo-instavel-e-chuvas-no-radar-cidade-brasileira-tem-risco-de-repetir-catastrofe\/#primaryimage"},"image":{"@id":"https:\/\/crusoe.audiencelabs.com.br\/com-solo-instavel-e-chuvas-no-radar-cidade-brasileira-tem-risco-de-repetir-catastrofe\/#primaryimage"},"thumbnailUrl":"https:\/\/cdn.crusoe.com.br\/uploads\/2026\/03\/Juiz-de-Fora-1-1-e1763398952921.jpg","datePublished":"2026-03-05T10:32:35+00:00","author":{"@id":"https:\/\/crusoe.audiencelabs.com.br\/#\/schema\/person\/f87f73cfe89e5360de2c006bd4bd6a74"},"breadcrumb":{"@id":"https:\/\/crusoe.audiencelabs.com.br\/com-solo-instavel-e-chuvas-no-radar-cidade-brasileira-tem-risco-de-repetir-catastrofe\/#breadcrumb"},"inLanguage":"pt-BR","potentialAction":[{"@type":"ReadAction","target":["https:\/\/crusoe.audiencelabs.com.br\/com-solo-instavel-e-chuvas-no-radar-cidade-brasileira-tem-risco-de-repetir-catastrofe\/"]}]},{"@type":"ImageObject","inLanguage":"pt-BR","@id":"https:\/\/crusoe.audiencelabs.com.br\/com-solo-instavel-e-chuvas-no-radar-cidade-brasileira-tem-risco-de-repetir-catastrofe\/#primaryimage","url":"https:\/\/cdn.crusoe.com.br\/uploads\/2026\/03\/Juiz-de-Fora-1-1-e1763398952921.jpg","contentUrl":"https:\/\/cdn.crusoe.com.br\/uploads\/2026\/03\/Juiz-de-Fora-1-1-e1763398952921.jpg","width":1200,"height":676,"caption":"Reprodu\u00e7\u00e3o: Matheus Brum\/via: Jornal JF"},{"@type":"BreadcrumbList","@id":"https:\/\/crusoe.audiencelabs.com.br\/com-solo-instavel-e-chuvas-no-radar-cidade-brasileira-tem-risco-de-repetir-catastrofe\/#breadcrumb","itemListElement":[{"@type":"ListItem","position":1,"name":"Home","item":"https:\/\/crusoe.audiencelabs.com.br\/"},{"@type":"ListItem","position":2,"name":"Com solo inst\u00e1vel e chuvas no radar, cidade brasileira tem risco de repetir cat\u00e1strofe"}]},{"@type":"WebSite","@id":"https:\/\/crusoe.audiencelabs.com.br\/#website","url":"https:\/\/crusoe.audiencelabs.com.br\/","name":"Variedades - Cruso\u00e9","description":"","potentialAction":[{"@type":"SearchAction","target":{"@type":"EntryPoint","urlTemplate":"https:\/\/crusoe.audiencelabs.com.br\/?s={search_term_string}"},"query-input":{"@type":"PropertyValueSpecification","valueRequired":true,"valueName":"search_term_string"}}],"inLanguage":"pt-BR"},{"@type":"Person","@id":"https:\/\/crusoe.audiencelabs.com.br\/#\/schema\/person\/f87f73cfe89e5360de2c006bd4bd6a74","name":"Milena Armando","image":{"@type":"ImageObject","inLanguage":"pt-BR","@id":"https:\/\/crusoe.audiencelabs.com.br\/#\/schema\/person\/image\/","url":"https:\/\/secure.gravatar.com\/avatar\/ea14ecddc9e9d202b698b18f9f69e09c9fd74cfbed5c6008d55f11faefdbdab7?s=96&d=mm&r=g","contentUrl":"https:\/\/secure.gravatar.com\/avatar\/ea14ecddc9e9d202b698b18f9f69e09c9fd74cfbed5c6008d55f11faefdbdab7?s=96&d=mm&r=g","caption":"Milena Armando"},"description":"Jornalista, redatora e revisora.","url":"https:\/\/crusoe.audiencelabs.com.br\/author\/milena\/"}]}},"_links":{"self":[{"href":"https:\/\/crusoe.audiencelabs.com.br\/wp-json\/wp\/v2\/posts\/33196","targetHints":{"allow":["GET"]}}],"collection":[{"href":"https:\/\/crusoe.audiencelabs.com.br\/wp-json\/wp\/v2\/posts"}],"about":[{"href":"https:\/\/crusoe.audiencelabs.com.br\/wp-json\/wp\/v2\/types\/post"}],"author":[{"embeddable":true,"href":"https:\/\/crusoe.audiencelabs.com.br\/wp-json\/wp\/v2\/users\/5"}],"replies":[{"embeddable":true,"href":"https:\/\/crusoe.audiencelabs.com.br\/wp-json\/wp\/v2\/comments?post=33196"}],"version-history":[{"count":2,"href":"https:\/\/crusoe.audiencelabs.com.br\/wp-json\/wp\/v2\/posts\/33196\/revisions"}],"predecessor-version":[{"id":33200,"href":"https:\/\/crusoe.audiencelabs.com.br\/wp-json\/wp\/v2\/posts\/33196\/revisions\/33200"}],"wp:featuredmedia":[{"embeddable":true,"href":"https:\/\/crusoe.audiencelabs.com.br\/wp-json\/wp\/v2\/media\/33197"}],"wp:attachment":[{"href":"https:\/\/crusoe.audiencelabs.com.br\/wp-json\/wp\/v2\/media?parent=33196"}],"wp:term":[{"taxonomy":"category","embeddable":true,"href":"https:\/\/crusoe.audiencelabs.com.br\/wp-json\/wp\/v2\/categories?post=33196"},{"taxonomy":"post_tag","embeddable":true,"href":"https:\/\/crusoe.audiencelabs.com.br\/wp-json\/wp\/v2\/tags?post=33196"}],"curies":[{"name":"wp","href":"https:\/\/api.w.org\/{rel}","templated":true}]}}