{"id":3306,"date":"2025-06-30T17:50:20","date_gmt":"2025-06-30T20:50:20","guid":{"rendered":"https:\/\/crusoe.com.br\/variedades\/?p=3306"},"modified":"2025-06-30T19:19:08","modified_gmt":"2025-06-30T22:19:08","slug":"5-evidencias-confiaveis-que-mostram-o-homem-esteve-na-lua","status":"publish","type":"post","link":"https:\/\/crusoe.audiencelabs.com.br\/5-evidencias-confiaveis-que-mostram-o-homem-esteve-na-lua\/","title":{"rendered":"5 evid\u00eancias confi\u00e1veis que mostram o homem esteve na Lua"},"content":{"rendered":"\n<p>No dia 20 de julho de 1969, o astronauta <strong>Neil Armstrong<\/strong> deu &#8220;um pequeno passo&#8221; que representou um momento hist\u00f3rico para a humanidade.<\/p>\n\n\n\n<p>Afinal, a miss\u00e3o Apollo 11 levou o homem \u00e0 Lua pela primeira vez, provando que era poss\u00edvel viajar at\u00e9 o sat\u00e9lite natural da Terra e retornar em seguran\u00e7a.<\/p>\n\n\n\n<p>Mas apesar de existirem diversos registros da important\u00edssima miss\u00e3o, at\u00e9 hoje o pouso na Lua <strong>\u00e9 alvo de te\u00f3ricos da conspira\u00e7\u00e3o<\/strong>, que tentam refutar a conquista de diversas formas.<\/p>\n\n\n\n<p>No entanto, o trabalho dessas pessoas torna-se cada vez mais dif\u00edcil, j\u00e1 que h\u00e1 diversas evid\u00eancias confi\u00e1veis de que o fato realmente ocorreu, incluindo as cinco a seguir:<\/p>\n\n\n\n<h2 class=\"wp-block-heading\">Imagens<\/h2>\n\n\n\n<p>Apesar de muitas teorias alegarem que as imagens do homem na Lua foram adulteradas ou at\u00e9 mesmo forjadas (inclusive, com a ajuda do cineasta Stanley Kubrick), o astrof\u00edsico te\u00f3rico norte-americano Ethan Siegel refor\u00e7a que as imagens s\u00e3o reais.<\/p>\n\n\n\n<p class=\"wp-embed-aspect-4-3 wp-has-aspect-ratio\">Segundo o cientista, embora as imagens tenham passado por tratamento, a tecnologia rudimentar da \u00e9poca impossibilitaria qualquer tipo de falsifica\u00e7\u00e3o.<\/p>\n\n\n\n<figure class=\"wp-block-embed is-type-video is-provider-youtube wp-block-embed-youtube wp-embed-aspect-4-3 wp-has-aspect-ratio\"><div class=\"wp-block-embed__wrapper\">\n<div class=\"jeg_video_container jeg_video_content\"><iframe loading=\"lazy\" title=\"Neil Armstrong - First Moon Landing 1969\" width=\"500\" height=\"375\" src=\"https:\/\/www.youtube.com\/embed\/cwZb2mqId0A?feature=oembed\" frameborder=\"0\" allow=\"accelerometer; autoplay; clipboard-write; encrypted-media; gyroscope; picture-in-picture; web-share\" referrerpolicy=\"strict-origin-when-cross-origin\" allowfullscreen><\/iframe><\/div>\n<\/div><\/figure>\n\n\n\n<h2 class=\"wp-block-heading\">Rochas<\/h2>\n\n\n\n<p>Armstrong e seus colegas de equipe, Michael Collins e Edwin E. &#8220;Buzz&#8221; Aldrin, trouxeram cerca de <strong>382 quilos de rochas lunares<\/strong> quando retornaram para a Terra.<\/p>\n\n\n\n<p>Estas rochas s\u00e3o estudadas por cientistas h\u00e1 d\u00e9cadas, e apresentam uma estrutura \u00fanica, especialmente em rela\u00e7\u00e3o \u00e0 composi\u00e7\u00e3o qu\u00edmica e abund\u00e2ncia de certos elementos.<\/p>\n\n\n\n<h2 class=\"wp-block-heading\">Espelhos refletores<\/h2>\n\n\n\n<p>Durante sua passagem pela Lua, os astronautas da Apollo 11 deixaram para tr\u00e1s alguns espelhos retro-refletores, que permitem que raios laser lan\u00e7ados da Terra sejam refletidos.<\/p>\n\n\n\n<h2 class=\"wp-block-heading\">Locais de pouso<\/h2>\n\n\n\n<p>Desde 2011, o Orbitador de Reconhecimento Lunar da Administra\u00e7\u00e3o Nacional da Aeron\u00e1utica e Espa\u00e7o (NASA) registra os locais de pouso na Lua.<\/p>\n\n\n\n<h2 class=\"wp-block-heading\">Confirma\u00e7\u00e3o de advers\u00e1rios<\/h2>\n\n\n\n<p>Apesar da acirrada disputa entre os Estados Unidos e a antiga Uni\u00e3o Sovi\u00e9tica na corrida espacial, os advers\u00e1rios europeus reconheceram a aterrissagem dos norte-americanos na Lua.<\/p>\n","protected":false},"excerpt":{"rendered":"<p>No dia 20 de julho de 1969, o astronauta Neil Armstrong deu &#8220;um pequeno passo&#8221; que representou um momento hist\u00f3rico para a humanidade. Afinal, a miss\u00e3o Apollo 11 levou o homem \u00e0 Lua pela primeira vez, provando que era poss\u00edvel viajar at\u00e9 o sat\u00e9lite natural da Terra e retornar em seguran\u00e7a. Mas apesar de existirem [&hellip;]<\/p>\n","protected":false},"author":7,"featured_media":3307,"comment_status":"open","ping_status":"open","sticky":false,"template":"","format":"standard","meta":{"jnews-multi-image_gallery":[],"jnews_single_post":{"format":"standard"},"jnews_primary_category":[],"jnews_override_counter":[],"jnews_post_split":[],"footnotes":""},"categories":[1],"tags":[],"class_list":["post-3306","post","type-post","status-publish","format-standard","has-post-thumbnail","hentry","category-geral"],"yoast_head":"<!-- This site is optimized with the Yoast SEO plugin v25.0 - https:\/\/yoast.com\/wordpress\/plugins\/seo\/ -->\n<title>5 evid\u00eancias confi\u00e1veis que mostram o homem esteve na Lua<\/title>\n<meta name=\"robots\" content=\"index, follow, max-snippet:-1, max-image-preview:large, max-video-preview:-1\" \/>\n<link rel=\"canonical\" href=\"https:\/\/crusoe.audiencelabs.com.br\/5-evidencias-confiaveis-que-mostram-o-homem-esteve-na-lua\/\" \/>\n<meta property=\"og:locale\" content=\"pt_BR\" \/>\n<meta property=\"og:type\" content=\"article\" \/>\n<meta property=\"og:title\" content=\"5 evid\u00eancias confi\u00e1veis que mostram o homem esteve na Lua\" \/>\n<meta property=\"og:description\" content=\"No dia 20 de julho de 1969, o astronauta Neil Armstrong deu &#8220;um pequeno passo&#8221; que representou um momento hist\u00f3rico para a humanidade. Afinal, a miss\u00e3o Apollo 11 levou o homem \u00e0 Lua pela primeira vez, provando que era poss\u00edvel viajar at\u00e9 o sat\u00e9lite natural da Terra e retornar em seguran\u00e7a. Mas apesar de existirem [&hellip;]\" \/>\n<meta property=\"og:url\" content=\"https:\/\/crusoe.audiencelabs.com.br\/5-evidencias-confiaveis-que-mostram-o-homem-esteve-na-lua\/\" \/>\n<meta property=\"og:site_name\" content=\"Variedades - Cruso\u00e9\" \/>\n<meta property=\"article:published_time\" content=\"2025-06-30T20:50:20+00:00\" \/>\n<meta property=\"article:modified_time\" content=\"2025-06-30T22:19:08+00:00\" \/>\n<meta property=\"og:image\" content=\"https:\/\/cdn.crusoe.com.br\/uploads\/2025\/06\/evidencias-confiaveis-homem-na-lua.jpg\" \/>\n\t<meta property=\"og:image:width\" content=\"1600\" \/>\n\t<meta property=\"og:image:height\" content=\"900\" \/>\n\t<meta property=\"og:image:type\" content=\"image\/jpeg\" \/>\n<meta name=\"author\" content=\"Jo\u00e3o Carlos Gomes\" \/>\n<meta name=\"twitter:card\" content=\"summary_large_image\" \/>\n<meta name=\"twitter:label1\" content=\"Escrito por\" \/>\n\t<meta name=\"twitter:data1\" content=\"Jo\u00e3o Carlos Gomes\" \/>\n\t<meta name=\"twitter:label2\" content=\"Est. tempo de leitura\" \/>\n\t<meta name=\"twitter:data2\" content=\"2 minutos\" \/>\n<script type=\"application\/ld+json\" class=\"yoast-schema-graph\">{\"@context\":\"https:\/\/schema.org\",\"@graph\":[{\"@type\":\"WebPage\",\"@id\":\"https:\/\/crusoe.audiencelabs.com.br\/5-evidencias-confiaveis-que-mostram-o-homem-esteve-na-lua\/\",\"url\":\"https:\/\/crusoe.audiencelabs.com.br\/5-evidencias-confiaveis-que-mostram-o-homem-esteve-na-lua\/\",\"name\":\"5 evid\u00eancias confi\u00e1veis que mostram o homem esteve na Lua\",\"isPartOf\":{\"@id\":\"https:\/\/crusoe.audiencelabs.com.br\/#website\"},\"primaryImageOfPage\":{\"@id\":\"https:\/\/crusoe.audiencelabs.com.br\/5-evidencias-confiaveis-que-mostram-o-homem-esteve-na-lua\/#primaryimage\"},\"image\":{\"@id\":\"https:\/\/crusoe.audiencelabs.com.br\/5-evidencias-confiaveis-que-mostram-o-homem-esteve-na-lua\/#primaryimage\"},\"thumbnailUrl\":\"https:\/\/cdn.crusoe.com.br\/uploads\/2025\/06\/evidencias-confiaveis-homem-na-lua.jpg\",\"datePublished\":\"2025-06-30T20:50:20+00:00\",\"dateModified\":\"2025-06-30T22:19:08+00:00\",\"author\":{\"@id\":\"https:\/\/crusoe.audiencelabs.com.br\/#\/schema\/person\/4a23399b23149df2eab6637fd2fd2bfc\"},\"breadcrumb\":{\"@id\":\"https:\/\/crusoe.audiencelabs.com.br\/5-evidencias-confiaveis-que-mostram-o-homem-esteve-na-lua\/#breadcrumb\"},\"inLanguage\":\"pt-BR\",\"potentialAction\":[{\"@type\":\"ReadAction\",\"target\":[\"https:\/\/crusoe.audiencelabs.com.br\/5-evidencias-confiaveis-que-mostram-o-homem-esteve-na-lua\/\"]}]},{\"@type\":\"ImageObject\",\"inLanguage\":\"pt-BR\",\"@id\":\"https:\/\/crusoe.audiencelabs.com.br\/5-evidencias-confiaveis-que-mostram-o-homem-esteve-na-lua\/#primaryimage\",\"url\":\"https:\/\/cdn.crusoe.com.br\/uploads\/2025\/06\/evidencias-confiaveis-homem-na-lua.jpg\",\"contentUrl\":\"https:\/\/cdn.crusoe.com.br\/uploads\/2025\/06\/evidencias-confiaveis-homem-na-lua.jpg\",\"width\":1600,\"height\":900,\"caption\":\"Foto: NASA\/Unsplash\"},{\"@type\":\"BreadcrumbList\",\"@id\":\"https:\/\/crusoe.audiencelabs.com.br\/5-evidencias-confiaveis-que-mostram-o-homem-esteve-na-lua\/#breadcrumb\",\"itemListElement\":[{\"@type\":\"ListItem\",\"position\":1,\"name\":\"Home\",\"item\":\"https:\/\/crusoe.audiencelabs.com.br\/\"},{\"@type\":\"ListItem\",\"position\":2,\"name\":\"5 evid\u00eancias confi\u00e1veis que mostram o homem esteve na Lua\"}]},{\"@type\":\"WebSite\",\"@id\":\"https:\/\/crusoe.audiencelabs.com.br\/#website\",\"url\":\"https:\/\/crusoe.audiencelabs.com.br\/\",\"name\":\"Variedades - Cruso\u00e9\",\"description\":\"\",\"potentialAction\":[{\"@type\":\"SearchAction\",\"target\":{\"@type\":\"EntryPoint\",\"urlTemplate\":\"https:\/\/crusoe.audiencelabs.com.br\/?s={search_term_string}\"},\"query-input\":{\"@type\":\"PropertyValueSpecification\",\"valueRequired\":true,\"valueName\":\"search_term_string\"}}],\"inLanguage\":\"pt-BR\"},{\"@type\":\"Person\",\"@id\":\"https:\/\/crusoe.audiencelabs.com.br\/#\/schema\/person\/4a23399b23149df2eab6637fd2fd2bfc\",\"name\":\"Jo\u00e3o Carlos Gomes\",\"image\":{\"@type\":\"ImageObject\",\"inLanguage\":\"pt-BR\",\"@id\":\"https:\/\/crusoe.audiencelabs.com.br\/#\/schema\/person\/image\/\",\"url\":\"https:\/\/secure.gravatar.com\/avatar\/4ce4672dbdd694b329cd6fdb51bee7d1409be1f0ff76a537e4c4a737b2c7d1a9?s=96&d=mm&r=g\",\"contentUrl\":\"https:\/\/secure.gravatar.com\/avatar\/4ce4672dbdd694b329cd6fdb51bee7d1409be1f0ff76a537e4c4a737b2c7d1a9?s=96&d=mm&r=g\",\"caption\":\"Jo\u00e3o Carlos Gomes\"},\"description\":\"Jornalista, criador de conte\u00fado e m\u00fasico independente nas horas vagas.\",\"url\":\"https:\/\/crusoe.audiencelabs.com.br\/author\/joaoc-junior66\/\"}]}<\/script>\n<!-- \/ Yoast SEO plugin. -->","yoast_head_json":{"title":"5 evid\u00eancias confi\u00e1veis que mostram o homem esteve na Lua","robots":{"index":"index","follow":"follow","max-snippet":"max-snippet:-1","max-image-preview":"max-image-preview:large","max-video-preview":"max-video-preview:-1"},"canonical":"https:\/\/crusoe.audiencelabs.com.br\/5-evidencias-confiaveis-que-mostram-o-homem-esteve-na-lua\/","og_locale":"pt_BR","og_type":"article","og_title":"5 evid\u00eancias confi\u00e1veis que mostram o homem esteve na Lua","og_description":"No dia 20 de julho de 1969, o astronauta Neil Armstrong deu &#8220;um pequeno passo&#8221; que representou um momento hist\u00f3rico para a humanidade. Afinal, a miss\u00e3o Apollo 11 levou o homem \u00e0 Lua pela primeira vez, provando que era poss\u00edvel viajar at\u00e9 o sat\u00e9lite natural da Terra e retornar em seguran\u00e7a. Mas apesar de existirem [&hellip;]","og_url":"https:\/\/crusoe.audiencelabs.com.br\/5-evidencias-confiaveis-que-mostram-o-homem-esteve-na-lua\/","og_site_name":"Variedades - Cruso\u00e9","article_published_time":"2025-06-30T20:50:20+00:00","article_modified_time":"2025-06-30T22:19:08+00:00","og_image":[{"width":1600,"height":900,"url":"https:\/\/cdn.crusoe.com.br\/uploads\/2025\/06\/evidencias-confiaveis-homem-na-lua.jpg","type":"image\/jpeg"}],"author":"Jo\u00e3o Carlos Gomes","twitter_card":"summary_large_image","twitter_misc":{"Escrito por":"Jo\u00e3o Carlos Gomes","Est. tempo de leitura":"2 minutos"},"schema":{"@context":"https:\/\/schema.org","@graph":[{"@type":"WebPage","@id":"https:\/\/crusoe.audiencelabs.com.br\/5-evidencias-confiaveis-que-mostram-o-homem-esteve-na-lua\/","url":"https:\/\/crusoe.audiencelabs.com.br\/5-evidencias-confiaveis-que-mostram-o-homem-esteve-na-lua\/","name":"5 evid\u00eancias confi\u00e1veis que mostram o homem esteve na Lua","isPartOf":{"@id":"https:\/\/crusoe.audiencelabs.com.br\/#website"},"primaryImageOfPage":{"@id":"https:\/\/crusoe.audiencelabs.com.br\/5-evidencias-confiaveis-que-mostram-o-homem-esteve-na-lua\/#primaryimage"},"image":{"@id":"https:\/\/crusoe.audiencelabs.com.br\/5-evidencias-confiaveis-que-mostram-o-homem-esteve-na-lua\/#primaryimage"},"thumbnailUrl":"https:\/\/cdn.crusoe.com.br\/uploads\/2025\/06\/evidencias-confiaveis-homem-na-lua.jpg","datePublished":"2025-06-30T20:50:20+00:00","dateModified":"2025-06-30T22:19:08+00:00","author":{"@id":"https:\/\/crusoe.audiencelabs.com.br\/#\/schema\/person\/4a23399b23149df2eab6637fd2fd2bfc"},"breadcrumb":{"@id":"https:\/\/crusoe.audiencelabs.com.br\/5-evidencias-confiaveis-que-mostram-o-homem-esteve-na-lua\/#breadcrumb"},"inLanguage":"pt-BR","potentialAction":[{"@type":"ReadAction","target":["https:\/\/crusoe.audiencelabs.com.br\/5-evidencias-confiaveis-que-mostram-o-homem-esteve-na-lua\/"]}]},{"@type":"ImageObject","inLanguage":"pt-BR","@id":"https:\/\/crusoe.audiencelabs.com.br\/5-evidencias-confiaveis-que-mostram-o-homem-esteve-na-lua\/#primaryimage","url":"https:\/\/cdn.crusoe.com.br\/uploads\/2025\/06\/evidencias-confiaveis-homem-na-lua.jpg","contentUrl":"https:\/\/cdn.crusoe.com.br\/uploads\/2025\/06\/evidencias-confiaveis-homem-na-lua.jpg","width":1600,"height":900,"caption":"Foto: NASA\/Unsplash"},{"@type":"BreadcrumbList","@id":"https:\/\/crusoe.audiencelabs.com.br\/5-evidencias-confiaveis-que-mostram-o-homem-esteve-na-lua\/#breadcrumb","itemListElement":[{"@type":"ListItem","position":1,"name":"Home","item":"https:\/\/crusoe.audiencelabs.com.br\/"},{"@type":"ListItem","position":2,"name":"5 evid\u00eancias confi\u00e1veis que mostram o homem esteve na Lua"}]},{"@type":"WebSite","@id":"https:\/\/crusoe.audiencelabs.com.br\/#website","url":"https:\/\/crusoe.audiencelabs.com.br\/","name":"Variedades - Cruso\u00e9","description":"","potentialAction":[{"@type":"SearchAction","target":{"@type":"EntryPoint","urlTemplate":"https:\/\/crusoe.audiencelabs.com.br\/?s={search_term_string}"},"query-input":{"@type":"PropertyValueSpecification","valueRequired":true,"valueName":"search_term_string"}}],"inLanguage":"pt-BR"},{"@type":"Person","@id":"https:\/\/crusoe.audiencelabs.com.br\/#\/schema\/person\/4a23399b23149df2eab6637fd2fd2bfc","name":"Jo\u00e3o Carlos Gomes","image":{"@type":"ImageObject","inLanguage":"pt-BR","@id":"https:\/\/crusoe.audiencelabs.com.br\/#\/schema\/person\/image\/","url":"https:\/\/secure.gravatar.com\/avatar\/4ce4672dbdd694b329cd6fdb51bee7d1409be1f0ff76a537e4c4a737b2c7d1a9?s=96&d=mm&r=g","contentUrl":"https:\/\/secure.gravatar.com\/avatar\/4ce4672dbdd694b329cd6fdb51bee7d1409be1f0ff76a537e4c4a737b2c7d1a9?s=96&d=mm&r=g","caption":"Jo\u00e3o Carlos Gomes"},"description":"Jornalista, criador de conte\u00fado e m\u00fasico independente nas horas vagas.","url":"https:\/\/crusoe.audiencelabs.com.br\/author\/joaoc-junior66\/"}]}},"_links":{"self":[{"href":"https:\/\/crusoe.audiencelabs.com.br\/wp-json\/wp\/v2\/posts\/3306","targetHints":{"allow":["GET"]}}],"collection":[{"href":"https:\/\/crusoe.audiencelabs.com.br\/wp-json\/wp\/v2\/posts"}],"about":[{"href":"https:\/\/crusoe.audiencelabs.com.br\/wp-json\/wp\/v2\/types\/post"}],"author":[{"embeddable":true,"href":"https:\/\/crusoe.audiencelabs.com.br\/wp-json\/wp\/v2\/users\/7"}],"replies":[{"embeddable":true,"href":"https:\/\/crusoe.audiencelabs.com.br\/wp-json\/wp\/v2\/comments?post=3306"}],"version-history":[{"count":2,"href":"https:\/\/crusoe.audiencelabs.com.br\/wp-json\/wp\/v2\/posts\/3306\/revisions"}],"predecessor-version":[{"id":3325,"href":"https:\/\/crusoe.audiencelabs.com.br\/wp-json\/wp\/v2\/posts\/3306\/revisions\/3325"}],"wp:featuredmedia":[{"embeddable":true,"href":"https:\/\/crusoe.audiencelabs.com.br\/wp-json\/wp\/v2\/media\/3307"}],"wp:attachment":[{"href":"https:\/\/crusoe.audiencelabs.com.br\/wp-json\/wp\/v2\/media?parent=3306"}],"wp:term":[{"taxonomy":"category","embeddable":true,"href":"https:\/\/crusoe.audiencelabs.com.br\/wp-json\/wp\/v2\/categories?post=3306"},{"taxonomy":"post_tag","embeddable":true,"href":"https:\/\/crusoe.audiencelabs.com.br\/wp-json\/wp\/v2\/tags?post=3306"}],"curies":[{"name":"wp","href":"https:\/\/api.w.org\/{rel}","templated":true}]}}