{"id":3302,"date":"2025-06-30T17:32:52","date_gmt":"2025-06-30T20:32:52","guid":{"rendered":"https:\/\/crusoe.com.br\/variedades\/?p=3302"},"modified":"2025-06-30T17:32:54","modified_gmt":"2025-06-30T20:32:54","slug":"kendrick-lamar-vem-mesmo-para-o-brasil","status":"publish","type":"post","link":"https:\/\/crusoe.audiencelabs.com.br\/kendrick-lamar-vem-mesmo-para-o-brasil\/","title":{"rendered":"Kendrick Lamar vem mesmo para o Brasil?"},"content":{"rendered":"\n<p>O rapper Kendrick Lamar desembarcar\u00e1 em setembro de 2025 para fazer um show \u00fanico em S\u00e3o Paulo. Marcado para o dia 30 no Allianz Parque, faz parte da \u201cGrand National Tour\u201d. Prometendo reunir f\u00e3s de todo o pa\u00eds, contar\u00e1 com a abertura da dupla argentina Ca7riel &amp; Paco Amoroso.<\/p>\n\n\n\n<p>Os ingressos j\u00e1 est\u00e3o sendo comercializados, contendo uma grande estrutura, al\u00e9m de um repert\u00f3rio renovado. Ap\u00f3s o sucesso de \u201cNot Like Us\u201d e pr\u00eamios acumulados, o artista volta ao Brasil. A expectativa \u00e9 de grande procura por uma noite que promete ser intensa e inesquec\u00edvel.<\/p>\n\n\n\n<p>Mais do que performance, Kendrick Lamar vem com sua representatividade e relev\u00e2ncia. Conhecido globalmente, sua l\u00edrica \u00e9 afiada, contendo seu engajamento social, transformando as apresenta\u00e7\u00f5es. A chance \u00e9 de celebrar sua arte, o rap e a cultura urbana.<\/p>\n\n\n\n<h2 class=\"wp-block-heading\"><strong>Tudo sobre o show <\/strong><\/h2>\n\n\n\n<p>Sendo um dos eventos mais aguardados para o segundo semestre de 2025, o show de Kendrick Lamar ter\u00e1 ingressos em valores variados de R$ 280 (meia-entrada) at\u00e9 R$ 990 (inteira) na plataforma Ticketmaster. A depender da categoria, oferece diversas op\u00e7\u00f5es para o p\u00fablico. O destaque fica pr\u00f3ximo ao palco e com maior visibilidade.<\/p>\n\n\n\n<p>Ganhando notoriedade nas apresenta\u00e7\u00f5es, a dupla que far\u00e1 a abertura, Ca7riel &amp; Paco Amoroso, s\u00e3o conhecidos pela energia no palco. Prometendo aquecer o p\u00fablico para a entrada de Kendrick Lamar, a sonoridade deles passa pelo experimental. Mais do que um show, ser\u00e1 uma experi\u00eancia completa.<\/p>\n\n\n\n<p>Elementos visuais marcantes ser\u00e3o vistos pelo p\u00fablico, principalmente alinhados com a proposta art\u00edstica da &#8220;Grand National Tour\u201d. Cen\u00e1rios din\u00e2micos, performances, ilumina\u00e7\u00e3o precisa, al\u00e9m de proje\u00e7\u00f5es audiovisuais para compor todo o clima imersivo que o rapper ir\u00e1 propor.<\/p>\n\n\n\n<p>Sendo uma chance imperd\u00edvel, os f\u00e3s brasileiros de Kendrick Lamar ter\u00e3o a chance de assisti-lo em grande porte no pa\u00eds. A expectativa \u00e9 de uma setlist incluindo sucessos como &#8220;HUMBLE&#8221;, \u201cAlright\u201d e o seu mais recente hit \u201cNot Like Us\u201d. Para isso, um equil\u00edbrio entre seus cl\u00e1ssicos e a nova fase.<\/p>\n\n\n\n<p><\/p>\n","protected":false},"excerpt":{"rendered":"<p>Integrando a \u201cGrand National Tour\u201d, Kendrick Lamar se apresentar\u00e1 no Brasil dia 30 de setembro.<\/p>\n","protected":false},"author":8,"featured_media":3308,"comment_status":"open","ping_status":"open","sticky":false,"template":"","format":"standard","meta":{"jnews-multi-image_gallery":[],"jnews_single_post":{"format":"standard"},"jnews_primary_category":[],"jnews_override_counter":[],"jnews_post_split":[],"footnotes":""},"categories":[1],"tags":[],"class_list":["post-3302","post","type-post","status-publish","format-standard","has-post-thumbnail","hentry","category-geral"],"yoast_head":"<!-- This site is optimized with the Yoast SEO plugin v25.0 - https:\/\/yoast.com\/wordpress\/plugins\/seo\/ -->\n<title>Kendrick Lamar vem mesmo para o Brasil?<\/title>\n<meta name=\"robots\" content=\"index, follow, max-snippet:-1, max-image-preview:large, max-video-preview:-1\" \/>\n<link rel=\"canonical\" href=\"https:\/\/crusoe.audiencelabs.com.br\/kendrick-lamar-vem-mesmo-para-o-brasil\/\" \/>\n<meta property=\"og:locale\" content=\"pt_BR\" \/>\n<meta property=\"og:type\" content=\"article\" \/>\n<meta property=\"og:title\" content=\"Kendrick Lamar vem mesmo para o Brasil?\" \/>\n<meta property=\"og:description\" content=\"Integrando a \u201cGrand National Tour\u201d, Kendrick Lamar se apresentar\u00e1 no Brasil dia 30 de setembro.\" \/>\n<meta property=\"og:url\" content=\"https:\/\/crusoe.audiencelabs.com.br\/kendrick-lamar-vem-mesmo-para-o-brasil\/\" \/>\n<meta property=\"og:site_name\" content=\"Variedades - Cruso\u00e9\" \/>\n<meta property=\"article:published_time\" content=\"2025-06-30T20:32:52+00:00\" \/>\n<meta property=\"article:modified_time\" content=\"2025-06-30T20:32:54+00:00\" \/>\n<meta property=\"og:image\" content=\"https:\/\/cdn.crusoe.com.br\/uploads\/2025\/06\/kendrick1.webp\" \/>\n\t<meta property=\"og:image:width\" content=\"984\" \/>\n\t<meta property=\"og:image:height\" content=\"655\" \/>\n\t<meta property=\"og:image:type\" content=\"image\/webp\" \/>\n<meta name=\"author\" content=\"Gabriela Santos\" \/>\n<meta name=\"twitter:card\" content=\"summary_large_image\" \/>\n<meta name=\"twitter:label1\" content=\"Escrito por\" \/>\n\t<meta name=\"twitter:data1\" content=\"Gabriela Santos\" \/>\n\t<meta name=\"twitter:label2\" content=\"Est. tempo de leitura\" \/>\n\t<meta name=\"twitter:data2\" content=\"2 minutos\" \/>\n<script type=\"application\/ld+json\" class=\"yoast-schema-graph\">{\"@context\":\"https:\/\/schema.org\",\"@graph\":[{\"@type\":\"WebPage\",\"@id\":\"https:\/\/crusoe.audiencelabs.com.br\/kendrick-lamar-vem-mesmo-para-o-brasil\/\",\"url\":\"https:\/\/crusoe.audiencelabs.com.br\/kendrick-lamar-vem-mesmo-para-o-brasil\/\",\"name\":\"Kendrick Lamar vem mesmo para o Brasil?\",\"isPartOf\":{\"@id\":\"https:\/\/crusoe.audiencelabs.com.br\/#website\"},\"primaryImageOfPage\":{\"@id\":\"https:\/\/crusoe.audiencelabs.com.br\/kendrick-lamar-vem-mesmo-para-o-brasil\/#primaryimage\"},\"image\":{\"@id\":\"https:\/\/crusoe.audiencelabs.com.br\/kendrick-lamar-vem-mesmo-para-o-brasil\/#primaryimage\"},\"thumbnailUrl\":\"https:\/\/cdn.crusoe.com.br\/uploads\/2025\/06\/kendrick1.webp\",\"datePublished\":\"2025-06-30T20:32:52+00:00\",\"dateModified\":\"2025-06-30T20:32:54+00:00\",\"author\":{\"@id\":\"https:\/\/crusoe.audiencelabs.com.br\/#\/schema\/person\/be66e7e59ad3bc2a7c0833132c5c8c00\"},\"breadcrumb\":{\"@id\":\"https:\/\/crusoe.audiencelabs.com.br\/kendrick-lamar-vem-mesmo-para-o-brasil\/#breadcrumb\"},\"inLanguage\":\"pt-BR\",\"potentialAction\":[{\"@type\":\"ReadAction\",\"target\":[\"https:\/\/crusoe.audiencelabs.com.br\/kendrick-lamar-vem-mesmo-para-o-brasil\/\"]}]},{\"@type\":\"ImageObject\",\"inLanguage\":\"pt-BR\",\"@id\":\"https:\/\/crusoe.audiencelabs.com.br\/kendrick-lamar-vem-mesmo-para-o-brasil\/#primaryimage\",\"url\":\"https:\/\/cdn.crusoe.com.br\/uploads\/2025\/06\/kendrick1.webp\",\"contentUrl\":\"https:\/\/cdn.crusoe.com.br\/uploads\/2025\/06\/kendrick1.webp\",\"width\":984,\"height\":655,\"caption\":\"Reprodu\u00e7\u00e3o: Instagram\"},{\"@type\":\"BreadcrumbList\",\"@id\":\"https:\/\/crusoe.audiencelabs.com.br\/kendrick-lamar-vem-mesmo-para-o-brasil\/#breadcrumb\",\"itemListElement\":[{\"@type\":\"ListItem\",\"position\":1,\"name\":\"Home\",\"item\":\"https:\/\/crusoe.audiencelabs.com.br\/\"},{\"@type\":\"ListItem\",\"position\":2,\"name\":\"Kendrick Lamar vem mesmo para o Brasil?\"}]},{\"@type\":\"WebSite\",\"@id\":\"https:\/\/crusoe.audiencelabs.com.br\/#website\",\"url\":\"https:\/\/crusoe.audiencelabs.com.br\/\",\"name\":\"Variedades - Cruso\u00e9\",\"description\":\"\",\"potentialAction\":[{\"@type\":\"SearchAction\",\"target\":{\"@type\":\"EntryPoint\",\"urlTemplate\":\"https:\/\/crusoe.audiencelabs.com.br\/?s={search_term_string}\"},\"query-input\":{\"@type\":\"PropertyValueSpecification\",\"valueRequired\":true,\"valueName\":\"search_term_string\"}}],\"inLanguage\":\"pt-BR\"},{\"@type\":\"Person\",\"@id\":\"https:\/\/crusoe.audiencelabs.com.br\/#\/schema\/person\/be66e7e59ad3bc2a7c0833132c5c8c00\",\"name\":\"Gabriela Santos\",\"image\":{\"@type\":\"ImageObject\",\"inLanguage\":\"pt-BR\",\"@id\":\"https:\/\/crusoe.audiencelabs.com.br\/#\/schema\/person\/image\/\",\"url\":\"https:\/\/secure.gravatar.com\/avatar\/d58b244b5f316c2ae218c4fd7fd0fdf0fbcf215931ac50c70906d65db85b6002?s=96&d=mm&r=g\",\"contentUrl\":\"https:\/\/secure.gravatar.com\/avatar\/d58b244b5f316c2ae218c4fd7fd0fdf0fbcf215931ac50c70906d65db85b6002?s=96&d=mm&r=g\",\"caption\":\"Gabriela Santos\"},\"description\":\"Jornalista que atua com a produ\u00e7\u00e3o de conte\u00fado em temas diversos, aproximando o leitor por meio de informa\u00e7\u00f5es que refletem o cotidiano.\",\"url\":\"https:\/\/crusoe.audiencelabs.com.br\/author\/gabrielasantos\/\"}]}<\/script>\n<!-- \/ Yoast SEO plugin. -->","yoast_head_json":{"title":"Kendrick Lamar vem mesmo para o Brasil?","robots":{"index":"index","follow":"follow","max-snippet":"max-snippet:-1","max-image-preview":"max-image-preview:large","max-video-preview":"max-video-preview:-1"},"canonical":"https:\/\/crusoe.audiencelabs.com.br\/kendrick-lamar-vem-mesmo-para-o-brasil\/","og_locale":"pt_BR","og_type":"article","og_title":"Kendrick Lamar vem mesmo para o Brasil?","og_description":"Integrando a \u201cGrand National Tour\u201d, Kendrick Lamar se apresentar\u00e1 no Brasil dia 30 de setembro.","og_url":"https:\/\/crusoe.audiencelabs.com.br\/kendrick-lamar-vem-mesmo-para-o-brasil\/","og_site_name":"Variedades - Cruso\u00e9","article_published_time":"2025-06-30T20:32:52+00:00","article_modified_time":"2025-06-30T20:32:54+00:00","og_image":[{"width":984,"height":655,"url":"https:\/\/cdn.crusoe.com.br\/uploads\/2025\/06\/kendrick1.webp","type":"image\/webp"}],"author":"Gabriela Santos","twitter_card":"summary_large_image","twitter_misc":{"Escrito por":"Gabriela Santos","Est. tempo de leitura":"2 minutos"},"schema":{"@context":"https:\/\/schema.org","@graph":[{"@type":"WebPage","@id":"https:\/\/crusoe.audiencelabs.com.br\/kendrick-lamar-vem-mesmo-para-o-brasil\/","url":"https:\/\/crusoe.audiencelabs.com.br\/kendrick-lamar-vem-mesmo-para-o-brasil\/","name":"Kendrick Lamar vem mesmo para o Brasil?","isPartOf":{"@id":"https:\/\/crusoe.audiencelabs.com.br\/#website"},"primaryImageOfPage":{"@id":"https:\/\/crusoe.audiencelabs.com.br\/kendrick-lamar-vem-mesmo-para-o-brasil\/#primaryimage"},"image":{"@id":"https:\/\/crusoe.audiencelabs.com.br\/kendrick-lamar-vem-mesmo-para-o-brasil\/#primaryimage"},"thumbnailUrl":"https:\/\/cdn.crusoe.com.br\/uploads\/2025\/06\/kendrick1.webp","datePublished":"2025-06-30T20:32:52+00:00","dateModified":"2025-06-30T20:32:54+00:00","author":{"@id":"https:\/\/crusoe.audiencelabs.com.br\/#\/schema\/person\/be66e7e59ad3bc2a7c0833132c5c8c00"},"breadcrumb":{"@id":"https:\/\/crusoe.audiencelabs.com.br\/kendrick-lamar-vem-mesmo-para-o-brasil\/#breadcrumb"},"inLanguage":"pt-BR","potentialAction":[{"@type":"ReadAction","target":["https:\/\/crusoe.audiencelabs.com.br\/kendrick-lamar-vem-mesmo-para-o-brasil\/"]}]},{"@type":"ImageObject","inLanguage":"pt-BR","@id":"https:\/\/crusoe.audiencelabs.com.br\/kendrick-lamar-vem-mesmo-para-o-brasil\/#primaryimage","url":"https:\/\/cdn.crusoe.com.br\/uploads\/2025\/06\/kendrick1.webp","contentUrl":"https:\/\/cdn.crusoe.com.br\/uploads\/2025\/06\/kendrick1.webp","width":984,"height":655,"caption":"Reprodu\u00e7\u00e3o: Instagram"},{"@type":"BreadcrumbList","@id":"https:\/\/crusoe.audiencelabs.com.br\/kendrick-lamar-vem-mesmo-para-o-brasil\/#breadcrumb","itemListElement":[{"@type":"ListItem","position":1,"name":"Home","item":"https:\/\/crusoe.audiencelabs.com.br\/"},{"@type":"ListItem","position":2,"name":"Kendrick Lamar vem mesmo para o Brasil?"}]},{"@type":"WebSite","@id":"https:\/\/crusoe.audiencelabs.com.br\/#website","url":"https:\/\/crusoe.audiencelabs.com.br\/","name":"Variedades - Cruso\u00e9","description":"","potentialAction":[{"@type":"SearchAction","target":{"@type":"EntryPoint","urlTemplate":"https:\/\/crusoe.audiencelabs.com.br\/?s={search_term_string}"},"query-input":{"@type":"PropertyValueSpecification","valueRequired":true,"valueName":"search_term_string"}}],"inLanguage":"pt-BR"},{"@type":"Person","@id":"https:\/\/crusoe.audiencelabs.com.br\/#\/schema\/person\/be66e7e59ad3bc2a7c0833132c5c8c00","name":"Gabriela Santos","image":{"@type":"ImageObject","inLanguage":"pt-BR","@id":"https:\/\/crusoe.audiencelabs.com.br\/#\/schema\/person\/image\/","url":"https:\/\/secure.gravatar.com\/avatar\/d58b244b5f316c2ae218c4fd7fd0fdf0fbcf215931ac50c70906d65db85b6002?s=96&d=mm&r=g","contentUrl":"https:\/\/secure.gravatar.com\/avatar\/d58b244b5f316c2ae218c4fd7fd0fdf0fbcf215931ac50c70906d65db85b6002?s=96&d=mm&r=g","caption":"Gabriela Santos"},"description":"Jornalista que atua com a produ\u00e7\u00e3o de conte\u00fado em temas diversos, aproximando o leitor por meio de informa\u00e7\u00f5es que refletem o cotidiano.","url":"https:\/\/crusoe.audiencelabs.com.br\/author\/gabrielasantos\/"}]}},"_links":{"self":[{"href":"https:\/\/crusoe.audiencelabs.com.br\/wp-json\/wp\/v2\/posts\/3302","targetHints":{"allow":["GET"]}}],"collection":[{"href":"https:\/\/crusoe.audiencelabs.com.br\/wp-json\/wp\/v2\/posts"}],"about":[{"href":"https:\/\/crusoe.audiencelabs.com.br\/wp-json\/wp\/v2\/types\/post"}],"author":[{"embeddable":true,"href":"https:\/\/crusoe.audiencelabs.com.br\/wp-json\/wp\/v2\/users\/8"}],"replies":[{"embeddable":true,"href":"https:\/\/crusoe.audiencelabs.com.br\/wp-json\/wp\/v2\/comments?post=3302"}],"version-history":[{"count":1,"href":"https:\/\/crusoe.audiencelabs.com.br\/wp-json\/wp\/v2\/posts\/3302\/revisions"}],"predecessor-version":[{"id":3309,"href":"https:\/\/crusoe.audiencelabs.com.br\/wp-json\/wp\/v2\/posts\/3302\/revisions\/3309"}],"wp:featuredmedia":[{"embeddable":true,"href":"https:\/\/crusoe.audiencelabs.com.br\/wp-json\/wp\/v2\/media\/3308"}],"wp:attachment":[{"href":"https:\/\/crusoe.audiencelabs.com.br\/wp-json\/wp\/v2\/media?parent=3302"}],"wp:term":[{"taxonomy":"category","embeddable":true,"href":"https:\/\/crusoe.audiencelabs.com.br\/wp-json\/wp\/v2\/categories?post=3302"},{"taxonomy":"post_tag","embeddable":true,"href":"https:\/\/crusoe.audiencelabs.com.br\/wp-json\/wp\/v2\/tags?post=3302"}],"curies":[{"name":"wp","href":"https:\/\/api.w.org\/{rel}","templated":true}]}}