{"id":3237,"date":"2025-06-30T15:10:21","date_gmt":"2025-06-30T18:10:21","guid":{"rendered":"https:\/\/crusoe.com.br\/variedades\/?p=3237"},"modified":"2025-06-30T15:10:24","modified_gmt":"2025-06-30T18:10:24","slug":"novo-valor-do-salario-minimo-pega-trabalhadores-desprevenidos","status":"publish","type":"post","link":"https:\/\/crusoe.audiencelabs.com.br\/novo-valor-do-salario-minimo-pega-trabalhadores-desprevenidos\/","title":{"rendered":"Novo valor do sal\u00e1rio m\u00ednimo pega trabalhadores desprevenidos"},"content":{"rendered":"\n<p>Mesmo com o sal\u00e1rio m\u00ednimo atual, <strong>de R$ 1.518<\/strong>, estando em vigor desde em fevereiro, muitos trabalhadores ainda est\u00e3o sendo surpreendidos pela diferen\u00e7a no or\u00e7amento.<\/p>\n\n\n\n<p>Garantindo um ganho real de 2,5% para os trabalhadores, o valor corresponde a um aumento de R$ 106 em rela\u00e7\u00e3o ao ano anterior.<\/p>\n\n\n\n<p>E vale destacar que, para que ele fosse alcan\u00e7ado, foi necess\u00e1rio considerar a infla\u00e7\u00e3o de 2024, medida pelo \u00cdndice Nacional de Pre\u00e7os ao Consumidor (INPC), de 4,84%, e um aumento real baseado no crescimento do PIB de 2023.<\/p>\n\n\n\n<p>Al\u00e9m de beneficiar trabalhadores ativos, o novo valor tamb\u00e9m foi bem recebido por aposentados e benefici\u00e1rios de programas sociais, como o Benef\u00edcio de Presta\u00e7\u00e3o Continuada (BPC), j\u00e1 que passou a servir como refer\u00eancia para o novo piso de pagamento.<\/p>\n\n\n\n<h2 class=\"wp-block-heading\">Regras para definir o valor do sal\u00e1rio m\u00ednimo<\/h2>\n\n\n\n<p>A decis\u00e3o de calcular o sal\u00e1rio m\u00ednimo com base na infla\u00e7\u00e3o e na varia\u00e7\u00e3o do PIB foi estabelecida pela Lei 14.133\/2021, que entrou em vigor em 1\u00ba de janeiro de 2022.<\/p>\n\n\n\n<p>A medida serviu como uma maneira de garantir um aumento real do sal\u00e1rio m\u00ednimo, visando proteger o poder de compra dos trabalhadores.<\/p>\n\n\n\n<p>Com isso, milh\u00f5es de trabalhadores e suas fam\u00edlias passar\u00e3o a ser beneficiados por reajustes mais consistentes e alinhados \u00e0 realidade econ\u00f4mica do pa\u00eds.<\/p>\n\n\n\n<h2 class=\"wp-block-heading\">Sal\u00e1rio m\u00ednimo de 2026 ter\u00e1 outro aumento acima de R$ 100<\/h2>\n\n\n\n<p>De acordo com o governo federal, o sal\u00e1rio m\u00ednimo de 2026 pode chegar ao valor de <strong>R$ 1.630<\/strong>, conforme previsto pelos minist\u00e9rios da Fazenda e do Planejamento e Or\u00e7amento no Projeto de Lei de Diretrizes Or\u00e7ament\u00e1rias (PLDO) do ano que vem.<\/p>\n\n\n\n<p>Com isso, projeta-se um aumento de aproximadamente R$ 112, ou 7,37% em rela\u00e7\u00e3o ao valor atual, beneficiando novamente todos que t\u00eam o valor como principal fonte de renda.<\/p>\n\n\n\n<p>Estima-se que, assim como ocorreu em 2025, o novo sal\u00e1rio entre em vigor a partir de janeiro do pr\u00f3ximo ano, mas comece a ser pago aos trabalhadores em fevereiro.<\/p>\n","protected":false},"excerpt":{"rendered":"<p>Mesmo com o sal\u00e1rio m\u00ednimo atual, de R$ 1.518, estando em vigor desde em fevereiro, muitos trabalhadores ainda est\u00e3o sendo surpreendidos pela diferen\u00e7a no or\u00e7amento. Garantindo um ganho real de 2,5% para os trabalhadores, o valor corresponde a um aumento de R$ 106 em rela\u00e7\u00e3o ao ano anterior. E vale destacar que, para que ele [&hellip;]<\/p>\n","protected":false},"author":7,"featured_media":3238,"comment_status":"open","ping_status":"open","sticky":false,"template":"","format":"standard","meta":{"jnews-multi-image_gallery":[],"jnews_single_post":{"format":"standard"},"jnews_primary_category":[],"jnews_override_counter":[],"jnews_post_split":[],"footnotes":""},"categories":[1],"tags":[],"class_list":["post-3237","post","type-post","status-publish","format-standard","has-post-thumbnail","hentry","category-geral"],"yoast_head":"<!-- This site is optimized with the Yoast SEO plugin v25.0 - https:\/\/yoast.com\/wordpress\/plugins\/seo\/ -->\n<title>Novo valor do sal\u00e1rio m\u00ednimo pega trabalhadores desprevenidos<\/title>\n<meta name=\"robots\" content=\"index, follow, max-snippet:-1, max-image-preview:large, max-video-preview:-1\" \/>\n<link rel=\"canonical\" href=\"https:\/\/crusoe.audiencelabs.com.br\/novo-valor-do-salario-minimo-pega-trabalhadores-desprevenidos\/\" \/>\n<meta property=\"og:locale\" content=\"pt_BR\" \/>\n<meta property=\"og:type\" content=\"article\" \/>\n<meta property=\"og:title\" content=\"Novo valor do sal\u00e1rio m\u00ednimo pega trabalhadores desprevenidos\" \/>\n<meta property=\"og:description\" content=\"Mesmo com o sal\u00e1rio m\u00ednimo atual, de R$ 1.518, estando em vigor desde em fevereiro, muitos trabalhadores ainda est\u00e3o sendo surpreendidos pela diferen\u00e7a no or\u00e7amento. Garantindo um ganho real de 2,5% para os trabalhadores, o valor corresponde a um aumento de R$ 106 em rela\u00e7\u00e3o ao ano anterior. E vale destacar que, para que ele [&hellip;]\" \/>\n<meta property=\"og:url\" content=\"https:\/\/crusoe.audiencelabs.com.br\/novo-valor-do-salario-minimo-pega-trabalhadores-desprevenidos\/\" \/>\n<meta property=\"og:site_name\" content=\"Variedades - Cruso\u00e9\" \/>\n<meta property=\"article:published_time\" content=\"2025-06-30T18:10:21+00:00\" \/>\n<meta property=\"article:modified_time\" content=\"2025-06-30T18:10:24+00:00\" \/>\n<meta property=\"og:image\" content=\"https:\/\/cdn.crusoe.com.br\/uploads\/2025\/06\/novo-valor-salario-minimo.webp\" \/>\n\t<meta property=\"og:image:width\" content=\"1280\" \/>\n\t<meta property=\"og:image:height\" content=\"720\" \/>\n\t<meta property=\"og:image:type\" content=\"image\/webp\" \/>\n<meta name=\"author\" content=\"Jo\u00e3o Carlos Gomes\" \/>\n<meta name=\"twitter:card\" content=\"summary_large_image\" \/>\n<meta name=\"twitter:label1\" content=\"Escrito por\" \/>\n\t<meta name=\"twitter:data1\" content=\"Jo\u00e3o Carlos Gomes\" \/>\n\t<meta name=\"twitter:label2\" content=\"Est. tempo de leitura\" \/>\n\t<meta name=\"twitter:data2\" content=\"2 minutos\" \/>\n<script type=\"application\/ld+json\" class=\"yoast-schema-graph\">{\"@context\":\"https:\/\/schema.org\",\"@graph\":[{\"@type\":\"WebPage\",\"@id\":\"https:\/\/crusoe.audiencelabs.com.br\/novo-valor-do-salario-minimo-pega-trabalhadores-desprevenidos\/\",\"url\":\"https:\/\/crusoe.audiencelabs.com.br\/novo-valor-do-salario-minimo-pega-trabalhadores-desprevenidos\/\",\"name\":\"Novo valor do sal\u00e1rio m\u00ednimo pega trabalhadores desprevenidos\",\"isPartOf\":{\"@id\":\"https:\/\/crusoe.audiencelabs.com.br\/#website\"},\"primaryImageOfPage\":{\"@id\":\"https:\/\/crusoe.audiencelabs.com.br\/novo-valor-do-salario-minimo-pega-trabalhadores-desprevenidos\/#primaryimage\"},\"image\":{\"@id\":\"https:\/\/crusoe.audiencelabs.com.br\/novo-valor-do-salario-minimo-pega-trabalhadores-desprevenidos\/#primaryimage\"},\"thumbnailUrl\":\"https:\/\/cdn.crusoe.com.br\/uploads\/2025\/06\/novo-valor-salario-minimo.webp\",\"datePublished\":\"2025-06-30T18:10:21+00:00\",\"dateModified\":\"2025-06-30T18:10:24+00:00\",\"author\":{\"@id\":\"https:\/\/crusoe.audiencelabs.com.br\/#\/schema\/person\/4a23399b23149df2eab6637fd2fd2bfc\"},\"breadcrumb\":{\"@id\":\"https:\/\/crusoe.audiencelabs.com.br\/novo-valor-do-salario-minimo-pega-trabalhadores-desprevenidos\/#breadcrumb\"},\"inLanguage\":\"pt-BR\",\"potentialAction\":[{\"@type\":\"ReadAction\",\"target\":[\"https:\/\/crusoe.audiencelabs.com.br\/novo-valor-do-salario-minimo-pega-trabalhadores-desprevenidos\/\"]}]},{\"@type\":\"ImageObject\",\"inLanguage\":\"pt-BR\",\"@id\":\"https:\/\/crusoe.audiencelabs.com.br\/novo-valor-do-salario-minimo-pega-trabalhadores-desprevenidos\/#primaryimage\",\"url\":\"https:\/\/cdn.crusoe.com.br\/uploads\/2025\/06\/novo-valor-salario-minimo.webp\",\"contentUrl\":\"https:\/\/cdn.crusoe.com.br\/uploads\/2025\/06\/novo-valor-salario-minimo.webp\",\"width\":1280,\"height\":720,\"caption\":\"Foto: Marcello Casal Jr\/Ag\u00eancia Brasil\"},{\"@type\":\"BreadcrumbList\",\"@id\":\"https:\/\/crusoe.audiencelabs.com.br\/novo-valor-do-salario-minimo-pega-trabalhadores-desprevenidos\/#breadcrumb\",\"itemListElement\":[{\"@type\":\"ListItem\",\"position\":1,\"name\":\"Home\",\"item\":\"https:\/\/crusoe.audiencelabs.com.br\/\"},{\"@type\":\"ListItem\",\"position\":2,\"name\":\"Novo valor do sal\u00e1rio m\u00ednimo pega trabalhadores desprevenidos\"}]},{\"@type\":\"WebSite\",\"@id\":\"https:\/\/crusoe.audiencelabs.com.br\/#website\",\"url\":\"https:\/\/crusoe.audiencelabs.com.br\/\",\"name\":\"Variedades - Cruso\u00e9\",\"description\":\"\",\"potentialAction\":[{\"@type\":\"SearchAction\",\"target\":{\"@type\":\"EntryPoint\",\"urlTemplate\":\"https:\/\/crusoe.audiencelabs.com.br\/?s={search_term_string}\"},\"query-input\":{\"@type\":\"PropertyValueSpecification\",\"valueRequired\":true,\"valueName\":\"search_term_string\"}}],\"inLanguage\":\"pt-BR\"},{\"@type\":\"Person\",\"@id\":\"https:\/\/crusoe.audiencelabs.com.br\/#\/schema\/person\/4a23399b23149df2eab6637fd2fd2bfc\",\"name\":\"Jo\u00e3o Carlos Gomes\",\"image\":{\"@type\":\"ImageObject\",\"inLanguage\":\"pt-BR\",\"@id\":\"https:\/\/crusoe.audiencelabs.com.br\/#\/schema\/person\/image\/\",\"url\":\"https:\/\/secure.gravatar.com\/avatar\/4ce4672dbdd694b329cd6fdb51bee7d1409be1f0ff76a537e4c4a737b2c7d1a9?s=96&d=mm&r=g\",\"contentUrl\":\"https:\/\/secure.gravatar.com\/avatar\/4ce4672dbdd694b329cd6fdb51bee7d1409be1f0ff76a537e4c4a737b2c7d1a9?s=96&d=mm&r=g\",\"caption\":\"Jo\u00e3o Carlos Gomes\"},\"description\":\"Jornalista, criador de conte\u00fado e m\u00fasico independente nas horas vagas.\",\"url\":\"https:\/\/crusoe.audiencelabs.com.br\/author\/joaoc-junior66\/\"}]}<\/script>\n<!-- \/ Yoast SEO plugin. -->","yoast_head_json":{"title":"Novo valor do sal\u00e1rio m\u00ednimo pega trabalhadores desprevenidos","robots":{"index":"index","follow":"follow","max-snippet":"max-snippet:-1","max-image-preview":"max-image-preview:large","max-video-preview":"max-video-preview:-1"},"canonical":"https:\/\/crusoe.audiencelabs.com.br\/novo-valor-do-salario-minimo-pega-trabalhadores-desprevenidos\/","og_locale":"pt_BR","og_type":"article","og_title":"Novo valor do sal\u00e1rio m\u00ednimo pega trabalhadores desprevenidos","og_description":"Mesmo com o sal\u00e1rio m\u00ednimo atual, de R$ 1.518, estando em vigor desde em fevereiro, muitos trabalhadores ainda est\u00e3o sendo surpreendidos pela diferen\u00e7a no or\u00e7amento. Garantindo um ganho real de 2,5% para os trabalhadores, o valor corresponde a um aumento de R$ 106 em rela\u00e7\u00e3o ao ano anterior. E vale destacar que, para que ele [&hellip;]","og_url":"https:\/\/crusoe.audiencelabs.com.br\/novo-valor-do-salario-minimo-pega-trabalhadores-desprevenidos\/","og_site_name":"Variedades - Cruso\u00e9","article_published_time":"2025-06-30T18:10:21+00:00","article_modified_time":"2025-06-30T18:10:24+00:00","og_image":[{"width":1280,"height":720,"url":"https:\/\/cdn.crusoe.com.br\/uploads\/2025\/06\/novo-valor-salario-minimo.webp","type":"image\/webp"}],"author":"Jo\u00e3o Carlos Gomes","twitter_card":"summary_large_image","twitter_misc":{"Escrito por":"Jo\u00e3o Carlos Gomes","Est. tempo de leitura":"2 minutos"},"schema":{"@context":"https:\/\/schema.org","@graph":[{"@type":"WebPage","@id":"https:\/\/crusoe.audiencelabs.com.br\/novo-valor-do-salario-minimo-pega-trabalhadores-desprevenidos\/","url":"https:\/\/crusoe.audiencelabs.com.br\/novo-valor-do-salario-minimo-pega-trabalhadores-desprevenidos\/","name":"Novo valor do sal\u00e1rio m\u00ednimo pega trabalhadores desprevenidos","isPartOf":{"@id":"https:\/\/crusoe.audiencelabs.com.br\/#website"},"primaryImageOfPage":{"@id":"https:\/\/crusoe.audiencelabs.com.br\/novo-valor-do-salario-minimo-pega-trabalhadores-desprevenidos\/#primaryimage"},"image":{"@id":"https:\/\/crusoe.audiencelabs.com.br\/novo-valor-do-salario-minimo-pega-trabalhadores-desprevenidos\/#primaryimage"},"thumbnailUrl":"https:\/\/cdn.crusoe.com.br\/uploads\/2025\/06\/novo-valor-salario-minimo.webp","datePublished":"2025-06-30T18:10:21+00:00","dateModified":"2025-06-30T18:10:24+00:00","author":{"@id":"https:\/\/crusoe.audiencelabs.com.br\/#\/schema\/person\/4a23399b23149df2eab6637fd2fd2bfc"},"breadcrumb":{"@id":"https:\/\/crusoe.audiencelabs.com.br\/novo-valor-do-salario-minimo-pega-trabalhadores-desprevenidos\/#breadcrumb"},"inLanguage":"pt-BR","potentialAction":[{"@type":"ReadAction","target":["https:\/\/crusoe.audiencelabs.com.br\/novo-valor-do-salario-minimo-pega-trabalhadores-desprevenidos\/"]}]},{"@type":"ImageObject","inLanguage":"pt-BR","@id":"https:\/\/crusoe.audiencelabs.com.br\/novo-valor-do-salario-minimo-pega-trabalhadores-desprevenidos\/#primaryimage","url":"https:\/\/cdn.crusoe.com.br\/uploads\/2025\/06\/novo-valor-salario-minimo.webp","contentUrl":"https:\/\/cdn.crusoe.com.br\/uploads\/2025\/06\/novo-valor-salario-minimo.webp","width":1280,"height":720,"caption":"Foto: Marcello Casal Jr\/Ag\u00eancia Brasil"},{"@type":"BreadcrumbList","@id":"https:\/\/crusoe.audiencelabs.com.br\/novo-valor-do-salario-minimo-pega-trabalhadores-desprevenidos\/#breadcrumb","itemListElement":[{"@type":"ListItem","position":1,"name":"Home","item":"https:\/\/crusoe.audiencelabs.com.br\/"},{"@type":"ListItem","position":2,"name":"Novo valor do sal\u00e1rio m\u00ednimo pega trabalhadores desprevenidos"}]},{"@type":"WebSite","@id":"https:\/\/crusoe.audiencelabs.com.br\/#website","url":"https:\/\/crusoe.audiencelabs.com.br\/","name":"Variedades - Cruso\u00e9","description":"","potentialAction":[{"@type":"SearchAction","target":{"@type":"EntryPoint","urlTemplate":"https:\/\/crusoe.audiencelabs.com.br\/?s={search_term_string}"},"query-input":{"@type":"PropertyValueSpecification","valueRequired":true,"valueName":"search_term_string"}}],"inLanguage":"pt-BR"},{"@type":"Person","@id":"https:\/\/crusoe.audiencelabs.com.br\/#\/schema\/person\/4a23399b23149df2eab6637fd2fd2bfc","name":"Jo\u00e3o Carlos Gomes","image":{"@type":"ImageObject","inLanguage":"pt-BR","@id":"https:\/\/crusoe.audiencelabs.com.br\/#\/schema\/person\/image\/","url":"https:\/\/secure.gravatar.com\/avatar\/4ce4672dbdd694b329cd6fdb51bee7d1409be1f0ff76a537e4c4a737b2c7d1a9?s=96&d=mm&r=g","contentUrl":"https:\/\/secure.gravatar.com\/avatar\/4ce4672dbdd694b329cd6fdb51bee7d1409be1f0ff76a537e4c4a737b2c7d1a9?s=96&d=mm&r=g","caption":"Jo\u00e3o Carlos Gomes"},"description":"Jornalista, criador de conte\u00fado e m\u00fasico independente nas horas vagas.","url":"https:\/\/crusoe.audiencelabs.com.br\/author\/joaoc-junior66\/"}]}},"_links":{"self":[{"href":"https:\/\/crusoe.audiencelabs.com.br\/wp-json\/wp\/v2\/posts\/3237","targetHints":{"allow":["GET"]}}],"collection":[{"href":"https:\/\/crusoe.audiencelabs.com.br\/wp-json\/wp\/v2\/posts"}],"about":[{"href":"https:\/\/crusoe.audiencelabs.com.br\/wp-json\/wp\/v2\/types\/post"}],"author":[{"embeddable":true,"href":"https:\/\/crusoe.audiencelabs.com.br\/wp-json\/wp\/v2\/users\/7"}],"replies":[{"embeddable":true,"href":"https:\/\/crusoe.audiencelabs.com.br\/wp-json\/wp\/v2\/comments?post=3237"}],"version-history":[{"count":1,"href":"https:\/\/crusoe.audiencelabs.com.br\/wp-json\/wp\/v2\/posts\/3237\/revisions"}],"predecessor-version":[{"id":3250,"href":"https:\/\/crusoe.audiencelabs.com.br\/wp-json\/wp\/v2\/posts\/3237\/revisions\/3250"}],"wp:featuredmedia":[{"embeddable":true,"href":"https:\/\/crusoe.audiencelabs.com.br\/wp-json\/wp\/v2\/media\/3238"}],"wp:attachment":[{"href":"https:\/\/crusoe.audiencelabs.com.br\/wp-json\/wp\/v2\/media?parent=3237"}],"wp:term":[{"taxonomy":"category","embeddable":true,"href":"https:\/\/crusoe.audiencelabs.com.br\/wp-json\/wp\/v2\/categories?post=3237"},{"taxonomy":"post_tag","embeddable":true,"href":"https:\/\/crusoe.audiencelabs.com.br\/wp-json\/wp\/v2\/tags?post=3237"}],"curies":[{"name":"wp","href":"https:\/\/api.w.org\/{rel}","templated":true}]}}