{"id":32075,"date":"2026-02-23T19:40:00","date_gmt":"2026-02-23T22:40:00","guid":{"rendered":"https:\/\/crusoe.audiencelabs.com.br\/?p=32075"},"modified":"2026-02-23T17:15:39","modified_gmt":"2026-02-23T20:15:39","slug":"misturar-cafe-com-bicarbonato-para-que-serve-e-por-que-recomendam","status":"publish","type":"post","link":"https:\/\/crusoe.audiencelabs.com.br\/misturar-cafe-com-bicarbonato-para-que-serve-e-por-que-recomendam\/","title":{"rendered":"Misturar caf\u00e9 com bicarbonato: para que serve e por que recomendam"},"content":{"rendered":"\n<p>Combinar <strong>caf\u00e9 com bicarbonato<\/strong> \u00e9 uma pr\u00e1tica que circula nas redes sociais e em receitas caseiras, principalmente ligada a<strong> cuidados com a pele, cabelo e \u00e0 limpeza dom\u00e9stica.&nbsp;<\/strong><\/p>\n\n\n\n<p>Mas afinal, para que serve essa mistura e por que tantas pessoas recomendam? Descubra!&nbsp;<\/p>\n\n\n\n<h2 class=\"wp-block-heading\">Esfolia\u00e7\u00e3o da pele<\/h2>\n\n\n<style>@media (min-width: 992px) {\n    .recomendadorV2Area1 {\n        width: 280px;\n    }\n    .recomendadorV2Area2 {\n        padding: 0px 20px;\n        width: calc(100% - 280px);\n    }\n}\n\n@media (max-width: 992px) {\n    .recomendadorV2Button {\n        margin: 0 auto;\n    }\n    .recomendadorV2Area {\n        flex-direction: column;\n        text-align: center;\n    }\n    .recomendadorV2Area2 {\n        padding: 0px 20px;\n    }\n}\n\n.recomendadorV2Area {\n    background: #eeeeee3d;\n    border-radius: 10px;\n    padding: 15px;\n    display: flex;\n    margin: 15px auto;\n    border: 1px solid #00000014;\n    max-width: 800px;\n}\n\n.recomendadorV2Area1 img {\n    width: 280px;\n    height: auto;\n    border-radius: 8px;\n}\n\n.linkrecomendadorv2 {\n    text-decoration: none !important;\n}\n\n.recomendadorV2Area2 .recomendadorV2Type {\n    text-transform: uppercase;\n    font-weight: 500;\n    font-size: 11px;\n    letter-spacing: 2px;\n    color: #666;\n    margin: 12px 0;\n    display: block;\n}\n\n.recomendadorV2Title h2 {\n    padding-top: 0px !important;\n    margin: 0px !important;\n    border-left: none !important;\n    padding-left: 0px !important;\n    line-height: 1.3;\n    color: #000 !important;\n    font-size: 24px;\n    margin-bottom: 12px !important;\n}\n\n.recomendadorV2Desc {\n    color: #333;\n    margin: 12px 0px !important;\n    font-size: 15px;\n    line-height: 1.5;\n}\n\n.recomendadorV2Button {\n    width: auto;\n    max-width: 200px;\n    margin: 0;\n    display: inline-flex;\n    align-items: center;\n    background: #1D3557;\n    border-radius: 8px;\n    color: #fff;\n    height: 36px;\n    justify-content: center;\n    text-align: center;\n    font-size: 14px;\n    padding: 0 20px;\n    transition: background-color 0.2s ease;\n}\n\n.recomendadorV2Button:hover {\n    background: #2a4d7a;\n}\n\n.recomendadorV2Button:after {\n    margin-top: -2px;\n    content: \"\u2192\";\n    padding: 0px 0px 0px 8px;\n}\n\n.recomendadorV2Alert {\n    text-align: left;\n    font-size: 11px;\n    margin-top: 8px;\n    color: #666;\n}\n\n.recomendadorFixedArea {\n    width: 100%;\n    display: flex;\n    justify-content: center;\n    align-items: center;\n}\n\n@media (min-width: 992px) {\n    #recomendadorFixed {\n        width: 32% !important;\n        left: 5%;\n    }\n    .recomendadorCloseFixed{\n        right: inherit !important;\n        left: 378px !important;\n    }\n}\n\n#recomendadorFixed {\n    width: 90%;\n    box-shadow: 0 10px 20px 0px #00000057;\n    display: none;\n    height: 90px;\n    background: #F6F6F6;\n    position: fixed;\n    flex-direction: row;\n    bottom: 10px;\n    z-index: 9999;\n    border-radius: 16px;\n    padding: 7px 10px;\n}\n\n.recomendadorLeftArea {\n    width: 160px;\n}\n\n.recomendadorRightArea h2 {\n    padding-top: 0px;\n    margin: 2px 0px 4px 0px !important;\n    font-weight: 400;\n    text-align: center;\n    padding-left: 0px !important;\n    color: #000 !important;\n    border-left: none !important;\n    line-height: 20px;\n    font-size: 12px !important;\n}\n\n.recomendadorImgFixed {\n    overflow: hidden;\n    padding: 8px 6px;\n    height: 100%;\n}\n\n.recomendadorImgFixed img {\n    height: 100% !important;\n    border-radius: 16px;\n}\n\n.recomendadorRightArea {\n    padding-top: 6px;\n    display: flex;\n    width: calc(100% - 130px);\n    justify-content: space-between;\n    align-items: center;\n    flex-direction: column;\n}\n\n.recomendadorButtonFixed {\n    margin: 0 auto;\n    background: #1D3557;\n    width: 80%;\n    text-align: center;\n    font-size: 10px;\n    color: #FFF;\n    padding: 2px 10px;\n    border-radius: 3px;\n}\n\n.recomendadorButtonFixed:after {\n    margin-top: -3px;\n    content: \"\u2192\";\n    padding: 0px 0px 0px 10px;\n}\n\n.recomendadorAlertFixed {\n    font-weight: 400;\n    text-align: center;\n    color: #484848;\n    font-size: 8px;\n}\n\n.recomendadorCloseFixed {\n    z-index: 99999;\n    display: none;\n    right: 0px;\n    left: inherit;\n    bottom: 99px;\n    position: fixed;\n    justify-content: center;\n    background: #F6F6F6;\n    width: 25px;\n    align-items: center;\n    height: 25px;\n    font-weight: 800;\n    border-radius: 50%;\n    border: 1px solid #EBEBEB;\n}\n\n.recomendadorV2Desc{\n    color: #000000;\n    margin: 20px 0px;\n}\n\n@media (max-width: 576px) {\n    .recomendadorV2Area {\n      padding: 10px;\n      max-width: 100%;\n    }\n  \n    .recomendadorV2Area1 img {\n      width: 100%;\n      border-radius: 6px;\n    }\n  \n    .recomendadorV2Area2 .recomendadorV2Type {\n      font-size: 9px;\n      letter-spacing: 1px;\n      margin: 8px 0;\n    }\n  \n    .recomendadorV2Title h2 {\n      font-size: 18px !important;\n      margin-bottom: 8px !important;\n      line-height: 1.2;\n    }\n  \n    .recomendadorV2Desc {\n      font-size: 14px;\n      margin: 8px 0 !important;\n      line-height: 1.4;\n    }\n  \n    .recomendadorV2Button {\n      font-size: 14px;\n      height: 40px;\n      padding: 0 12px;\n      max-width: 100%;\n      width: 100%;\n    }\n  \n    .recomendadorV2Button:after {\n      padding-left: 6px;\n    }\n  }\n  <\/style>\n        <div class=\"lazyblock-recomendador-v2-2jDGz wp-block-lazyblock-recomendador-v2\">\n        <a class=\"linkrecomendadorv2\" href=\"https:\/\/crusoe.com.br\/variedades\/virginia-fonseca-vai-dar-produtos-para-sempre-mas-somente-para-quem-fizer-isso\/?utm_source=lazy\">\n            <div class=\"recomendadorV2Area\">\n            <div class=\"recomendadorV2Area1\">\n                <div class=\"recomendadorV2Img\">\n                <img class=\"lazyloaded\" decoding=\"async\" src=\"https:\/\/cdn.crusoe.com.br\/uploads\/2026\/02\/Captura-de-tela-2026-02-23-085942.jpg\" data-src=\"https:\/\/cdn.crusoe.com.br\/uploads\/2026\/02\/Captura-de-tela-2026-02-23-085942.jpg\" alt=\"\">\n                <\/div>\n            <\/div>\n            <div class=\"recomendadorV2Area2\">\n                <div class=\"recomendadorV2Type\">\n                    <span>Situa\u00e7\u00e3o Exclusiva<\/span>\n                <\/div>\n                <div class=\"recomendadorV2Title\">\n                <h2><span>Virginia Fonseca \ud83c\udf81<\/span><\/h2>\n                <\/div>\n                <div class=\"recomendadorV2Desc\">\n                <span>Influencer promete produtos para sempre<\/span>\n                <\/div>\n                <div class=\"recomendadorV2Button\">Saiba como<\/div>\n                <div class=\"recomendadorV2Alert\"><\/div>\n            <\/div>\n            <\/div>\n        <\/a>\n        <div>\n            <div style=\"z-index:99999;\" id=\"buttonClose\" onclick=\"closeRecomendadorFixed()\">\n            <div class=\"recomendadorCloseFixed\">X<\/div>\n            <\/div>\n            <a href=\"https:\/\/crusoe.com.br\/variedades\/virginia-fonseca-vai-dar-produtos-para-sempre-mas-somente-para-quem-fizer-isso\/?utm_source=lazy\">\n            <div class=\"recomendadorFixedArea\">\n                <div id=\"recomendadorFixed\">\n                <div class=\"recomendadorLeftArea\">\n                    <div class=\"recomendadorImgFixed\">\n                    <img class=\"lazyload\" decoding=\"async\" src=\"https:\/\/cdn.crusoe.com.br\/uploads\/2026\/02\/Captura-de-tela-2026-02-23-085942.jpg\" alt=\"\">\n                    <\/div>\n                <\/div>\n                <div class=\"recomendadorRightArea\">\n                    <div class=\"recomendadorTitleFixed\">\n                    <h2><span>Virginia Fonseca \ud83c\udf81<\/span><\/h2>\n                    <\/div>\n                    <div class=\"recomendadorButtonFixed\">Saiba como<\/div>\n                    <div class=\"recomendadorAlertFixed\"><\/div>\n                <\/div>\n                <\/div>\n            <\/div>\n            <\/a>\n        <\/div>\n        <\/div>\n\n\n\n<p>Uma das aplica\u00e7\u00f5es mais comuns \u00e9 como <strong>esfoliante corporal e facial<\/strong>. O p\u00f3 de caf\u00e9 \u00e9 levemente abrasivo, ajudando a<strong> remover c\u00e9lulas mortas da pele<\/strong>.&nbsp;<\/p>\n\n\n\n<p>J\u00e1 o bicarbonato de s\u00f3dio \u00e9 conhecido por sua a\u00e7\u00e3o alcalina e textura fina. A combina\u00e7\u00e3o costuma ser recomendada para deixar a apar\u00eancia da pele mais macia e ajudar na renova\u00e7\u00e3o celular superficial.<\/p>\n\n\n\n<p>No entanto, dermatologistas alertam que o <strong>bicarbonato pode alterar o pH natural da pele,<\/strong> que \u00e9 levemente \u00e1cido. O uso frequente pode causar ressecamento ou irrita\u00e7\u00e3o, principalmente em peles sens\u00edveis.<\/p>\n\n\n\n<h2 class=\"wp-block-heading\">M\u00e1scaras capilares<\/h2>\n\n\n\n<p>Algumas receitas caseiras indicam a mistura para o couro cabeludo, prometendo:<\/p>\n\n\n\n<ul class=\"wp-block-list\">\n<li>Remover res\u00edduos de produtos;<\/li>\n\n\n\n<li>Estimular a circula\u00e7\u00e3o;<\/li>\n\n\n\n<li>Dar brilho aos fios.<\/li>\n<\/ul>\n\n\n\n<p>O p\u00f3 de caf\u00e9 pode funcionar como <strong>esfoliante suave no couro cabeludo<\/strong>. J\u00e1 o bicarbonato, por ser alcalino, ajuda a <strong>remover a oleosidade<\/strong>.&nbsp;Mas, novamente, o uso frequente pode desequilibrar o pH natural do couro cabeludo e causar ressecamento, por isso deve ser aplicado com modera\u00e7\u00e3o.<\/p>\n\n\n\n<h2 class=\"wp-block-heading\">Neutralizador de odores e limpeza<\/h2>\n\n\n\n<p>Fora do contexto est\u00e9tico, a mistura tamb\u00e9m \u00e9 usada para <strong>neutralizar odores fortes <\/strong>(como em geladeiras e ralos), para a limpeza de superf\u00edcies engorduradas e para esfregar utens\u00edlios, <\/p>\n\n\n\n<p>Nesse caso, o bicarbonato atua como neutralizador de odores e agente de limpeza, enquanto o caf\u00e9 pode ajudar na fric\u00e7\u00e3o e tamb\u00e9m mascarar cheiros.<\/p>\n\n\n\n<h2 class=\"wp-block-heading\">Vale a pena usar a mistura?<\/h2>\n\n\n\n<p>A proposta de usar a mistura depende do objetivo. Para limpeza dom\u00e9stica, pode funcionar bem, j\u00e1 para uso na pele e cabelo, \u00e9 importante ter cautela e evitar uso frequente, principalmente para quem tiver pele sens\u00edvel ou problemas dermatol\u00f3gicos.<\/p>\n\n\n\n<p>Em resumo, a mistura \u00e9 popular por ser simples e acess\u00edvel, mas nem sempre \u00e9 a melhor op\u00e7\u00e3o, especialmente quando envolve cuidados com o corpo. Antes de adotar qualquer receita caseira de beleza, o ideal \u00e9 buscar orienta\u00e7\u00e3o de um profissional de sa\u00fade, como dermatologista .<\/p>\n","protected":false},"excerpt":{"rendered":"<p>Combinar caf\u00e9 com bicarbonato \u00e9 uma pr\u00e1tica que circula nas redes sociais e em receitas caseiras, principalmente ligada a cuidados com a pele, cabelo e \u00e0 limpeza dom\u00e9stica.&nbsp; Mas afinal, para que serve essa mistura e por que tantas pessoas recomendam? Descubra!&nbsp; Esfolia\u00e7\u00e3o da pele Uma das aplica\u00e7\u00f5es mais comuns \u00e9 como esfoliante corporal e [&hellip;]<\/p>\n","protected":false},"author":5,"featured_media":32076,"comment_status":"open","ping_status":"open","sticky":false,"template":"","format":"standard","meta":{"jnews-multi-image_gallery":[],"jnews_single_post":{"format":"standard"},"jnews_primary_category":[],"jnews_override_counter":[],"jnews_post_split":[],"footnotes":""},"categories":[1],"tags":[1793,36,288,792],"class_list":["post-32075","post","type-post","status-publish","format-standard","has-post-thumbnail","hentry","category-geral","tag-bicarbonato","tag-cafe","tag-dicas","tag-limpeza"],"yoast_head":"<!-- This site is optimized with the Yoast SEO plugin v25.0 - https:\/\/yoast.com\/wordpress\/plugins\/seo\/ -->\n<title>Misturar caf\u00e9 com bicarbonato: para que serve e por que recomendam<\/title>\n<meta name=\"robots\" content=\"index, follow, max-snippet:-1, max-image-preview:large, max-video-preview:-1\" \/>\n<link rel=\"canonical\" href=\"https:\/\/crusoe.audiencelabs.com.br\/misturar-cafe-com-bicarbonato-para-que-serve-e-por-que-recomendam\/\" \/>\n<meta property=\"og:locale\" content=\"pt_BR\" \/>\n<meta property=\"og:type\" content=\"article\" \/>\n<meta property=\"og:title\" content=\"Misturar caf\u00e9 com bicarbonato: para que serve e por que recomendam\" \/>\n<meta property=\"og:description\" content=\"Combinar caf\u00e9 com bicarbonato \u00e9 uma pr\u00e1tica que circula nas redes sociais e em receitas caseiras, principalmente ligada a cuidados com a pele, cabelo e \u00e0 limpeza dom\u00e9stica.&nbsp; Mas afinal, para que serve essa mistura e por que tantas pessoas recomendam? Descubra!&nbsp; Esfolia\u00e7\u00e3o da pele Uma das aplica\u00e7\u00f5es mais comuns \u00e9 como esfoliante corporal e [&hellip;]\" \/>\n<meta property=\"og:url\" content=\"https:\/\/crusoe.audiencelabs.com.br\/misturar-cafe-com-bicarbonato-para-que-serve-e-por-que-recomendam\/\" \/>\n<meta property=\"og:site_name\" content=\"Variedades - Cruso\u00e9\" \/>\n<meta property=\"article:published_time\" content=\"2026-02-23T22:40:00+00:00\" \/>\n<meta property=\"og:image\" content=\"https:\/\/cdn.crusoe.com.br\/uploads\/2026\/02\/pexels-didsss-5908468-scaled.jpg\" \/>\n\t<meta property=\"og:image:width\" content=\"2560\" \/>\n\t<meta property=\"og:image:height\" content=\"1920\" \/>\n\t<meta property=\"og:image:type\" content=\"image\/jpeg\" \/>\n<meta name=\"author\" content=\"Milena Armando\" \/>\n<meta name=\"twitter:card\" content=\"summary_large_image\" \/>\n<meta name=\"twitter:label1\" content=\"Escrito por\" \/>\n\t<meta name=\"twitter:data1\" content=\"Milena Armando\" \/>\n\t<meta name=\"twitter:label2\" content=\"Est. tempo de leitura\" \/>\n\t<meta name=\"twitter:data2\" content=\"3 minutos\" \/>\n<script type=\"application\/ld+json\" class=\"yoast-schema-graph\">{\"@context\":\"https:\/\/schema.org\",\"@graph\":[{\"@type\":\"WebPage\",\"@id\":\"https:\/\/crusoe.audiencelabs.com.br\/misturar-cafe-com-bicarbonato-para-que-serve-e-por-que-recomendam\/\",\"url\":\"https:\/\/crusoe.audiencelabs.com.br\/misturar-cafe-com-bicarbonato-para-que-serve-e-por-que-recomendam\/\",\"name\":\"Misturar caf\u00e9 com bicarbonato: para que serve e por que recomendam\",\"isPartOf\":{\"@id\":\"https:\/\/crusoe.audiencelabs.com.br\/#website\"},\"primaryImageOfPage\":{\"@id\":\"https:\/\/crusoe.audiencelabs.com.br\/misturar-cafe-com-bicarbonato-para-que-serve-e-por-que-recomendam\/#primaryimage\"},\"image\":{\"@id\":\"https:\/\/crusoe.audiencelabs.com.br\/misturar-cafe-com-bicarbonato-para-que-serve-e-por-que-recomendam\/#primaryimage\"},\"thumbnailUrl\":\"https:\/\/cdn.crusoe.com.br\/uploads\/2026\/02\/pexels-didsss-5908468-scaled.jpg\",\"datePublished\":\"2026-02-23T22:40:00+00:00\",\"author\":{\"@id\":\"https:\/\/crusoe.audiencelabs.com.br\/#\/schema\/person\/f87f73cfe89e5360de2c006bd4bd6a74\"},\"breadcrumb\":{\"@id\":\"https:\/\/crusoe.audiencelabs.com.br\/misturar-cafe-com-bicarbonato-para-que-serve-e-por-que-recomendam\/#breadcrumb\"},\"inLanguage\":\"pt-BR\",\"potentialAction\":[{\"@type\":\"ReadAction\",\"target\":[\"https:\/\/crusoe.audiencelabs.com.br\/misturar-cafe-com-bicarbonato-para-que-serve-e-por-que-recomendam\/\"]}]},{\"@type\":\"ImageObject\",\"inLanguage\":\"pt-BR\",\"@id\":\"https:\/\/crusoe.audiencelabs.com.br\/misturar-cafe-com-bicarbonato-para-que-serve-e-por-que-recomendam\/#primaryimage\",\"url\":\"https:\/\/cdn.crusoe.com.br\/uploads\/2026\/02\/pexels-didsss-5908468-scaled.jpg\",\"contentUrl\":\"https:\/\/cdn.crusoe.com.br\/uploads\/2026\/02\/pexels-didsss-5908468-scaled.jpg\",\"width\":2560,\"height\":1920,\"caption\":\"Reprodu\u00e7\u00e3o: Pexels\/Diana\"},{\"@type\":\"BreadcrumbList\",\"@id\":\"https:\/\/crusoe.audiencelabs.com.br\/misturar-cafe-com-bicarbonato-para-que-serve-e-por-que-recomendam\/#breadcrumb\",\"itemListElement\":[{\"@type\":\"ListItem\",\"position\":1,\"name\":\"Home\",\"item\":\"https:\/\/crusoe.audiencelabs.com.br\/\"},{\"@type\":\"ListItem\",\"position\":2,\"name\":\"Misturar caf\u00e9 com bicarbonato: para que serve e por que recomendam\"}]},{\"@type\":\"WebSite\",\"@id\":\"https:\/\/crusoe.audiencelabs.com.br\/#website\",\"url\":\"https:\/\/crusoe.audiencelabs.com.br\/\",\"name\":\"Variedades - Cruso\u00e9\",\"description\":\"\",\"potentialAction\":[{\"@type\":\"SearchAction\",\"target\":{\"@type\":\"EntryPoint\",\"urlTemplate\":\"https:\/\/crusoe.audiencelabs.com.br\/?s={search_term_string}\"},\"query-input\":{\"@type\":\"PropertyValueSpecification\",\"valueRequired\":true,\"valueName\":\"search_term_string\"}}],\"inLanguage\":\"pt-BR\"},{\"@type\":\"Person\",\"@id\":\"https:\/\/crusoe.audiencelabs.com.br\/#\/schema\/person\/f87f73cfe89e5360de2c006bd4bd6a74\",\"name\":\"Milena Armando\",\"image\":{\"@type\":\"ImageObject\",\"inLanguage\":\"pt-BR\",\"@id\":\"https:\/\/crusoe.audiencelabs.com.br\/#\/schema\/person\/image\/\",\"url\":\"https:\/\/secure.gravatar.com\/avatar\/ea14ecddc9e9d202b698b18f9f69e09c9fd74cfbed5c6008d55f11faefdbdab7?s=96&d=mm&r=g\",\"contentUrl\":\"https:\/\/secure.gravatar.com\/avatar\/ea14ecddc9e9d202b698b18f9f69e09c9fd74cfbed5c6008d55f11faefdbdab7?s=96&d=mm&r=g\",\"caption\":\"Milena Armando\"},\"description\":\"Jornalista, redatora e revisora.\",\"url\":\"https:\/\/crusoe.audiencelabs.com.br\/author\/milena\/\"}]}<\/script>\n<!-- \/ Yoast SEO plugin. -->","yoast_head_json":{"title":"Misturar caf\u00e9 com bicarbonato: para que serve e por que recomendam","robots":{"index":"index","follow":"follow","max-snippet":"max-snippet:-1","max-image-preview":"max-image-preview:large","max-video-preview":"max-video-preview:-1"},"canonical":"https:\/\/crusoe.audiencelabs.com.br\/misturar-cafe-com-bicarbonato-para-que-serve-e-por-que-recomendam\/","og_locale":"pt_BR","og_type":"article","og_title":"Misturar caf\u00e9 com bicarbonato: para que serve e por que recomendam","og_description":"Combinar caf\u00e9 com bicarbonato \u00e9 uma pr\u00e1tica que circula nas redes sociais e em receitas caseiras, principalmente ligada a cuidados com a pele, cabelo e \u00e0 limpeza dom\u00e9stica.&nbsp; Mas afinal, para que serve essa mistura e por que tantas pessoas recomendam? Descubra!&nbsp; Esfolia\u00e7\u00e3o da pele Uma das aplica\u00e7\u00f5es mais comuns \u00e9 como esfoliante corporal e [&hellip;]","og_url":"https:\/\/crusoe.audiencelabs.com.br\/misturar-cafe-com-bicarbonato-para-que-serve-e-por-que-recomendam\/","og_site_name":"Variedades - Cruso\u00e9","article_published_time":"2026-02-23T22:40:00+00:00","og_image":[{"width":2560,"height":1920,"url":"https:\/\/cdn.crusoe.com.br\/uploads\/2026\/02\/pexels-didsss-5908468-scaled.jpg","type":"image\/jpeg"}],"author":"Milena Armando","twitter_card":"summary_large_image","twitter_misc":{"Escrito por":"Milena Armando","Est. tempo de leitura":"3 minutos"},"schema":{"@context":"https:\/\/schema.org","@graph":[{"@type":"WebPage","@id":"https:\/\/crusoe.audiencelabs.com.br\/misturar-cafe-com-bicarbonato-para-que-serve-e-por-que-recomendam\/","url":"https:\/\/crusoe.audiencelabs.com.br\/misturar-cafe-com-bicarbonato-para-que-serve-e-por-que-recomendam\/","name":"Misturar caf\u00e9 com bicarbonato: para que serve e por que recomendam","isPartOf":{"@id":"https:\/\/crusoe.audiencelabs.com.br\/#website"},"primaryImageOfPage":{"@id":"https:\/\/crusoe.audiencelabs.com.br\/misturar-cafe-com-bicarbonato-para-que-serve-e-por-que-recomendam\/#primaryimage"},"image":{"@id":"https:\/\/crusoe.audiencelabs.com.br\/misturar-cafe-com-bicarbonato-para-que-serve-e-por-que-recomendam\/#primaryimage"},"thumbnailUrl":"https:\/\/cdn.crusoe.com.br\/uploads\/2026\/02\/pexels-didsss-5908468-scaled.jpg","datePublished":"2026-02-23T22:40:00+00:00","author":{"@id":"https:\/\/crusoe.audiencelabs.com.br\/#\/schema\/person\/f87f73cfe89e5360de2c006bd4bd6a74"},"breadcrumb":{"@id":"https:\/\/crusoe.audiencelabs.com.br\/misturar-cafe-com-bicarbonato-para-que-serve-e-por-que-recomendam\/#breadcrumb"},"inLanguage":"pt-BR","potentialAction":[{"@type":"ReadAction","target":["https:\/\/crusoe.audiencelabs.com.br\/misturar-cafe-com-bicarbonato-para-que-serve-e-por-que-recomendam\/"]}]},{"@type":"ImageObject","inLanguage":"pt-BR","@id":"https:\/\/crusoe.audiencelabs.com.br\/misturar-cafe-com-bicarbonato-para-que-serve-e-por-que-recomendam\/#primaryimage","url":"https:\/\/cdn.crusoe.com.br\/uploads\/2026\/02\/pexels-didsss-5908468-scaled.jpg","contentUrl":"https:\/\/cdn.crusoe.com.br\/uploads\/2026\/02\/pexels-didsss-5908468-scaled.jpg","width":2560,"height":1920,"caption":"Reprodu\u00e7\u00e3o: Pexels\/Diana"},{"@type":"BreadcrumbList","@id":"https:\/\/crusoe.audiencelabs.com.br\/misturar-cafe-com-bicarbonato-para-que-serve-e-por-que-recomendam\/#breadcrumb","itemListElement":[{"@type":"ListItem","position":1,"name":"Home","item":"https:\/\/crusoe.audiencelabs.com.br\/"},{"@type":"ListItem","position":2,"name":"Misturar caf\u00e9 com bicarbonato: para que serve e por que recomendam"}]},{"@type":"WebSite","@id":"https:\/\/crusoe.audiencelabs.com.br\/#website","url":"https:\/\/crusoe.audiencelabs.com.br\/","name":"Variedades - Cruso\u00e9","description":"","potentialAction":[{"@type":"SearchAction","target":{"@type":"EntryPoint","urlTemplate":"https:\/\/crusoe.audiencelabs.com.br\/?s={search_term_string}"},"query-input":{"@type":"PropertyValueSpecification","valueRequired":true,"valueName":"search_term_string"}}],"inLanguage":"pt-BR"},{"@type":"Person","@id":"https:\/\/crusoe.audiencelabs.com.br\/#\/schema\/person\/f87f73cfe89e5360de2c006bd4bd6a74","name":"Milena Armando","image":{"@type":"ImageObject","inLanguage":"pt-BR","@id":"https:\/\/crusoe.audiencelabs.com.br\/#\/schema\/person\/image\/","url":"https:\/\/secure.gravatar.com\/avatar\/ea14ecddc9e9d202b698b18f9f69e09c9fd74cfbed5c6008d55f11faefdbdab7?s=96&d=mm&r=g","contentUrl":"https:\/\/secure.gravatar.com\/avatar\/ea14ecddc9e9d202b698b18f9f69e09c9fd74cfbed5c6008d55f11faefdbdab7?s=96&d=mm&r=g","caption":"Milena Armando"},"description":"Jornalista, redatora e revisora.","url":"https:\/\/crusoe.audiencelabs.com.br\/author\/milena\/"}]}},"_links":{"self":[{"href":"https:\/\/crusoe.audiencelabs.com.br\/wp-json\/wp\/v2\/posts\/32075","targetHints":{"allow":["GET"]}}],"collection":[{"href":"https:\/\/crusoe.audiencelabs.com.br\/wp-json\/wp\/v2\/posts"}],"about":[{"href":"https:\/\/crusoe.audiencelabs.com.br\/wp-json\/wp\/v2\/types\/post"}],"author":[{"embeddable":true,"href":"https:\/\/crusoe.audiencelabs.com.br\/wp-json\/wp\/v2\/users\/5"}],"replies":[{"embeddable":true,"href":"https:\/\/crusoe.audiencelabs.com.br\/wp-json\/wp\/v2\/comments?post=32075"}],"version-history":[{"count":3,"href":"https:\/\/crusoe.audiencelabs.com.br\/wp-json\/wp\/v2\/posts\/32075\/revisions"}],"predecessor-version":[{"id":32125,"href":"https:\/\/crusoe.audiencelabs.com.br\/wp-json\/wp\/v2\/posts\/32075\/revisions\/32125"}],"wp:featuredmedia":[{"embeddable":true,"href":"https:\/\/crusoe.audiencelabs.com.br\/wp-json\/wp\/v2\/media\/32076"}],"wp:attachment":[{"href":"https:\/\/crusoe.audiencelabs.com.br\/wp-json\/wp\/v2\/media?parent=32075"}],"wp:term":[{"taxonomy":"category","embeddable":true,"href":"https:\/\/crusoe.audiencelabs.com.br\/wp-json\/wp\/v2\/categories?post=32075"},{"taxonomy":"post_tag","embeddable":true,"href":"https:\/\/crusoe.audiencelabs.com.br\/wp-json\/wp\/v2\/tags?post=32075"}],"curies":[{"name":"wp","href":"https:\/\/api.w.org\/{rel}","templated":true}]}}