{"id":3121,"date":"2025-06-27T14:40:04","date_gmt":"2025-06-27T17:40:04","guid":{"rendered":"https:\/\/crusoe.com.br\/variedades\/?p=3121"},"modified":"2025-06-27T14:40:07","modified_gmt":"2025-06-27T17:40:07","slug":"venda-de-canela-em-po-e-suspensa-por-risco-a-saude","status":"publish","type":"post","link":"https:\/\/crusoe.audiencelabs.com.br\/venda-de-canela-em-po-e-suspensa-por-risco-a-saude\/","title":{"rendered":"Venda de canela em p\u00f3 \u00e9 suspensa por risco \u00e0 sa\u00fade"},"content":{"rendered":"\n<p>A Anvisa (Ag\u00eancia Nacional de Vigil\u00e2ncia Sanit\u00e1ria) emitiu, na \u00faltima segunda-feira (23), um alerta determinando o recolhimento imediato de dois produtos populares no Brasil: a canela em p\u00f3 da marca Kinino e o suplemento de Whey Protein da marca Fulllife Nutrition.&nbsp;<\/p>\n\n\n\n<p>Esta decis\u00e3o, motivada pela presen\u00e7a de subst\u00e2ncias n\u00e3o declaradas, reflete preocupa\u00e7\u00f5es s\u00e9rias sobre a seguran\u00e7a alimentar e a confian\u00e7a do consumidor.<\/p>\n\n\n\n<h2 class=\"wp-block-heading\">Detalhes da suspens\u00e3o da canela<\/h2>\n\n\n\n<p>O lote 371LAG2419 da canela em p\u00f3 da Kinino foi identificado com irregularidades ap\u00f3s an\u00e1lises laboratoriais. A presen\u00e7a de amido, um elemento n\u00e3o caracter\u00edstico da canela, foi detectada, junto com mat\u00e9rias estranhas macroscopicamente e microscopicamente.&nbsp;<\/p>\n\n\n\n<p>Essas descobertas, feitas em parceria com a Funda\u00e7\u00e3o Ezequiel Dias (Funed), levantam preocupa\u00e7\u00f5es sobre a pureza e a seguran\u00e7a deste produto de uso di\u00e1rio nos lares brasileiros.<\/p>\n\n\n\n<h2 class=\"wp-block-heading\">Gl\u00faten no Whey Protein<\/h2>\n\n\n\n<p>O lote 2408J5 do suplemento de Whey Protein 100% Full Whey da Fulllife Nutrition tamb\u00e9m foi recolhido. Contrariando seu pr\u00f3prio r\u00f3tulo que indicava aus\u00eancia de gl\u00faten, os testes revelaram a presen\u00e7a de trigo, centeio e cevada.&nbsp;<\/p>\n\n\n\n<p>Esta discrep\u00e2ncia \u00e9 particularmente problem\u00e1tica para consumidores cel\u00edacos ou que evitam gl\u00faten por motivos de sa\u00fade. Al\u00e9m disso, o r\u00f3tulo continha alega\u00e7\u00f5es nutricionais n\u00e3o permitidas, configurando propaganda enganosa.<\/p>\n\n\n\n<h2 class=\"wp-block-heading\">Impactos para consumidores e ind\u00fastria<\/h2>\n\n\n\n<p>A recomenda\u00e7\u00e3o da Anvisa \u00e9 que os consumidores interrompam imediatamente o uso dos lotes afetados e busquem orienta\u00e7\u00e3o m\u00e9dica se necess\u00e1rio.&nbsp;<\/p>\n\n\n\n<p>Embora as fontes n\u00e3o detalhem procedimentos espec\u00edficos para devolu\u00e7\u00e3o ou troca dos produtos, as empresas s\u00e3o respons\u00e1veis por instruir seus clientes sobre os canais de atendimento adequados.&nbsp;<\/p>\n\n\n\n<p>A decis\u00e3o refor\u00e7a a necessidade de rigor na rotulagem e verifica\u00e7\u00e3o da qualidade dos produtos aliment\u00edcios, alertando outras empresas sobre a import\u00e2ncia de seguir as normas sanit\u00e1rias.<\/p>\n","protected":false},"excerpt":{"rendered":"<p>A Anvisa (Ag\u00eancia Nacional de Vigil\u00e2ncia Sanit\u00e1ria) emitiu, na \u00faltima segunda-feira (23), um alerta determinando o recolhimento imediato de dois produtos populares no Brasil: a canela em p\u00f3 da marca Kinino e o suplemento de Whey Protein da marca Fulllife Nutrition.&nbsp; Esta decis\u00e3o, motivada pela presen\u00e7a de subst\u00e2ncias n\u00e3o declaradas, reflete preocupa\u00e7\u00f5es s\u00e9rias sobre a [&hellip;]<\/p>\n","protected":false},"author":5,"featured_media":3123,"comment_status":"open","ping_status":"open","sticky":false,"template":"","format":"standard","meta":{"jnews-multi-image_gallery":[],"jnews_single_post":{"format":"standard"},"jnews_primary_category":[],"jnews_override_counter":[],"jnews_post_split":[],"footnotes":""},"categories":[1],"tags":[960,961,962,959],"class_list":["post-3121","post","type-post","status-publish","format-standard","has-post-thumbnail","hentry","category-geral","tag-anivisa","tag-canela-em-po","tag-kinino","tag-suspensao"],"yoast_head":"<!-- This site is optimized with the Yoast SEO plugin v25.0 - https:\/\/yoast.com\/wordpress\/plugins\/seo\/ -->\n<title>Venda de canela em p\u00f3 \u00e9 suspensa por risco \u00e0 sa\u00fade<\/title>\n<meta name=\"robots\" content=\"index, follow, max-snippet:-1, max-image-preview:large, max-video-preview:-1\" \/>\n<link rel=\"canonical\" href=\"https:\/\/crusoe.audiencelabs.com.br\/venda-de-canela-em-po-e-suspensa-por-risco-a-saude\/\" \/>\n<meta property=\"og:locale\" content=\"pt_BR\" \/>\n<meta property=\"og:type\" content=\"article\" \/>\n<meta property=\"og:title\" content=\"Venda de canela em p\u00f3 \u00e9 suspensa por risco \u00e0 sa\u00fade\" \/>\n<meta property=\"og:description\" content=\"A Anvisa (Ag\u00eancia Nacional de Vigil\u00e2ncia Sanit\u00e1ria) emitiu, na \u00faltima segunda-feira (23), um alerta determinando o recolhimento imediato de dois produtos populares no Brasil: a canela em p\u00f3 da marca Kinino e o suplemento de Whey Protein da marca Fulllife Nutrition.&nbsp; Esta decis\u00e3o, motivada pela presen\u00e7a de subst\u00e2ncias n\u00e3o declaradas, reflete preocupa\u00e7\u00f5es s\u00e9rias sobre a [&hellip;]\" \/>\n<meta property=\"og:url\" content=\"https:\/\/crusoe.audiencelabs.com.br\/venda-de-canela-em-po-e-suspensa-por-risco-a-saude\/\" \/>\n<meta property=\"og:site_name\" content=\"Variedades - Cruso\u00e9\" \/>\n<meta property=\"article:published_time\" content=\"2025-06-27T17:40:04+00:00\" \/>\n<meta property=\"article:modified_time\" content=\"2025-06-27T17:40:07+00:00\" \/>\n<meta property=\"og:image\" content=\"https:\/\/cdn.crusoe.com.br\/uploads\/2025\/06\/pexels-karolina-grabowska-4199097-scaled-e1751045800678.jpg\" \/>\n\t<meta property=\"og:image:width\" content=\"1707\" \/>\n\t<meta property=\"og:image:height\" content=\"1088\" \/>\n\t<meta property=\"og:image:type\" content=\"image\/jpeg\" \/>\n<meta name=\"author\" content=\"Milena Armando\" \/>\n<meta name=\"twitter:card\" content=\"summary_large_image\" \/>\n<meta name=\"twitter:label1\" content=\"Escrito por\" \/>\n\t<meta name=\"twitter:data1\" content=\"Milena Armando\" \/>\n\t<meta name=\"twitter:label2\" content=\"Est. tempo de leitura\" \/>\n\t<meta name=\"twitter:data2\" content=\"2 minutos\" \/>\n<script type=\"application\/ld+json\" class=\"yoast-schema-graph\">{\"@context\":\"https:\/\/schema.org\",\"@graph\":[{\"@type\":\"WebPage\",\"@id\":\"https:\/\/crusoe.audiencelabs.com.br\/venda-de-canela-em-po-e-suspensa-por-risco-a-saude\/\",\"url\":\"https:\/\/crusoe.audiencelabs.com.br\/venda-de-canela-em-po-e-suspensa-por-risco-a-saude\/\",\"name\":\"Venda de canela em p\u00f3 \u00e9 suspensa por risco \u00e0 sa\u00fade\",\"isPartOf\":{\"@id\":\"https:\/\/crusoe.audiencelabs.com.br\/#website\"},\"primaryImageOfPage\":{\"@id\":\"https:\/\/crusoe.audiencelabs.com.br\/venda-de-canela-em-po-e-suspensa-por-risco-a-saude\/#primaryimage\"},\"image\":{\"@id\":\"https:\/\/crusoe.audiencelabs.com.br\/venda-de-canela-em-po-e-suspensa-por-risco-a-saude\/#primaryimage\"},\"thumbnailUrl\":\"https:\/\/cdn.crusoe.com.br\/uploads\/2025\/06\/pexels-karolina-grabowska-4199097-scaled-e1751045800678.jpg\",\"datePublished\":\"2025-06-27T17:40:04+00:00\",\"dateModified\":\"2025-06-27T17:40:07+00:00\",\"author\":{\"@id\":\"https:\/\/crusoe.audiencelabs.com.br\/#\/schema\/person\/f87f73cfe89e5360de2c006bd4bd6a74\"},\"breadcrumb\":{\"@id\":\"https:\/\/crusoe.audiencelabs.com.br\/venda-de-canela-em-po-e-suspensa-por-risco-a-saude\/#breadcrumb\"},\"inLanguage\":\"pt-BR\",\"potentialAction\":[{\"@type\":\"ReadAction\",\"target\":[\"https:\/\/crusoe.audiencelabs.com.br\/venda-de-canela-em-po-e-suspensa-por-risco-a-saude\/\"]}]},{\"@type\":\"ImageObject\",\"inLanguage\":\"pt-BR\",\"@id\":\"https:\/\/crusoe.audiencelabs.com.br\/venda-de-canela-em-po-e-suspensa-por-risco-a-saude\/#primaryimage\",\"url\":\"https:\/\/cdn.crusoe.com.br\/uploads\/2025\/06\/pexels-karolina-grabowska-4199097-scaled-e1751045800678.jpg\",\"contentUrl\":\"https:\/\/cdn.crusoe.com.br\/uploads\/2025\/06\/pexels-karolina-grabowska-4199097-scaled-e1751045800678.jpg\",\"width\":1707,\"height\":1088,\"caption\":\"Foto: Kaboompics.com\/Pexels\"},{\"@type\":\"BreadcrumbList\",\"@id\":\"https:\/\/crusoe.audiencelabs.com.br\/venda-de-canela-em-po-e-suspensa-por-risco-a-saude\/#breadcrumb\",\"itemListElement\":[{\"@type\":\"ListItem\",\"position\":1,\"name\":\"Home\",\"item\":\"https:\/\/crusoe.audiencelabs.com.br\/\"},{\"@type\":\"ListItem\",\"position\":2,\"name\":\"Venda de canela em p\u00f3 \u00e9 suspensa por risco \u00e0 sa\u00fade\"}]},{\"@type\":\"WebSite\",\"@id\":\"https:\/\/crusoe.audiencelabs.com.br\/#website\",\"url\":\"https:\/\/crusoe.audiencelabs.com.br\/\",\"name\":\"Variedades - Cruso\u00e9\",\"description\":\"\",\"potentialAction\":[{\"@type\":\"SearchAction\",\"target\":{\"@type\":\"EntryPoint\",\"urlTemplate\":\"https:\/\/crusoe.audiencelabs.com.br\/?s={search_term_string}\"},\"query-input\":{\"@type\":\"PropertyValueSpecification\",\"valueRequired\":true,\"valueName\":\"search_term_string\"}}],\"inLanguage\":\"pt-BR\"},{\"@type\":\"Person\",\"@id\":\"https:\/\/crusoe.audiencelabs.com.br\/#\/schema\/person\/f87f73cfe89e5360de2c006bd4bd6a74\",\"name\":\"Milena Armando\",\"image\":{\"@type\":\"ImageObject\",\"inLanguage\":\"pt-BR\",\"@id\":\"https:\/\/crusoe.audiencelabs.com.br\/#\/schema\/person\/image\/\",\"url\":\"https:\/\/secure.gravatar.com\/avatar\/ea14ecddc9e9d202b698b18f9f69e09c9fd74cfbed5c6008d55f11faefdbdab7?s=96&d=mm&r=g\",\"contentUrl\":\"https:\/\/secure.gravatar.com\/avatar\/ea14ecddc9e9d202b698b18f9f69e09c9fd74cfbed5c6008d55f11faefdbdab7?s=96&d=mm&r=g\",\"caption\":\"Milena Armando\"},\"description\":\"Jornalista, redatora e revisora.\",\"url\":\"https:\/\/crusoe.audiencelabs.com.br\/author\/milena\/\"}]}<\/script>\n<!-- \/ Yoast SEO plugin. -->","yoast_head_json":{"title":"Venda de canela em p\u00f3 \u00e9 suspensa por risco \u00e0 sa\u00fade","robots":{"index":"index","follow":"follow","max-snippet":"max-snippet:-1","max-image-preview":"max-image-preview:large","max-video-preview":"max-video-preview:-1"},"canonical":"https:\/\/crusoe.audiencelabs.com.br\/venda-de-canela-em-po-e-suspensa-por-risco-a-saude\/","og_locale":"pt_BR","og_type":"article","og_title":"Venda de canela em p\u00f3 \u00e9 suspensa por risco \u00e0 sa\u00fade","og_description":"A Anvisa (Ag\u00eancia Nacional de Vigil\u00e2ncia Sanit\u00e1ria) emitiu, na \u00faltima segunda-feira (23), um alerta determinando o recolhimento imediato de dois produtos populares no Brasil: a canela em p\u00f3 da marca Kinino e o suplemento de Whey Protein da marca Fulllife Nutrition.&nbsp; Esta decis\u00e3o, motivada pela presen\u00e7a de subst\u00e2ncias n\u00e3o declaradas, reflete preocupa\u00e7\u00f5es s\u00e9rias sobre a [&hellip;]","og_url":"https:\/\/crusoe.audiencelabs.com.br\/venda-de-canela-em-po-e-suspensa-por-risco-a-saude\/","og_site_name":"Variedades - Cruso\u00e9","article_published_time":"2025-06-27T17:40:04+00:00","article_modified_time":"2025-06-27T17:40:07+00:00","og_image":[{"width":1707,"height":1088,"url":"https:\/\/cdn.crusoe.com.br\/uploads\/2025\/06\/pexels-karolina-grabowska-4199097-scaled-e1751045800678.jpg","type":"image\/jpeg"}],"author":"Milena Armando","twitter_card":"summary_large_image","twitter_misc":{"Escrito por":"Milena Armando","Est. tempo de leitura":"2 minutos"},"schema":{"@context":"https:\/\/schema.org","@graph":[{"@type":"WebPage","@id":"https:\/\/crusoe.audiencelabs.com.br\/venda-de-canela-em-po-e-suspensa-por-risco-a-saude\/","url":"https:\/\/crusoe.audiencelabs.com.br\/venda-de-canela-em-po-e-suspensa-por-risco-a-saude\/","name":"Venda de canela em p\u00f3 \u00e9 suspensa por risco \u00e0 sa\u00fade","isPartOf":{"@id":"https:\/\/crusoe.audiencelabs.com.br\/#website"},"primaryImageOfPage":{"@id":"https:\/\/crusoe.audiencelabs.com.br\/venda-de-canela-em-po-e-suspensa-por-risco-a-saude\/#primaryimage"},"image":{"@id":"https:\/\/crusoe.audiencelabs.com.br\/venda-de-canela-em-po-e-suspensa-por-risco-a-saude\/#primaryimage"},"thumbnailUrl":"https:\/\/cdn.crusoe.com.br\/uploads\/2025\/06\/pexels-karolina-grabowska-4199097-scaled-e1751045800678.jpg","datePublished":"2025-06-27T17:40:04+00:00","dateModified":"2025-06-27T17:40:07+00:00","author":{"@id":"https:\/\/crusoe.audiencelabs.com.br\/#\/schema\/person\/f87f73cfe89e5360de2c006bd4bd6a74"},"breadcrumb":{"@id":"https:\/\/crusoe.audiencelabs.com.br\/venda-de-canela-em-po-e-suspensa-por-risco-a-saude\/#breadcrumb"},"inLanguage":"pt-BR","potentialAction":[{"@type":"ReadAction","target":["https:\/\/crusoe.audiencelabs.com.br\/venda-de-canela-em-po-e-suspensa-por-risco-a-saude\/"]}]},{"@type":"ImageObject","inLanguage":"pt-BR","@id":"https:\/\/crusoe.audiencelabs.com.br\/venda-de-canela-em-po-e-suspensa-por-risco-a-saude\/#primaryimage","url":"https:\/\/cdn.crusoe.com.br\/uploads\/2025\/06\/pexels-karolina-grabowska-4199097-scaled-e1751045800678.jpg","contentUrl":"https:\/\/cdn.crusoe.com.br\/uploads\/2025\/06\/pexels-karolina-grabowska-4199097-scaled-e1751045800678.jpg","width":1707,"height":1088,"caption":"Foto: Kaboompics.com\/Pexels"},{"@type":"BreadcrumbList","@id":"https:\/\/crusoe.audiencelabs.com.br\/venda-de-canela-em-po-e-suspensa-por-risco-a-saude\/#breadcrumb","itemListElement":[{"@type":"ListItem","position":1,"name":"Home","item":"https:\/\/crusoe.audiencelabs.com.br\/"},{"@type":"ListItem","position":2,"name":"Venda de canela em p\u00f3 \u00e9 suspensa por risco \u00e0 sa\u00fade"}]},{"@type":"WebSite","@id":"https:\/\/crusoe.audiencelabs.com.br\/#website","url":"https:\/\/crusoe.audiencelabs.com.br\/","name":"Variedades - Cruso\u00e9","description":"","potentialAction":[{"@type":"SearchAction","target":{"@type":"EntryPoint","urlTemplate":"https:\/\/crusoe.audiencelabs.com.br\/?s={search_term_string}"},"query-input":{"@type":"PropertyValueSpecification","valueRequired":true,"valueName":"search_term_string"}}],"inLanguage":"pt-BR"},{"@type":"Person","@id":"https:\/\/crusoe.audiencelabs.com.br\/#\/schema\/person\/f87f73cfe89e5360de2c006bd4bd6a74","name":"Milena Armando","image":{"@type":"ImageObject","inLanguage":"pt-BR","@id":"https:\/\/crusoe.audiencelabs.com.br\/#\/schema\/person\/image\/","url":"https:\/\/secure.gravatar.com\/avatar\/ea14ecddc9e9d202b698b18f9f69e09c9fd74cfbed5c6008d55f11faefdbdab7?s=96&d=mm&r=g","contentUrl":"https:\/\/secure.gravatar.com\/avatar\/ea14ecddc9e9d202b698b18f9f69e09c9fd74cfbed5c6008d55f11faefdbdab7?s=96&d=mm&r=g","caption":"Milena Armando"},"description":"Jornalista, redatora e revisora.","url":"https:\/\/crusoe.audiencelabs.com.br\/author\/milena\/"}]}},"_links":{"self":[{"href":"https:\/\/crusoe.audiencelabs.com.br\/wp-json\/wp\/v2\/posts\/3121","targetHints":{"allow":["GET"]}}],"collection":[{"href":"https:\/\/crusoe.audiencelabs.com.br\/wp-json\/wp\/v2\/posts"}],"about":[{"href":"https:\/\/crusoe.audiencelabs.com.br\/wp-json\/wp\/v2\/types\/post"}],"author":[{"embeddable":true,"href":"https:\/\/crusoe.audiencelabs.com.br\/wp-json\/wp\/v2\/users\/5"}],"replies":[{"embeddable":true,"href":"https:\/\/crusoe.audiencelabs.com.br\/wp-json\/wp\/v2\/comments?post=3121"}],"version-history":[{"count":1,"href":"https:\/\/crusoe.audiencelabs.com.br\/wp-json\/wp\/v2\/posts\/3121\/revisions"}],"predecessor-version":[{"id":3125,"href":"https:\/\/crusoe.audiencelabs.com.br\/wp-json\/wp\/v2\/posts\/3121\/revisions\/3125"}],"wp:featuredmedia":[{"embeddable":true,"href":"https:\/\/crusoe.audiencelabs.com.br\/wp-json\/wp\/v2\/media\/3123"}],"wp:attachment":[{"href":"https:\/\/crusoe.audiencelabs.com.br\/wp-json\/wp\/v2\/media?parent=3121"}],"wp:term":[{"taxonomy":"category","embeddable":true,"href":"https:\/\/crusoe.audiencelabs.com.br\/wp-json\/wp\/v2\/categories?post=3121"},{"taxonomy":"post_tag","embeddable":true,"href":"https:\/\/crusoe.audiencelabs.com.br\/wp-json\/wp\/v2\/tags?post=3121"}],"curies":[{"name":"wp","href":"https:\/\/api.w.org\/{rel}","templated":true}]}}