{"id":31169,"date":"2026-02-10T08:31:07","date_gmt":"2026-02-10T11:31:07","guid":{"rendered":"https:\/\/crusoe.audiencelabs.com.br\/?p=31169"},"modified":"2026-02-10T08:31:12","modified_gmt":"2026-02-10T11:31:12","slug":"operacoes-da-vale-chegam-ao-fim-justica-determina-paralisacao-total","status":"publish","type":"post","link":"https:\/\/crusoe.audiencelabs.com.br\/operacoes-da-vale-chegam-ao-fim-justica-determina-paralisacao-total\/","title":{"rendered":"Opera\u00e7\u00f5es da Vale chegam ao fim? Justi\u00e7a determina paralisa\u00e7\u00e3o total"},"content":{"rendered":"\n<p>No dia 25 de janeiro de 2019, uma barragem de rejeitos administrada pela empresa <strong>Vale S.A.<\/strong>, situada na regi\u00e3o de C\u00f3rrego do Feij\u00e3o, no munic\u00edpio de Brumadinho, Minas Gerais, se rompeu e causou um dos maiores desastres ambientais da minera\u00e7\u00e3o do pa\u00eds.<\/p>\n\n\n\n<p>E agora, cerca de sete anos depois, a companhia voltou a protagonizar uma situa\u00e7\u00e3o semelhante, j\u00e1 que no dia 25 de janeiro deste ano, uma estrutura do Complexo Miner\u00e1rio de F\u00e1brica, no munic\u00edpio de Ouro Preto, <strong>tamb\u00e9m se rompeu<\/strong>.<\/p>\n\n\n\n<p>O ocorrido resultou no vazamento de <strong>aproximadamente 262 mil m\u00b3 de \u00e1gua e sedimentos<\/strong>, que se espalharam tanto por \u00e1reas da pr\u00f3pria Vale quanto por propriedades de outras pessoas e feridos.<\/p>\n\n\n\n<p>Felizmente, at\u00e9 o momento, n\u00e3o houveram registros de mortes ou feridos graves. Mas isso n\u00e3o impediu que a Justi\u00e7a de Minas Gerais <strong>determinasse a paralisa\u00e7\u00e3o de todas as atividades da Vale<\/strong> na regi\u00e3o, conforme solicitado pelo governo e Minist\u00e9rio P\u00fablico local (MPMG).<\/p>\n\n\n\n<p>Na decis\u00e3o, publicada na \u00faltima sexta-feira (6), a Justi\u00e7a estabeleceu que a empresa precisar\u00e1 comprovar a seguran\u00e7a das estruturas para retomar servi\u00e7os. Em nota, a Vale afirmou que as atividades no local j\u00e1 estavam suspensas e se comprometeu a <strong>&#8220;colaborar integralmente com as autoridades competentes&#8221;<\/strong>.<\/p>\n\n\n\n<h2 class=\"wp-block-heading\">Incidente da Vale oferece risco ambiental<\/h2>\n\n\n\n<p>Vale destacar que a decis\u00e3o, assinada pela ju\u00edza Monica Silveira Vieira, da 5\u00aa Vara da Fazenda P\u00fablica do Tribunal de Justi\u00e7a do Estado de Minas Gerais (TJMG), ainda reconheceu a exist\u00eancia de <strong>evid\u00eancias que comprovam o risco ambiental<\/strong> do recente ocorrido.<\/p>\n\n\n\n<p>Afinal, os rejeitos dispersados no vazamento atingiram corpos de \u00e1gua como o Rio Maranh\u00e3o e o c\u00f3rrego \u00c1gua Santa. Por conta disso, a Justi\u00e7a tamb\u00e9m exigiu que a Vale <strong>apresente um plano de a\u00e7\u00f5es emergenciais<\/strong> para conter danos colaterais.<\/p>\n\n\n\n<p>As a\u00e7\u00f5es precisam ser apresentadas at\u00e9 esta semana. Caso as medidas sejam descumpridas, a empresa pode ser multada em R$ 100 mil por dia, conforme divulgado pelo portal <em>Carta Capital<\/em>.<\/p>\n","protected":false},"excerpt":{"rendered":"<p>No dia 25 de janeiro de 2019, uma barragem de rejeitos administrada pela empresa Vale S.A., situada na regi\u00e3o de C\u00f3rrego do Feij\u00e3o, no munic\u00edpio de Brumadinho, Minas Gerais, se rompeu e causou um dos maiores desastres ambientais da minera\u00e7\u00e3o do pa\u00eds. E agora, cerca de sete anos depois, a companhia voltou a protagonizar uma [&hellip;]<\/p>\n","protected":false},"author":7,"featured_media":31171,"comment_status":"open","ping_status":"open","sticky":false,"template":"","format":"standard","meta":{"jnews-multi-image_gallery":[],"jnews_single_post":{"format":"standard"},"jnews_primary_category":[],"jnews_override_counter":[],"jnews_post_split":[],"footnotes":""},"categories":[1],"tags":[],"class_list":["post-31169","post","type-post","status-publish","format-standard","has-post-thumbnail","hentry","category-geral"],"yoast_head":"<!-- This site is optimized with the Yoast SEO plugin v25.0 - https:\/\/yoast.com\/wordpress\/plugins\/seo\/ -->\n<title>Opera\u00e7\u00f5es da Vale chegam ao fim? Justi\u00e7a determina paralisa\u00e7\u00e3o total<\/title>\n<meta name=\"robots\" content=\"index, follow, max-snippet:-1, max-image-preview:large, max-video-preview:-1\" \/>\n<link rel=\"canonical\" href=\"https:\/\/crusoe.audiencelabs.com.br\/operacoes-da-vale-chegam-ao-fim-justica-determina-paralisacao-total\/\" \/>\n<meta property=\"og:locale\" content=\"pt_BR\" \/>\n<meta property=\"og:type\" content=\"article\" \/>\n<meta property=\"og:title\" content=\"Opera\u00e7\u00f5es da Vale chegam ao fim? Justi\u00e7a determina paralisa\u00e7\u00e3o total\" \/>\n<meta property=\"og:description\" content=\"No dia 25 de janeiro de 2019, uma barragem de rejeitos administrada pela empresa Vale S.A., situada na regi\u00e3o de C\u00f3rrego do Feij\u00e3o, no munic\u00edpio de Brumadinho, Minas Gerais, se rompeu e causou um dos maiores desastres ambientais da minera\u00e7\u00e3o do pa\u00eds. E agora, cerca de sete anos depois, a companhia voltou a protagonizar uma [&hellip;]\" \/>\n<meta property=\"og:url\" content=\"https:\/\/crusoe.audiencelabs.com.br\/operacoes-da-vale-chegam-ao-fim-justica-determina-paralisacao-total\/\" \/>\n<meta property=\"og:site_name\" content=\"Variedades - Cruso\u00e9\" \/>\n<meta property=\"article:published_time\" content=\"2026-02-10T11:31:07+00:00\" \/>\n<meta property=\"article:modified_time\" content=\"2026-02-10T11:31:12+00:00\" \/>\n<meta property=\"og:image\" content=\"https:\/\/cdn.crusoe.com.br\/uploads\/2026\/02\/operacoes-da-vale-chegam-ao-fim-justica-determina-paralisacao-total.jpg\" \/>\n\t<meta property=\"og:image:width\" content=\"1280\" \/>\n\t<meta property=\"og:image:height\" content=\"720\" \/>\n\t<meta property=\"og:image:type\" content=\"image\/jpeg\" \/>\n<meta name=\"author\" content=\"Jo\u00e3o Carlos Gomes\" \/>\n<meta name=\"twitter:card\" content=\"summary_large_image\" \/>\n<meta name=\"twitter:label1\" content=\"Escrito por\" \/>\n\t<meta name=\"twitter:data1\" content=\"Jo\u00e3o Carlos Gomes\" \/>\n\t<meta name=\"twitter:label2\" content=\"Est. tempo de leitura\" \/>\n\t<meta name=\"twitter:data2\" content=\"2 minutos\" \/>\n<script type=\"application\/ld+json\" class=\"yoast-schema-graph\">{\"@context\":\"https:\/\/schema.org\",\"@graph\":[{\"@type\":\"WebPage\",\"@id\":\"https:\/\/crusoe.audiencelabs.com.br\/operacoes-da-vale-chegam-ao-fim-justica-determina-paralisacao-total\/\",\"url\":\"https:\/\/crusoe.audiencelabs.com.br\/operacoes-da-vale-chegam-ao-fim-justica-determina-paralisacao-total\/\",\"name\":\"Opera\u00e7\u00f5es da Vale chegam ao fim? Justi\u00e7a determina paralisa\u00e7\u00e3o total\",\"isPartOf\":{\"@id\":\"https:\/\/crusoe.audiencelabs.com.br\/#website\"},\"primaryImageOfPage\":{\"@id\":\"https:\/\/crusoe.audiencelabs.com.br\/operacoes-da-vale-chegam-ao-fim-justica-determina-paralisacao-total\/#primaryimage\"},\"image\":{\"@id\":\"https:\/\/crusoe.audiencelabs.com.br\/operacoes-da-vale-chegam-ao-fim-justica-determina-paralisacao-total\/#primaryimage\"},\"thumbnailUrl\":\"https:\/\/cdn.crusoe.com.br\/uploads\/2026\/02\/operacoes-da-vale-chegam-ao-fim-justica-determina-paralisacao-total.jpg\",\"datePublished\":\"2026-02-10T11:31:07+00:00\",\"dateModified\":\"2026-02-10T11:31:12+00:00\",\"author\":{\"@id\":\"https:\/\/crusoe.audiencelabs.com.br\/#\/schema\/person\/4a23399b23149df2eab6637fd2fd2bfc\"},\"breadcrumb\":{\"@id\":\"https:\/\/crusoe.audiencelabs.com.br\/operacoes-da-vale-chegam-ao-fim-justica-determina-paralisacao-total\/#breadcrumb\"},\"inLanguage\":\"pt-BR\",\"potentialAction\":[{\"@type\":\"ReadAction\",\"target\":[\"https:\/\/crusoe.audiencelabs.com.br\/operacoes-da-vale-chegam-ao-fim-justica-determina-paralisacao-total\/\"]}]},{\"@type\":\"ImageObject\",\"inLanguage\":\"pt-BR\",\"@id\":\"https:\/\/crusoe.audiencelabs.com.br\/operacoes-da-vale-chegam-ao-fim-justica-determina-paralisacao-total\/#primaryimage\",\"url\":\"https:\/\/cdn.crusoe.com.br\/uploads\/2026\/02\/operacoes-da-vale-chegam-ao-fim-justica-determina-paralisacao-total.jpg\",\"contentUrl\":\"https:\/\/cdn.crusoe.com.br\/uploads\/2026\/02\/operacoes-da-vale-chegam-ao-fim-justica-determina-paralisacao-total.jpg\",\"width\":1280,\"height\":720,\"caption\":\"Foto: Ag\u00eancia Brasil\"},{\"@type\":\"BreadcrumbList\",\"@id\":\"https:\/\/crusoe.audiencelabs.com.br\/operacoes-da-vale-chegam-ao-fim-justica-determina-paralisacao-total\/#breadcrumb\",\"itemListElement\":[{\"@type\":\"ListItem\",\"position\":1,\"name\":\"Home\",\"item\":\"https:\/\/crusoe.audiencelabs.com.br\/\"},{\"@type\":\"ListItem\",\"position\":2,\"name\":\"Opera\u00e7\u00f5es da Vale chegam ao fim? Justi\u00e7a determina paralisa\u00e7\u00e3o total\"}]},{\"@type\":\"WebSite\",\"@id\":\"https:\/\/crusoe.audiencelabs.com.br\/#website\",\"url\":\"https:\/\/crusoe.audiencelabs.com.br\/\",\"name\":\"Variedades - Cruso\u00e9\",\"description\":\"\",\"potentialAction\":[{\"@type\":\"SearchAction\",\"target\":{\"@type\":\"EntryPoint\",\"urlTemplate\":\"https:\/\/crusoe.audiencelabs.com.br\/?s={search_term_string}\"},\"query-input\":{\"@type\":\"PropertyValueSpecification\",\"valueRequired\":true,\"valueName\":\"search_term_string\"}}],\"inLanguage\":\"pt-BR\"},{\"@type\":\"Person\",\"@id\":\"https:\/\/crusoe.audiencelabs.com.br\/#\/schema\/person\/4a23399b23149df2eab6637fd2fd2bfc\",\"name\":\"Jo\u00e3o Carlos Gomes\",\"image\":{\"@type\":\"ImageObject\",\"inLanguage\":\"pt-BR\",\"@id\":\"https:\/\/crusoe.audiencelabs.com.br\/#\/schema\/person\/image\/\",\"url\":\"https:\/\/secure.gravatar.com\/avatar\/4ce4672dbdd694b329cd6fdb51bee7d1409be1f0ff76a537e4c4a737b2c7d1a9?s=96&d=mm&r=g\",\"contentUrl\":\"https:\/\/secure.gravatar.com\/avatar\/4ce4672dbdd694b329cd6fdb51bee7d1409be1f0ff76a537e4c4a737b2c7d1a9?s=96&d=mm&r=g\",\"caption\":\"Jo\u00e3o Carlos Gomes\"},\"description\":\"Jornalista, criador de conte\u00fado e m\u00fasico independente nas horas vagas.\",\"url\":\"https:\/\/crusoe.audiencelabs.com.br\/author\/joaoc-junior66\/\"}]}<\/script>\n<!-- \/ Yoast SEO plugin. -->","yoast_head_json":{"title":"Opera\u00e7\u00f5es da Vale chegam ao fim? Justi\u00e7a determina paralisa\u00e7\u00e3o total","robots":{"index":"index","follow":"follow","max-snippet":"max-snippet:-1","max-image-preview":"max-image-preview:large","max-video-preview":"max-video-preview:-1"},"canonical":"https:\/\/crusoe.audiencelabs.com.br\/operacoes-da-vale-chegam-ao-fim-justica-determina-paralisacao-total\/","og_locale":"pt_BR","og_type":"article","og_title":"Opera\u00e7\u00f5es da Vale chegam ao fim? Justi\u00e7a determina paralisa\u00e7\u00e3o total","og_description":"No dia 25 de janeiro de 2019, uma barragem de rejeitos administrada pela empresa Vale S.A., situada na regi\u00e3o de C\u00f3rrego do Feij\u00e3o, no munic\u00edpio de Brumadinho, Minas Gerais, se rompeu e causou um dos maiores desastres ambientais da minera\u00e7\u00e3o do pa\u00eds. E agora, cerca de sete anos depois, a companhia voltou a protagonizar uma [&hellip;]","og_url":"https:\/\/crusoe.audiencelabs.com.br\/operacoes-da-vale-chegam-ao-fim-justica-determina-paralisacao-total\/","og_site_name":"Variedades - Cruso\u00e9","article_published_time":"2026-02-10T11:31:07+00:00","article_modified_time":"2026-02-10T11:31:12+00:00","og_image":[{"width":1280,"height":720,"url":"https:\/\/cdn.crusoe.com.br\/uploads\/2026\/02\/operacoes-da-vale-chegam-ao-fim-justica-determina-paralisacao-total.jpg","type":"image\/jpeg"}],"author":"Jo\u00e3o Carlos Gomes","twitter_card":"summary_large_image","twitter_misc":{"Escrito por":"Jo\u00e3o Carlos Gomes","Est. tempo de leitura":"2 minutos"},"schema":{"@context":"https:\/\/schema.org","@graph":[{"@type":"WebPage","@id":"https:\/\/crusoe.audiencelabs.com.br\/operacoes-da-vale-chegam-ao-fim-justica-determina-paralisacao-total\/","url":"https:\/\/crusoe.audiencelabs.com.br\/operacoes-da-vale-chegam-ao-fim-justica-determina-paralisacao-total\/","name":"Opera\u00e7\u00f5es da Vale chegam ao fim? Justi\u00e7a determina paralisa\u00e7\u00e3o total","isPartOf":{"@id":"https:\/\/crusoe.audiencelabs.com.br\/#website"},"primaryImageOfPage":{"@id":"https:\/\/crusoe.audiencelabs.com.br\/operacoes-da-vale-chegam-ao-fim-justica-determina-paralisacao-total\/#primaryimage"},"image":{"@id":"https:\/\/crusoe.audiencelabs.com.br\/operacoes-da-vale-chegam-ao-fim-justica-determina-paralisacao-total\/#primaryimage"},"thumbnailUrl":"https:\/\/cdn.crusoe.com.br\/uploads\/2026\/02\/operacoes-da-vale-chegam-ao-fim-justica-determina-paralisacao-total.jpg","datePublished":"2026-02-10T11:31:07+00:00","dateModified":"2026-02-10T11:31:12+00:00","author":{"@id":"https:\/\/crusoe.audiencelabs.com.br\/#\/schema\/person\/4a23399b23149df2eab6637fd2fd2bfc"},"breadcrumb":{"@id":"https:\/\/crusoe.audiencelabs.com.br\/operacoes-da-vale-chegam-ao-fim-justica-determina-paralisacao-total\/#breadcrumb"},"inLanguage":"pt-BR","potentialAction":[{"@type":"ReadAction","target":["https:\/\/crusoe.audiencelabs.com.br\/operacoes-da-vale-chegam-ao-fim-justica-determina-paralisacao-total\/"]}]},{"@type":"ImageObject","inLanguage":"pt-BR","@id":"https:\/\/crusoe.audiencelabs.com.br\/operacoes-da-vale-chegam-ao-fim-justica-determina-paralisacao-total\/#primaryimage","url":"https:\/\/cdn.crusoe.com.br\/uploads\/2026\/02\/operacoes-da-vale-chegam-ao-fim-justica-determina-paralisacao-total.jpg","contentUrl":"https:\/\/cdn.crusoe.com.br\/uploads\/2026\/02\/operacoes-da-vale-chegam-ao-fim-justica-determina-paralisacao-total.jpg","width":1280,"height":720,"caption":"Foto: Ag\u00eancia Brasil"},{"@type":"BreadcrumbList","@id":"https:\/\/crusoe.audiencelabs.com.br\/operacoes-da-vale-chegam-ao-fim-justica-determina-paralisacao-total\/#breadcrumb","itemListElement":[{"@type":"ListItem","position":1,"name":"Home","item":"https:\/\/crusoe.audiencelabs.com.br\/"},{"@type":"ListItem","position":2,"name":"Opera\u00e7\u00f5es da Vale chegam ao fim? Justi\u00e7a determina paralisa\u00e7\u00e3o total"}]},{"@type":"WebSite","@id":"https:\/\/crusoe.audiencelabs.com.br\/#website","url":"https:\/\/crusoe.audiencelabs.com.br\/","name":"Variedades - Cruso\u00e9","description":"","potentialAction":[{"@type":"SearchAction","target":{"@type":"EntryPoint","urlTemplate":"https:\/\/crusoe.audiencelabs.com.br\/?s={search_term_string}"},"query-input":{"@type":"PropertyValueSpecification","valueRequired":true,"valueName":"search_term_string"}}],"inLanguage":"pt-BR"},{"@type":"Person","@id":"https:\/\/crusoe.audiencelabs.com.br\/#\/schema\/person\/4a23399b23149df2eab6637fd2fd2bfc","name":"Jo\u00e3o Carlos Gomes","image":{"@type":"ImageObject","inLanguage":"pt-BR","@id":"https:\/\/crusoe.audiencelabs.com.br\/#\/schema\/person\/image\/","url":"https:\/\/secure.gravatar.com\/avatar\/4ce4672dbdd694b329cd6fdb51bee7d1409be1f0ff76a537e4c4a737b2c7d1a9?s=96&d=mm&r=g","contentUrl":"https:\/\/secure.gravatar.com\/avatar\/4ce4672dbdd694b329cd6fdb51bee7d1409be1f0ff76a537e4c4a737b2c7d1a9?s=96&d=mm&r=g","caption":"Jo\u00e3o Carlos Gomes"},"description":"Jornalista, criador de conte\u00fado e m\u00fasico independente nas horas vagas.","url":"https:\/\/crusoe.audiencelabs.com.br\/author\/joaoc-junior66\/"}]}},"_links":{"self":[{"href":"https:\/\/crusoe.audiencelabs.com.br\/wp-json\/wp\/v2\/posts\/31169","targetHints":{"allow":["GET"]}}],"collection":[{"href":"https:\/\/crusoe.audiencelabs.com.br\/wp-json\/wp\/v2\/posts"}],"about":[{"href":"https:\/\/crusoe.audiencelabs.com.br\/wp-json\/wp\/v2\/types\/post"}],"author":[{"embeddable":true,"href":"https:\/\/crusoe.audiencelabs.com.br\/wp-json\/wp\/v2\/users\/7"}],"replies":[{"embeddable":true,"href":"https:\/\/crusoe.audiencelabs.com.br\/wp-json\/wp\/v2\/comments?post=31169"}],"version-history":[{"count":1,"href":"https:\/\/crusoe.audiencelabs.com.br\/wp-json\/wp\/v2\/posts\/31169\/revisions"}],"predecessor-version":[{"id":31182,"href":"https:\/\/crusoe.audiencelabs.com.br\/wp-json\/wp\/v2\/posts\/31169\/revisions\/31182"}],"wp:featuredmedia":[{"embeddable":true,"href":"https:\/\/crusoe.audiencelabs.com.br\/wp-json\/wp\/v2\/media\/31171"}],"wp:attachment":[{"href":"https:\/\/crusoe.audiencelabs.com.br\/wp-json\/wp\/v2\/media?parent=31169"}],"wp:term":[{"taxonomy":"category","embeddable":true,"href":"https:\/\/crusoe.audiencelabs.com.br\/wp-json\/wp\/v2\/categories?post=31169"},{"taxonomy":"post_tag","embeddable":true,"href":"https:\/\/crusoe.audiencelabs.com.br\/wp-json\/wp\/v2\/tags?post=31169"}],"curies":[{"name":"wp","href":"https:\/\/api.w.org\/{rel}","templated":true}]}}