{"id":3082,"date":"2025-06-27T08:20:00","date_gmt":"2025-06-27T11:20:00","guid":{"rendered":"https:\/\/crusoe.com.br\/variedades\/?p=3082"},"modified":"2025-06-26T18:28:17","modified_gmt":"2025-06-26T21:28:17","slug":"descubra-quando-sera-o-quinto-dia-util-de-julho","status":"publish","type":"post","link":"https:\/\/crusoe.audiencelabs.com.br\/descubra-quando-sera-o-quinto-dia-util-de-julho\/","title":{"rendered":"Descubra quando ser\u00e1 o quinto dia \u00fatil de julho"},"content":{"rendered":"\n<p>O quinto dia \u00fatil do m\u00eas de julho est\u00e1 no centro das aten\u00e7\u00f5es para muitos trabalhadores brasileiros, que aguardam ansiosamente por ele para receber seus sal\u00e1rios. <\/p>\n\n\n\n<p>Esse dia, determinado pela Consolida\u00e7\u00e3o das Leis do Trabalho (CLT), tem, neste ano, uma peculiaridade interessante: cai em um s\u00e1bado, dia 5. Esta data \u00e9 importante pois afeta diretamente como os trabalhadores ir\u00e3o planejar suas finan\u00e7as.<\/p>\n\n\n\n<p>Com o quinto dia \u00fatil de julho caindo em um s\u00e1bado, levanta-se a quest\u00e3o: como ser\u00e3o feitos os pagamentos?<\/p>\n\n\n\n<h2 class=\"wp-block-heading\">Por que o s\u00e1bado \u00e9 inclu\u00eddo na contagem?<\/h2>\n\n\n\n<p>Conforme a legisla\u00e7\u00e3o vigente, os dias \u00fateis s\u00e3o contados de segunda a s\u00e1bado, excluindo domingos e feriados. Isso significa que, para o m\u00eas de julho, os dias 1\u00ba a 5 s\u00e3o considerados \u00fateis, com o \u00faltimo deles sendo um s\u00e1bado.\u00a0No entanto, os bancos n\u00e3o operam normalmente aos s\u00e1bados, trazendo \u00e0 tona a necessidade de ajustes nos pagamentos.<\/p>\n\n\n\n<p>Diante do fato de que os bancos n\u00e3o realizam transa\u00e7\u00f5es comuns aos s\u00e1bados, muitas empresas adaptam suas pr\u00e1ticas. Geralmente, o pagamento dos sal\u00e1rios \u00e9 antecipado para o \u00faltimo dia \u00fatil anterior.\u00a0Neste caso espec\u00edfico, os trabalhadores podem esperar receber seus sal\u00e1rios na sexta-feira, dia 4 de julho.<\/p>\n\n\n\n<h2 class=\"wp-block-heading\">Estrat\u00e9gias para evitar surpresas<\/h2>\n\n\n\n<p>Para os trabalhadores, entender como contar os dias \u00fateis pode evitar surpresas e ajudar no planejamento financeiro.&nbsp;<\/p>\n\n\n\n<p>A antecipa\u00e7\u00e3o dos sal\u00e1rios para sexta-feira, 4 de julho, alivia potenciais transtornos financeiros, garantindo que as fam\u00edlias possam manter sua seguran\u00e7a econ\u00f4mica.&nbsp;<\/p>\n\n\n\n<p>Essa pr\u00e1tica \u00e9 comum no pa\u00eds e assegura que obriga\u00e7\u00f5es financeiras sejam cumpridas sem maiores problemas. Estar ciente dessas nuances do calend\u00e1rio \u00e9 fundamental para um planejamento adequado.<\/p>\n","protected":false},"excerpt":{"rendered":"<p>O quinto dia \u00fatil do m\u00eas de julho est\u00e1 no centro das aten\u00e7\u00f5es para muitos trabalhadores brasileiros, que aguardam ansiosamente por ele para receber seus sal\u00e1rios. Esse dia, determinado pela Consolida\u00e7\u00e3o das Leis do Trabalho (CLT), tem, neste ano, uma peculiaridade interessante: cai em um s\u00e1bado, dia 5. Esta data \u00e9 importante pois afeta diretamente [&hellip;]<\/p>\n","protected":false},"author":5,"featured_media":3083,"comment_status":"open","ping_status":"open","sticky":false,"template":"","format":"standard","meta":{"jnews-multi-image_gallery":[],"jnews_single_post":{"format":"standard"},"jnews_primary_category":[],"jnews_override_counter":[],"jnews_post_split":[],"footnotes":""},"categories":[1],"tags":[955,956],"class_list":["post-3082","post","type-post","status-publish","format-standard","has-post-thumbnail","hentry","category-geral","tag-julho","tag-quinto-dia-util"],"yoast_head":"<!-- This site is optimized with the Yoast SEO plugin v25.0 - https:\/\/yoast.com\/wordpress\/plugins\/seo\/ -->\n<title>Descubra quando ser\u00e1 o quinto dia \u00fatil de julho<\/title>\n<meta name=\"robots\" content=\"index, follow, max-snippet:-1, max-image-preview:large, max-video-preview:-1\" \/>\n<link rel=\"canonical\" href=\"https:\/\/crusoe.audiencelabs.com.br\/descubra-quando-sera-o-quinto-dia-util-de-julho\/\" \/>\n<meta property=\"og:locale\" content=\"pt_BR\" \/>\n<meta property=\"og:type\" content=\"article\" \/>\n<meta property=\"og:title\" content=\"Descubra quando ser\u00e1 o quinto dia \u00fatil de julho\" \/>\n<meta property=\"og:description\" content=\"O quinto dia \u00fatil do m\u00eas de julho est\u00e1 no centro das aten\u00e7\u00f5es para muitos trabalhadores brasileiros, que aguardam ansiosamente por ele para receber seus sal\u00e1rios. Esse dia, determinado pela Consolida\u00e7\u00e3o das Leis do Trabalho (CLT), tem, neste ano, uma peculiaridade interessante: cai em um s\u00e1bado, dia 5. Esta data \u00e9 importante pois afeta diretamente [&hellip;]\" \/>\n<meta property=\"og:url\" content=\"https:\/\/crusoe.audiencelabs.com.br\/descubra-quando-sera-o-quinto-dia-util-de-julho\/\" \/>\n<meta property=\"og:site_name\" content=\"Variedades - Cruso\u00e9\" \/>\n<meta property=\"article:published_time\" content=\"2025-06-27T11:20:00+00:00\" \/>\n<meta property=\"og:image\" content=\"https:\/\/cdn.crusoe.com.br\/uploads\/2025\/06\/pexels-bertellifotografia-29509510-scaled-e1750973062928.jpg\" \/>\n\t<meta property=\"og:image:width\" content=\"1707\" \/>\n\t<meta property=\"og:image:height\" content=\"1088\" \/>\n\t<meta property=\"og:image:type\" content=\"image\/jpeg\" \/>\n<meta name=\"author\" content=\"Milena Armando\" \/>\n<meta name=\"twitter:card\" content=\"summary_large_image\" \/>\n<meta name=\"twitter:label1\" content=\"Escrito por\" \/>\n\t<meta name=\"twitter:data1\" content=\"Milena Armando\" \/>\n\t<meta name=\"twitter:label2\" content=\"Est. tempo de leitura\" \/>\n\t<meta name=\"twitter:data2\" content=\"2 minutos\" \/>\n<script type=\"application\/ld+json\" class=\"yoast-schema-graph\">{\"@context\":\"https:\/\/schema.org\",\"@graph\":[{\"@type\":\"WebPage\",\"@id\":\"https:\/\/crusoe.audiencelabs.com.br\/descubra-quando-sera-o-quinto-dia-util-de-julho\/\",\"url\":\"https:\/\/crusoe.audiencelabs.com.br\/descubra-quando-sera-o-quinto-dia-util-de-julho\/\",\"name\":\"Descubra quando ser\u00e1 o quinto dia \u00fatil de julho\",\"isPartOf\":{\"@id\":\"https:\/\/crusoe.audiencelabs.com.br\/#website\"},\"primaryImageOfPage\":{\"@id\":\"https:\/\/crusoe.audiencelabs.com.br\/descubra-quando-sera-o-quinto-dia-util-de-julho\/#primaryimage\"},\"image\":{\"@id\":\"https:\/\/crusoe.audiencelabs.com.br\/descubra-quando-sera-o-quinto-dia-util-de-julho\/#primaryimage\"},\"thumbnailUrl\":\"https:\/\/cdn.crusoe.com.br\/uploads\/2025\/06\/pexels-bertellifotografia-29509510-scaled-e1750973062928.jpg\",\"datePublished\":\"2025-06-27T11:20:00+00:00\",\"author\":{\"@id\":\"https:\/\/crusoe.audiencelabs.com.br\/#\/schema\/person\/f87f73cfe89e5360de2c006bd4bd6a74\"},\"breadcrumb\":{\"@id\":\"https:\/\/crusoe.audiencelabs.com.br\/descubra-quando-sera-o-quinto-dia-util-de-julho\/#breadcrumb\"},\"inLanguage\":\"pt-BR\",\"potentialAction\":[{\"@type\":\"ReadAction\",\"target\":[\"https:\/\/crusoe.audiencelabs.com.br\/descubra-quando-sera-o-quinto-dia-util-de-julho\/\"]}]},{\"@type\":\"ImageObject\",\"inLanguage\":\"pt-BR\",\"@id\":\"https:\/\/crusoe.audiencelabs.com.br\/descubra-quando-sera-o-quinto-dia-util-de-julho\/#primaryimage\",\"url\":\"https:\/\/cdn.crusoe.com.br\/uploads\/2025\/06\/pexels-bertellifotografia-29509510-scaled-e1750973062928.jpg\",\"contentUrl\":\"https:\/\/cdn.crusoe.com.br\/uploads\/2025\/06\/pexels-bertellifotografia-29509510-scaled-e1750973062928.jpg\",\"width\":1707,\"height\":1088,\"caption\":\"Foto: Matheus Bertelli\/Pexels\"},{\"@type\":\"BreadcrumbList\",\"@id\":\"https:\/\/crusoe.audiencelabs.com.br\/descubra-quando-sera-o-quinto-dia-util-de-julho\/#breadcrumb\",\"itemListElement\":[{\"@type\":\"ListItem\",\"position\":1,\"name\":\"Home\",\"item\":\"https:\/\/crusoe.audiencelabs.com.br\/\"},{\"@type\":\"ListItem\",\"position\":2,\"name\":\"Descubra quando ser\u00e1 o quinto dia \u00fatil de julho\"}]},{\"@type\":\"WebSite\",\"@id\":\"https:\/\/crusoe.audiencelabs.com.br\/#website\",\"url\":\"https:\/\/crusoe.audiencelabs.com.br\/\",\"name\":\"Variedades - Cruso\u00e9\",\"description\":\"\",\"potentialAction\":[{\"@type\":\"SearchAction\",\"target\":{\"@type\":\"EntryPoint\",\"urlTemplate\":\"https:\/\/crusoe.audiencelabs.com.br\/?s={search_term_string}\"},\"query-input\":{\"@type\":\"PropertyValueSpecification\",\"valueRequired\":true,\"valueName\":\"search_term_string\"}}],\"inLanguage\":\"pt-BR\"},{\"@type\":\"Person\",\"@id\":\"https:\/\/crusoe.audiencelabs.com.br\/#\/schema\/person\/f87f73cfe89e5360de2c006bd4bd6a74\",\"name\":\"Milena Armando\",\"image\":{\"@type\":\"ImageObject\",\"inLanguage\":\"pt-BR\",\"@id\":\"https:\/\/crusoe.audiencelabs.com.br\/#\/schema\/person\/image\/\",\"url\":\"https:\/\/secure.gravatar.com\/avatar\/ea14ecddc9e9d202b698b18f9f69e09c9fd74cfbed5c6008d55f11faefdbdab7?s=96&d=mm&r=g\",\"contentUrl\":\"https:\/\/secure.gravatar.com\/avatar\/ea14ecddc9e9d202b698b18f9f69e09c9fd74cfbed5c6008d55f11faefdbdab7?s=96&d=mm&r=g\",\"caption\":\"Milena Armando\"},\"description\":\"Jornalista, redatora e revisora.\",\"url\":\"https:\/\/crusoe.audiencelabs.com.br\/author\/milena\/\"}]}<\/script>\n<!-- \/ Yoast SEO plugin. -->","yoast_head_json":{"title":"Descubra quando ser\u00e1 o quinto dia \u00fatil de julho","robots":{"index":"index","follow":"follow","max-snippet":"max-snippet:-1","max-image-preview":"max-image-preview:large","max-video-preview":"max-video-preview:-1"},"canonical":"https:\/\/crusoe.audiencelabs.com.br\/descubra-quando-sera-o-quinto-dia-util-de-julho\/","og_locale":"pt_BR","og_type":"article","og_title":"Descubra quando ser\u00e1 o quinto dia \u00fatil de julho","og_description":"O quinto dia \u00fatil do m\u00eas de julho est\u00e1 no centro das aten\u00e7\u00f5es para muitos trabalhadores brasileiros, que aguardam ansiosamente por ele para receber seus sal\u00e1rios. Esse dia, determinado pela Consolida\u00e7\u00e3o das Leis do Trabalho (CLT), tem, neste ano, uma peculiaridade interessante: cai em um s\u00e1bado, dia 5. Esta data \u00e9 importante pois afeta diretamente [&hellip;]","og_url":"https:\/\/crusoe.audiencelabs.com.br\/descubra-quando-sera-o-quinto-dia-util-de-julho\/","og_site_name":"Variedades - Cruso\u00e9","article_published_time":"2025-06-27T11:20:00+00:00","og_image":[{"width":1707,"height":1088,"url":"https:\/\/cdn.crusoe.com.br\/uploads\/2025\/06\/pexels-bertellifotografia-29509510-scaled-e1750973062928.jpg","type":"image\/jpeg"}],"author":"Milena Armando","twitter_card":"summary_large_image","twitter_misc":{"Escrito por":"Milena Armando","Est. tempo de leitura":"2 minutos"},"schema":{"@context":"https:\/\/schema.org","@graph":[{"@type":"WebPage","@id":"https:\/\/crusoe.audiencelabs.com.br\/descubra-quando-sera-o-quinto-dia-util-de-julho\/","url":"https:\/\/crusoe.audiencelabs.com.br\/descubra-quando-sera-o-quinto-dia-util-de-julho\/","name":"Descubra quando ser\u00e1 o quinto dia \u00fatil de julho","isPartOf":{"@id":"https:\/\/crusoe.audiencelabs.com.br\/#website"},"primaryImageOfPage":{"@id":"https:\/\/crusoe.audiencelabs.com.br\/descubra-quando-sera-o-quinto-dia-util-de-julho\/#primaryimage"},"image":{"@id":"https:\/\/crusoe.audiencelabs.com.br\/descubra-quando-sera-o-quinto-dia-util-de-julho\/#primaryimage"},"thumbnailUrl":"https:\/\/cdn.crusoe.com.br\/uploads\/2025\/06\/pexels-bertellifotografia-29509510-scaled-e1750973062928.jpg","datePublished":"2025-06-27T11:20:00+00:00","author":{"@id":"https:\/\/crusoe.audiencelabs.com.br\/#\/schema\/person\/f87f73cfe89e5360de2c006bd4bd6a74"},"breadcrumb":{"@id":"https:\/\/crusoe.audiencelabs.com.br\/descubra-quando-sera-o-quinto-dia-util-de-julho\/#breadcrumb"},"inLanguage":"pt-BR","potentialAction":[{"@type":"ReadAction","target":["https:\/\/crusoe.audiencelabs.com.br\/descubra-quando-sera-o-quinto-dia-util-de-julho\/"]}]},{"@type":"ImageObject","inLanguage":"pt-BR","@id":"https:\/\/crusoe.audiencelabs.com.br\/descubra-quando-sera-o-quinto-dia-util-de-julho\/#primaryimage","url":"https:\/\/cdn.crusoe.com.br\/uploads\/2025\/06\/pexels-bertellifotografia-29509510-scaled-e1750973062928.jpg","contentUrl":"https:\/\/cdn.crusoe.com.br\/uploads\/2025\/06\/pexels-bertellifotografia-29509510-scaled-e1750973062928.jpg","width":1707,"height":1088,"caption":"Foto: Matheus Bertelli\/Pexels"},{"@type":"BreadcrumbList","@id":"https:\/\/crusoe.audiencelabs.com.br\/descubra-quando-sera-o-quinto-dia-util-de-julho\/#breadcrumb","itemListElement":[{"@type":"ListItem","position":1,"name":"Home","item":"https:\/\/crusoe.audiencelabs.com.br\/"},{"@type":"ListItem","position":2,"name":"Descubra quando ser\u00e1 o quinto dia \u00fatil de julho"}]},{"@type":"WebSite","@id":"https:\/\/crusoe.audiencelabs.com.br\/#website","url":"https:\/\/crusoe.audiencelabs.com.br\/","name":"Variedades - Cruso\u00e9","description":"","potentialAction":[{"@type":"SearchAction","target":{"@type":"EntryPoint","urlTemplate":"https:\/\/crusoe.audiencelabs.com.br\/?s={search_term_string}"},"query-input":{"@type":"PropertyValueSpecification","valueRequired":true,"valueName":"search_term_string"}}],"inLanguage":"pt-BR"},{"@type":"Person","@id":"https:\/\/crusoe.audiencelabs.com.br\/#\/schema\/person\/f87f73cfe89e5360de2c006bd4bd6a74","name":"Milena Armando","image":{"@type":"ImageObject","inLanguage":"pt-BR","@id":"https:\/\/crusoe.audiencelabs.com.br\/#\/schema\/person\/image\/","url":"https:\/\/secure.gravatar.com\/avatar\/ea14ecddc9e9d202b698b18f9f69e09c9fd74cfbed5c6008d55f11faefdbdab7?s=96&d=mm&r=g","contentUrl":"https:\/\/secure.gravatar.com\/avatar\/ea14ecddc9e9d202b698b18f9f69e09c9fd74cfbed5c6008d55f11faefdbdab7?s=96&d=mm&r=g","caption":"Milena Armando"},"description":"Jornalista, redatora e revisora.","url":"https:\/\/crusoe.audiencelabs.com.br\/author\/milena\/"}]}},"_links":{"self":[{"href":"https:\/\/crusoe.audiencelabs.com.br\/wp-json\/wp\/v2\/posts\/3082","targetHints":{"allow":["GET"]}}],"collection":[{"href":"https:\/\/crusoe.audiencelabs.com.br\/wp-json\/wp\/v2\/posts"}],"about":[{"href":"https:\/\/crusoe.audiencelabs.com.br\/wp-json\/wp\/v2\/types\/post"}],"author":[{"embeddable":true,"href":"https:\/\/crusoe.audiencelabs.com.br\/wp-json\/wp\/v2\/users\/5"}],"replies":[{"embeddable":true,"href":"https:\/\/crusoe.audiencelabs.com.br\/wp-json\/wp\/v2\/comments?post=3082"}],"version-history":[{"count":1,"href":"https:\/\/crusoe.audiencelabs.com.br\/wp-json\/wp\/v2\/posts\/3082\/revisions"}],"predecessor-version":[{"id":3084,"href":"https:\/\/crusoe.audiencelabs.com.br\/wp-json\/wp\/v2\/posts\/3082\/revisions\/3084"}],"wp:featuredmedia":[{"embeddable":true,"href":"https:\/\/crusoe.audiencelabs.com.br\/wp-json\/wp\/v2\/media\/3083"}],"wp:attachment":[{"href":"https:\/\/crusoe.audiencelabs.com.br\/wp-json\/wp\/v2\/media?parent=3082"}],"wp:term":[{"taxonomy":"category","embeddable":true,"href":"https:\/\/crusoe.audiencelabs.com.br\/wp-json\/wp\/v2\/categories?post=3082"},{"taxonomy":"post_tag","embeddable":true,"href":"https:\/\/crusoe.audiencelabs.com.br\/wp-json\/wp\/v2\/tags?post=3082"}],"curies":[{"name":"wp","href":"https:\/\/api.w.org\/{rel}","templated":true}]}}