{"id":30683,"date":"2026-02-05T17:31:00","date_gmt":"2026-02-05T20:31:00","guid":{"rendered":"https:\/\/crusoe.audiencelabs.com.br\/?p=30683"},"modified":"2026-02-05T15:31:12","modified_gmt":"2026-02-05T18:31:12","slug":"apos-mudanca-nos-impostos-quem-sonha-com-carro-eletrico-no-brasil-vai-ter-que-pagar-mais-caro","status":"publish","type":"post","link":"https:\/\/crusoe.audiencelabs.com.br\/apos-mudanca-nos-impostos-quem-sonha-com-carro-eletrico-no-brasil-vai-ter-que-pagar-mais-caro\/","title":{"rendered":"Ap\u00f3s mudan\u00e7a nos impostos, quem sonha com carro el\u00e9trico no Brasil vai ter que pagar mais caro"},"content":{"rendered":"\n<p>A ind\u00fastria automotiva brasileira deve passar por mudan\u00e7as relevantes a partir de julho, quando o governo federal <strong>encerra a isen\u00e7\u00e3o fiscal aplicada a kits de carro el\u00e9trico e h\u00edbrido montados no pa\u00eds<\/strong>.<\/p>\n\n\n\n<p>Com a medida, a al\u00edquota de importa\u00e7\u00e3o desses componentes, antes reduzida, ser\u00e1 elevada gradualmente at\u00e9 atingir <strong>35%<\/strong>. Na pr\u00e1tica, a decis\u00e3o tende a encarecer a montagem local de ve\u00edculos eletrificados e <strong>pode refletir diretamente no pre\u00e7o final ao consumidor.<\/strong><\/p>\n\n\n\n<h2 class=\"wp-block-heading\">Carro el\u00e9trico: Press\u00e3o sobre as montadoras<\/h2>\n\n\n\n<p>At\u00e9 ent\u00e3o, muitas fabricantes operavam no Brasil por meio dos regimes <strong>CKD (Completely Knocked Down)<\/strong> e <strong>SKD (Semi Knocked Down)<\/strong>, que permitiam importar ve\u00edculos desmontados ou parcialmente montados com carga tribut\u00e1ria menor. <\/p>\n\n\n\n<p>A partir das novas regras, esses kits passam a ter tributa\u00e7\u00e3o semelhante \u00e0 de ve\u00edculos importados prontos, com equipara\u00e7\u00e3o total prevista at\u00e9 2027.<\/p>\n\n\n\n<p>Esse cen\u00e1rio pressiona montadoras como <strong>GWM, Geely e BYD<\/strong> a acelerar a nacionaliza\u00e7\u00e3o de componentes e ampliar a produ\u00e7\u00e3o local para manter a competitividade.<\/p>\n\n\n\n<h2 class=\"wp-block-heading\">Incentivo \u00e0 ind\u00fastria nacional<\/h2>\n\n\n\n<p>A eleva\u00e7\u00e3o das tarifas atende, em parte, a uma demanda da ind\u00fastria automotiva instalada no pa\u00eds, que defende condi\u00e7\u00f5es mais equilibradas de concorr\u00eancia com marcas que operam majoritariamente por importa\u00e7\u00e3o de kits.<\/p>\n\n\n\n<p>Segundo o Minist\u00e9rio do Desenvolvimento, Ind\u00fastria, Com\u00e9rcio e Servi\u00e7os (MDIC), a medida faz parte de uma estrat\u00e9gia mais ampla de <strong>neoindustrializa\u00e7\u00e3o<\/strong>, com foco na <strong>descarboniza\u00e7\u00e3o da frota<\/strong> e no <strong>fortalecimento da cadeia produtiva nacional,<\/strong> preservando empregos e estimulando investimentos locais.<\/p>\n\n\n\n<h2 class=\"wp-block-heading\">Efeito direto no bolso do consumidor do carro el\u00e9trico<\/h2>\n\n\n\n<p>Para o consumidor, o principal efeito pode ser o <strong>aumento nos pre\u00e7os dos carros el\u00e9tricos e h\u00edbridos<\/strong>. As montadoras ter\u00e3o de decidir entre absorver parte da nova carga tribut\u00e1ria, reduzindo suas margens, ou repassar o custo aos compradores.<\/p>\n\n\n\n<p>Esse cen\u00e1rio pode dificultar o acesso a ve\u00edculos eletrificados, justamente em um momento em que o mercado brasileiro come\u00e7ava a ampliar a oferta e a competitividade nesse segmento.<\/p>\n\n\n\n<h2 class=\"wp-block-heading\">Adapta\u00e7\u00e3o do mercado<\/h2>\n\n\n\n<p>Algumas fabricantes j\u00e1 se anteciparam \u00e0s mudan\u00e7as. A GWM inaugurou sua f\u00e1brica em Iracem\u00e1polis (SP), enquanto a BYD iniciou a montagem de ve\u00edculos em Cama\u00e7ari (BA), movimentos que indicam uma estrat\u00e9gia clara de fortalecimento da presen\u00e7a industrial no pa\u00eds.<\/p>\n\n\n\n<p>Essas iniciativas demonstram que o setor est\u00e1 se reorganizando para atender \u00e0s novas exig\u00eancias fiscais e reduzir a depend\u00eancia de componentes importados.<\/p>\n\n\n\n<h2 class=\"wp-block-heading\">O que esperar para os pr\u00f3ximos anos<\/h2>\n\n\n\n<p>A eleva\u00e7\u00e3o das tarifas representa uma tentativa de impulsionar a produ\u00e7\u00e3o nacional de ve\u00edculos eletrificados, mas traz desafios imediatos para as montadoras e para os consumidores.<\/p>\n\n\n\n<p>A forma como as empresas ir\u00e3o se adaptar a esse novo regime tribut\u00e1rio ser\u00e1 decisiva para o ritmo de crescimento do mercado de carros el\u00e9tricos no Brasil, especialmente com a previs\u00e3o de al\u00edquotas totalmente equiparadas a partir de janeiro de 2027.<\/p>\n","protected":false},"excerpt":{"rendered":"<p>A ind\u00fastria automotiva brasileira deve passar por mudan\u00e7as relevantes a partir de julho, quando o governo federal encerra a isen\u00e7\u00e3o fiscal aplicada a kits de carro el\u00e9trico e h\u00edbrido montados no pa\u00eds. Com a medida, a al\u00edquota de importa\u00e7\u00e3o desses componentes, antes reduzida, ser\u00e1 elevada gradualmente at\u00e9 atingir 35%. Na pr\u00e1tica, a decis\u00e3o tende a [&hellip;]<\/p>\n","protected":false},"author":5,"featured_media":30684,"comment_status":"open","ping_status":"open","sticky":false,"template":"","format":"standard","meta":{"jnews-multi-image_gallery":[],"jnews_single_post":{"format":"standard"},"jnews_primary_category":[],"jnews_override_counter":[],"jnews_post_split":[],"footnotes":""},"categories":[1],"tags":[478,2834,732],"class_list":["post-30683","post","type-post","status-publish","format-standard","has-post-thumbnail","hentry","category-geral","tag-carros","tag-impostos","tag-isencao"],"yoast_head":"<!-- This site is optimized with the Yoast SEO plugin v25.0 - https:\/\/yoast.com\/wordpress\/plugins\/seo\/ -->\n<title>Ap\u00f3s mudan\u00e7a nos impostos, quem sonha com carro el\u00e9trico no Brasil vai ter que pagar mais caro<\/title>\n<meta name=\"description\" content=\"A ind\u00fastria automotiva brasileira deve passar por mudan\u00e7as relevantes a partir de julho kits de carro el\u00e9trico e h\u00edbrido montados no pa\u00eds.\" \/>\n<meta name=\"robots\" content=\"index, follow, max-snippet:-1, max-image-preview:large, max-video-preview:-1\" \/>\n<link rel=\"canonical\" href=\"https:\/\/crusoe.audiencelabs.com.br\/apos-mudanca-nos-impostos-quem-sonha-com-carro-eletrico-no-brasil-vai-ter-que-pagar-mais-caro\/\" \/>\n<meta property=\"og:locale\" content=\"pt_BR\" \/>\n<meta property=\"og:type\" content=\"article\" \/>\n<meta property=\"og:title\" content=\"Ap\u00f3s mudan\u00e7a nos impostos, quem sonha com carro el\u00e9trico no Brasil vai ter que pagar mais caro\" \/>\n<meta property=\"og:description\" content=\"A ind\u00fastria automotiva brasileira deve passar por mudan\u00e7as relevantes a partir de julho kits de carro el\u00e9trico e h\u00edbrido montados no pa\u00eds.\" \/>\n<meta property=\"og:url\" content=\"https:\/\/crusoe.audiencelabs.com.br\/apos-mudanca-nos-impostos-quem-sonha-com-carro-eletrico-no-brasil-vai-ter-que-pagar-mais-caro\/\" \/>\n<meta property=\"og:site_name\" content=\"Variedades - Cruso\u00e9\" \/>\n<meta property=\"article:published_time\" content=\"2026-02-05T20:31:00+00:00\" \/>\n<meta property=\"og:image\" content=\"https:\/\/cdn.crusoe.com.br\/uploads\/2026\/02\/pexels-aayushsri-1445653-scaled.jpg\" \/>\n\t<meta property=\"og:image:width\" content=\"2560\" \/>\n\t<meta property=\"og:image:height\" content=\"1707\" \/>\n\t<meta property=\"og:image:type\" content=\"image\/jpeg\" \/>\n<meta name=\"author\" content=\"Milena Armando\" \/>\n<meta name=\"twitter:card\" content=\"summary_large_image\" \/>\n<meta name=\"twitter:label1\" content=\"Escrito por\" \/>\n\t<meta name=\"twitter:data1\" content=\"Milena Armando\" \/>\n\t<meta name=\"twitter:label2\" content=\"Est. tempo de leitura\" \/>\n\t<meta name=\"twitter:data2\" content=\"3 minutos\" \/>\n<script type=\"application\/ld+json\" class=\"yoast-schema-graph\">{\"@context\":\"https:\/\/schema.org\",\"@graph\":[{\"@type\":\"WebPage\",\"@id\":\"https:\/\/crusoe.audiencelabs.com.br\/apos-mudanca-nos-impostos-quem-sonha-com-carro-eletrico-no-brasil-vai-ter-que-pagar-mais-caro\/\",\"url\":\"https:\/\/crusoe.audiencelabs.com.br\/apos-mudanca-nos-impostos-quem-sonha-com-carro-eletrico-no-brasil-vai-ter-que-pagar-mais-caro\/\",\"name\":\"Ap\u00f3s mudan\u00e7a nos impostos, quem sonha com carro el\u00e9trico no Brasil vai ter que pagar mais caro\",\"isPartOf\":{\"@id\":\"https:\/\/crusoe.audiencelabs.com.br\/#website\"},\"primaryImageOfPage\":{\"@id\":\"https:\/\/crusoe.audiencelabs.com.br\/apos-mudanca-nos-impostos-quem-sonha-com-carro-eletrico-no-brasil-vai-ter-que-pagar-mais-caro\/#primaryimage\"},\"image\":{\"@id\":\"https:\/\/crusoe.audiencelabs.com.br\/apos-mudanca-nos-impostos-quem-sonha-com-carro-eletrico-no-brasil-vai-ter-que-pagar-mais-caro\/#primaryimage\"},\"thumbnailUrl\":\"https:\/\/cdn.crusoe.com.br\/uploads\/2026\/02\/pexels-aayushsri-1445653-scaled.jpg\",\"datePublished\":\"2026-02-05T20:31:00+00:00\",\"author\":{\"@id\":\"https:\/\/crusoe.audiencelabs.com.br\/#\/schema\/person\/f87f73cfe89e5360de2c006bd4bd6a74\"},\"description\":\"A ind\u00fastria automotiva brasileira deve passar por mudan\u00e7as relevantes a partir de julho kits de carro el\u00e9trico e h\u00edbrido montados no pa\u00eds.\",\"breadcrumb\":{\"@id\":\"https:\/\/crusoe.audiencelabs.com.br\/apos-mudanca-nos-impostos-quem-sonha-com-carro-eletrico-no-brasil-vai-ter-que-pagar-mais-caro\/#breadcrumb\"},\"inLanguage\":\"pt-BR\",\"potentialAction\":[{\"@type\":\"ReadAction\",\"target\":[\"https:\/\/crusoe.audiencelabs.com.br\/apos-mudanca-nos-impostos-quem-sonha-com-carro-eletrico-no-brasil-vai-ter-que-pagar-mais-caro\/\"]}]},{\"@type\":\"ImageObject\",\"inLanguage\":\"pt-BR\",\"@id\":\"https:\/\/crusoe.audiencelabs.com.br\/apos-mudanca-nos-impostos-quem-sonha-com-carro-eletrico-no-brasil-vai-ter-que-pagar-mais-caro\/#primaryimage\",\"url\":\"https:\/\/cdn.crusoe.com.br\/uploads\/2026\/02\/pexels-aayushsri-1445653-scaled.jpg\",\"contentUrl\":\"https:\/\/cdn.crusoe.com.br\/uploads\/2026\/02\/pexels-aayushsri-1445653-scaled.jpg\",\"width\":2560,\"height\":1707,\"caption\":\"Reprodu\u00e7\u00e3o: Pexels - Aayush Srivastava\"},{\"@type\":\"BreadcrumbList\",\"@id\":\"https:\/\/crusoe.audiencelabs.com.br\/apos-mudanca-nos-impostos-quem-sonha-com-carro-eletrico-no-brasil-vai-ter-que-pagar-mais-caro\/#breadcrumb\",\"itemListElement\":[{\"@type\":\"ListItem\",\"position\":1,\"name\":\"Home\",\"item\":\"https:\/\/crusoe.audiencelabs.com.br\/\"},{\"@type\":\"ListItem\",\"position\":2,\"name\":\"Ap\u00f3s mudan\u00e7a nos impostos, quem sonha com carro el\u00e9trico no Brasil vai ter que pagar mais caro\"}]},{\"@type\":\"WebSite\",\"@id\":\"https:\/\/crusoe.audiencelabs.com.br\/#website\",\"url\":\"https:\/\/crusoe.audiencelabs.com.br\/\",\"name\":\"Variedades - Cruso\u00e9\",\"description\":\"\",\"potentialAction\":[{\"@type\":\"SearchAction\",\"target\":{\"@type\":\"EntryPoint\",\"urlTemplate\":\"https:\/\/crusoe.audiencelabs.com.br\/?s={search_term_string}\"},\"query-input\":{\"@type\":\"PropertyValueSpecification\",\"valueRequired\":true,\"valueName\":\"search_term_string\"}}],\"inLanguage\":\"pt-BR\"},{\"@type\":\"Person\",\"@id\":\"https:\/\/crusoe.audiencelabs.com.br\/#\/schema\/person\/f87f73cfe89e5360de2c006bd4bd6a74\",\"name\":\"Milena Armando\",\"image\":{\"@type\":\"ImageObject\",\"inLanguage\":\"pt-BR\",\"@id\":\"https:\/\/crusoe.audiencelabs.com.br\/#\/schema\/person\/image\/\",\"url\":\"https:\/\/secure.gravatar.com\/avatar\/ea14ecddc9e9d202b698b18f9f69e09c9fd74cfbed5c6008d55f11faefdbdab7?s=96&d=mm&r=g\",\"contentUrl\":\"https:\/\/secure.gravatar.com\/avatar\/ea14ecddc9e9d202b698b18f9f69e09c9fd74cfbed5c6008d55f11faefdbdab7?s=96&d=mm&r=g\",\"caption\":\"Milena Armando\"},\"description\":\"Jornalista, redatora e revisora.\",\"url\":\"https:\/\/crusoe.audiencelabs.com.br\/author\/milena\/\"}]}<\/script>\n<!-- \/ Yoast SEO plugin. -->","yoast_head_json":{"title":"Ap\u00f3s mudan\u00e7a nos impostos, quem sonha com carro el\u00e9trico no Brasil vai ter que pagar mais caro","description":"A ind\u00fastria automotiva brasileira deve passar por mudan\u00e7as relevantes a partir de julho kits de carro el\u00e9trico e h\u00edbrido montados no pa\u00eds.","robots":{"index":"index","follow":"follow","max-snippet":"max-snippet:-1","max-image-preview":"max-image-preview:large","max-video-preview":"max-video-preview:-1"},"canonical":"https:\/\/crusoe.audiencelabs.com.br\/apos-mudanca-nos-impostos-quem-sonha-com-carro-eletrico-no-brasil-vai-ter-que-pagar-mais-caro\/","og_locale":"pt_BR","og_type":"article","og_title":"Ap\u00f3s mudan\u00e7a nos impostos, quem sonha com carro el\u00e9trico no Brasil vai ter que pagar mais caro","og_description":"A ind\u00fastria automotiva brasileira deve passar por mudan\u00e7as relevantes a partir de julho kits de carro el\u00e9trico e h\u00edbrido montados no pa\u00eds.","og_url":"https:\/\/crusoe.audiencelabs.com.br\/apos-mudanca-nos-impostos-quem-sonha-com-carro-eletrico-no-brasil-vai-ter-que-pagar-mais-caro\/","og_site_name":"Variedades - Cruso\u00e9","article_published_time":"2026-02-05T20:31:00+00:00","og_image":[{"width":2560,"height":1707,"url":"https:\/\/cdn.crusoe.com.br\/uploads\/2026\/02\/pexels-aayushsri-1445653-scaled.jpg","type":"image\/jpeg"}],"author":"Milena Armando","twitter_card":"summary_large_image","twitter_misc":{"Escrito por":"Milena Armando","Est. tempo de leitura":"3 minutos"},"schema":{"@context":"https:\/\/schema.org","@graph":[{"@type":"WebPage","@id":"https:\/\/crusoe.audiencelabs.com.br\/apos-mudanca-nos-impostos-quem-sonha-com-carro-eletrico-no-brasil-vai-ter-que-pagar-mais-caro\/","url":"https:\/\/crusoe.audiencelabs.com.br\/apos-mudanca-nos-impostos-quem-sonha-com-carro-eletrico-no-brasil-vai-ter-que-pagar-mais-caro\/","name":"Ap\u00f3s mudan\u00e7a nos impostos, quem sonha com carro el\u00e9trico no Brasil vai ter que pagar mais caro","isPartOf":{"@id":"https:\/\/crusoe.audiencelabs.com.br\/#website"},"primaryImageOfPage":{"@id":"https:\/\/crusoe.audiencelabs.com.br\/apos-mudanca-nos-impostos-quem-sonha-com-carro-eletrico-no-brasil-vai-ter-que-pagar-mais-caro\/#primaryimage"},"image":{"@id":"https:\/\/crusoe.audiencelabs.com.br\/apos-mudanca-nos-impostos-quem-sonha-com-carro-eletrico-no-brasil-vai-ter-que-pagar-mais-caro\/#primaryimage"},"thumbnailUrl":"https:\/\/cdn.crusoe.com.br\/uploads\/2026\/02\/pexels-aayushsri-1445653-scaled.jpg","datePublished":"2026-02-05T20:31:00+00:00","author":{"@id":"https:\/\/crusoe.audiencelabs.com.br\/#\/schema\/person\/f87f73cfe89e5360de2c006bd4bd6a74"},"description":"A ind\u00fastria automotiva brasileira deve passar por mudan\u00e7as relevantes a partir de julho kits de carro el\u00e9trico e h\u00edbrido montados no pa\u00eds.","breadcrumb":{"@id":"https:\/\/crusoe.audiencelabs.com.br\/apos-mudanca-nos-impostos-quem-sonha-com-carro-eletrico-no-brasil-vai-ter-que-pagar-mais-caro\/#breadcrumb"},"inLanguage":"pt-BR","potentialAction":[{"@type":"ReadAction","target":["https:\/\/crusoe.audiencelabs.com.br\/apos-mudanca-nos-impostos-quem-sonha-com-carro-eletrico-no-brasil-vai-ter-que-pagar-mais-caro\/"]}]},{"@type":"ImageObject","inLanguage":"pt-BR","@id":"https:\/\/crusoe.audiencelabs.com.br\/apos-mudanca-nos-impostos-quem-sonha-com-carro-eletrico-no-brasil-vai-ter-que-pagar-mais-caro\/#primaryimage","url":"https:\/\/cdn.crusoe.com.br\/uploads\/2026\/02\/pexels-aayushsri-1445653-scaled.jpg","contentUrl":"https:\/\/cdn.crusoe.com.br\/uploads\/2026\/02\/pexels-aayushsri-1445653-scaled.jpg","width":2560,"height":1707,"caption":"Reprodu\u00e7\u00e3o: Pexels - Aayush Srivastava"},{"@type":"BreadcrumbList","@id":"https:\/\/crusoe.audiencelabs.com.br\/apos-mudanca-nos-impostos-quem-sonha-com-carro-eletrico-no-brasil-vai-ter-que-pagar-mais-caro\/#breadcrumb","itemListElement":[{"@type":"ListItem","position":1,"name":"Home","item":"https:\/\/crusoe.audiencelabs.com.br\/"},{"@type":"ListItem","position":2,"name":"Ap\u00f3s mudan\u00e7a nos impostos, quem sonha com carro el\u00e9trico no Brasil vai ter que pagar mais caro"}]},{"@type":"WebSite","@id":"https:\/\/crusoe.audiencelabs.com.br\/#website","url":"https:\/\/crusoe.audiencelabs.com.br\/","name":"Variedades - Cruso\u00e9","description":"","potentialAction":[{"@type":"SearchAction","target":{"@type":"EntryPoint","urlTemplate":"https:\/\/crusoe.audiencelabs.com.br\/?s={search_term_string}"},"query-input":{"@type":"PropertyValueSpecification","valueRequired":true,"valueName":"search_term_string"}}],"inLanguage":"pt-BR"},{"@type":"Person","@id":"https:\/\/crusoe.audiencelabs.com.br\/#\/schema\/person\/f87f73cfe89e5360de2c006bd4bd6a74","name":"Milena Armando","image":{"@type":"ImageObject","inLanguage":"pt-BR","@id":"https:\/\/crusoe.audiencelabs.com.br\/#\/schema\/person\/image\/","url":"https:\/\/secure.gravatar.com\/avatar\/ea14ecddc9e9d202b698b18f9f69e09c9fd74cfbed5c6008d55f11faefdbdab7?s=96&d=mm&r=g","contentUrl":"https:\/\/secure.gravatar.com\/avatar\/ea14ecddc9e9d202b698b18f9f69e09c9fd74cfbed5c6008d55f11faefdbdab7?s=96&d=mm&r=g","caption":"Milena Armando"},"description":"Jornalista, redatora e revisora.","url":"https:\/\/crusoe.audiencelabs.com.br\/author\/milena\/"}]}},"_links":{"self":[{"href":"https:\/\/crusoe.audiencelabs.com.br\/wp-json\/wp\/v2\/posts\/30683","targetHints":{"allow":["GET"]}}],"collection":[{"href":"https:\/\/crusoe.audiencelabs.com.br\/wp-json\/wp\/v2\/posts"}],"about":[{"href":"https:\/\/crusoe.audiencelabs.com.br\/wp-json\/wp\/v2\/types\/post"}],"author":[{"embeddable":true,"href":"https:\/\/crusoe.audiencelabs.com.br\/wp-json\/wp\/v2\/users\/5"}],"replies":[{"embeddable":true,"href":"https:\/\/crusoe.audiencelabs.com.br\/wp-json\/wp\/v2\/comments?post=30683"}],"version-history":[{"count":2,"href":"https:\/\/crusoe.audiencelabs.com.br\/wp-json\/wp\/v2\/posts\/30683\/revisions"}],"predecessor-version":[{"id":30757,"href":"https:\/\/crusoe.audiencelabs.com.br\/wp-json\/wp\/v2\/posts\/30683\/revisions\/30757"}],"wp:featuredmedia":[{"embeddable":true,"href":"https:\/\/crusoe.audiencelabs.com.br\/wp-json\/wp\/v2\/media\/30684"}],"wp:attachment":[{"href":"https:\/\/crusoe.audiencelabs.com.br\/wp-json\/wp\/v2\/media?parent=30683"}],"wp:term":[{"taxonomy":"category","embeddable":true,"href":"https:\/\/crusoe.audiencelabs.com.br\/wp-json\/wp\/v2\/categories?post=30683"},{"taxonomy":"post_tag","embeddable":true,"href":"https:\/\/crusoe.audiencelabs.com.br\/wp-json\/wp\/v2\/tags?post=30683"}],"curies":[{"name":"wp","href":"https:\/\/api.w.org\/{rel}","templated":true}]}}