{"id":3049,"date":"2025-06-26T17:02:12","date_gmt":"2025-06-26T20:02:12","guid":{"rendered":"https:\/\/crusoe.com.br\/variedades\/?p=3049"},"modified":"2025-06-26T17:02:14","modified_gmt":"2025-06-26T20:02:14","slug":"valor-do-pedagio-vai-disparar-e-comeca-a-valer-ja-em-julho","status":"publish","type":"post","link":"https:\/\/crusoe.audiencelabs.com.br\/valor-do-pedagio-vai-disparar-e-comeca-a-valer-ja-em-julho\/","title":{"rendered":"Valor do ped\u00e1gio vai disparar e come\u00e7a a valer j\u00e1 em julho"},"content":{"rendered":"\n<p>Motoristas que trafegam pelas rodovias <strong>Carvalho Pinto, Dom Pedro I e a dos Tamoios<\/strong>, que cruzam o Vale do Para\u00edba, passar\u00e3o a pagar tarifas mais altas de ped\u00e1gio muito em breve.<\/p>\n\n\n\n<p>Isso porque a partir do<strong> dia 1\u00ba de julho<\/strong>, haver\u00e1 reajuste nos valores, com base no \u00cdndice Nacional de Pre\u00e7os ao Consumidor Amplo (IPCA).<\/p>\n\n\n\n<p>Nesta ter\u00e7a-feira (24), a Ag\u00eancia Reguladora de Servi\u00e7os P\u00fablicos Delegados de Transporte do Estado de S\u00e3o Paulo (Artesp) publicou a autoriza\u00e7\u00e3o para o reajuste no Di\u00e1rio Oficial do Estado, e refor\u00e7ou que o aumento est\u00e1 previsto nos contratos de concess\u00e3o das operadoras das rodovias.<\/p>\n\n\n\n<p>O percentual m\u00e1ximo autorizado para o reajuste foi de 5,8%, equivalente ao \u00edndice de infla\u00e7\u00e3o acumulado nos \u00faltimos 12 meses, conforme medido pelo IPCA.<\/p>\n\n\n\n<h2 class=\"wp-block-heading\">Confira as novas tarifas de ped\u00e1gio das rodovias<\/h2>\n\n\n\n<p><strong>Pra\u00e7a de ped\u00e1gio de S\u00e3o Jos\u00e9 dos Campos (Rodovia Carvalho Pinto &#8211; SP-070)<\/strong><\/p>\n\n\n\n<ul class=\"wp-block-list\">\n<li><strong>Carros de passeio e comercial por eixo:<\/strong>\u00a0de R$ 5,10 para R$ 5,40<\/li>\n\n\n\n<li><strong>Motos:<\/strong>\u00a0de R$ 2,55 para R$ 2,70<\/li>\n<\/ul>\n\n\n\n<p><strong>Pra\u00e7a de ped\u00e1gio de Ca\u00e7apava (Rodovia Carvalho Pinto &#8211; SP-070)<\/strong><\/p>\n\n\n\n<ul class=\"wp-block-list\">\n<li><strong>Carros de passeio e comercial por eixo:<\/strong>\u00a0de R$ 5,20 para R$ 5,50<\/li>\n\n\n\n<li><strong>Motos:<\/strong>\u00a0de R$ 2,60 para R$ 2,75<\/li>\n<\/ul>\n\n\n\n<p><strong>Pra\u00e7a de ped\u00e1gio de Atibaia (Rodovia Dom Pedro I &#8211; SP-065)<\/strong><\/p>\n\n\n\n<ul class=\"wp-block-list\">\n<li><strong>Carros de passeio e comercial por eixo:<\/strong>\u00a0de R$ 10,10 para R$ 10,60<\/li>\n\n\n\n<li><strong>Motos:<\/strong>\u00a0de R$ 5,05 para R$ 5,30<\/li>\n<\/ul>\n\n\n\n<p><strong>Pra\u00e7a de ped\u00e1gio de Igarat\u00e1 (Rodovia Dom Pedro I &#8211; SP-065)<\/strong><\/p>\n\n\n\n<ul class=\"wp-block-list\">\n<li><strong>Carros de passeio e comercial por eixo:<\/strong>\u00a0de R$ 12,70 para R$ 13,30<\/li>\n\n\n\n<li><strong>Motos:<\/strong>\u00a0de R$ 6,35 para R$ 6,65<\/li>\n<\/ul>\n\n\n\n<p><strong>Pra\u00e7a de ped\u00e1gio de Jambeiro (Rodovia dos Tamoios &#8211; SP-099)<\/strong><\/p>\n\n\n\n<ul class=\"wp-block-list\">\n<li><strong>Carros de passeio e comercial por eixo:<\/strong>\u00a0de R$ 5,50 para R$ 5,80<\/li>\n\n\n\n<li><strong>Motos:<\/strong>\u00a0de R$ 2,75 para R$ 2,90<\/li>\n<\/ul>\n\n\n\n<p><strong>Pra\u00e7a de ped\u00e1gio de Paraibuna (Rodovia dos Tamoios &#8211; SP-099)<\/strong><\/p>\n\n\n\n<ul class=\"wp-block-list\">\n<li><strong>Carros de passeio e comercial por eixo:<\/strong>\u00a0de R$ 11,70 para R$ 12,30<\/li>\n\n\n\n<li><strong>Motos:<\/strong>\u00a0de R$ 5,85 para R$ 6,15<\/li>\n<\/ul>\n\n\n\n<p><strong>Pra\u00e7a de ped\u00e1gio de Caraguatatuba (Rodovia dos Tamoios &#8211; SP-099)<\/strong><\/p>\n\n\n\n<ul class=\"wp-block-list\">\n<li><strong>Carros de passeio e comercial por eixo:<\/strong>\u00a0de R$ 5,20 para R$ 5,50<\/li>\n\n\n\n<li><strong>Motos:<\/strong>\u00a0de R$ 2,60 para R$ 2,75<\/li>\n<\/ul>\n\n\n\n<h2 class=\"wp-block-heading\">Reajustes sucessivos do ped\u00e1gio desagrada motoristas<\/h2>\n\n\n\n<p>Por mais que os aumentos sejam legais e estejam atrelados \u00e0 infla\u00e7\u00e3o, o novo reajuste atraiu rea\u00e7\u00f5es negativas dos motoristas, que se manifestaram atrav\u00e9s das redes sociais.<\/p>\n\n\n\n<p>Al\u00e9m da frequ\u00eancia dos aumentos, muitos usu\u00e1rios tamb\u00e9m reclamaram da qualidade dos servi\u00e7os prestados, alegando a aus\u00eancia de melhorias, mesmo com o aumento dos valores.<\/p>\n\n\n\n<p>Vale lembrar que o reajuste mais recente nas tr\u00eas rodovias ocorreu em junho do ano passado, baseando-se tamb\u00e9m no IPCA, conforme previsto em contrato.<\/p>\n","protected":false},"excerpt":{"rendered":"<p>Motoristas que trafegam pelas rodovias Carvalho Pinto, Dom Pedro I e a dos Tamoios, que cruzam o Vale do Para\u00edba, passar\u00e3o a pagar tarifas mais altas de ped\u00e1gio muito em breve. Isso porque a partir do dia 1\u00ba de julho, haver\u00e1 reajuste nos valores, com base no \u00cdndice Nacional de Pre\u00e7os ao Consumidor Amplo (IPCA). [&hellip;]<\/p>\n","protected":false},"author":7,"featured_media":3050,"comment_status":"open","ping_status":"open","sticky":false,"template":"","format":"standard","meta":{"jnews-multi-image_gallery":[],"jnews_single_post":{"format":"standard"},"jnews_primary_category":[],"jnews_override_counter":[],"jnews_post_split":[],"footnotes":""},"categories":[1],"tags":[],"class_list":["post-3049","post","type-post","status-publish","format-standard","has-post-thumbnail","hentry","category-geral"],"yoast_head":"<!-- This site is optimized with the Yoast SEO plugin v25.0 - https:\/\/yoast.com\/wordpress\/plugins\/seo\/ -->\n<title>Valor do ped\u00e1gio vai disparar e come\u00e7a a valer j\u00e1 em julho<\/title>\n<meta name=\"robots\" content=\"index, follow, max-snippet:-1, max-image-preview:large, max-video-preview:-1\" \/>\n<link rel=\"canonical\" href=\"https:\/\/crusoe.audiencelabs.com.br\/valor-do-pedagio-vai-disparar-e-comeca-a-valer-ja-em-julho\/\" \/>\n<meta property=\"og:locale\" content=\"pt_BR\" \/>\n<meta property=\"og:type\" content=\"article\" \/>\n<meta property=\"og:title\" content=\"Valor do ped\u00e1gio vai disparar e come\u00e7a a valer j\u00e1 em julho\" \/>\n<meta property=\"og:description\" content=\"Motoristas que trafegam pelas rodovias Carvalho Pinto, Dom Pedro I e a dos Tamoios, que cruzam o Vale do Para\u00edba, passar\u00e3o a pagar tarifas mais altas de ped\u00e1gio muito em breve. Isso porque a partir do dia 1\u00ba de julho, haver\u00e1 reajuste nos valores, com base no \u00cdndice Nacional de Pre\u00e7os ao Consumidor Amplo (IPCA). [&hellip;]\" \/>\n<meta property=\"og:url\" content=\"https:\/\/crusoe.audiencelabs.com.br\/valor-do-pedagio-vai-disparar-e-comeca-a-valer-ja-em-julho\/\" \/>\n<meta property=\"og:site_name\" content=\"Variedades - Cruso\u00e9\" \/>\n<meta property=\"article:published_time\" content=\"2025-06-26T20:02:12+00:00\" \/>\n<meta property=\"article:modified_time\" content=\"2025-06-26T20:02:14+00:00\" \/>\n<meta property=\"og:image\" content=\"https:\/\/cdn.crusoe.com.br\/uploads\/2025\/06\/valor-pedagio-disparar-julho.jpg\" \/>\n\t<meta property=\"og:image:width\" content=\"1600\" \/>\n\t<meta property=\"og:image:height\" content=\"900\" \/>\n\t<meta property=\"og:image:type\" content=\"image\/jpeg\" \/>\n<meta name=\"author\" content=\"Jo\u00e3o Carlos Gomes\" \/>\n<meta name=\"twitter:card\" content=\"summary_large_image\" \/>\n<meta name=\"twitter:label1\" content=\"Escrito por\" \/>\n\t<meta name=\"twitter:data1\" content=\"Jo\u00e3o Carlos Gomes\" \/>\n\t<meta name=\"twitter:label2\" content=\"Est. tempo de leitura\" \/>\n\t<meta name=\"twitter:data2\" content=\"3 minutos\" \/>\n<script type=\"application\/ld+json\" class=\"yoast-schema-graph\">{\"@context\":\"https:\/\/schema.org\",\"@graph\":[{\"@type\":\"WebPage\",\"@id\":\"https:\/\/crusoe.audiencelabs.com.br\/valor-do-pedagio-vai-disparar-e-comeca-a-valer-ja-em-julho\/\",\"url\":\"https:\/\/crusoe.audiencelabs.com.br\/valor-do-pedagio-vai-disparar-e-comeca-a-valer-ja-em-julho\/\",\"name\":\"Valor do ped\u00e1gio vai disparar e come\u00e7a a valer j\u00e1 em julho\",\"isPartOf\":{\"@id\":\"https:\/\/crusoe.audiencelabs.com.br\/#website\"},\"primaryImageOfPage\":{\"@id\":\"https:\/\/crusoe.audiencelabs.com.br\/valor-do-pedagio-vai-disparar-e-comeca-a-valer-ja-em-julho\/#primaryimage\"},\"image\":{\"@id\":\"https:\/\/crusoe.audiencelabs.com.br\/valor-do-pedagio-vai-disparar-e-comeca-a-valer-ja-em-julho\/#primaryimage\"},\"thumbnailUrl\":\"https:\/\/cdn.crusoe.com.br\/uploads\/2025\/06\/valor-pedagio-disparar-julho.jpg\",\"datePublished\":\"2025-06-26T20:02:12+00:00\",\"dateModified\":\"2025-06-26T20:02:14+00:00\",\"author\":{\"@id\":\"https:\/\/crusoe.audiencelabs.com.br\/#\/schema\/person\/4a23399b23149df2eab6637fd2fd2bfc\"},\"breadcrumb\":{\"@id\":\"https:\/\/crusoe.audiencelabs.com.br\/valor-do-pedagio-vai-disparar-e-comeca-a-valer-ja-em-julho\/#breadcrumb\"},\"inLanguage\":\"pt-BR\",\"potentialAction\":[{\"@type\":\"ReadAction\",\"target\":[\"https:\/\/crusoe.audiencelabs.com.br\/valor-do-pedagio-vai-disparar-e-comeca-a-valer-ja-em-julho\/\"]}]},{\"@type\":\"ImageObject\",\"inLanguage\":\"pt-BR\",\"@id\":\"https:\/\/crusoe.audiencelabs.com.br\/valor-do-pedagio-vai-disparar-e-comeca-a-valer-ja-em-julho\/#primaryimage\",\"url\":\"https:\/\/cdn.crusoe.com.br\/uploads\/2025\/06\/valor-pedagio-disparar-julho.jpg\",\"contentUrl\":\"https:\/\/cdn.crusoe.com.br\/uploads\/2025\/06\/valor-pedagio-disparar-julho.jpg\",\"width\":1600,\"height\":900,\"caption\":\"Foto: Red John\/Unsplash\"},{\"@type\":\"BreadcrumbList\",\"@id\":\"https:\/\/crusoe.audiencelabs.com.br\/valor-do-pedagio-vai-disparar-e-comeca-a-valer-ja-em-julho\/#breadcrumb\",\"itemListElement\":[{\"@type\":\"ListItem\",\"position\":1,\"name\":\"Home\",\"item\":\"https:\/\/crusoe.audiencelabs.com.br\/\"},{\"@type\":\"ListItem\",\"position\":2,\"name\":\"Valor do ped\u00e1gio vai disparar e come\u00e7a a valer j\u00e1 em julho\"}]},{\"@type\":\"WebSite\",\"@id\":\"https:\/\/crusoe.audiencelabs.com.br\/#website\",\"url\":\"https:\/\/crusoe.audiencelabs.com.br\/\",\"name\":\"Variedades - Cruso\u00e9\",\"description\":\"\",\"potentialAction\":[{\"@type\":\"SearchAction\",\"target\":{\"@type\":\"EntryPoint\",\"urlTemplate\":\"https:\/\/crusoe.audiencelabs.com.br\/?s={search_term_string}\"},\"query-input\":{\"@type\":\"PropertyValueSpecification\",\"valueRequired\":true,\"valueName\":\"search_term_string\"}}],\"inLanguage\":\"pt-BR\"},{\"@type\":\"Person\",\"@id\":\"https:\/\/crusoe.audiencelabs.com.br\/#\/schema\/person\/4a23399b23149df2eab6637fd2fd2bfc\",\"name\":\"Jo\u00e3o Carlos Gomes\",\"image\":{\"@type\":\"ImageObject\",\"inLanguage\":\"pt-BR\",\"@id\":\"https:\/\/crusoe.audiencelabs.com.br\/#\/schema\/person\/image\/\",\"url\":\"https:\/\/secure.gravatar.com\/avatar\/4ce4672dbdd694b329cd6fdb51bee7d1409be1f0ff76a537e4c4a737b2c7d1a9?s=96&d=mm&r=g\",\"contentUrl\":\"https:\/\/secure.gravatar.com\/avatar\/4ce4672dbdd694b329cd6fdb51bee7d1409be1f0ff76a537e4c4a737b2c7d1a9?s=96&d=mm&r=g\",\"caption\":\"Jo\u00e3o Carlos Gomes\"},\"description\":\"Jornalista, criador de conte\u00fado e m\u00fasico independente nas horas vagas.\",\"url\":\"https:\/\/crusoe.audiencelabs.com.br\/author\/joaoc-junior66\/\"}]}<\/script>\n<!-- \/ Yoast SEO plugin. -->","yoast_head_json":{"title":"Valor do ped\u00e1gio vai disparar e come\u00e7a a valer j\u00e1 em julho","robots":{"index":"index","follow":"follow","max-snippet":"max-snippet:-1","max-image-preview":"max-image-preview:large","max-video-preview":"max-video-preview:-1"},"canonical":"https:\/\/crusoe.audiencelabs.com.br\/valor-do-pedagio-vai-disparar-e-comeca-a-valer-ja-em-julho\/","og_locale":"pt_BR","og_type":"article","og_title":"Valor do ped\u00e1gio vai disparar e come\u00e7a a valer j\u00e1 em julho","og_description":"Motoristas que trafegam pelas rodovias Carvalho Pinto, Dom Pedro I e a dos Tamoios, que cruzam o Vale do Para\u00edba, passar\u00e3o a pagar tarifas mais altas de ped\u00e1gio muito em breve. Isso porque a partir do dia 1\u00ba de julho, haver\u00e1 reajuste nos valores, com base no \u00cdndice Nacional de Pre\u00e7os ao Consumidor Amplo (IPCA). [&hellip;]","og_url":"https:\/\/crusoe.audiencelabs.com.br\/valor-do-pedagio-vai-disparar-e-comeca-a-valer-ja-em-julho\/","og_site_name":"Variedades - Cruso\u00e9","article_published_time":"2025-06-26T20:02:12+00:00","article_modified_time":"2025-06-26T20:02:14+00:00","og_image":[{"width":1600,"height":900,"url":"https:\/\/cdn.crusoe.com.br\/uploads\/2025\/06\/valor-pedagio-disparar-julho.jpg","type":"image\/jpeg"}],"author":"Jo\u00e3o Carlos Gomes","twitter_card":"summary_large_image","twitter_misc":{"Escrito por":"Jo\u00e3o Carlos Gomes","Est. tempo de leitura":"3 minutos"},"schema":{"@context":"https:\/\/schema.org","@graph":[{"@type":"WebPage","@id":"https:\/\/crusoe.audiencelabs.com.br\/valor-do-pedagio-vai-disparar-e-comeca-a-valer-ja-em-julho\/","url":"https:\/\/crusoe.audiencelabs.com.br\/valor-do-pedagio-vai-disparar-e-comeca-a-valer-ja-em-julho\/","name":"Valor do ped\u00e1gio vai disparar e come\u00e7a a valer j\u00e1 em julho","isPartOf":{"@id":"https:\/\/crusoe.audiencelabs.com.br\/#website"},"primaryImageOfPage":{"@id":"https:\/\/crusoe.audiencelabs.com.br\/valor-do-pedagio-vai-disparar-e-comeca-a-valer-ja-em-julho\/#primaryimage"},"image":{"@id":"https:\/\/crusoe.audiencelabs.com.br\/valor-do-pedagio-vai-disparar-e-comeca-a-valer-ja-em-julho\/#primaryimage"},"thumbnailUrl":"https:\/\/cdn.crusoe.com.br\/uploads\/2025\/06\/valor-pedagio-disparar-julho.jpg","datePublished":"2025-06-26T20:02:12+00:00","dateModified":"2025-06-26T20:02:14+00:00","author":{"@id":"https:\/\/crusoe.audiencelabs.com.br\/#\/schema\/person\/4a23399b23149df2eab6637fd2fd2bfc"},"breadcrumb":{"@id":"https:\/\/crusoe.audiencelabs.com.br\/valor-do-pedagio-vai-disparar-e-comeca-a-valer-ja-em-julho\/#breadcrumb"},"inLanguage":"pt-BR","potentialAction":[{"@type":"ReadAction","target":["https:\/\/crusoe.audiencelabs.com.br\/valor-do-pedagio-vai-disparar-e-comeca-a-valer-ja-em-julho\/"]}]},{"@type":"ImageObject","inLanguage":"pt-BR","@id":"https:\/\/crusoe.audiencelabs.com.br\/valor-do-pedagio-vai-disparar-e-comeca-a-valer-ja-em-julho\/#primaryimage","url":"https:\/\/cdn.crusoe.com.br\/uploads\/2025\/06\/valor-pedagio-disparar-julho.jpg","contentUrl":"https:\/\/cdn.crusoe.com.br\/uploads\/2025\/06\/valor-pedagio-disparar-julho.jpg","width":1600,"height":900,"caption":"Foto: Red John\/Unsplash"},{"@type":"BreadcrumbList","@id":"https:\/\/crusoe.audiencelabs.com.br\/valor-do-pedagio-vai-disparar-e-comeca-a-valer-ja-em-julho\/#breadcrumb","itemListElement":[{"@type":"ListItem","position":1,"name":"Home","item":"https:\/\/crusoe.audiencelabs.com.br\/"},{"@type":"ListItem","position":2,"name":"Valor do ped\u00e1gio vai disparar e come\u00e7a a valer j\u00e1 em julho"}]},{"@type":"WebSite","@id":"https:\/\/crusoe.audiencelabs.com.br\/#website","url":"https:\/\/crusoe.audiencelabs.com.br\/","name":"Variedades - Cruso\u00e9","description":"","potentialAction":[{"@type":"SearchAction","target":{"@type":"EntryPoint","urlTemplate":"https:\/\/crusoe.audiencelabs.com.br\/?s={search_term_string}"},"query-input":{"@type":"PropertyValueSpecification","valueRequired":true,"valueName":"search_term_string"}}],"inLanguage":"pt-BR"},{"@type":"Person","@id":"https:\/\/crusoe.audiencelabs.com.br\/#\/schema\/person\/4a23399b23149df2eab6637fd2fd2bfc","name":"Jo\u00e3o Carlos Gomes","image":{"@type":"ImageObject","inLanguage":"pt-BR","@id":"https:\/\/crusoe.audiencelabs.com.br\/#\/schema\/person\/image\/","url":"https:\/\/secure.gravatar.com\/avatar\/4ce4672dbdd694b329cd6fdb51bee7d1409be1f0ff76a537e4c4a737b2c7d1a9?s=96&d=mm&r=g","contentUrl":"https:\/\/secure.gravatar.com\/avatar\/4ce4672dbdd694b329cd6fdb51bee7d1409be1f0ff76a537e4c4a737b2c7d1a9?s=96&d=mm&r=g","caption":"Jo\u00e3o Carlos Gomes"},"description":"Jornalista, criador de conte\u00fado e m\u00fasico independente nas horas vagas.","url":"https:\/\/crusoe.audiencelabs.com.br\/author\/joaoc-junior66\/"}]}},"_links":{"self":[{"href":"https:\/\/crusoe.audiencelabs.com.br\/wp-json\/wp\/v2\/posts\/3049","targetHints":{"allow":["GET"]}}],"collection":[{"href":"https:\/\/crusoe.audiencelabs.com.br\/wp-json\/wp\/v2\/posts"}],"about":[{"href":"https:\/\/crusoe.audiencelabs.com.br\/wp-json\/wp\/v2\/types\/post"}],"author":[{"embeddable":true,"href":"https:\/\/crusoe.audiencelabs.com.br\/wp-json\/wp\/v2\/users\/7"}],"replies":[{"embeddable":true,"href":"https:\/\/crusoe.audiencelabs.com.br\/wp-json\/wp\/v2\/comments?post=3049"}],"version-history":[{"count":1,"href":"https:\/\/crusoe.audiencelabs.com.br\/wp-json\/wp\/v2\/posts\/3049\/revisions"}],"predecessor-version":[{"id":3058,"href":"https:\/\/crusoe.audiencelabs.com.br\/wp-json\/wp\/v2\/posts\/3049\/revisions\/3058"}],"wp:featuredmedia":[{"embeddable":true,"href":"https:\/\/crusoe.audiencelabs.com.br\/wp-json\/wp\/v2\/media\/3050"}],"wp:attachment":[{"href":"https:\/\/crusoe.audiencelabs.com.br\/wp-json\/wp\/v2\/media?parent=3049"}],"wp:term":[{"taxonomy":"category","embeddable":true,"href":"https:\/\/crusoe.audiencelabs.com.br\/wp-json\/wp\/v2\/categories?post=3049"},{"taxonomy":"post_tag","embeddable":true,"href":"https:\/\/crusoe.audiencelabs.com.br\/wp-json\/wp\/v2\/tags?post=3049"}],"curies":[{"name":"wp","href":"https:\/\/api.w.org\/{rel}","templated":true}]}}