{"id":30292,"date":"2026-02-02T18:05:00","date_gmt":"2026-02-02T21:05:00","guid":{"rendered":"https:\/\/crusoe.audiencelabs.com.br\/?p=30292"},"modified":"2026-02-02T09:15:46","modified_gmt":"2026-02-02T12:15:46","slug":"brasileiros-com-cadastro-no-caixa-tem-podem-sacar-mais-de-r-6-mil-pelo-aplicativo","status":"publish","type":"post","link":"https:\/\/crusoe.audiencelabs.com.br\/brasileiros-com-cadastro-no-caixa-tem-podem-sacar-mais-de-r-6-mil-pelo-aplicativo\/","title":{"rendered":"Brasileiros com cadastro no Caixa Tem podem sacar mais de R$ 6 mil pelo aplicativo"},"content":{"rendered":"\n<p>O <strong>saque calamidade do FGTS<\/strong> foi liberado pela Caixa Econ\u00f4mica Federal, por meio do aplicativo <strong>Caixa Tem<\/strong>, como medida emergencial de apoio financeiro aos moradores de <strong>A\u00e7ucena<\/strong> e <strong>Almenara<\/strong>, em Minas Gerais, cidades fortemente afetadas pelas chuvas recentes.<\/p>\n\n\n\n<p>Os residentes das \u00e1reas atingidas podem retirar <strong>at\u00e9 R$ 6.220<\/strong> do Fundo de Garantia por Tempo de Servi\u00e7o (FGTS) at\u00e9 o dia <strong>20 de abril<\/strong>.<\/p>\n\n\n\n<p>Essa modalidade de saque \u00e9 prevista para situa\u00e7\u00f5es de <strong>calamidade p\u00fablica<\/strong> e tem como objetivo oferecer suporte financeiro imediato \u00e0s fam\u00edlias impactadas por desastres naturais. Para ter direito, o trabalhador precisa<strong> ter saldo dispon\u00edvel no FGTS e n\u00e3o pode ter realizado esse tipo de saque nos \u00faltimos 12 meses.<\/strong><\/p>\n\n\n\n<h2 class=\"wp-block-heading\">Como solicitar o saque calamidade<\/h2>\n\n\n\n<p>O pedido pode ser feito de forma simples e totalmente digital, pelo <strong>aplicativo FGTS<\/strong>, com a op\u00e7\u00e3o de recebimento do valor pelo <strong>Caixa Tem<\/strong>.<\/p>\n\n\n\n<p>Basta acessar o app pelo celular, selecionar a op\u00e7\u00e3o <strong>\u201cSaque Calamidade\u201d<\/strong> e seguir as orienta\u00e7\u00f5es. Durante o processo, \u00e9 necess\u00e1rio anexar um <strong>comprovante de endere\u00e7o<\/strong> emitido at\u00e9 <strong>120 dias antes<\/strong> da decreta\u00e7\u00e3o da calamidade, al\u00e9m de documentos pessoais, como <strong>RG ou CNH<\/strong> e <strong>CPF<\/strong>.<\/p>\n\n\n\n<p>O valor pode ser creditado em conta banc\u00e1ria indicada pelo trabalhador ou sacado presencialmente nos canais de atendimento da Caixa.<\/p>\n\n\n\n<h2 class=\"wp-block-heading\">Import\u00e2ncia do benef\u00edcio para as fam\u00edlias afetadas<\/h2>\n\n\n\n<p>O saque calamidade do FGTS \u00e9 uma medida fundamental para garantir <strong>f\u00f4lego financeiro<\/strong> \u00e0s pessoas que enfrentam preju\u00edzos causados por eventos clim\u00e1ticos extremos. <\/p>\n\n\n\n<p>Em momentos de perda material e instabilidade, o acesso a esse recurso pode representar uma ajuda decisiva para a reorganiza\u00e7\u00e3o da vida das fam\u00edlias.<\/p>\n\n\n\n<p>Diante do aumento da frequ\u00eancia de desastres naturais no pa\u00eds, esse tipo de aux\u00edlio tende a se tornar cada vez mais relevante como instrumento de prote\u00e7\u00e3o social.<\/p>\n\n\n\n<p>A Caixa segue monitorando a situa\u00e7\u00e3o nas \u00e1reas atingidas e poder\u00e1 atualizar orienta\u00e7\u00f5es e prazos conforme a necessidade da popula\u00e7\u00e3o afetada.<br><\/p>\n","protected":false},"excerpt":{"rendered":"<p>O saque calamidade do FGTS foi liberado pela Caixa Econ\u00f4mica Federal, por meio do aplicativo Caixa Tem, como medida emergencial de apoio financeiro aos moradores de A\u00e7ucena e Almenara, em Minas Gerais, cidades fortemente afetadas pelas chuvas recentes. Os residentes das \u00e1reas atingidas podem retirar at\u00e9 R$ 6.220 do Fundo de Garantia por Tempo de [&hellip;]<\/p>\n","protected":false},"author":5,"featured_media":30294,"comment_status":"open","ping_status":"open","sticky":false,"template":"","format":"standard","meta":{"jnews-multi-image_gallery":[],"jnews_single_post":{"format":"standard"},"jnews_primary_category":[],"jnews_override_counter":[],"jnews_post_split":[],"footnotes":""},"categories":[1],"tags":[291,430,4063],"class_list":["post-30292","post","type-post","status-publish","format-standard","has-post-thumbnail","hentry","category-geral","tag-caixa-tem","tag-fgts","tag-saque-calamidade"],"yoast_head":"<!-- This site is optimized with the Yoast SEO plugin v25.0 - https:\/\/yoast.com\/wordpress\/plugins\/seo\/ -->\n<title>Brasileiros com cadastro no Caixa Tem podem sacar mais de R$ 6 mil pelo aplicativo<\/title>\n<meta name=\"robots\" content=\"index, follow, max-snippet:-1, max-image-preview:large, max-video-preview:-1\" \/>\n<link rel=\"canonical\" href=\"https:\/\/crusoe.audiencelabs.com.br\/brasileiros-com-cadastro-no-caixa-tem-podem-sacar-mais-de-r-6-mil-pelo-aplicativo\/\" \/>\n<meta property=\"og:locale\" content=\"pt_BR\" \/>\n<meta property=\"og:type\" content=\"article\" \/>\n<meta property=\"og:title\" content=\"Brasileiros com cadastro no Caixa Tem podem sacar mais de R$ 6 mil pelo aplicativo\" \/>\n<meta property=\"og:description\" content=\"O saque calamidade do FGTS foi liberado pela Caixa Econ\u00f4mica Federal, por meio do aplicativo Caixa Tem, como medida emergencial de apoio financeiro aos moradores de A\u00e7ucena e Almenara, em Minas Gerais, cidades fortemente afetadas pelas chuvas recentes. Os residentes das \u00e1reas atingidas podem retirar at\u00e9 R$ 6.220 do Fundo de Garantia por Tempo de [&hellip;]\" \/>\n<meta property=\"og:url\" content=\"https:\/\/crusoe.audiencelabs.com.br\/brasileiros-com-cadastro-no-caixa-tem-podem-sacar-mais-de-r-6-mil-pelo-aplicativo\/\" \/>\n<meta property=\"og:site_name\" content=\"Variedades - Cruso\u00e9\" \/>\n<meta property=\"article:published_time\" content=\"2026-02-02T21:05:00+00:00\" \/>\n<meta property=\"og:image\" content=\"https:\/\/cdn.crusoe.com.br\/uploads\/2026\/02\/280520_aplicativo_caixa_tem3274.jpg\" \/>\n\t<meta property=\"og:image:width\" content=\"1170\" \/>\n\t<meta property=\"og:image:height\" content=\"700\" \/>\n\t<meta property=\"og:image:type\" content=\"image\/jpeg\" \/>\n<meta name=\"author\" content=\"Milena Armando\" \/>\n<meta name=\"twitter:card\" content=\"summary_large_image\" \/>\n<meta name=\"twitter:label1\" content=\"Escrito por\" \/>\n\t<meta name=\"twitter:data1\" content=\"Milena Armando\" \/>\n\t<meta name=\"twitter:label2\" content=\"Est. tempo de leitura\" \/>\n\t<meta name=\"twitter:data2\" content=\"2 minutos\" \/>\n<script type=\"application\/ld+json\" class=\"yoast-schema-graph\">{\"@context\":\"https:\/\/schema.org\",\"@graph\":[{\"@type\":\"WebPage\",\"@id\":\"https:\/\/crusoe.audiencelabs.com.br\/brasileiros-com-cadastro-no-caixa-tem-podem-sacar-mais-de-r-6-mil-pelo-aplicativo\/\",\"url\":\"https:\/\/crusoe.audiencelabs.com.br\/brasileiros-com-cadastro-no-caixa-tem-podem-sacar-mais-de-r-6-mil-pelo-aplicativo\/\",\"name\":\"Brasileiros com cadastro no Caixa Tem podem sacar mais de R$ 6 mil pelo aplicativo\",\"isPartOf\":{\"@id\":\"https:\/\/crusoe.audiencelabs.com.br\/#website\"},\"primaryImageOfPage\":{\"@id\":\"https:\/\/crusoe.audiencelabs.com.br\/brasileiros-com-cadastro-no-caixa-tem-podem-sacar-mais-de-r-6-mil-pelo-aplicativo\/#primaryimage\"},\"image\":{\"@id\":\"https:\/\/crusoe.audiencelabs.com.br\/brasileiros-com-cadastro-no-caixa-tem-podem-sacar-mais-de-r-6-mil-pelo-aplicativo\/#primaryimage\"},\"thumbnailUrl\":\"https:\/\/cdn.crusoe.com.br\/uploads\/2026\/02\/280520_aplicativo_caixa_tem3274.jpg\",\"datePublished\":\"2026-02-02T21:05:00+00:00\",\"author\":{\"@id\":\"https:\/\/crusoe.audiencelabs.com.br\/#\/schema\/person\/f87f73cfe89e5360de2c006bd4bd6a74\"},\"breadcrumb\":{\"@id\":\"https:\/\/crusoe.audiencelabs.com.br\/brasileiros-com-cadastro-no-caixa-tem-podem-sacar-mais-de-r-6-mil-pelo-aplicativo\/#breadcrumb\"},\"inLanguage\":\"pt-BR\",\"potentialAction\":[{\"@type\":\"ReadAction\",\"target\":[\"https:\/\/crusoe.audiencelabs.com.br\/brasileiros-com-cadastro-no-caixa-tem-podem-sacar-mais-de-r-6-mil-pelo-aplicativo\/\"]}]},{\"@type\":\"ImageObject\",\"inLanguage\":\"pt-BR\",\"@id\":\"https:\/\/crusoe.audiencelabs.com.br\/brasileiros-com-cadastro-no-caixa-tem-podem-sacar-mais-de-r-6-mil-pelo-aplicativo\/#primaryimage\",\"url\":\"https:\/\/cdn.crusoe.com.br\/uploads\/2026\/02\/280520_aplicativo_caixa_tem3274.jpg\",\"contentUrl\":\"https:\/\/cdn.crusoe.com.br\/uploads\/2026\/02\/280520_aplicativo_caixa_tem3274.jpg\",\"width\":1170,\"height\":700,\"caption\":\"Reprodu\u00e7\u00e3o: Marcello Casal Jr\/Ag\u00eancia Brasil\"},{\"@type\":\"BreadcrumbList\",\"@id\":\"https:\/\/crusoe.audiencelabs.com.br\/brasileiros-com-cadastro-no-caixa-tem-podem-sacar-mais-de-r-6-mil-pelo-aplicativo\/#breadcrumb\",\"itemListElement\":[{\"@type\":\"ListItem\",\"position\":1,\"name\":\"Home\",\"item\":\"https:\/\/crusoe.audiencelabs.com.br\/\"},{\"@type\":\"ListItem\",\"position\":2,\"name\":\"Brasileiros com cadastro no Caixa Tem podem sacar mais de R$ 6 mil pelo aplicativo\"}]},{\"@type\":\"WebSite\",\"@id\":\"https:\/\/crusoe.audiencelabs.com.br\/#website\",\"url\":\"https:\/\/crusoe.audiencelabs.com.br\/\",\"name\":\"Variedades - Cruso\u00e9\",\"description\":\"\",\"potentialAction\":[{\"@type\":\"SearchAction\",\"target\":{\"@type\":\"EntryPoint\",\"urlTemplate\":\"https:\/\/crusoe.audiencelabs.com.br\/?s={search_term_string}\"},\"query-input\":{\"@type\":\"PropertyValueSpecification\",\"valueRequired\":true,\"valueName\":\"search_term_string\"}}],\"inLanguage\":\"pt-BR\"},{\"@type\":\"Person\",\"@id\":\"https:\/\/crusoe.audiencelabs.com.br\/#\/schema\/person\/f87f73cfe89e5360de2c006bd4bd6a74\",\"name\":\"Milena Armando\",\"image\":{\"@type\":\"ImageObject\",\"inLanguage\":\"pt-BR\",\"@id\":\"https:\/\/crusoe.audiencelabs.com.br\/#\/schema\/person\/image\/\",\"url\":\"https:\/\/secure.gravatar.com\/avatar\/ea14ecddc9e9d202b698b18f9f69e09c9fd74cfbed5c6008d55f11faefdbdab7?s=96&d=mm&r=g\",\"contentUrl\":\"https:\/\/secure.gravatar.com\/avatar\/ea14ecddc9e9d202b698b18f9f69e09c9fd74cfbed5c6008d55f11faefdbdab7?s=96&d=mm&r=g\",\"caption\":\"Milena Armando\"},\"description\":\"Jornalista, redatora e revisora.\",\"url\":\"https:\/\/crusoe.audiencelabs.com.br\/author\/milena\/\"}]}<\/script>\n<!-- \/ Yoast SEO plugin. -->","yoast_head_json":{"title":"Brasileiros com cadastro no Caixa Tem podem sacar mais de R$ 6 mil pelo aplicativo","robots":{"index":"index","follow":"follow","max-snippet":"max-snippet:-1","max-image-preview":"max-image-preview:large","max-video-preview":"max-video-preview:-1"},"canonical":"https:\/\/crusoe.audiencelabs.com.br\/brasileiros-com-cadastro-no-caixa-tem-podem-sacar-mais-de-r-6-mil-pelo-aplicativo\/","og_locale":"pt_BR","og_type":"article","og_title":"Brasileiros com cadastro no Caixa Tem podem sacar mais de R$ 6 mil pelo aplicativo","og_description":"O saque calamidade do FGTS foi liberado pela Caixa Econ\u00f4mica Federal, por meio do aplicativo Caixa Tem, como medida emergencial de apoio financeiro aos moradores de A\u00e7ucena e Almenara, em Minas Gerais, cidades fortemente afetadas pelas chuvas recentes. Os residentes das \u00e1reas atingidas podem retirar at\u00e9 R$ 6.220 do Fundo de Garantia por Tempo de [&hellip;]","og_url":"https:\/\/crusoe.audiencelabs.com.br\/brasileiros-com-cadastro-no-caixa-tem-podem-sacar-mais-de-r-6-mil-pelo-aplicativo\/","og_site_name":"Variedades - Cruso\u00e9","article_published_time":"2026-02-02T21:05:00+00:00","og_image":[{"width":1170,"height":700,"url":"https:\/\/cdn.crusoe.com.br\/uploads\/2026\/02\/280520_aplicativo_caixa_tem3274.jpg","type":"image\/jpeg"}],"author":"Milena Armando","twitter_card":"summary_large_image","twitter_misc":{"Escrito por":"Milena Armando","Est. tempo de leitura":"2 minutos"},"schema":{"@context":"https:\/\/schema.org","@graph":[{"@type":"WebPage","@id":"https:\/\/crusoe.audiencelabs.com.br\/brasileiros-com-cadastro-no-caixa-tem-podem-sacar-mais-de-r-6-mil-pelo-aplicativo\/","url":"https:\/\/crusoe.audiencelabs.com.br\/brasileiros-com-cadastro-no-caixa-tem-podem-sacar-mais-de-r-6-mil-pelo-aplicativo\/","name":"Brasileiros com cadastro no Caixa Tem podem sacar mais de R$ 6 mil pelo aplicativo","isPartOf":{"@id":"https:\/\/crusoe.audiencelabs.com.br\/#website"},"primaryImageOfPage":{"@id":"https:\/\/crusoe.audiencelabs.com.br\/brasileiros-com-cadastro-no-caixa-tem-podem-sacar-mais-de-r-6-mil-pelo-aplicativo\/#primaryimage"},"image":{"@id":"https:\/\/crusoe.audiencelabs.com.br\/brasileiros-com-cadastro-no-caixa-tem-podem-sacar-mais-de-r-6-mil-pelo-aplicativo\/#primaryimage"},"thumbnailUrl":"https:\/\/cdn.crusoe.com.br\/uploads\/2026\/02\/280520_aplicativo_caixa_tem3274.jpg","datePublished":"2026-02-02T21:05:00+00:00","author":{"@id":"https:\/\/crusoe.audiencelabs.com.br\/#\/schema\/person\/f87f73cfe89e5360de2c006bd4bd6a74"},"breadcrumb":{"@id":"https:\/\/crusoe.audiencelabs.com.br\/brasileiros-com-cadastro-no-caixa-tem-podem-sacar-mais-de-r-6-mil-pelo-aplicativo\/#breadcrumb"},"inLanguage":"pt-BR","potentialAction":[{"@type":"ReadAction","target":["https:\/\/crusoe.audiencelabs.com.br\/brasileiros-com-cadastro-no-caixa-tem-podem-sacar-mais-de-r-6-mil-pelo-aplicativo\/"]}]},{"@type":"ImageObject","inLanguage":"pt-BR","@id":"https:\/\/crusoe.audiencelabs.com.br\/brasileiros-com-cadastro-no-caixa-tem-podem-sacar-mais-de-r-6-mil-pelo-aplicativo\/#primaryimage","url":"https:\/\/cdn.crusoe.com.br\/uploads\/2026\/02\/280520_aplicativo_caixa_tem3274.jpg","contentUrl":"https:\/\/cdn.crusoe.com.br\/uploads\/2026\/02\/280520_aplicativo_caixa_tem3274.jpg","width":1170,"height":700,"caption":"Reprodu\u00e7\u00e3o: Marcello Casal Jr\/Ag\u00eancia Brasil"},{"@type":"BreadcrumbList","@id":"https:\/\/crusoe.audiencelabs.com.br\/brasileiros-com-cadastro-no-caixa-tem-podem-sacar-mais-de-r-6-mil-pelo-aplicativo\/#breadcrumb","itemListElement":[{"@type":"ListItem","position":1,"name":"Home","item":"https:\/\/crusoe.audiencelabs.com.br\/"},{"@type":"ListItem","position":2,"name":"Brasileiros com cadastro no Caixa Tem podem sacar mais de R$ 6 mil pelo aplicativo"}]},{"@type":"WebSite","@id":"https:\/\/crusoe.audiencelabs.com.br\/#website","url":"https:\/\/crusoe.audiencelabs.com.br\/","name":"Variedades - Cruso\u00e9","description":"","potentialAction":[{"@type":"SearchAction","target":{"@type":"EntryPoint","urlTemplate":"https:\/\/crusoe.audiencelabs.com.br\/?s={search_term_string}"},"query-input":{"@type":"PropertyValueSpecification","valueRequired":true,"valueName":"search_term_string"}}],"inLanguage":"pt-BR"},{"@type":"Person","@id":"https:\/\/crusoe.audiencelabs.com.br\/#\/schema\/person\/f87f73cfe89e5360de2c006bd4bd6a74","name":"Milena Armando","image":{"@type":"ImageObject","inLanguage":"pt-BR","@id":"https:\/\/crusoe.audiencelabs.com.br\/#\/schema\/person\/image\/","url":"https:\/\/secure.gravatar.com\/avatar\/ea14ecddc9e9d202b698b18f9f69e09c9fd74cfbed5c6008d55f11faefdbdab7?s=96&d=mm&r=g","contentUrl":"https:\/\/secure.gravatar.com\/avatar\/ea14ecddc9e9d202b698b18f9f69e09c9fd74cfbed5c6008d55f11faefdbdab7?s=96&d=mm&r=g","caption":"Milena Armando"},"description":"Jornalista, redatora e revisora.","url":"https:\/\/crusoe.audiencelabs.com.br\/author\/milena\/"}]}},"_links":{"self":[{"href":"https:\/\/crusoe.audiencelabs.com.br\/wp-json\/wp\/v2\/posts\/30292","targetHints":{"allow":["GET"]}}],"collection":[{"href":"https:\/\/crusoe.audiencelabs.com.br\/wp-json\/wp\/v2\/posts"}],"about":[{"href":"https:\/\/crusoe.audiencelabs.com.br\/wp-json\/wp\/v2\/types\/post"}],"author":[{"embeddable":true,"href":"https:\/\/crusoe.audiencelabs.com.br\/wp-json\/wp\/v2\/users\/5"}],"replies":[{"embeddable":true,"href":"https:\/\/crusoe.audiencelabs.com.br\/wp-json\/wp\/v2\/comments?post=30292"}],"version-history":[{"count":2,"href":"https:\/\/crusoe.audiencelabs.com.br\/wp-json\/wp\/v2\/posts\/30292\/revisions"}],"predecessor-version":[{"id":30298,"href":"https:\/\/crusoe.audiencelabs.com.br\/wp-json\/wp\/v2\/posts\/30292\/revisions\/30298"}],"wp:featuredmedia":[{"embeddable":true,"href":"https:\/\/crusoe.audiencelabs.com.br\/wp-json\/wp\/v2\/media\/30294"}],"wp:attachment":[{"href":"https:\/\/crusoe.audiencelabs.com.br\/wp-json\/wp\/v2\/media?parent=30292"}],"wp:term":[{"taxonomy":"category","embeddable":true,"href":"https:\/\/crusoe.audiencelabs.com.br\/wp-json\/wp\/v2\/categories?post=30292"},{"taxonomy":"post_tag","embeddable":true,"href":"https:\/\/crusoe.audiencelabs.com.br\/wp-json\/wp\/v2\/tags?post=30292"}],"curies":[{"name":"wp","href":"https:\/\/api.w.org\/{rel}","templated":true}]}}