{"id":2997,"date":"2025-06-25T17:12:00","date_gmt":"2025-06-25T20:12:00","guid":{"rendered":"https:\/\/crusoe.com.br\/variedades\/?p=2997"},"modified":"2025-06-25T17:12:03","modified_gmt":"2025-06-25T20:12:03","slug":"auxilio-gas-de-junho-comecou-a-ser-pago-veja-quem-recebe","status":"publish","type":"post","link":"https:\/\/crusoe.audiencelabs.com.br\/auxilio-gas-de-junho-comecou-a-ser-pago-veja-quem-recebe\/","title":{"rendered":"Aux\u00edlio G\u00e1s de junho come\u00e7ou a ser pago: veja quem recebe"},"content":{"rendered":"\n<p>Conforme o m\u00eas de junho avan\u00e7a, benefici\u00e1rios de diversos programas sociais do governo est\u00e3o recebendo seus pagamentos mensais com uma diferen\u00e7a no valor total.<\/p>\n\n\n\n<p>Afinal, neste m\u00eas tamb\u00e9m est\u00e1 sendo paga mais uma parcela do <strong>Aux\u00edlio G\u00e1s<\/strong>, um refor\u00e7o que garante que fam\u00edlias de baixa renda possam adquirir um botij\u00e3o.<\/p>\n\n\n\n<p>Vale lembrar que o Aux\u00edlio G\u00e1s \u00e9 um direito de <strong>todas as pessoas inscritas no Cadastro \u00danico (Cad\u00danico) <\/strong>que integram outros programas sociais do governo, como o Bolsa Fam\u00edlia ou o Benef\u00edcio de Presta\u00e7\u00e3o Continuada (BPC).<\/p>\n\n\n\n<p>A sele\u00e7\u00e3o das fam\u00edlias contempladas ser\u00e1 realizada automaticamente pelo Minist\u00e9rio do Desenvolvimento e Assist\u00eancia Social, caso haja disponibilidade or\u00e7ament\u00e1ria. Por conta disso, \u00e9 essencial manter os dados atualizados.<\/p>\n\n\n\n<p>Entretanto, vale destacar que <strong>mulheres chefes de fam\u00edlia, pessoas com defici\u00eancia e idosos<\/strong>\u00a0podem ter prioridade na concess\u00e3o.<\/p>\n\n\n\n<h2 class=\"wp-block-heading\">Calend\u00e1rio de pagamentos do Aux\u00edlio G\u00e1s<\/h2>\n\n\n\n<p>Assim como outros benef\u00edcios, o Aux\u00edlio G\u00e1s segue um calend\u00e1rio espec\u00edfico, baseado no n\u00famero final do N\u00famero de Identifica\u00e7\u00e3o Social (NIS). Os pagamentos tiveram in\u00edcio no dia 16 de junho, e est\u00e3o sendo efetuados nesta ordem:<\/p>\n\n\n\n<ul class=\"wp-block-list\">\n<li><strong>NIS final 1: 16 de junho (segunda-feira)<\/strong><\/li>\n\n\n\n<li><strong>NIS final 2: 17 de junho (ter\u00e7a-feira)<\/strong><\/li>\n\n\n\n<li><strong>NIS final 3: 18 de junho (quarta-feira)<\/strong><\/li>\n\n\n\n<li><strong>NIS final 4: 20 de junho (sexta-feira)<\/strong><\/li>\n\n\n\n<li><strong>NIS final 5: 23 de junho (segunda-feira)<\/strong><\/li>\n\n\n\n<li><strong>NIS final 6: 24 de junho (ter\u00e7a-feira)<\/strong><\/li>\n\n\n\n<li><strong>NIS final 7: 25 de junho (quarta-feira)<\/strong><\/li>\n\n\n\n<li><strong>NIS final 8: 26 de junho (quinta-feira)<\/strong><\/li>\n\n\n\n<li><strong>NIS final 9: 27 de junho (sexta-feira)<\/strong><\/li>\n\n\n\n<li><strong>NIS final 0: 30 de junho (segunda-feira)<\/strong><\/li>\n<\/ul>\n\n\n\n<p>Vale ressaltar que o pagamento do Aux\u00edlio G\u00e1s \u00e9 bimestral. Sendo assim, ainda haver\u00e3o mais 3 dep\u00f3sitos nas seguintes datas:<\/p>\n\n\n\n<ul class=\"wp-block-list\">\n<li><strong>Agosto: 18 a 29 de agosto<\/strong><\/li>\n\n\n\n<li><strong>Outubro: 20 a 31 de outubro<\/strong><\/li>\n\n\n\n<li><strong>Dezembro: 10 a 23 de dezembro<\/strong><\/li>\n<\/ul>\n\n\n\n<h2 class=\"wp-block-heading\">Como consultar e movimentar o Aux\u00edlio G\u00e1s<\/h2>\n\n\n\n<p>O Aux\u00edlio G\u00e1s tamb\u00e9m \u00e9 depositado na Conta Poupan\u00e7a Social Digital, que pode ser acessada atrav\u00e9s do aplicativo <strong>Caixa Tem <\/strong>seguindo o seguinte passo a passo:<\/p>\n\n\n\n<ul class=\"wp-block-list\">\n<li><strong>Fa\u00e7a o login no app com as credenciais cadastradas (CPF e senha);<\/strong><\/li>\n\n\n\n<li><strong>Clique na op\u00e7\u00e3o \u201cMostrar saldo\u201d;<\/strong><\/li>\n\n\n\n<li><strong>Na sequ\u00eancia, acesse a op\u00e7\u00e3o \u201cExtrato\u201d para conferir o detalhamento dos dep\u00f3sitos.<\/strong><\/li>\n<\/ul>\n\n\n\n<p>Confirmando que o benef\u00edcio j\u00e1 est\u00e1 dispon\u00edvel, \u00e9 poss\u00edvel fazer a movimenta\u00e7\u00e3o do valor diretamente pelo Caixa Tem. E vale lembrar que ele n\u00e3o \u00e9 cumulativo.<\/p>\n\n\n\n<p>Ao receber o pagamento, o benefici\u00e1rio precisa sacar ou utilizar o Aux\u00edlio G\u00e1s em at\u00e9 120 dias. Caso contr\u00e1rio, o dinheiro retorna para os cofres p\u00fablicos.<\/p>\n","protected":false},"excerpt":{"rendered":"<p>Conforme o m\u00eas de junho avan\u00e7a, benefici\u00e1rios de diversos programas sociais do governo est\u00e3o recebendo seus pagamentos mensais com uma diferen\u00e7a no valor total. Afinal, neste m\u00eas tamb\u00e9m est\u00e1 sendo paga mais uma parcela do Aux\u00edlio G\u00e1s, um refor\u00e7o que garante que fam\u00edlias de baixa renda possam adquirir um botij\u00e3o. Vale lembrar que o Aux\u00edlio [&hellip;]<\/p>\n","protected":false},"author":7,"featured_media":2998,"comment_status":"open","ping_status":"open","sticky":false,"template":"","format":"standard","meta":{"jnews-multi-image_gallery":[],"jnews_single_post":{"format":"standard"},"jnews_primary_category":[],"jnews_override_counter":[],"jnews_post_split":[],"footnotes":""},"categories":[1],"tags":[],"class_list":["post-2997","post","type-post","status-publish","format-standard","has-post-thumbnail","hentry","category-geral"],"yoast_head":"<!-- This site is optimized with the Yoast SEO plugin v25.0 - https:\/\/yoast.com\/wordpress\/plugins\/seo\/ -->\n<title>Aux\u00edlio G\u00e1s de junho come\u00e7ou a ser pago: veja quem recebe<\/title>\n<meta name=\"robots\" content=\"index, follow, max-snippet:-1, max-image-preview:large, max-video-preview:-1\" \/>\n<link rel=\"canonical\" href=\"https:\/\/crusoe.audiencelabs.com.br\/auxilio-gas-de-junho-comecou-a-ser-pago-veja-quem-recebe\/\" \/>\n<meta property=\"og:locale\" content=\"pt_BR\" \/>\n<meta property=\"og:type\" content=\"article\" \/>\n<meta property=\"og:title\" content=\"Aux\u00edlio G\u00e1s de junho come\u00e7ou a ser pago: veja quem recebe\" \/>\n<meta property=\"og:description\" content=\"Conforme o m\u00eas de junho avan\u00e7a, benefici\u00e1rios de diversos programas sociais do governo est\u00e3o recebendo seus pagamentos mensais com uma diferen\u00e7a no valor total. Afinal, neste m\u00eas tamb\u00e9m est\u00e1 sendo paga mais uma parcela do Aux\u00edlio G\u00e1s, um refor\u00e7o que garante que fam\u00edlias de baixa renda possam adquirir um botij\u00e3o. Vale lembrar que o Aux\u00edlio [&hellip;]\" \/>\n<meta property=\"og:url\" content=\"https:\/\/crusoe.audiencelabs.com.br\/auxilio-gas-de-junho-comecou-a-ser-pago-veja-quem-recebe\/\" \/>\n<meta property=\"og:site_name\" content=\"Variedades - Cruso\u00e9\" \/>\n<meta property=\"article:published_time\" content=\"2025-06-25T20:12:00+00:00\" \/>\n<meta property=\"article:modified_time\" content=\"2025-06-25T20:12:03+00:00\" \/>\n<meta property=\"og:image\" content=\"https:\/\/cdn.crusoe.com.br\/uploads\/2025\/06\/auxilio-gas-junho-quem-recebe.webp\" \/>\n\t<meta property=\"og:image:width\" content=\"1280\" \/>\n\t<meta property=\"og:image:height\" content=\"720\" \/>\n\t<meta property=\"og:image:type\" content=\"image\/webp\" \/>\n<meta name=\"author\" content=\"Jo\u00e3o Carlos Gomes\" \/>\n<meta name=\"twitter:card\" content=\"summary_large_image\" \/>\n<meta name=\"twitter:label1\" content=\"Escrito por\" \/>\n\t<meta name=\"twitter:data1\" content=\"Jo\u00e3o Carlos Gomes\" \/>\n\t<meta name=\"twitter:label2\" content=\"Est. tempo de leitura\" \/>\n\t<meta name=\"twitter:data2\" content=\"3 minutos\" \/>\n<script type=\"application\/ld+json\" class=\"yoast-schema-graph\">{\"@context\":\"https:\/\/schema.org\",\"@graph\":[{\"@type\":\"WebPage\",\"@id\":\"https:\/\/crusoe.audiencelabs.com.br\/auxilio-gas-de-junho-comecou-a-ser-pago-veja-quem-recebe\/\",\"url\":\"https:\/\/crusoe.audiencelabs.com.br\/auxilio-gas-de-junho-comecou-a-ser-pago-veja-quem-recebe\/\",\"name\":\"Aux\u00edlio G\u00e1s de junho come\u00e7ou a ser pago: veja quem recebe\",\"isPartOf\":{\"@id\":\"https:\/\/crusoe.audiencelabs.com.br\/#website\"},\"primaryImageOfPage\":{\"@id\":\"https:\/\/crusoe.audiencelabs.com.br\/auxilio-gas-de-junho-comecou-a-ser-pago-veja-quem-recebe\/#primaryimage\"},\"image\":{\"@id\":\"https:\/\/crusoe.audiencelabs.com.br\/auxilio-gas-de-junho-comecou-a-ser-pago-veja-quem-recebe\/#primaryimage\"},\"thumbnailUrl\":\"https:\/\/cdn.crusoe.com.br\/uploads\/2025\/06\/auxilio-gas-junho-quem-recebe.webp\",\"datePublished\":\"2025-06-25T20:12:00+00:00\",\"dateModified\":\"2025-06-25T20:12:03+00:00\",\"author\":{\"@id\":\"https:\/\/crusoe.audiencelabs.com.br\/#\/schema\/person\/4a23399b23149df2eab6637fd2fd2bfc\"},\"breadcrumb\":{\"@id\":\"https:\/\/crusoe.audiencelabs.com.br\/auxilio-gas-de-junho-comecou-a-ser-pago-veja-quem-recebe\/#breadcrumb\"},\"inLanguage\":\"pt-BR\",\"potentialAction\":[{\"@type\":\"ReadAction\",\"target\":[\"https:\/\/crusoe.audiencelabs.com.br\/auxilio-gas-de-junho-comecou-a-ser-pago-veja-quem-recebe\/\"]}]},{\"@type\":\"ImageObject\",\"inLanguage\":\"pt-BR\",\"@id\":\"https:\/\/crusoe.audiencelabs.com.br\/auxilio-gas-de-junho-comecou-a-ser-pago-veja-quem-recebe\/#primaryimage\",\"url\":\"https:\/\/cdn.crusoe.com.br\/uploads\/2025\/06\/auxilio-gas-junho-quem-recebe.webp\",\"contentUrl\":\"https:\/\/cdn.crusoe.com.br\/uploads\/2025\/06\/auxilio-gas-junho-quem-recebe.webp\",\"width\":1280,\"height\":720,\"caption\":\"Foto: Arquivo\/Banco Central\"},{\"@type\":\"BreadcrumbList\",\"@id\":\"https:\/\/crusoe.audiencelabs.com.br\/auxilio-gas-de-junho-comecou-a-ser-pago-veja-quem-recebe\/#breadcrumb\",\"itemListElement\":[{\"@type\":\"ListItem\",\"position\":1,\"name\":\"Home\",\"item\":\"https:\/\/crusoe.audiencelabs.com.br\/\"},{\"@type\":\"ListItem\",\"position\":2,\"name\":\"Aux\u00edlio G\u00e1s de junho come\u00e7ou a ser pago: veja quem recebe\"}]},{\"@type\":\"WebSite\",\"@id\":\"https:\/\/crusoe.audiencelabs.com.br\/#website\",\"url\":\"https:\/\/crusoe.audiencelabs.com.br\/\",\"name\":\"Variedades - Cruso\u00e9\",\"description\":\"\",\"potentialAction\":[{\"@type\":\"SearchAction\",\"target\":{\"@type\":\"EntryPoint\",\"urlTemplate\":\"https:\/\/crusoe.audiencelabs.com.br\/?s={search_term_string}\"},\"query-input\":{\"@type\":\"PropertyValueSpecification\",\"valueRequired\":true,\"valueName\":\"search_term_string\"}}],\"inLanguage\":\"pt-BR\"},{\"@type\":\"Person\",\"@id\":\"https:\/\/crusoe.audiencelabs.com.br\/#\/schema\/person\/4a23399b23149df2eab6637fd2fd2bfc\",\"name\":\"Jo\u00e3o Carlos Gomes\",\"image\":{\"@type\":\"ImageObject\",\"inLanguage\":\"pt-BR\",\"@id\":\"https:\/\/crusoe.audiencelabs.com.br\/#\/schema\/person\/image\/\",\"url\":\"https:\/\/secure.gravatar.com\/avatar\/4ce4672dbdd694b329cd6fdb51bee7d1409be1f0ff76a537e4c4a737b2c7d1a9?s=96&d=mm&r=g\",\"contentUrl\":\"https:\/\/secure.gravatar.com\/avatar\/4ce4672dbdd694b329cd6fdb51bee7d1409be1f0ff76a537e4c4a737b2c7d1a9?s=96&d=mm&r=g\",\"caption\":\"Jo\u00e3o Carlos Gomes\"},\"description\":\"Jornalista, criador de conte\u00fado e m\u00fasico independente nas horas vagas.\",\"url\":\"https:\/\/crusoe.audiencelabs.com.br\/author\/joaoc-junior66\/\"}]}<\/script>\n<!-- \/ Yoast SEO plugin. -->","yoast_head_json":{"title":"Aux\u00edlio G\u00e1s de junho come\u00e7ou a ser pago: veja quem recebe","robots":{"index":"index","follow":"follow","max-snippet":"max-snippet:-1","max-image-preview":"max-image-preview:large","max-video-preview":"max-video-preview:-1"},"canonical":"https:\/\/crusoe.audiencelabs.com.br\/auxilio-gas-de-junho-comecou-a-ser-pago-veja-quem-recebe\/","og_locale":"pt_BR","og_type":"article","og_title":"Aux\u00edlio G\u00e1s de junho come\u00e7ou a ser pago: veja quem recebe","og_description":"Conforme o m\u00eas de junho avan\u00e7a, benefici\u00e1rios de diversos programas sociais do governo est\u00e3o recebendo seus pagamentos mensais com uma diferen\u00e7a no valor total. Afinal, neste m\u00eas tamb\u00e9m est\u00e1 sendo paga mais uma parcela do Aux\u00edlio G\u00e1s, um refor\u00e7o que garante que fam\u00edlias de baixa renda possam adquirir um botij\u00e3o. Vale lembrar que o Aux\u00edlio [&hellip;]","og_url":"https:\/\/crusoe.audiencelabs.com.br\/auxilio-gas-de-junho-comecou-a-ser-pago-veja-quem-recebe\/","og_site_name":"Variedades - Cruso\u00e9","article_published_time":"2025-06-25T20:12:00+00:00","article_modified_time":"2025-06-25T20:12:03+00:00","og_image":[{"width":1280,"height":720,"url":"https:\/\/cdn.crusoe.com.br\/uploads\/2025\/06\/auxilio-gas-junho-quem-recebe.webp","type":"image\/webp"}],"author":"Jo\u00e3o Carlos Gomes","twitter_card":"summary_large_image","twitter_misc":{"Escrito por":"Jo\u00e3o Carlos Gomes","Est. tempo de leitura":"3 minutos"},"schema":{"@context":"https:\/\/schema.org","@graph":[{"@type":"WebPage","@id":"https:\/\/crusoe.audiencelabs.com.br\/auxilio-gas-de-junho-comecou-a-ser-pago-veja-quem-recebe\/","url":"https:\/\/crusoe.audiencelabs.com.br\/auxilio-gas-de-junho-comecou-a-ser-pago-veja-quem-recebe\/","name":"Aux\u00edlio G\u00e1s de junho come\u00e7ou a ser pago: veja quem recebe","isPartOf":{"@id":"https:\/\/crusoe.audiencelabs.com.br\/#website"},"primaryImageOfPage":{"@id":"https:\/\/crusoe.audiencelabs.com.br\/auxilio-gas-de-junho-comecou-a-ser-pago-veja-quem-recebe\/#primaryimage"},"image":{"@id":"https:\/\/crusoe.audiencelabs.com.br\/auxilio-gas-de-junho-comecou-a-ser-pago-veja-quem-recebe\/#primaryimage"},"thumbnailUrl":"https:\/\/cdn.crusoe.com.br\/uploads\/2025\/06\/auxilio-gas-junho-quem-recebe.webp","datePublished":"2025-06-25T20:12:00+00:00","dateModified":"2025-06-25T20:12:03+00:00","author":{"@id":"https:\/\/crusoe.audiencelabs.com.br\/#\/schema\/person\/4a23399b23149df2eab6637fd2fd2bfc"},"breadcrumb":{"@id":"https:\/\/crusoe.audiencelabs.com.br\/auxilio-gas-de-junho-comecou-a-ser-pago-veja-quem-recebe\/#breadcrumb"},"inLanguage":"pt-BR","potentialAction":[{"@type":"ReadAction","target":["https:\/\/crusoe.audiencelabs.com.br\/auxilio-gas-de-junho-comecou-a-ser-pago-veja-quem-recebe\/"]}]},{"@type":"ImageObject","inLanguage":"pt-BR","@id":"https:\/\/crusoe.audiencelabs.com.br\/auxilio-gas-de-junho-comecou-a-ser-pago-veja-quem-recebe\/#primaryimage","url":"https:\/\/cdn.crusoe.com.br\/uploads\/2025\/06\/auxilio-gas-junho-quem-recebe.webp","contentUrl":"https:\/\/cdn.crusoe.com.br\/uploads\/2025\/06\/auxilio-gas-junho-quem-recebe.webp","width":1280,"height":720,"caption":"Foto: Arquivo\/Banco Central"},{"@type":"BreadcrumbList","@id":"https:\/\/crusoe.audiencelabs.com.br\/auxilio-gas-de-junho-comecou-a-ser-pago-veja-quem-recebe\/#breadcrumb","itemListElement":[{"@type":"ListItem","position":1,"name":"Home","item":"https:\/\/crusoe.audiencelabs.com.br\/"},{"@type":"ListItem","position":2,"name":"Aux\u00edlio G\u00e1s de junho come\u00e7ou a ser pago: veja quem recebe"}]},{"@type":"WebSite","@id":"https:\/\/crusoe.audiencelabs.com.br\/#website","url":"https:\/\/crusoe.audiencelabs.com.br\/","name":"Variedades - Cruso\u00e9","description":"","potentialAction":[{"@type":"SearchAction","target":{"@type":"EntryPoint","urlTemplate":"https:\/\/crusoe.audiencelabs.com.br\/?s={search_term_string}"},"query-input":{"@type":"PropertyValueSpecification","valueRequired":true,"valueName":"search_term_string"}}],"inLanguage":"pt-BR"},{"@type":"Person","@id":"https:\/\/crusoe.audiencelabs.com.br\/#\/schema\/person\/4a23399b23149df2eab6637fd2fd2bfc","name":"Jo\u00e3o Carlos Gomes","image":{"@type":"ImageObject","inLanguage":"pt-BR","@id":"https:\/\/crusoe.audiencelabs.com.br\/#\/schema\/person\/image\/","url":"https:\/\/secure.gravatar.com\/avatar\/4ce4672dbdd694b329cd6fdb51bee7d1409be1f0ff76a537e4c4a737b2c7d1a9?s=96&d=mm&r=g","contentUrl":"https:\/\/secure.gravatar.com\/avatar\/4ce4672dbdd694b329cd6fdb51bee7d1409be1f0ff76a537e4c4a737b2c7d1a9?s=96&d=mm&r=g","caption":"Jo\u00e3o Carlos Gomes"},"description":"Jornalista, criador de conte\u00fado e m\u00fasico independente nas horas vagas.","url":"https:\/\/crusoe.audiencelabs.com.br\/author\/joaoc-junior66\/"}]}},"_links":{"self":[{"href":"https:\/\/crusoe.audiencelabs.com.br\/wp-json\/wp\/v2\/posts\/2997","targetHints":{"allow":["GET"]}}],"collection":[{"href":"https:\/\/crusoe.audiencelabs.com.br\/wp-json\/wp\/v2\/posts"}],"about":[{"href":"https:\/\/crusoe.audiencelabs.com.br\/wp-json\/wp\/v2\/types\/post"}],"author":[{"embeddable":true,"href":"https:\/\/crusoe.audiencelabs.com.br\/wp-json\/wp\/v2\/users\/7"}],"replies":[{"embeddable":true,"href":"https:\/\/crusoe.audiencelabs.com.br\/wp-json\/wp\/v2\/comments?post=2997"}],"version-history":[{"count":1,"href":"https:\/\/crusoe.audiencelabs.com.br\/wp-json\/wp\/v2\/posts\/2997\/revisions"}],"predecessor-version":[{"id":3000,"href":"https:\/\/crusoe.audiencelabs.com.br\/wp-json\/wp\/v2\/posts\/2997\/revisions\/3000"}],"wp:featuredmedia":[{"embeddable":true,"href":"https:\/\/crusoe.audiencelabs.com.br\/wp-json\/wp\/v2\/media\/2998"}],"wp:attachment":[{"href":"https:\/\/crusoe.audiencelabs.com.br\/wp-json\/wp\/v2\/media?parent=2997"}],"wp:term":[{"taxonomy":"category","embeddable":true,"href":"https:\/\/crusoe.audiencelabs.com.br\/wp-json\/wp\/v2\/categories?post=2997"},{"taxonomy":"post_tag","embeddable":true,"href":"https:\/\/crusoe.audiencelabs.com.br\/wp-json\/wp\/v2\/tags?post=2997"}],"curies":[{"name":"wp","href":"https:\/\/api.w.org\/{rel}","templated":true}]}}