{"id":29538,"date":"2026-01-27T12:04:00","date_gmt":"2026-01-27T15:04:00","guid":{"rendered":"https:\/\/crusoe.audiencelabs.com.br\/?p=29538"},"modified":"2026-01-26T10:57:32","modified_gmt":"2026-01-26T13:57:32","slug":"nutricionista-faz-alerta-urgente-para-quem-esquenta-carne-de-frango-no-micro-ondas","status":"publish","type":"post","link":"https:\/\/crusoe.audiencelabs.com.br\/nutricionista-faz-alerta-urgente-para-quem-esquenta-carne-de-frango-no-micro-ondas\/","title":{"rendered":"Nutricionista faz alerta urgente para quem esquenta carne de frango no micro-ondas"},"content":{"rendered":"\n<p>Com apenas alguns cliques e poucos minutos de funcionamento, <strong>o micro-ondas<\/strong> pode reaquecer os mais variados tipos de alimentos, deixando-os em temperaturas ideais para serem consumidos novamente mesmo ap\u00f3s o resfriamento.<\/p>\n\n\n\n<p>Por\u00e9m, apesar da praticidade, o eletrodom\u00e9stico conta com diversas restri\u00e7\u00f5es e alertas de uso que, embora acabem passando despercebidos por muitas pessoas, podem <strong>acarretar em graves problemas de sa\u00fade<\/strong>.<\/p>\n\n\n\n<p>Neste cen\u00e1rio, a <strong>carne de frango<\/strong> pode ser vista como um grande vil\u00e3o, j\u00e1 que a manipula\u00e7\u00e3o inadequada no micro-ondas pode resultar em diversos preju\u00edzos para o organismo, que incluem problemas digestivos e at\u00e9 mesmo infec\u00e7\u00f5es bacterianas.<\/p>\n\n\n\n<p>Em entrevista ao portal <em>MinhaVida<\/em>, a nutricionista Eleonora Galv\u00e3o, do Instituto Nutrindo Ideais, esclareceu que o alimento n\u00e3o pode ser frequentemente reaquecido, pois isso<strong> reduz seus nutrientes<\/strong> e torna o processo de digeri-lo mais complexo.<\/p>\n\n\n\n<p>Al\u00e9m disso, o micro-ondas nem sempre consegue elevar a temperatura de alimentos a n\u00edveis seguros. Com isso, microrganismos como<em> Salmonella<\/em> e <em>Campylobacter<\/em> podem <strong>se proliferar com facilidade na carne de frango<\/strong> e causar doen\u00e7as quando consumidos.<\/p>\n\n\n\n<h2 class=\"wp-block-heading\">Como reaquecer a carne de frango corretamente?<\/h2>\n\n\n\n<p>Por mais que o micro-ondas se destaque como o m\u00e9todo mais r\u00e1pido para reaquecer a carne de frango, \u00e9 fundamental seguir pr\u00e1ticas que podem valorizar o m\u00e9todo de coc\u00e7\u00e3o original do alimento.<\/p>\n\n\n\n<p>Ideais para manter a sucul\u00eancia e ainda garantir que a temperatura interna da carne seja suficiente para eliminar as bact\u00e9rias, as seguintes formas de reaquecimento se destacam como as mais seguras e eficazes:<\/p>\n\n\n\n<ul class=\"wp-block-list\">\n<li><strong>Forno:<\/strong> ideal para frangos assados inteiros ou peda\u00e7os grandes, consiste em reaquecer a carne coberta com molho e papel alum\u00ednio por 10 a 15 minutos em um forno pr\u00e9-aquecido em temperatura baixa ou moderada (entre 150 \u00baC e 180 \u00baC);<\/li>\n\n\n\n<li><strong>Air Fryer:<\/strong> melhor op\u00e7\u00e3o para frango frito ou empanado, depende da coloca\u00e7\u00e3o dos peda\u00e7os separados por espa\u00e7os que facilitar\u00e3o o fluxo de calor em uma air fryer pr\u00e9-aquecida a 190 \u00baC. Dentro de 3 a 5 minutos, a casca volta a ficar crocante;<\/li>\n\n\n\n<li><strong>Frigideira: <\/strong>excepcional para fil\u00e9s e peda\u00e7os pequenos, basta adicionar a carne em uma frigideira aquecida em fogo baixo ou m\u00e9dio com uma pequena quantidade de \u00e1gua, caldo ou manteiga, que deve ser tapada para evitar que a carne resseque.<\/li>\n<\/ul>\n\n\n\n<p>Caso o micro-ondas siga se destacando como a melhor op\u00e7\u00e3o para o momento, \u00e9 recomend\u00e1vel organizar os peda\u00e7os por tamanho no prato, deixando os maiores na borda e menores no centro, adicionar \u00e1gua ou caldo e cobrir com uma tampa pr\u00f3pria para micro-ondas ou papel toalha \u00famido para garantir o aquecimento correto e evitar ressecamento.<\/p>\n","protected":false},"excerpt":{"rendered":"<p>Com apenas alguns cliques e poucos minutos de funcionamento, o micro-ondas pode reaquecer os mais variados tipos de alimentos, deixando-os em temperaturas ideais para serem consumidos novamente mesmo ap\u00f3s o resfriamento. Por\u00e9m, apesar da praticidade, o eletrodom\u00e9stico conta com diversas restri\u00e7\u00f5es e alertas de uso que, embora acabem passando despercebidos por muitas pessoas, podem acarretar [&hellip;]<\/p>\n","protected":false},"author":7,"featured_media":29539,"comment_status":"open","ping_status":"open","sticky":false,"template":"","format":"standard","meta":{"jnews-multi-image_gallery":[],"jnews_single_post":{"format":"standard"},"jnews_primary_category":[],"jnews_override_counter":[],"jnews_post_split":[],"footnotes":""},"categories":[1],"tags":[],"class_list":["post-29538","post","type-post","status-publish","format-standard","has-post-thumbnail","hentry","category-geral"],"yoast_head":"<!-- This site is optimized with the Yoast SEO plugin v25.0 - https:\/\/yoast.com\/wordpress\/plugins\/seo\/ -->\n<title>Nutricionista faz alerta urgente para quem esquenta carne de frango no micro-ondas<\/title>\n<meta name=\"robots\" content=\"index, follow, max-snippet:-1, max-image-preview:large, max-video-preview:-1\" \/>\n<link rel=\"canonical\" href=\"https:\/\/crusoe.audiencelabs.com.br\/nutricionista-faz-alerta-urgente-para-quem-esquenta-carne-de-frango-no-micro-ondas\/\" \/>\n<meta property=\"og:locale\" content=\"pt_BR\" \/>\n<meta property=\"og:type\" content=\"article\" \/>\n<meta property=\"og:title\" content=\"Nutricionista faz alerta urgente para quem esquenta carne de frango no micro-ondas\" \/>\n<meta property=\"og:description\" content=\"Com apenas alguns cliques e poucos minutos de funcionamento, o micro-ondas pode reaquecer os mais variados tipos de alimentos, deixando-os em temperaturas ideais para serem consumidos novamente mesmo ap\u00f3s o resfriamento. Por\u00e9m, apesar da praticidade, o eletrodom\u00e9stico conta com diversas restri\u00e7\u00f5es e alertas de uso que, embora acabem passando despercebidos por muitas pessoas, podem acarretar [&hellip;]\" \/>\n<meta property=\"og:url\" content=\"https:\/\/crusoe.audiencelabs.com.br\/nutricionista-faz-alerta-urgente-para-quem-esquenta-carne-de-frango-no-micro-ondas\/\" \/>\n<meta property=\"og:site_name\" content=\"Variedades - Cruso\u00e9\" \/>\n<meta property=\"article:published_time\" content=\"2026-01-27T15:04:00+00:00\" \/>\n<meta property=\"og:image\" content=\"https:\/\/cdn.crusoe.com.br\/uploads\/2026\/01\/nutricionista-faz-alerta-urgente-para-quem-esquenta-carne-de-frango-no-micro-ondas.jpg\" \/>\n\t<meta property=\"og:image:width\" content=\"1500\" \/>\n\t<meta property=\"og:image:height\" content=\"844\" \/>\n\t<meta property=\"og:image:type\" content=\"image\/jpeg\" \/>\n<meta name=\"author\" content=\"Jo\u00e3o Carlos Gomes\" \/>\n<meta name=\"twitter:card\" content=\"summary_large_image\" \/>\n<meta name=\"twitter:label1\" content=\"Escrito por\" \/>\n\t<meta name=\"twitter:data1\" content=\"Jo\u00e3o Carlos Gomes\" \/>\n\t<meta name=\"twitter:label2\" content=\"Est. tempo de leitura\" \/>\n\t<meta name=\"twitter:data2\" content=\"3 minutos\" \/>\n<script type=\"application\/ld+json\" class=\"yoast-schema-graph\">{\"@context\":\"https:\/\/schema.org\",\"@graph\":[{\"@type\":\"WebPage\",\"@id\":\"https:\/\/crusoe.audiencelabs.com.br\/nutricionista-faz-alerta-urgente-para-quem-esquenta-carne-de-frango-no-micro-ondas\/\",\"url\":\"https:\/\/crusoe.audiencelabs.com.br\/nutricionista-faz-alerta-urgente-para-quem-esquenta-carne-de-frango-no-micro-ondas\/\",\"name\":\"Nutricionista faz alerta urgente para quem esquenta carne de frango no micro-ondas\",\"isPartOf\":{\"@id\":\"https:\/\/crusoe.audiencelabs.com.br\/#website\"},\"primaryImageOfPage\":{\"@id\":\"https:\/\/crusoe.audiencelabs.com.br\/nutricionista-faz-alerta-urgente-para-quem-esquenta-carne-de-frango-no-micro-ondas\/#primaryimage\"},\"image\":{\"@id\":\"https:\/\/crusoe.audiencelabs.com.br\/nutricionista-faz-alerta-urgente-para-quem-esquenta-carne-de-frango-no-micro-ondas\/#primaryimage\"},\"thumbnailUrl\":\"https:\/\/cdn.crusoe.com.br\/uploads\/2026\/01\/nutricionista-faz-alerta-urgente-para-quem-esquenta-carne-de-frango-no-micro-ondas.jpg\",\"datePublished\":\"2026-01-27T15:04:00+00:00\",\"author\":{\"@id\":\"https:\/\/crusoe.audiencelabs.com.br\/#\/schema\/person\/4a23399b23149df2eab6637fd2fd2bfc\"},\"breadcrumb\":{\"@id\":\"https:\/\/crusoe.audiencelabs.com.br\/nutricionista-faz-alerta-urgente-para-quem-esquenta-carne-de-frango-no-micro-ondas\/#breadcrumb\"},\"inLanguage\":\"pt-BR\",\"potentialAction\":[{\"@type\":\"ReadAction\",\"target\":[\"https:\/\/crusoe.audiencelabs.com.br\/nutricionista-faz-alerta-urgente-para-quem-esquenta-carne-de-frango-no-micro-ondas\/\"]}]},{\"@type\":\"ImageObject\",\"inLanguage\":\"pt-BR\",\"@id\":\"https:\/\/crusoe.audiencelabs.com.br\/nutricionista-faz-alerta-urgente-para-quem-esquenta-carne-de-frango-no-micro-ondas\/#primaryimage\",\"url\":\"https:\/\/cdn.crusoe.com.br\/uploads\/2026\/01\/nutricionista-faz-alerta-urgente-para-quem-esquenta-carne-de-frango-no-micro-ondas.jpg\",\"contentUrl\":\"https:\/\/cdn.crusoe.com.br\/uploads\/2026\/01\/nutricionista-faz-alerta-urgente-para-quem-esquenta-carne-de-frango-no-micro-ondas.jpg\",\"width\":1500,\"height\":844,\"caption\":\"Foto: fabrikasimf\/Freepik\"},{\"@type\":\"BreadcrumbList\",\"@id\":\"https:\/\/crusoe.audiencelabs.com.br\/nutricionista-faz-alerta-urgente-para-quem-esquenta-carne-de-frango-no-micro-ondas\/#breadcrumb\",\"itemListElement\":[{\"@type\":\"ListItem\",\"position\":1,\"name\":\"Home\",\"item\":\"https:\/\/crusoe.audiencelabs.com.br\/\"},{\"@type\":\"ListItem\",\"position\":2,\"name\":\"Nutricionista faz alerta urgente para quem esquenta carne de frango no micro-ondas\"}]},{\"@type\":\"WebSite\",\"@id\":\"https:\/\/crusoe.audiencelabs.com.br\/#website\",\"url\":\"https:\/\/crusoe.audiencelabs.com.br\/\",\"name\":\"Variedades - Cruso\u00e9\",\"description\":\"\",\"potentialAction\":[{\"@type\":\"SearchAction\",\"target\":{\"@type\":\"EntryPoint\",\"urlTemplate\":\"https:\/\/crusoe.audiencelabs.com.br\/?s={search_term_string}\"},\"query-input\":{\"@type\":\"PropertyValueSpecification\",\"valueRequired\":true,\"valueName\":\"search_term_string\"}}],\"inLanguage\":\"pt-BR\"},{\"@type\":\"Person\",\"@id\":\"https:\/\/crusoe.audiencelabs.com.br\/#\/schema\/person\/4a23399b23149df2eab6637fd2fd2bfc\",\"name\":\"Jo\u00e3o Carlos Gomes\",\"image\":{\"@type\":\"ImageObject\",\"inLanguage\":\"pt-BR\",\"@id\":\"https:\/\/crusoe.audiencelabs.com.br\/#\/schema\/person\/image\/\",\"url\":\"https:\/\/secure.gravatar.com\/avatar\/4ce4672dbdd694b329cd6fdb51bee7d1409be1f0ff76a537e4c4a737b2c7d1a9?s=96&d=mm&r=g\",\"contentUrl\":\"https:\/\/secure.gravatar.com\/avatar\/4ce4672dbdd694b329cd6fdb51bee7d1409be1f0ff76a537e4c4a737b2c7d1a9?s=96&d=mm&r=g\",\"caption\":\"Jo\u00e3o Carlos Gomes\"},\"description\":\"Jornalista, criador de conte\u00fado e m\u00fasico independente nas horas vagas.\",\"url\":\"https:\/\/crusoe.audiencelabs.com.br\/author\/joaoc-junior66\/\"}]}<\/script>\n<!-- \/ Yoast SEO plugin. -->","yoast_head_json":{"title":"Nutricionista faz alerta urgente para quem esquenta carne de frango no micro-ondas","robots":{"index":"index","follow":"follow","max-snippet":"max-snippet:-1","max-image-preview":"max-image-preview:large","max-video-preview":"max-video-preview:-1"},"canonical":"https:\/\/crusoe.audiencelabs.com.br\/nutricionista-faz-alerta-urgente-para-quem-esquenta-carne-de-frango-no-micro-ondas\/","og_locale":"pt_BR","og_type":"article","og_title":"Nutricionista faz alerta urgente para quem esquenta carne de frango no micro-ondas","og_description":"Com apenas alguns cliques e poucos minutos de funcionamento, o micro-ondas pode reaquecer os mais variados tipos de alimentos, deixando-os em temperaturas ideais para serem consumidos novamente mesmo ap\u00f3s o resfriamento. Por\u00e9m, apesar da praticidade, o eletrodom\u00e9stico conta com diversas restri\u00e7\u00f5es e alertas de uso que, embora acabem passando despercebidos por muitas pessoas, podem acarretar [&hellip;]","og_url":"https:\/\/crusoe.audiencelabs.com.br\/nutricionista-faz-alerta-urgente-para-quem-esquenta-carne-de-frango-no-micro-ondas\/","og_site_name":"Variedades - Cruso\u00e9","article_published_time":"2026-01-27T15:04:00+00:00","og_image":[{"width":1500,"height":844,"url":"https:\/\/cdn.crusoe.com.br\/uploads\/2026\/01\/nutricionista-faz-alerta-urgente-para-quem-esquenta-carne-de-frango-no-micro-ondas.jpg","type":"image\/jpeg"}],"author":"Jo\u00e3o Carlos Gomes","twitter_card":"summary_large_image","twitter_misc":{"Escrito por":"Jo\u00e3o Carlos Gomes","Est. tempo de leitura":"3 minutos"},"schema":{"@context":"https:\/\/schema.org","@graph":[{"@type":"WebPage","@id":"https:\/\/crusoe.audiencelabs.com.br\/nutricionista-faz-alerta-urgente-para-quem-esquenta-carne-de-frango-no-micro-ondas\/","url":"https:\/\/crusoe.audiencelabs.com.br\/nutricionista-faz-alerta-urgente-para-quem-esquenta-carne-de-frango-no-micro-ondas\/","name":"Nutricionista faz alerta urgente para quem esquenta carne de frango no micro-ondas","isPartOf":{"@id":"https:\/\/crusoe.audiencelabs.com.br\/#website"},"primaryImageOfPage":{"@id":"https:\/\/crusoe.audiencelabs.com.br\/nutricionista-faz-alerta-urgente-para-quem-esquenta-carne-de-frango-no-micro-ondas\/#primaryimage"},"image":{"@id":"https:\/\/crusoe.audiencelabs.com.br\/nutricionista-faz-alerta-urgente-para-quem-esquenta-carne-de-frango-no-micro-ondas\/#primaryimage"},"thumbnailUrl":"https:\/\/cdn.crusoe.com.br\/uploads\/2026\/01\/nutricionista-faz-alerta-urgente-para-quem-esquenta-carne-de-frango-no-micro-ondas.jpg","datePublished":"2026-01-27T15:04:00+00:00","author":{"@id":"https:\/\/crusoe.audiencelabs.com.br\/#\/schema\/person\/4a23399b23149df2eab6637fd2fd2bfc"},"breadcrumb":{"@id":"https:\/\/crusoe.audiencelabs.com.br\/nutricionista-faz-alerta-urgente-para-quem-esquenta-carne-de-frango-no-micro-ondas\/#breadcrumb"},"inLanguage":"pt-BR","potentialAction":[{"@type":"ReadAction","target":["https:\/\/crusoe.audiencelabs.com.br\/nutricionista-faz-alerta-urgente-para-quem-esquenta-carne-de-frango-no-micro-ondas\/"]}]},{"@type":"ImageObject","inLanguage":"pt-BR","@id":"https:\/\/crusoe.audiencelabs.com.br\/nutricionista-faz-alerta-urgente-para-quem-esquenta-carne-de-frango-no-micro-ondas\/#primaryimage","url":"https:\/\/cdn.crusoe.com.br\/uploads\/2026\/01\/nutricionista-faz-alerta-urgente-para-quem-esquenta-carne-de-frango-no-micro-ondas.jpg","contentUrl":"https:\/\/cdn.crusoe.com.br\/uploads\/2026\/01\/nutricionista-faz-alerta-urgente-para-quem-esquenta-carne-de-frango-no-micro-ondas.jpg","width":1500,"height":844,"caption":"Foto: fabrikasimf\/Freepik"},{"@type":"BreadcrumbList","@id":"https:\/\/crusoe.audiencelabs.com.br\/nutricionista-faz-alerta-urgente-para-quem-esquenta-carne-de-frango-no-micro-ondas\/#breadcrumb","itemListElement":[{"@type":"ListItem","position":1,"name":"Home","item":"https:\/\/crusoe.audiencelabs.com.br\/"},{"@type":"ListItem","position":2,"name":"Nutricionista faz alerta urgente para quem esquenta carne de frango no micro-ondas"}]},{"@type":"WebSite","@id":"https:\/\/crusoe.audiencelabs.com.br\/#website","url":"https:\/\/crusoe.audiencelabs.com.br\/","name":"Variedades - Cruso\u00e9","description":"","potentialAction":[{"@type":"SearchAction","target":{"@type":"EntryPoint","urlTemplate":"https:\/\/crusoe.audiencelabs.com.br\/?s={search_term_string}"},"query-input":{"@type":"PropertyValueSpecification","valueRequired":true,"valueName":"search_term_string"}}],"inLanguage":"pt-BR"},{"@type":"Person","@id":"https:\/\/crusoe.audiencelabs.com.br\/#\/schema\/person\/4a23399b23149df2eab6637fd2fd2bfc","name":"Jo\u00e3o Carlos Gomes","image":{"@type":"ImageObject","inLanguage":"pt-BR","@id":"https:\/\/crusoe.audiencelabs.com.br\/#\/schema\/person\/image\/","url":"https:\/\/secure.gravatar.com\/avatar\/4ce4672dbdd694b329cd6fdb51bee7d1409be1f0ff76a537e4c4a737b2c7d1a9?s=96&d=mm&r=g","contentUrl":"https:\/\/secure.gravatar.com\/avatar\/4ce4672dbdd694b329cd6fdb51bee7d1409be1f0ff76a537e4c4a737b2c7d1a9?s=96&d=mm&r=g","caption":"Jo\u00e3o Carlos Gomes"},"description":"Jornalista, criador de conte\u00fado e m\u00fasico independente nas horas vagas.","url":"https:\/\/crusoe.audiencelabs.com.br\/author\/joaoc-junior66\/"}]}},"_links":{"self":[{"href":"https:\/\/crusoe.audiencelabs.com.br\/wp-json\/wp\/v2\/posts\/29538","targetHints":{"allow":["GET"]}}],"collection":[{"href":"https:\/\/crusoe.audiencelabs.com.br\/wp-json\/wp\/v2\/posts"}],"about":[{"href":"https:\/\/crusoe.audiencelabs.com.br\/wp-json\/wp\/v2\/types\/post"}],"author":[{"embeddable":true,"href":"https:\/\/crusoe.audiencelabs.com.br\/wp-json\/wp\/v2\/users\/7"}],"replies":[{"embeddable":true,"href":"https:\/\/crusoe.audiencelabs.com.br\/wp-json\/wp\/v2\/comments?post=29538"}],"version-history":[{"count":1,"href":"https:\/\/crusoe.audiencelabs.com.br\/wp-json\/wp\/v2\/posts\/29538\/revisions"}],"predecessor-version":[{"id":29545,"href":"https:\/\/crusoe.audiencelabs.com.br\/wp-json\/wp\/v2\/posts\/29538\/revisions\/29545"}],"wp:featuredmedia":[{"embeddable":true,"href":"https:\/\/crusoe.audiencelabs.com.br\/wp-json\/wp\/v2\/media\/29539"}],"wp:attachment":[{"href":"https:\/\/crusoe.audiencelabs.com.br\/wp-json\/wp\/v2\/media?parent=29538"}],"wp:term":[{"taxonomy":"category","embeddable":true,"href":"https:\/\/crusoe.audiencelabs.com.br\/wp-json\/wp\/v2\/categories?post=29538"},{"taxonomy":"post_tag","embeddable":true,"href":"https:\/\/crusoe.audiencelabs.com.br\/wp-json\/wp\/v2\/tags?post=29538"}],"curies":[{"name":"wp","href":"https:\/\/api.w.org\/{rel}","templated":true}]}}