{"id":29308,"date":"2026-01-23T20:32:00","date_gmt":"2026-01-23T23:32:00","guid":{"rendered":"https:\/\/crusoe.audiencelabs.com.br\/?p=29308"},"modified":"2026-01-23T16:57:41","modified_gmt":"2026-01-23T19:57:41","slug":"especialistas-pedem-que-brasileiros-se-preparem-para-fenomeno-que-vai-fazer-ratos-invadirem-as-casas","status":"publish","type":"post","link":"https:\/\/crusoe.audiencelabs.com.br\/especialistas-pedem-que-brasileiros-se-preparem-para-fenomeno-que-vai-fazer-ratos-invadirem-as-casas\/","title":{"rendered":"Especialistas pedem que brasileiros se preparem para fen\u00f4meno que vai fazer ratos invadirem as casas"},"content":{"rendered":"\n<p>Embora o ver\u00e3o seja mais conhecido como a esta\u00e7\u00e3o marcada pelo sol forte e altas temperaturas, o excesso de umidade no ar causado pela evapora\u00e7\u00e3o fazem com que as<strong> chuvas<\/strong> tamb\u00e9m ocorram com certa frequ\u00eancia ao longo do per\u00edodo.<\/p>\n\n\n\n<p>E de acordo com especialistas, o fen\u00f4meno <strong>aumenta o risco de aparecimento de ratos <\/strong>no ambiente urbano, tendo em vista que a precipita\u00e7\u00e3o pode acabar causando enchentes em locais onde estes animais costumam se esconder, for\u00e7ando-os a buscar novos abrigos.<\/p>\n\n\n\n<p>Com isso, garagens, despensas, forros, s\u00f3t\u00e3os, por\u00f5es, m\u00f3veis, locais onde h\u00e1 acum\u00falo de objetos e at\u00e9 mesmo buracos nas paredes <strong>podem se tornar um novo lar para os roedores<\/strong>, que oferecem diversos riscos.<\/p>\n\n\n\n<p>Afinal, al\u00e9m de serem <strong>vetores de mais de 35 doen\u00e7as<\/strong>, os ratos ainda podem <strong>desencadear alergias<\/strong> por conta de part\u00edculas de sua pelagem e excrementos, bem como atacar seres humanos com mordidas e arranh\u00f5es.<\/p>\n\n\n\n<p>Os animais tamb\u00e9m s\u00e3o um perigo para resid\u00eancias, pois n\u00e3o apenas destroem e contaminam alimentos, como ainda roem m\u00f3veis, estruturas e at\u00e9 mesmo fia\u00e7\u00f5es el\u00e9tricas. Por conta disso, em dias de chuva, \u00e9 fundamental refor\u00e7ar a prote\u00e7\u00e3o contra ratos.<\/p>\n\n\n\n<h2 class=\"wp-block-heading\">Medidas de preven\u00e7\u00e3o: como manter os ratos fora de casa<\/h2>\n\n\n<style>@media (min-width: 992px) {\n    .recomendadorV2Area1 {\n        width: 280px;\n    }\n    .recomendadorV2Area2 {\n        padding: 0px 20px;\n        width: calc(100% - 280px);\n    }\n}\n\n@media (max-width: 992px) {\n    .recomendadorV2Button {\n        margin: 0 auto;\n    }\n    .recomendadorV2Area {\n        flex-direction: column;\n        text-align: center;\n    }\n    .recomendadorV2Area2 {\n        padding: 0px 20px;\n    }\n}\n\n.recomendadorV2Area {\n    background: #eeeeee3d;\n    border-radius: 10px;\n    padding: 15px;\n    display: flex;\n    margin: 15px auto;\n    border: 1px solid #00000014;\n    max-width: 800px;\n}\n\n.recomendadorV2Area1 img {\n    width: 280px;\n    height: auto;\n    border-radius: 8px;\n}\n\n.linkrecomendadorv2 {\n    text-decoration: none !important;\n}\n\n.recomendadorV2Area2 .recomendadorV2Type {\n    text-transform: uppercase;\n    font-weight: 500;\n    font-size: 11px;\n    letter-spacing: 2px;\n    color: #666;\n    margin: 12px 0;\n    display: block;\n}\n\n.recomendadorV2Title h2 {\n    padding-top: 0px !important;\n    margin: 0px !important;\n    border-left: none !important;\n    padding-left: 0px !important;\n    line-height: 1.3;\n    color: #000 !important;\n    font-size: 24px;\n    margin-bottom: 12px !important;\n}\n\n.recomendadorV2Desc {\n    color: #333;\n    margin: 12px 0px !important;\n    font-size: 15px;\n    line-height: 1.5;\n}\n\n.recomendadorV2Button {\n    width: auto;\n    max-width: 200px;\n    margin: 0;\n    display: inline-flex;\n    align-items: center;\n    background: #1D3557;\n    border-radius: 8px;\n    color: #fff;\n    height: 36px;\n    justify-content: center;\n    text-align: center;\n    font-size: 14px;\n    padding: 0 20px;\n    transition: background-color 0.2s ease;\n}\n\n.recomendadorV2Button:hover {\n    background: #2a4d7a;\n}\n\n.recomendadorV2Button:after {\n    margin-top: -2px;\n    content: \"\u2192\";\n    padding: 0px 0px 0px 8px;\n}\n\n.recomendadorV2Alert {\n    text-align: left;\n    font-size: 11px;\n    margin-top: 8px;\n    color: #666;\n}\n\n.recomendadorFixedArea {\n    width: 100%;\n    display: flex;\n    justify-content: center;\n    align-items: center;\n}\n\n@media (min-width: 992px) {\n    #recomendadorFixed {\n        width: 32% !important;\n        left: 5%;\n    }\n    .recomendadorCloseFixed{\n        right: inherit !important;\n        left: 378px !important;\n    }\n}\n\n#recomendadorFixed {\n    width: 90%;\n    box-shadow: 0 10px 20px 0px #00000057;\n    display: none;\n    height: 90px;\n    background: #F6F6F6;\n    position: fixed;\n    flex-direction: row;\n    bottom: 10px;\n    z-index: 9999;\n    border-radius: 16px;\n    padding: 7px 10px;\n}\n\n.recomendadorLeftArea {\n    width: 160px;\n}\n\n.recomendadorRightArea h2 {\n    padding-top: 0px;\n    margin: 2px 0px 4px 0px !important;\n    font-weight: 400;\n    text-align: center;\n    padding-left: 0px !important;\n    color: #000 !important;\n    border-left: none !important;\n    line-height: 20px;\n    font-size: 12px !important;\n}\n\n.recomendadorImgFixed {\n    overflow: hidden;\n    padding: 8px 6px;\n    height: 100%;\n}\n\n.recomendadorImgFixed img {\n    height: 100% !important;\n    border-radius: 16px;\n}\n\n.recomendadorRightArea {\n    padding-top: 6px;\n    display: flex;\n    width: calc(100% - 130px);\n    justify-content: space-between;\n    align-items: center;\n    flex-direction: column;\n}\n\n.recomendadorButtonFixed {\n    margin: 0 auto;\n    background: #1D3557;\n    width: 80%;\n    text-align: center;\n    font-size: 10px;\n    color: #FFF;\n    padding: 2px 10px;\n    border-radius: 3px;\n}\n\n.recomendadorButtonFixed:after {\n    margin-top: -3px;\n    content: \"\u2192\";\n    padding: 0px 0px 0px 10px;\n}\n\n.recomendadorAlertFixed {\n    font-weight: 400;\n    text-align: center;\n    color: #484848;\n    font-size: 8px;\n}\n\n.recomendadorCloseFixed {\n    z-index: 99999;\n    display: none;\n    right: 0px;\n    left: inherit;\n    bottom: 99px;\n    position: fixed;\n    justify-content: center;\n    background: #F6F6F6;\n    width: 25px;\n    align-items: center;\n    height: 25px;\n    font-weight: 800;\n    border-radius: 50%;\n    border: 1px solid #EBEBEB;\n}\n\n.recomendadorV2Desc{\n    color: #000000;\n    margin: 20px 0px;\n}\n\n@media (max-width: 576px) {\n    .recomendadorV2Area {\n      padding: 10px;\n      max-width: 100%;\n    }\n  \n    .recomendadorV2Area1 img {\n      width: 100%;\n      border-radius: 6px;\n    }\n  \n    .recomendadorV2Area2 .recomendadorV2Type {\n      font-size: 9px;\n      letter-spacing: 1px;\n      margin: 8px 0;\n    }\n  \n    .recomendadorV2Title h2 {\n      font-size: 18px !important;\n      margin-bottom: 8px !important;\n      line-height: 1.2;\n    }\n  \n    .recomendadorV2Desc {\n      font-size: 14px;\n      margin: 8px 0 !important;\n      line-height: 1.4;\n    }\n  \n    .recomendadorV2Button {\n      font-size: 14px;\n      height: 40px;\n      padding: 0 12px;\n      max-width: 100%;\n      width: 100%;\n    }\n  \n    .recomendadorV2Button:after {\n      padding-left: 6px;\n    }\n  }\n  <\/style>\n        <div class=\"lazyblock-recomendador-v2-2jDGz wp-block-lazyblock-recomendador-v2\">\n        <a class=\"linkrecomendadorv2\" href=\"https:\/\/crusoe.com.br\/variedades\/por-decisao-da-anvisa-chocolate-laka-e-retirado-dos-supermercados-brasileiros\/?utm_source=lazy\">\n            <div class=\"recomendadorV2Area\">\n            <div class=\"recomendadorV2Area1\">\n                <div class=\"recomendadorV2Img\">\n                <img class=\"lazyloaded\" decoding=\"async\" src=\"https:\/\/cdn.crusoe.com.br\/uploads\/2026\/01\/shutterstock_1976234816_1_1-1140x570.jpg\" data-src=\"https:\/\/cdn.crusoe.com.br\/uploads\/2026\/01\/shutterstock_1976234816_1_1-1140x570.jpg\" alt=\"\">\n                <\/div>\n            <\/div>\n            <div class=\"recomendadorV2Area2\">\n                <div class=\"recomendadorV2Type\">\n                    <span>Alerta Anvisa<\/span>\n                <\/div>\n                <div class=\"recomendadorV2Title\">\n                <h2><span>Chocolate Retirado \ud83c\udf6b<\/span><\/h2>\n                <\/div>\n                <div class=\"recomendadorV2Desc\">\n                <span>Laka sai dos mercados por decis\u00e3o da Anvisa<\/span>\n                <\/div>\n                <div class=\"recomendadorV2Button\">Veja o Motivo<\/div>\n                <div class=\"recomendadorV2Alert\"><\/div>\n            <\/div>\n            <\/div>\n        <\/a>\n        <div>\n            <div style=\"z-index:99999;\" id=\"buttonClose\" onclick=\"closeRecomendadorFixed()\">\n            <div class=\"recomendadorCloseFixed\">X<\/div>\n            <\/div>\n            <a href=\"https:\/\/crusoe.com.br\/variedades\/por-decisao-da-anvisa-chocolate-laka-e-retirado-dos-supermercados-brasileiros\/?utm_source=lazy\">\n            <div class=\"recomendadorFixedArea\">\n                <div id=\"recomendadorFixed\">\n                <div class=\"recomendadorLeftArea\">\n                    <div class=\"recomendadorImgFixed\">\n                    <img class=\"lazyload\" decoding=\"async\" src=\"https:\/\/cdn.crusoe.com.br\/uploads\/2026\/01\/shutterstock_1976234816_1_1-1140x570.jpg\" alt=\"\">\n                    <\/div>\n                <\/div>\n                <div class=\"recomendadorRightArea\">\n                    <div class=\"recomendadorTitleFixed\">\n                    <h2><span>Chocolate Retirado \ud83c\udf6b<\/span><\/h2>\n                    <\/div>\n                    <div class=\"recomendadorButtonFixed\">Veja o Motivo<\/div>\n                    <div class=\"recomendadorAlertFixed\"><\/div>\n                <\/div>\n                <\/div>\n            <\/div>\n            <\/a>\n        <\/div>\n        <\/div>\n\n\n\n<p>\u00c9 importante lembrar que as enchentes n\u00e3o s\u00e3o o \u00fanico motivador que for\u00e7am ratos a buscarem por novos abrigos, pois a chuva tamb\u00e9m pode dispersar res\u00edduos org\u00e2nicos pelas ruas, atraindo a aten\u00e7\u00e3o destes animais.<\/p>\n\n\n\n<p>Sendo assim, segundo especialistas, uma das principais medidas para evitar sua presen\u00e7a consiste em <strong>evitar ac\u00famulo de lixo em quintais e cal\u00e7adas<\/strong>, garantindo que os terrenos fiquem sempre limpos.<\/p>\n\n\n\n<p>Tamb\u00e9m \u00e9 ideal remover entulhos, podar vegeta\u00e7\u00f5es e, para evitar surpresas, realizar inspe\u00e7\u00f5es peri\u00f3dicas em toda a casa para identificar poss\u00edveis pontos de entrada para roedores que acabaram passando despercebidos.<\/p>\n\n\n\n<p>Na parte interna das casas e apartamentos, \u00e9 recomend\u00e1vel vedar qualquer prov\u00e1vel acesso, bem como instalar telas ou outros mecanismos que bloqueiem a entrada em ralos e janelas. Caso necess\u00e1rio, tamb\u00e9m \u00e9 poss\u00edvel recorrer \u00e0 ajuda profissional.<\/p>\n","protected":false},"excerpt":{"rendered":"<p>Embora o ver\u00e3o seja mais conhecido como a esta\u00e7\u00e3o marcada pelo sol forte e altas temperaturas, o excesso de umidade no ar causado pela evapora\u00e7\u00e3o fazem com que as chuvas tamb\u00e9m ocorram com certa frequ\u00eancia ao longo do per\u00edodo. E de acordo com especialistas, o fen\u00f4meno aumenta o risco de aparecimento de ratos no ambiente [&hellip;]<\/p>\n","protected":false},"author":7,"featured_media":29309,"comment_status":"open","ping_status":"open","sticky":false,"template":"","format":"standard","meta":{"jnews-multi-image_gallery":[],"jnews_single_post":{"format":"standard"},"jnews_primary_category":[],"jnews_override_counter":[],"jnews_post_split":[],"footnotes":""},"categories":[1],"tags":[],"class_list":["post-29308","post","type-post","status-publish","format-standard","has-post-thumbnail","hentry","category-geral"],"yoast_head":"<!-- This site is optimized with the Yoast SEO plugin v25.0 - https:\/\/yoast.com\/wordpress\/plugins\/seo\/ -->\n<title>Especialistas pedem que brasileiros se preparem para fen\u00f4meno que vai fazer ratos invadirem as casas<\/title>\n<meta name=\"robots\" content=\"index, follow, max-snippet:-1, max-image-preview:large, max-video-preview:-1\" \/>\n<link rel=\"canonical\" href=\"https:\/\/crusoe.audiencelabs.com.br\/especialistas-pedem-que-brasileiros-se-preparem-para-fenomeno-que-vai-fazer-ratos-invadirem-as-casas\/\" \/>\n<meta property=\"og:locale\" content=\"pt_BR\" \/>\n<meta property=\"og:type\" content=\"article\" \/>\n<meta property=\"og:title\" content=\"Especialistas pedem que brasileiros se preparem para fen\u00f4meno que vai fazer ratos invadirem as casas\" \/>\n<meta property=\"og:description\" content=\"Embora o ver\u00e3o seja mais conhecido como a esta\u00e7\u00e3o marcada pelo sol forte e altas temperaturas, o excesso de umidade no ar causado pela evapora\u00e7\u00e3o fazem com que as chuvas tamb\u00e9m ocorram com certa frequ\u00eancia ao longo do per\u00edodo. E de acordo com especialistas, o fen\u00f4meno aumenta o risco de aparecimento de ratos no ambiente [&hellip;]\" \/>\n<meta property=\"og:url\" content=\"https:\/\/crusoe.audiencelabs.com.br\/especialistas-pedem-que-brasileiros-se-preparem-para-fenomeno-que-vai-fazer-ratos-invadirem-as-casas\/\" \/>\n<meta property=\"og:site_name\" content=\"Variedades - Cruso\u00e9\" \/>\n<meta property=\"article:published_time\" content=\"2026-01-23T23:32:00+00:00\" \/>\n<meta property=\"og:image\" content=\"https:\/\/cdn.crusoe.com.br\/uploads\/2026\/01\/especialistas-pedem-que-brasileiros-se-preparem-para-fenomeno-que-vai-fazer-ratos-invadirem-casas.jpg\" \/>\n\t<meta property=\"og:image:width\" content=\"1920\" \/>\n\t<meta property=\"og:image:height\" content=\"1080\" \/>\n\t<meta property=\"og:image:type\" content=\"image\/jpeg\" \/>\n<meta name=\"author\" content=\"Jo\u00e3o Carlos Gomes\" \/>\n<meta name=\"twitter:card\" content=\"summary_large_image\" \/>\n<meta name=\"twitter:label1\" content=\"Escrito por\" \/>\n\t<meta name=\"twitter:data1\" content=\"Jo\u00e3o Carlos Gomes\" \/>\n\t<meta name=\"twitter:label2\" content=\"Est. tempo de leitura\" \/>\n\t<meta name=\"twitter:data2\" content=\"3 minutos\" \/>\n<script type=\"application\/ld+json\" class=\"yoast-schema-graph\">{\"@context\":\"https:\/\/schema.org\",\"@graph\":[{\"@type\":\"WebPage\",\"@id\":\"https:\/\/crusoe.audiencelabs.com.br\/especialistas-pedem-que-brasileiros-se-preparem-para-fenomeno-que-vai-fazer-ratos-invadirem-as-casas\/\",\"url\":\"https:\/\/crusoe.audiencelabs.com.br\/especialistas-pedem-que-brasileiros-se-preparem-para-fenomeno-que-vai-fazer-ratos-invadirem-as-casas\/\",\"name\":\"Especialistas pedem que brasileiros se preparem para fen\u00f4meno que vai fazer ratos invadirem as casas\",\"isPartOf\":{\"@id\":\"https:\/\/crusoe.audiencelabs.com.br\/#website\"},\"primaryImageOfPage\":{\"@id\":\"https:\/\/crusoe.audiencelabs.com.br\/especialistas-pedem-que-brasileiros-se-preparem-para-fenomeno-que-vai-fazer-ratos-invadirem-as-casas\/#primaryimage\"},\"image\":{\"@id\":\"https:\/\/crusoe.audiencelabs.com.br\/especialistas-pedem-que-brasileiros-se-preparem-para-fenomeno-que-vai-fazer-ratos-invadirem-as-casas\/#primaryimage\"},\"thumbnailUrl\":\"https:\/\/cdn.crusoe.com.br\/uploads\/2026\/01\/especialistas-pedem-que-brasileiros-se-preparem-para-fenomeno-que-vai-fazer-ratos-invadirem-casas.jpg\",\"datePublished\":\"2026-01-23T23:32:00+00:00\",\"author\":{\"@id\":\"https:\/\/crusoe.audiencelabs.com.br\/#\/schema\/person\/4a23399b23149df2eab6637fd2fd2bfc\"},\"breadcrumb\":{\"@id\":\"https:\/\/crusoe.audiencelabs.com.br\/especialistas-pedem-que-brasileiros-se-preparem-para-fenomeno-que-vai-fazer-ratos-invadirem-as-casas\/#breadcrumb\"},\"inLanguage\":\"pt-BR\",\"potentialAction\":[{\"@type\":\"ReadAction\",\"target\":[\"https:\/\/crusoe.audiencelabs.com.br\/especialistas-pedem-que-brasileiros-se-preparem-para-fenomeno-que-vai-fazer-ratos-invadirem-as-casas\/\"]}]},{\"@type\":\"ImageObject\",\"inLanguage\":\"pt-BR\",\"@id\":\"https:\/\/crusoe.audiencelabs.com.br\/especialistas-pedem-que-brasileiros-se-preparem-para-fenomeno-que-vai-fazer-ratos-invadirem-as-casas\/#primaryimage\",\"url\":\"https:\/\/cdn.crusoe.com.br\/uploads\/2026\/01\/especialistas-pedem-que-brasileiros-se-preparem-para-fenomeno-que-vai-fazer-ratos-invadirem-casas.jpg\",\"contentUrl\":\"https:\/\/cdn.crusoe.com.br\/uploads\/2026\/01\/especialistas-pedem-que-brasileiros-se-preparem-para-fenomeno-que-vai-fazer-ratos-invadirem-casas.jpg\",\"width\":1920,\"height\":1080,\"caption\":\"Foto: Svetozar Cenisev\/Unsplash\"},{\"@type\":\"BreadcrumbList\",\"@id\":\"https:\/\/crusoe.audiencelabs.com.br\/especialistas-pedem-que-brasileiros-se-preparem-para-fenomeno-que-vai-fazer-ratos-invadirem-as-casas\/#breadcrumb\",\"itemListElement\":[{\"@type\":\"ListItem\",\"position\":1,\"name\":\"Home\",\"item\":\"https:\/\/crusoe.audiencelabs.com.br\/\"},{\"@type\":\"ListItem\",\"position\":2,\"name\":\"Especialistas pedem que brasileiros se preparem para fen\u00f4meno que vai fazer ratos invadirem as casas\"}]},{\"@type\":\"WebSite\",\"@id\":\"https:\/\/crusoe.audiencelabs.com.br\/#website\",\"url\":\"https:\/\/crusoe.audiencelabs.com.br\/\",\"name\":\"Variedades - Cruso\u00e9\",\"description\":\"\",\"potentialAction\":[{\"@type\":\"SearchAction\",\"target\":{\"@type\":\"EntryPoint\",\"urlTemplate\":\"https:\/\/crusoe.audiencelabs.com.br\/?s={search_term_string}\"},\"query-input\":{\"@type\":\"PropertyValueSpecification\",\"valueRequired\":true,\"valueName\":\"search_term_string\"}}],\"inLanguage\":\"pt-BR\"},{\"@type\":\"Person\",\"@id\":\"https:\/\/crusoe.audiencelabs.com.br\/#\/schema\/person\/4a23399b23149df2eab6637fd2fd2bfc\",\"name\":\"Jo\u00e3o Carlos Gomes\",\"image\":{\"@type\":\"ImageObject\",\"inLanguage\":\"pt-BR\",\"@id\":\"https:\/\/crusoe.audiencelabs.com.br\/#\/schema\/person\/image\/\",\"url\":\"https:\/\/secure.gravatar.com\/avatar\/4ce4672dbdd694b329cd6fdb51bee7d1409be1f0ff76a537e4c4a737b2c7d1a9?s=96&d=mm&r=g\",\"contentUrl\":\"https:\/\/secure.gravatar.com\/avatar\/4ce4672dbdd694b329cd6fdb51bee7d1409be1f0ff76a537e4c4a737b2c7d1a9?s=96&d=mm&r=g\",\"caption\":\"Jo\u00e3o Carlos Gomes\"},\"description\":\"Jornalista, criador de conte\u00fado e m\u00fasico independente nas horas vagas.\",\"url\":\"https:\/\/crusoe.audiencelabs.com.br\/author\/joaoc-junior66\/\"}]}<\/script>\n<!-- \/ Yoast SEO plugin. -->","yoast_head_json":{"title":"Especialistas pedem que brasileiros se preparem para fen\u00f4meno que vai fazer ratos invadirem as casas","robots":{"index":"index","follow":"follow","max-snippet":"max-snippet:-1","max-image-preview":"max-image-preview:large","max-video-preview":"max-video-preview:-1"},"canonical":"https:\/\/crusoe.audiencelabs.com.br\/especialistas-pedem-que-brasileiros-se-preparem-para-fenomeno-que-vai-fazer-ratos-invadirem-as-casas\/","og_locale":"pt_BR","og_type":"article","og_title":"Especialistas pedem que brasileiros se preparem para fen\u00f4meno que vai fazer ratos invadirem as casas","og_description":"Embora o ver\u00e3o seja mais conhecido como a esta\u00e7\u00e3o marcada pelo sol forte e altas temperaturas, o excesso de umidade no ar causado pela evapora\u00e7\u00e3o fazem com que as chuvas tamb\u00e9m ocorram com certa frequ\u00eancia ao longo do per\u00edodo. E de acordo com especialistas, o fen\u00f4meno aumenta o risco de aparecimento de ratos no ambiente [&hellip;]","og_url":"https:\/\/crusoe.audiencelabs.com.br\/especialistas-pedem-que-brasileiros-se-preparem-para-fenomeno-que-vai-fazer-ratos-invadirem-as-casas\/","og_site_name":"Variedades - Cruso\u00e9","article_published_time":"2026-01-23T23:32:00+00:00","og_image":[{"width":1920,"height":1080,"url":"https:\/\/cdn.crusoe.com.br\/uploads\/2026\/01\/especialistas-pedem-que-brasileiros-se-preparem-para-fenomeno-que-vai-fazer-ratos-invadirem-casas.jpg","type":"image\/jpeg"}],"author":"Jo\u00e3o Carlos Gomes","twitter_card":"summary_large_image","twitter_misc":{"Escrito por":"Jo\u00e3o Carlos Gomes","Est. tempo de leitura":"3 minutos"},"schema":{"@context":"https:\/\/schema.org","@graph":[{"@type":"WebPage","@id":"https:\/\/crusoe.audiencelabs.com.br\/especialistas-pedem-que-brasileiros-se-preparem-para-fenomeno-que-vai-fazer-ratos-invadirem-as-casas\/","url":"https:\/\/crusoe.audiencelabs.com.br\/especialistas-pedem-que-brasileiros-se-preparem-para-fenomeno-que-vai-fazer-ratos-invadirem-as-casas\/","name":"Especialistas pedem que brasileiros se preparem para fen\u00f4meno que vai fazer ratos invadirem as casas","isPartOf":{"@id":"https:\/\/crusoe.audiencelabs.com.br\/#website"},"primaryImageOfPage":{"@id":"https:\/\/crusoe.audiencelabs.com.br\/especialistas-pedem-que-brasileiros-se-preparem-para-fenomeno-que-vai-fazer-ratos-invadirem-as-casas\/#primaryimage"},"image":{"@id":"https:\/\/crusoe.audiencelabs.com.br\/especialistas-pedem-que-brasileiros-se-preparem-para-fenomeno-que-vai-fazer-ratos-invadirem-as-casas\/#primaryimage"},"thumbnailUrl":"https:\/\/cdn.crusoe.com.br\/uploads\/2026\/01\/especialistas-pedem-que-brasileiros-se-preparem-para-fenomeno-que-vai-fazer-ratos-invadirem-casas.jpg","datePublished":"2026-01-23T23:32:00+00:00","author":{"@id":"https:\/\/crusoe.audiencelabs.com.br\/#\/schema\/person\/4a23399b23149df2eab6637fd2fd2bfc"},"breadcrumb":{"@id":"https:\/\/crusoe.audiencelabs.com.br\/especialistas-pedem-que-brasileiros-se-preparem-para-fenomeno-que-vai-fazer-ratos-invadirem-as-casas\/#breadcrumb"},"inLanguage":"pt-BR","potentialAction":[{"@type":"ReadAction","target":["https:\/\/crusoe.audiencelabs.com.br\/especialistas-pedem-que-brasileiros-se-preparem-para-fenomeno-que-vai-fazer-ratos-invadirem-as-casas\/"]}]},{"@type":"ImageObject","inLanguage":"pt-BR","@id":"https:\/\/crusoe.audiencelabs.com.br\/especialistas-pedem-que-brasileiros-se-preparem-para-fenomeno-que-vai-fazer-ratos-invadirem-as-casas\/#primaryimage","url":"https:\/\/cdn.crusoe.com.br\/uploads\/2026\/01\/especialistas-pedem-que-brasileiros-se-preparem-para-fenomeno-que-vai-fazer-ratos-invadirem-casas.jpg","contentUrl":"https:\/\/cdn.crusoe.com.br\/uploads\/2026\/01\/especialistas-pedem-que-brasileiros-se-preparem-para-fenomeno-que-vai-fazer-ratos-invadirem-casas.jpg","width":1920,"height":1080,"caption":"Foto: Svetozar Cenisev\/Unsplash"},{"@type":"BreadcrumbList","@id":"https:\/\/crusoe.audiencelabs.com.br\/especialistas-pedem-que-brasileiros-se-preparem-para-fenomeno-que-vai-fazer-ratos-invadirem-as-casas\/#breadcrumb","itemListElement":[{"@type":"ListItem","position":1,"name":"Home","item":"https:\/\/crusoe.audiencelabs.com.br\/"},{"@type":"ListItem","position":2,"name":"Especialistas pedem que brasileiros se preparem para fen\u00f4meno que vai fazer ratos invadirem as casas"}]},{"@type":"WebSite","@id":"https:\/\/crusoe.audiencelabs.com.br\/#website","url":"https:\/\/crusoe.audiencelabs.com.br\/","name":"Variedades - Cruso\u00e9","description":"","potentialAction":[{"@type":"SearchAction","target":{"@type":"EntryPoint","urlTemplate":"https:\/\/crusoe.audiencelabs.com.br\/?s={search_term_string}"},"query-input":{"@type":"PropertyValueSpecification","valueRequired":true,"valueName":"search_term_string"}}],"inLanguage":"pt-BR"},{"@type":"Person","@id":"https:\/\/crusoe.audiencelabs.com.br\/#\/schema\/person\/4a23399b23149df2eab6637fd2fd2bfc","name":"Jo\u00e3o Carlos Gomes","image":{"@type":"ImageObject","inLanguage":"pt-BR","@id":"https:\/\/crusoe.audiencelabs.com.br\/#\/schema\/person\/image\/","url":"https:\/\/secure.gravatar.com\/avatar\/4ce4672dbdd694b329cd6fdb51bee7d1409be1f0ff76a537e4c4a737b2c7d1a9?s=96&d=mm&r=g","contentUrl":"https:\/\/secure.gravatar.com\/avatar\/4ce4672dbdd694b329cd6fdb51bee7d1409be1f0ff76a537e4c4a737b2c7d1a9?s=96&d=mm&r=g","caption":"Jo\u00e3o Carlos Gomes"},"description":"Jornalista, criador de conte\u00fado e m\u00fasico independente nas horas vagas.","url":"https:\/\/crusoe.audiencelabs.com.br\/author\/joaoc-junior66\/"}]}},"_links":{"self":[{"href":"https:\/\/crusoe.audiencelabs.com.br\/wp-json\/wp\/v2\/posts\/29308","targetHints":{"allow":["GET"]}}],"collection":[{"href":"https:\/\/crusoe.audiencelabs.com.br\/wp-json\/wp\/v2\/posts"}],"about":[{"href":"https:\/\/crusoe.audiencelabs.com.br\/wp-json\/wp\/v2\/types\/post"}],"author":[{"embeddable":true,"href":"https:\/\/crusoe.audiencelabs.com.br\/wp-json\/wp\/v2\/users\/7"}],"replies":[{"embeddable":true,"href":"https:\/\/crusoe.audiencelabs.com.br\/wp-json\/wp\/v2\/comments?post=29308"}],"version-history":[{"count":3,"href":"https:\/\/crusoe.audiencelabs.com.br\/wp-json\/wp\/v2\/posts\/29308\/revisions"}],"predecessor-version":[{"id":29384,"href":"https:\/\/crusoe.audiencelabs.com.br\/wp-json\/wp\/v2\/posts\/29308\/revisions\/29384"}],"wp:featuredmedia":[{"embeddable":true,"href":"https:\/\/crusoe.audiencelabs.com.br\/wp-json\/wp\/v2\/media\/29309"}],"wp:attachment":[{"href":"https:\/\/crusoe.audiencelabs.com.br\/wp-json\/wp\/v2\/media?parent=29308"}],"wp:term":[{"taxonomy":"category","embeddable":true,"href":"https:\/\/crusoe.audiencelabs.com.br\/wp-json\/wp\/v2\/categories?post=29308"},{"taxonomy":"post_tag","embeddable":true,"href":"https:\/\/crusoe.audiencelabs.com.br\/wp-json\/wp\/v2\/tags?post=29308"}],"curies":[{"name":"wp","href":"https:\/\/api.w.org\/{rel}","templated":true}]}}