{"id":29111,"date":"2026-01-22T17:05:00","date_gmt":"2026-01-22T20:05:00","guid":{"rendered":"https:\/\/crusoe.audiencelabs.com.br\/?p=29111"},"modified":"2026-01-22T16:19:19","modified_gmt":"2026-01-22T19:19:19","slug":"brasileiros-comemoram-noticia-que-pode-por-fim-a-escala-6x1-ainda-em-2026","status":"publish","type":"post","link":"https:\/\/crusoe.audiencelabs.com.br\/brasileiros-comemoram-noticia-que-pode-por-fim-a-escala-6x1-ainda-em-2026\/","title":{"rendered":"Brasileiros comemoram not\u00edcia que pode p\u00f4r fim \u00e0 escala 6&#215;1 ainda em 2026"},"content":{"rendered":"\n<p>Escala em pauta? O governo federal, sob a presid\u00eancia de Luiz In\u00e1cio Lula da Silva, articula a <strong>aprova\u00e7\u00e3o de mudan\u00e7as relevantes nas rela\u00e7\u00f5es de trabalho<\/strong> no Brasil, com a condu\u00e7\u00e3o do ministro da Secretaria-Geral da Presid\u00eancia, Guilherme Boulos.<\/p>\n\n\n\n<p>A meta \u00e9 que, at\u00e9 o fim do primeiro semestre de 2026, o Congresso Nacional vote o <strong>fim da escala de trabalho 6&#215;1<\/strong>.&nbsp;A proposta apresentada por Boulos prev\u00ea a substitui\u00e7\u00e3o pelo modelo 5&#215;2, sem redu\u00e7\u00e3o da jornada semanal de 40 horas nem dos sal\u00e1rios.<\/p>\n\n\n\n<p>Paralelamente, est\u00e1 em pauta a <strong>regulamenta\u00e7\u00e3o do trabalho por aplicativos<\/strong>, uma \u00e1rea em r\u00e1pida expans\u00e3o que necessita de normas adequadas.<\/p>\n\n\n\n<h2 class=\"wp-block-heading\">Resist\u00eancias e benef\u00edcios da nova escala<\/h2>\n\n\n\n<p>A introdu\u00e7\u00e3o de um dia extra de folga semanal visa melhorar a qualidade de vida dos trabalhadores e oferecer mais tempo para desenvolvimento profissional.&nbsp;<\/p>\n\n\n\n<p>No entanto, a proposta enfrenta resist\u00eancia de setores empresariais preocupados com um impacto financeiro negativo. A alega\u00e7\u00e3o \u00e9 que a produ\u00e7\u00e3o possa ser afetada imediatamente, apesar das promessas de produtividade a longo prazo.<\/p>\n\n\n\n<p>O governo acredita que, al\u00e9m do bem-estar dos trabalhadores, a nova escala pode facilitar a formaliza\u00e7\u00e3o do trabalho, ajudando no fortalecimento da Previd\u00eancia Social.&nbsp;<\/p>\n\n\n\n<h2 class=\"wp-block-heading\">Regulamenta\u00e7\u00e3o dos aplicativos: medidas em discuss\u00e3o<\/h2>\n\n\n\n<p>O governo prioriza a regulamenta\u00e7\u00e3o do trabalho por aplicativos. Este setor, que cresceu rapidamente, enfrenta desafios, incluindo taxas altas cobradas por empresas de tecnologia a motoristas e entregadores.&nbsp;<\/p>\n\n\n\n<p>As medidas em debate incluem a defini\u00e7\u00e3o de uma remunera\u00e7\u00e3o m\u00ednima, a garantia de direitos previdenci\u00e1rios e maior transpar\u00eancia nos processos adotados pelos aplicativos. A regulamenta\u00e7\u00e3o busca reduzir abusos e assegurar uma remunera\u00e7\u00e3o mais justa aos trabalhadores.<\/p>\n\n\n\n<p>A ideia \u00e9 estabelecer um ambiente laboral mais transparente, beneficiando os trabalhadores e os empres\u00e1rios envolvidos no segmento.<\/p>\n\n\n\n<h2 class=\"wp-block-heading\">Expectativas com as mudan\u00e7as propostas<\/h2>\n\n\n\n<p>A moderniza\u00e7\u00e3o das normas trabalhistas \u00e9 vista como uma estrat\u00e9gia para fortalecer a economia formal e alinhar o Brasil a tend\u00eancias internacionais de prote\u00e7\u00e3o aos trabalhadores. Esperam-se desafios na articula\u00e7\u00e3o pol\u00edtica necess\u00e1ria para garantir a aprova\u00e7\u00e3o desses projetos.&nbsp;<\/p>\n\n\n\n<p>Convencer parlamentares resistentes e fazer negocia\u00e7\u00f5es que n\u00e3o prejudiquem demasiadamente o setor empresarial ser\u00e3o essenciais. A meta \u00e9 avan\u00e7ar em um contexto de desenvolvimento socioecon\u00f4mico harmonioso.<\/p>\n","protected":false},"excerpt":{"rendered":"<p>O fim da escala 6&#215;1 pode estar a caminho, enquanto a regulamenta\u00e7\u00e3o do trabalho por aplicativos agita o cen\u00e1rio<\/p>\n","protected":false},"author":5,"featured_media":29113,"comment_status":"open","ping_status":"open","sticky":false,"template":"","format":"standard","meta":{"jnews-multi-image_gallery":[],"jnews_single_post":{"format":"standard"},"jnews_primary_category":[],"jnews_override_counter":[],"jnews_post_split":[],"footnotes":""},"categories":[1],"tags":[5190,277],"class_list":["post-29111","post","type-post","status-publish","format-standard","has-post-thumbnail","hentry","category-geral","tag-escala-6x1","tag-governo-federal"],"yoast_head":"<!-- This site is optimized with the Yoast SEO plugin v25.0 - https:\/\/yoast.com\/wordpress\/plugins\/seo\/ -->\n<title>Brasileiros comemoram not\u00edcia que pode p\u00f4r fim \u00e0 escala 6x1 ainda em 2026<\/title>\n<meta name=\"description\" content=\"Escala em pauta? O governo federal, sob a presid\u00eancia de Luiz In\u00e1cio Lula da Silva, articula a aprova\u00e7\u00e3o de mudan\u00e7as nas rela\u00e7\u00f5es de trabalho\" \/>\n<meta name=\"robots\" content=\"index, follow, max-snippet:-1, max-image-preview:large, max-video-preview:-1\" \/>\n<link rel=\"canonical\" href=\"https:\/\/crusoe.audiencelabs.com.br\/brasileiros-comemoram-noticia-que-pode-por-fim-a-escala-6x1-ainda-em-2026\/\" \/>\n<meta property=\"og:locale\" content=\"pt_BR\" \/>\n<meta property=\"og:type\" content=\"article\" \/>\n<meta property=\"og:title\" content=\"Brasileiros comemoram not\u00edcia que pode p\u00f4r fim \u00e0 escala 6x1 ainda em 2026\" \/>\n<meta property=\"og:description\" content=\"Escala em pauta? O governo federal, sob a presid\u00eancia de Luiz In\u00e1cio Lula da Silva, articula a aprova\u00e7\u00e3o de mudan\u00e7as nas rela\u00e7\u00f5es de trabalho\" \/>\n<meta property=\"og:url\" content=\"https:\/\/crusoe.audiencelabs.com.br\/brasileiros-comemoram-noticia-que-pode-por-fim-a-escala-6x1-ainda-em-2026\/\" \/>\n<meta property=\"og:site_name\" content=\"Variedades - Cruso\u00e9\" \/>\n<meta property=\"article:published_time\" content=\"2026-01-22T20:05:00+00:00\" \/>\n<meta property=\"og:image\" content=\"https:\/\/cdn.crusoe.com.br\/uploads\/2026\/01\/industrias_wd2212_2.jpg\" \/>\n\t<meta property=\"og:image:width\" content=\"1170\" \/>\n\t<meta property=\"og:image:height\" content=\"700\" \/>\n\t<meta property=\"og:image:type\" content=\"image\/jpeg\" \/>\n<meta name=\"author\" content=\"Milena Armando\" \/>\n<meta name=\"twitter:card\" content=\"summary_large_image\" \/>\n<meta name=\"twitter:label1\" content=\"Escrito por\" \/>\n\t<meta name=\"twitter:data1\" content=\"Milena Armando\" \/>\n\t<meta name=\"twitter:label2\" content=\"Est. tempo de leitura\" \/>\n\t<meta name=\"twitter:data2\" content=\"3 minutos\" \/>\n<script type=\"application\/ld+json\" class=\"yoast-schema-graph\">{\"@context\":\"https:\/\/schema.org\",\"@graph\":[{\"@type\":\"WebPage\",\"@id\":\"https:\/\/crusoe.audiencelabs.com.br\/brasileiros-comemoram-noticia-que-pode-por-fim-a-escala-6x1-ainda-em-2026\/\",\"url\":\"https:\/\/crusoe.audiencelabs.com.br\/brasileiros-comemoram-noticia-que-pode-por-fim-a-escala-6x1-ainda-em-2026\/\",\"name\":\"Brasileiros comemoram not\u00edcia que pode p\u00f4r fim \u00e0 escala 6x1 ainda em 2026\",\"isPartOf\":{\"@id\":\"https:\/\/crusoe.audiencelabs.com.br\/#website\"},\"primaryImageOfPage\":{\"@id\":\"https:\/\/crusoe.audiencelabs.com.br\/brasileiros-comemoram-noticia-que-pode-por-fim-a-escala-6x1-ainda-em-2026\/#primaryimage\"},\"image\":{\"@id\":\"https:\/\/crusoe.audiencelabs.com.br\/brasileiros-comemoram-noticia-que-pode-por-fim-a-escala-6x1-ainda-em-2026\/#primaryimage\"},\"thumbnailUrl\":\"https:\/\/cdn.crusoe.com.br\/uploads\/2026\/01\/industrias_wd2212_2.jpg\",\"datePublished\":\"2026-01-22T20:05:00+00:00\",\"author\":{\"@id\":\"https:\/\/crusoe.audiencelabs.com.br\/#\/schema\/person\/f87f73cfe89e5360de2c006bd4bd6a74\"},\"description\":\"Escala em pauta? O governo federal, sob a presid\u00eancia de Luiz In\u00e1cio Lula da Silva, articula a aprova\u00e7\u00e3o de mudan\u00e7as nas rela\u00e7\u00f5es de trabalho\",\"breadcrumb\":{\"@id\":\"https:\/\/crusoe.audiencelabs.com.br\/brasileiros-comemoram-noticia-que-pode-por-fim-a-escala-6x1-ainda-em-2026\/#breadcrumb\"},\"inLanguage\":\"pt-BR\",\"potentialAction\":[{\"@type\":\"ReadAction\",\"target\":[\"https:\/\/crusoe.audiencelabs.com.br\/brasileiros-comemoram-noticia-que-pode-por-fim-a-escala-6x1-ainda-em-2026\/\"]}]},{\"@type\":\"ImageObject\",\"inLanguage\":\"pt-BR\",\"@id\":\"https:\/\/crusoe.audiencelabs.com.br\/brasileiros-comemoram-noticia-que-pode-por-fim-a-escala-6x1-ainda-em-2026\/#primaryimage\",\"url\":\"https:\/\/cdn.crusoe.com.br\/uploads\/2026\/01\/industrias_wd2212_2.jpg\",\"contentUrl\":\"https:\/\/cdn.crusoe.com.br\/uploads\/2026\/01\/industrias_wd2212_2.jpg\",\"width\":1170,\"height\":700,\"caption\":\"Reprodu\u00e7\u00e3o: Agencia Brasil\"},{\"@type\":\"BreadcrumbList\",\"@id\":\"https:\/\/crusoe.audiencelabs.com.br\/brasileiros-comemoram-noticia-que-pode-por-fim-a-escala-6x1-ainda-em-2026\/#breadcrumb\",\"itemListElement\":[{\"@type\":\"ListItem\",\"position\":1,\"name\":\"Home\",\"item\":\"https:\/\/crusoe.audiencelabs.com.br\/\"},{\"@type\":\"ListItem\",\"position\":2,\"name\":\"Brasileiros comemoram not\u00edcia que pode p\u00f4r fim \u00e0 escala 6&#215;1 ainda em 2026\"}]},{\"@type\":\"WebSite\",\"@id\":\"https:\/\/crusoe.audiencelabs.com.br\/#website\",\"url\":\"https:\/\/crusoe.audiencelabs.com.br\/\",\"name\":\"Variedades - Cruso\u00e9\",\"description\":\"\",\"potentialAction\":[{\"@type\":\"SearchAction\",\"target\":{\"@type\":\"EntryPoint\",\"urlTemplate\":\"https:\/\/crusoe.audiencelabs.com.br\/?s={search_term_string}\"},\"query-input\":{\"@type\":\"PropertyValueSpecification\",\"valueRequired\":true,\"valueName\":\"search_term_string\"}}],\"inLanguage\":\"pt-BR\"},{\"@type\":\"Person\",\"@id\":\"https:\/\/crusoe.audiencelabs.com.br\/#\/schema\/person\/f87f73cfe89e5360de2c006bd4bd6a74\",\"name\":\"Milena Armando\",\"image\":{\"@type\":\"ImageObject\",\"inLanguage\":\"pt-BR\",\"@id\":\"https:\/\/crusoe.audiencelabs.com.br\/#\/schema\/person\/image\/\",\"url\":\"https:\/\/secure.gravatar.com\/avatar\/ea14ecddc9e9d202b698b18f9f69e09c9fd74cfbed5c6008d55f11faefdbdab7?s=96&d=mm&r=g\",\"contentUrl\":\"https:\/\/secure.gravatar.com\/avatar\/ea14ecddc9e9d202b698b18f9f69e09c9fd74cfbed5c6008d55f11faefdbdab7?s=96&d=mm&r=g\",\"caption\":\"Milena Armando\"},\"description\":\"Jornalista, redatora e revisora.\",\"url\":\"https:\/\/crusoe.audiencelabs.com.br\/author\/milena\/\"}]}<\/script>\n<!-- \/ Yoast SEO plugin. -->","yoast_head_json":{"title":"Brasileiros comemoram not\u00edcia que pode p\u00f4r fim \u00e0 escala 6x1 ainda em 2026","description":"Escala em pauta? O governo federal, sob a presid\u00eancia de Luiz In\u00e1cio Lula da Silva, articula a aprova\u00e7\u00e3o de mudan\u00e7as nas rela\u00e7\u00f5es de trabalho","robots":{"index":"index","follow":"follow","max-snippet":"max-snippet:-1","max-image-preview":"max-image-preview:large","max-video-preview":"max-video-preview:-1"},"canonical":"https:\/\/crusoe.audiencelabs.com.br\/brasileiros-comemoram-noticia-que-pode-por-fim-a-escala-6x1-ainda-em-2026\/","og_locale":"pt_BR","og_type":"article","og_title":"Brasileiros comemoram not\u00edcia que pode p\u00f4r fim \u00e0 escala 6x1 ainda em 2026","og_description":"Escala em pauta? O governo federal, sob a presid\u00eancia de Luiz In\u00e1cio Lula da Silva, articula a aprova\u00e7\u00e3o de mudan\u00e7as nas rela\u00e7\u00f5es de trabalho","og_url":"https:\/\/crusoe.audiencelabs.com.br\/brasileiros-comemoram-noticia-que-pode-por-fim-a-escala-6x1-ainda-em-2026\/","og_site_name":"Variedades - Cruso\u00e9","article_published_time":"2026-01-22T20:05:00+00:00","og_image":[{"width":1170,"height":700,"url":"https:\/\/cdn.crusoe.com.br\/uploads\/2026\/01\/industrias_wd2212_2.jpg","type":"image\/jpeg"}],"author":"Milena Armando","twitter_card":"summary_large_image","twitter_misc":{"Escrito por":"Milena Armando","Est. tempo de leitura":"3 minutos"},"schema":{"@context":"https:\/\/schema.org","@graph":[{"@type":"WebPage","@id":"https:\/\/crusoe.audiencelabs.com.br\/brasileiros-comemoram-noticia-que-pode-por-fim-a-escala-6x1-ainda-em-2026\/","url":"https:\/\/crusoe.audiencelabs.com.br\/brasileiros-comemoram-noticia-que-pode-por-fim-a-escala-6x1-ainda-em-2026\/","name":"Brasileiros comemoram not\u00edcia que pode p\u00f4r fim \u00e0 escala 6x1 ainda em 2026","isPartOf":{"@id":"https:\/\/crusoe.audiencelabs.com.br\/#website"},"primaryImageOfPage":{"@id":"https:\/\/crusoe.audiencelabs.com.br\/brasileiros-comemoram-noticia-que-pode-por-fim-a-escala-6x1-ainda-em-2026\/#primaryimage"},"image":{"@id":"https:\/\/crusoe.audiencelabs.com.br\/brasileiros-comemoram-noticia-que-pode-por-fim-a-escala-6x1-ainda-em-2026\/#primaryimage"},"thumbnailUrl":"https:\/\/cdn.crusoe.com.br\/uploads\/2026\/01\/industrias_wd2212_2.jpg","datePublished":"2026-01-22T20:05:00+00:00","author":{"@id":"https:\/\/crusoe.audiencelabs.com.br\/#\/schema\/person\/f87f73cfe89e5360de2c006bd4bd6a74"},"description":"Escala em pauta? O governo federal, sob a presid\u00eancia de Luiz In\u00e1cio Lula da Silva, articula a aprova\u00e7\u00e3o de mudan\u00e7as nas rela\u00e7\u00f5es de trabalho","breadcrumb":{"@id":"https:\/\/crusoe.audiencelabs.com.br\/brasileiros-comemoram-noticia-que-pode-por-fim-a-escala-6x1-ainda-em-2026\/#breadcrumb"},"inLanguage":"pt-BR","potentialAction":[{"@type":"ReadAction","target":["https:\/\/crusoe.audiencelabs.com.br\/brasileiros-comemoram-noticia-que-pode-por-fim-a-escala-6x1-ainda-em-2026\/"]}]},{"@type":"ImageObject","inLanguage":"pt-BR","@id":"https:\/\/crusoe.audiencelabs.com.br\/brasileiros-comemoram-noticia-que-pode-por-fim-a-escala-6x1-ainda-em-2026\/#primaryimage","url":"https:\/\/cdn.crusoe.com.br\/uploads\/2026\/01\/industrias_wd2212_2.jpg","contentUrl":"https:\/\/cdn.crusoe.com.br\/uploads\/2026\/01\/industrias_wd2212_2.jpg","width":1170,"height":700,"caption":"Reprodu\u00e7\u00e3o: Agencia Brasil"},{"@type":"BreadcrumbList","@id":"https:\/\/crusoe.audiencelabs.com.br\/brasileiros-comemoram-noticia-que-pode-por-fim-a-escala-6x1-ainda-em-2026\/#breadcrumb","itemListElement":[{"@type":"ListItem","position":1,"name":"Home","item":"https:\/\/crusoe.audiencelabs.com.br\/"},{"@type":"ListItem","position":2,"name":"Brasileiros comemoram not\u00edcia que pode p\u00f4r fim \u00e0 escala 6&#215;1 ainda em 2026"}]},{"@type":"WebSite","@id":"https:\/\/crusoe.audiencelabs.com.br\/#website","url":"https:\/\/crusoe.audiencelabs.com.br\/","name":"Variedades - Cruso\u00e9","description":"","potentialAction":[{"@type":"SearchAction","target":{"@type":"EntryPoint","urlTemplate":"https:\/\/crusoe.audiencelabs.com.br\/?s={search_term_string}"},"query-input":{"@type":"PropertyValueSpecification","valueRequired":true,"valueName":"search_term_string"}}],"inLanguage":"pt-BR"},{"@type":"Person","@id":"https:\/\/crusoe.audiencelabs.com.br\/#\/schema\/person\/f87f73cfe89e5360de2c006bd4bd6a74","name":"Milena Armando","image":{"@type":"ImageObject","inLanguage":"pt-BR","@id":"https:\/\/crusoe.audiencelabs.com.br\/#\/schema\/person\/image\/","url":"https:\/\/secure.gravatar.com\/avatar\/ea14ecddc9e9d202b698b18f9f69e09c9fd74cfbed5c6008d55f11faefdbdab7?s=96&d=mm&r=g","contentUrl":"https:\/\/secure.gravatar.com\/avatar\/ea14ecddc9e9d202b698b18f9f69e09c9fd74cfbed5c6008d55f11faefdbdab7?s=96&d=mm&r=g","caption":"Milena Armando"},"description":"Jornalista, redatora e revisora.","url":"https:\/\/crusoe.audiencelabs.com.br\/author\/milena\/"}]}},"_links":{"self":[{"href":"https:\/\/crusoe.audiencelabs.com.br\/wp-json\/wp\/v2\/posts\/29111","targetHints":{"allow":["GET"]}}],"collection":[{"href":"https:\/\/crusoe.audiencelabs.com.br\/wp-json\/wp\/v2\/posts"}],"about":[{"href":"https:\/\/crusoe.audiencelabs.com.br\/wp-json\/wp\/v2\/types\/post"}],"author":[{"embeddable":true,"href":"https:\/\/crusoe.audiencelabs.com.br\/wp-json\/wp\/v2\/users\/5"}],"replies":[{"embeddable":true,"href":"https:\/\/crusoe.audiencelabs.com.br\/wp-json\/wp\/v2\/comments?post=29111"}],"version-history":[{"count":2,"href":"https:\/\/crusoe.audiencelabs.com.br\/wp-json\/wp\/v2\/posts\/29111\/revisions"}],"predecessor-version":[{"id":29225,"href":"https:\/\/crusoe.audiencelabs.com.br\/wp-json\/wp\/v2\/posts\/29111\/revisions\/29225"}],"wp:featuredmedia":[{"embeddable":true,"href":"https:\/\/crusoe.audiencelabs.com.br\/wp-json\/wp\/v2\/media\/29113"}],"wp:attachment":[{"href":"https:\/\/crusoe.audiencelabs.com.br\/wp-json\/wp\/v2\/media?parent=29111"}],"wp:term":[{"taxonomy":"category","embeddable":true,"href":"https:\/\/crusoe.audiencelabs.com.br\/wp-json\/wp\/v2\/categories?post=29111"},{"taxonomy":"post_tag","embeddable":true,"href":"https:\/\/crusoe.audiencelabs.com.br\/wp-json\/wp\/v2\/tags?post=29111"}],"curies":[{"name":"wp","href":"https:\/\/api.w.org\/{rel}","templated":true}]}}