{"id":29014,"date":"2026-01-24T21:30:00","date_gmt":"2026-01-25T00:30:00","guid":{"rendered":"https:\/\/crusoe.audiencelabs.com.br\/?p=29014"},"modified":"2026-01-23T14:53:08","modified_gmt":"2026-01-23T17:53:08","slug":"o-napoleao-do-egito-cientistas-descobriram-a-tumba-de-um-farao-mais-poderoso-que-ramses","status":"publish","type":"post","link":"https:\/\/crusoe.audiencelabs.com.br\/o-napoleao-do-egito-cientistas-descobriram-a-tumba-de-um-farao-mais-poderoso-que-ramses\/","title":{"rendered":"O \u201cNapole\u00e3o do Egito\u201d: cientistas descobriram a tumba de um fara\u00f3 mais poderoso que Rams\u00e9s"},"content":{"rendered":"\n<p>A<strong> descoberta do t\u00famulo de Tutm\u00e9s II,<\/strong> anunciada pelas autoridades eg\u00edpcias, marca um momento significativo na arqueologia moderna.\u00a0<\/p>\n\n\n\n<p>Localizado perto do Vale dos Reis, em <strong>Luxor<\/strong>, no Egito, este achado responde a um mist\u00e9rio que intrigava a comunidade cient\u00edfica desde a revela\u00e7\u00e3o do t\u00famulo de Tutanc\u00e2mon em 1922.\u00a0<\/p>\n\n\n\n<p>O sepultamento, pertencente \u00e0 18\u00aa Dinastia, foi finalmente identificado ap\u00f3s a entrada ter sido localizada em 2022, oferecendo novas perspectivas sobre Tutm\u00e9s II, um governante cuja hist\u00f3ria estava em grande parte esquecida.<\/p>\n\n\n<div class=\"wp-block-image\">\n<figure class=\"aligncenter size-large is-resized\"><img loading=\"lazy\" decoding=\"async\" width=\"1024\" height=\"576\" src=\"https:\/\/cdn.crusoe.com.br\/uploads\/2026\/01\/Tutmes-II-1024x576.jpg\" alt=\"\" class=\"wp-image-29371\" style=\"width:728px;height:auto\" srcset=\"https:\/\/cdn.crusoe.com.br\/uploads\/2026\/01\/Tutmes-II-1024x576.jpg 1024w, https:\/\/cdn.crusoe.com.br\/uploads\/2026\/01\/Tutmes-II-300x169.jpg 300w, https:\/\/cdn.crusoe.com.br\/uploads\/2026\/01\/Tutmes-II-768x432.jpg 768w, https:\/\/cdn.crusoe.com.br\/uploads\/2026\/01\/Tutmes-II-750x422.jpg 750w, https:\/\/cdn.crusoe.com.br\/uploads\/2026\/01\/Tutmes-II-1140x641.jpg 1140w, https:\/\/cdn.crusoe.com.br\/uploads\/2026\/01\/Tutmes-II.jpg 1280w\" sizes=\"auto, (max-width: 1024px) 100vw, 1024px\" \/><figcaption class=\"wp-element-caption\">Tutm\u00e9s II- Reprodu\u00e7\u00e3o: Getty Images \/ Dom\u00ednio P\u00fablico<\/figcaption><\/figure>\n<\/div>\n\n\n<h2 class=\"wp-block-heading\">Descoberta do t\u00famulo<\/h2>\n\n\n\n<p>A tumba foi encontrada em p\u00e9ssimas condi\u00e7\u00f5es, resultado de inunda\u00e7\u00f5es logo ap\u00f3s a morte de Tutm\u00e9s II, que viveu h\u00e1 quase 3.500 anos.&nbsp;<\/p>\n\n\n\n<p>Os arque\u00f3logos, ao examinarem o local, encontraram fragmentos de jarros de alabastro com inscri\u00e7\u00f5es do nome do fara\u00f3, o que confirmou a identifica\u00e7\u00e3o do t\u00famulo.&nbsp;<\/p>\n\n\n\n<p>A tumba foi deliberadamente esvaziada na antiguidade, possivelmente para evitar maiores danos ap\u00f3s as inunda\u00e7\u00f5es, levando \u00e0 conserva\u00e7\u00e3o de detalhes hist\u00f3ricos e culturais do per\u00edodo.<\/p>\n\n\n\n<h2 class=\"wp-block-heading\">Reinado de Tutm\u00e9s II<\/h2>\n\n\n<style>@media (min-width: 992px) {\n    .recomendadorV2Area1 {\n        width: 280px;\n    }\n    .recomendadorV2Area2 {\n        padding: 0px 20px;\n        width: calc(100% - 280px);\n    }\n}\n\n@media (max-width: 992px) {\n    .recomendadorV2Button {\n        margin: 0 auto;\n    }\n    .recomendadorV2Area {\n        flex-direction: column;\n        text-align: center;\n    }\n    .recomendadorV2Area2 {\n        padding: 0px 20px;\n    }\n}\n\n.recomendadorV2Area {\n    background: #eeeeee3d;\n    border-radius: 10px;\n    padding: 15px;\n    display: flex;\n    margin: 15px auto;\n    border: 1px solid #00000014;\n    max-width: 800px;\n}\n\n.recomendadorV2Area1 img {\n    width: 280px;\n    height: auto;\n    border-radius: 8px;\n}\n\n.linkrecomendadorv2 {\n    text-decoration: none !important;\n}\n\n.recomendadorV2Area2 .recomendadorV2Type {\n    text-transform: uppercase;\n    font-weight: 500;\n    font-size: 11px;\n    letter-spacing: 2px;\n    color: #666;\n    margin: 12px 0;\n    display: block;\n}\n\n.recomendadorV2Title h2 {\n    padding-top: 0px !important;\n    margin: 0px !important;\n    border-left: none !important;\n    padding-left: 0px !important;\n    line-height: 1.3;\n    color: #000 !important;\n    font-size: 24px;\n    margin-bottom: 12px !important;\n}\n\n.recomendadorV2Desc {\n    color: #333;\n    margin: 12px 0px !important;\n    font-size: 15px;\n    line-height: 1.5;\n}\n\n.recomendadorV2Button {\n    width: auto;\n    max-width: 200px;\n    margin: 0;\n    display: inline-flex;\n    align-items: center;\n    background: #1D3557;\n    border-radius: 8px;\n    color: #fff;\n    height: 36px;\n    justify-content: center;\n    text-align: center;\n    font-size: 14px;\n    padding: 0 20px;\n    transition: background-color 0.2s ease;\n}\n\n.recomendadorV2Button:hover {\n    background: #2a4d7a;\n}\n\n.recomendadorV2Button:after {\n    margin-top: -2px;\n    content: \"\u2192\";\n    padding: 0px 0px 0px 8px;\n}\n\n.recomendadorV2Alert {\n    text-align: left;\n    font-size: 11px;\n    margin-top: 8px;\n    color: #666;\n}\n\n.recomendadorFixedArea {\n    width: 100%;\n    display: flex;\n    justify-content: center;\n    align-items: center;\n}\n\n@media (min-width: 992px) {\n    #recomendadorFixed {\n        width: 32% !important;\n        left: 5%;\n    }\n    .recomendadorCloseFixed{\n        right: inherit !important;\n        left: 378px !important;\n    }\n}\n\n#recomendadorFixed {\n    width: 90%;\n    box-shadow: 0 10px 20px 0px #00000057;\n    display: none;\n    height: 90px;\n    background: #F6F6F6;\n    position: fixed;\n    flex-direction: row;\n    bottom: 10px;\n    z-index: 9999;\n    border-radius: 16px;\n    padding: 7px 10px;\n}\n\n.recomendadorLeftArea {\n    width: 160px;\n}\n\n.recomendadorRightArea h2 {\n    padding-top: 0px;\n    margin: 2px 0px 4px 0px !important;\n    font-weight: 400;\n    text-align: center;\n    padding-left: 0px !important;\n    color: #000 !important;\n    border-left: none !important;\n    line-height: 20px;\n    font-size: 12px !important;\n}\n\n.recomendadorImgFixed {\n    overflow: hidden;\n    padding: 8px 6px;\n    height: 100%;\n}\n\n.recomendadorImgFixed img {\n    height: 100% !important;\n    border-radius: 16px;\n}\n\n.recomendadorRightArea {\n    padding-top: 6px;\n    display: flex;\n    width: calc(100% - 130px);\n    justify-content: space-between;\n    align-items: center;\n    flex-direction: column;\n}\n\n.recomendadorButtonFixed {\n    margin: 0 auto;\n    background: #1D3557;\n    width: 80%;\n    text-align: center;\n    font-size: 10px;\n    color: #FFF;\n    padding: 2px 10px;\n    border-radius: 3px;\n}\n\n.recomendadorButtonFixed:after {\n    margin-top: -3px;\n    content: \"\u2192\";\n    padding: 0px 0px 0px 10px;\n}\n\n.recomendadorAlertFixed {\n    font-weight: 400;\n    text-align: center;\n    color: #484848;\n    font-size: 8px;\n}\n\n.recomendadorCloseFixed {\n    z-index: 99999;\n    display: none;\n    right: 0px;\n    left: inherit;\n    bottom: 99px;\n    position: fixed;\n    justify-content: center;\n    background: #F6F6F6;\n    width: 25px;\n    align-items: center;\n    height: 25px;\n    font-weight: 800;\n    border-radius: 50%;\n    border: 1px solid #EBEBEB;\n}\n\n.recomendadorV2Desc{\n    color: #000000;\n    margin: 20px 0px;\n}\n\n@media (max-width: 576px) {\n    .recomendadorV2Area {\n      padding: 10px;\n      max-width: 100%;\n    }\n  \n    .recomendadorV2Area1 img {\n      width: 100%;\n      border-radius: 6px;\n    }\n  \n    .recomendadorV2Area2 .recomendadorV2Type {\n      font-size: 9px;\n      letter-spacing: 1px;\n      margin: 8px 0;\n    }\n  \n    .recomendadorV2Title h2 {\n      font-size: 18px !important;\n      margin-bottom: 8px !important;\n      line-height: 1.2;\n    }\n  \n    .recomendadorV2Desc {\n      font-size: 14px;\n      margin: 8px 0 !important;\n      line-height: 1.4;\n    }\n  \n    .recomendadorV2Button {\n      font-size: 14px;\n      height: 40px;\n      padding: 0 12px;\n      max-width: 100%;\n      width: 100%;\n    }\n  \n    .recomendadorV2Button:after {\n      padding-left: 6px;\n    }\n  }\n  <\/style>\n        <div class=\"lazyblock-recomendador-v2-2jDGz wp-block-lazyblock-recomendador-v2\">\n        <a class=\"linkrecomendadorv2\" href=\"https:\/\/crusoe.com.br\/variedades\/enquanto-o-brasileiro-mais-rico-do-mundo-tem-r-227-bilhoes-guardados-elon-musk-esta-perto-de-alcancar-os-r-43-trilhoes\/?utm_source=lazy\">\n            <div class=\"recomendadorV2Area\">\n            <div class=\"recomendadorV2Area1\">\n                <div class=\"recomendadorV2Img\">\n                <img class=\"lazyloaded\" decoding=\"async\" src=\"https:\/\/cdn.crusoe.com.br\/uploads\/2026\/01\/Elon-Musk-1\u2013750x375.jpg\" data-src=\"https:\/\/cdn.crusoe.com.br\/uploads\/2026\/01\/Elon-Musk-1\u2013750x375.jpg\" alt=\"\">\n                <\/div>\n            <\/div>\n            <div class=\"recomendadorV2Area2\">\n                <div class=\"recomendadorV2Type\">\n                    <span>Fortunas globais<\/span>\n                <\/div>\n                <div class=\"recomendadorV2Title\">\n                <h2><span>Musk perto de R$4,3 trilh\u00f5es \ud83d\udcb0<\/span><\/h2>\n                <\/div>\n                <div class=\"recomendadorV2Desc\">\n                <span>Compara\u00e7\u00e3o choca com o mais rico do Brasil<\/span>\n                <\/div>\n                <div class=\"recomendadorV2Button\">Ver ranking<\/div>\n                <div class=\"recomendadorV2Alert\"><\/div>\n            <\/div>\n            <\/div>\n        <\/a>\n        <div>\n            <div style=\"z-index:99999;\" id=\"buttonClose\" onclick=\"closeRecomendadorFixed()\">\n            <div class=\"recomendadorCloseFixed\">X<\/div>\n            <\/div>\n            <a href=\"https:\/\/crusoe.com.br\/variedades\/enquanto-o-brasileiro-mais-rico-do-mundo-tem-r-227-bilhoes-guardados-elon-musk-esta-perto-de-alcancar-os-r-43-trilhoes\/?utm_source=lazy\">\n            <div class=\"recomendadorFixedArea\">\n                <div id=\"recomendadorFixed\">\n                <div class=\"recomendadorLeftArea\">\n                    <div class=\"recomendadorImgFixed\">\n                    <img class=\"lazyload\" decoding=\"async\" src=\"https:\/\/cdn.crusoe.com.br\/uploads\/2026\/01\/Elon-Musk-1\u2013750x375.jpg\" alt=\"\">\n                    <\/div>\n                <\/div>\n                <div class=\"recomendadorRightArea\">\n                    <div class=\"recomendadorTitleFixed\">\n                    <h2><span>Musk perto de R$4,3 trilh\u00f5es \ud83d\udcb0<\/span><\/h2>\n                    <\/div>\n                    <div class=\"recomendadorButtonFixed\">Ver ranking<\/div>\n                    <div class=\"recomendadorAlertFixed\"><\/div>\n                <\/div>\n                <\/div>\n            <\/div>\n            <\/a>\n        <\/div>\n        <\/div>\n\n\n\n<p>Tutm\u00e9s II ascendeu ao trono como quarto fara\u00f3 da 18\u00aa Dinastia, ap\u00f3s o falecimento de seus irm\u00e3os mais velhos. Filho de uma esposa secund\u00e1ria de Tutm\u00e9s I, ele governou por um curto per\u00edodo, estimado entre 3 e 13 anos.&nbsp;<\/p>\n\n\n\n<p>Destacou-se ao estabilizar a regi\u00e3o, reprimindo rebeli\u00f5es em Kush e no Levante, embora n\u00e3o liderasse pessoalmente essas campanhas militares. Sua lideran\u00e7a assegurou a paz e expandiu a influ\u00eancia eg\u00edpcia, mesmo que brevemente.<\/p>\n\n\n\n<h2 class=\"wp-block-heading\">Import\u00e2ncia cultural da tumba<\/h2>\n\n\n\n<p>A localiza\u00e7\u00e3o do t\u00famulo, na Necr\u00f3pole de Tebas, inicialmente deixou arque\u00f3logos surpresos por estar em uma \u00e1rea associada aos t\u00famulos de mulheres reais.&nbsp;<\/p>\n\n\n\n<p>Elementos como decora\u00e7\u00f5es de estrelas amarelas sobre teto azul destacam a import\u00e2ncia do fara\u00f3, alinhando-se \u00e0 tradi\u00e7\u00e3o funer\u00e1ria dos reis do Egito.&nbsp;<\/p>\n\n\n\n<h2 class=\"wp-block-heading\">Heran\u00e7a complexa: Hatshepsut e o legado de Tutm\u00e9s II<\/h2>\n\n\n\n<p>Ap\u00f3s a morte de Tutm\u00e9s II, sua esposa Hatshepsut ascendeu ao poder, governando como fara\u00f3.\u00a0Embora estudos indiquem que Hatshepsut tenha consolidado seu poder ao se manter como governante principal, n\u00e3o h\u00e1 registros hist\u00f3ricos de a\u00e7\u00f5es espec\u00edficas para apagar o nome de Tutm\u00e9s II.\u00a0<\/p>\n\n\n\n<p>Especula\u00e7\u00f5es sobre essa omiss\u00e3o em monumentos podem estar ligadas a pr\u00e1ticas rituais ou \u00e0 din\u00e2mica pol\u00edtica da \u00e9poca, mais do que a a\u00e7\u00f5es intencionais contra Tutm\u00e9s II.<\/p>\n\n\n\n<h2 class=\"wp-block-heading\">Explora\u00e7\u00e3o e futuras descobertas<\/h2>\n\n\n\n<p>O achado da tumba de Tutm\u00e9s II resulta de mais de 12 anos de trabalho da equipe conjunta da New Kingdom Research Foundation e do Minist\u00e9rio do Turismo e Antiguidades do Egito.&nbsp;<\/p>\n\n\n\n<p>A escava\u00e7\u00e3o avan\u00e7a, oferecendo informa\u00e7\u00f5es valiosas sobre a 18\u00aa Dinastia. Espera-se que novas revela\u00e7\u00f5es sobre o Antigo Egito surjam, preenchendo lacunas hist\u00f3ricas.\u00a0<\/p>\n","protected":false},"excerpt":{"rendered":"<p>A descoberta do t\u00famulo de Tutm\u00e9s II, anunciada pelas autoridades eg\u00edpcias, marca um momento significativo na arqueologia moderna.\u00a0 Localizado perto do Vale dos Reis, em Luxor, no Egito, este achado responde a um mist\u00e9rio que intrigava a comunidade cient\u00edfica desde a revela\u00e7\u00e3o do t\u00famulo de Tutanc\u00e2mon em 1922.\u00a0 O sepultamento, pertencente \u00e0 18\u00aa Dinastia, foi [&hellip;]<\/p>\n","protected":false},"author":5,"featured_media":29015,"comment_status":"open","ping_status":"open","sticky":false,"template":"","format":"standard","meta":{"jnews-multi-image_gallery":[],"jnews_single_post":{"format":"standard"},"jnews_primary_category":[],"jnews_override_counter":[],"jnews_post_split":[],"footnotes":""},"categories":[1],"tags":[718,3024,5228],"class_list":["post-29014","post","type-post","status-publish","format-standard","has-post-thumbnail","hentry","category-geral","tag-descoberta","tag-tumba","tag-tutmes-ii"],"yoast_head":"<!-- This site is optimized with the Yoast SEO plugin v25.0 - https:\/\/yoast.com\/wordpress\/plugins\/seo\/ -->\n<title>O \u201cNapole\u00e3o do Egito\u201d: cientistas descobriram a tumba de um fara\u00f3 mais poderoso que Rams\u00e9s<\/title>\n<meta name=\"robots\" content=\"index, follow, max-snippet:-1, max-image-preview:large, max-video-preview:-1\" \/>\n<link rel=\"canonical\" href=\"https:\/\/crusoe.audiencelabs.com.br\/o-napoleao-do-egito-cientistas-descobriram-a-tumba-de-um-farao-mais-poderoso-que-ramses\/\" \/>\n<meta property=\"og:locale\" content=\"pt_BR\" \/>\n<meta property=\"og:type\" content=\"article\" \/>\n<meta property=\"og:title\" content=\"O \u201cNapole\u00e3o do Egito\u201d: cientistas descobriram a tumba de um fara\u00f3 mais poderoso que Rams\u00e9s\" \/>\n<meta property=\"og:description\" content=\"A descoberta do t\u00famulo de Tutm\u00e9s II, anunciada pelas autoridades eg\u00edpcias, marca um momento significativo na arqueologia moderna.\u00a0 Localizado perto do Vale dos Reis, em Luxor, no Egito, este achado responde a um mist\u00e9rio que intrigava a comunidade cient\u00edfica desde a revela\u00e7\u00e3o do t\u00famulo de Tutanc\u00e2mon em 1922.\u00a0 O sepultamento, pertencente \u00e0 18\u00aa Dinastia, foi [&hellip;]\" \/>\n<meta property=\"og:url\" content=\"https:\/\/crusoe.audiencelabs.com.br\/o-napoleao-do-egito-cientistas-descobriram-a-tumba-de-um-farao-mais-poderoso-que-ramses\/\" \/>\n<meta property=\"og:site_name\" content=\"Variedades - Cruso\u00e9\" \/>\n<meta property=\"article:published_time\" content=\"2026-01-25T00:30:00+00:00\" \/>\n<meta property=\"og:image\" content=\"https:\/\/cdn.crusoe.com.br\/uploads\/2026\/01\/11cd0680-eee7-11ef-9cf8-5dc390817f3c.jpg.webp\" \/>\n\t<meta property=\"og:image:width\" content=\"640\" \/>\n\t<meta property=\"og:image:height\" content=\"359\" \/>\n\t<meta property=\"og:image:type\" content=\"image\/webp\" \/>\n<meta name=\"author\" content=\"Milena Armando\" \/>\n<meta name=\"twitter:card\" content=\"summary_large_image\" \/>\n<meta name=\"twitter:label1\" content=\"Escrito por\" \/>\n\t<meta name=\"twitter:data1\" content=\"Milena Armando\" \/>\n\t<meta name=\"twitter:label2\" content=\"Est. tempo de leitura\" \/>\n\t<meta name=\"twitter:data2\" content=\"3 minutos\" \/>\n<script type=\"application\/ld+json\" class=\"yoast-schema-graph\">{\"@context\":\"https:\/\/schema.org\",\"@graph\":[{\"@type\":\"WebPage\",\"@id\":\"https:\/\/crusoe.audiencelabs.com.br\/o-napoleao-do-egito-cientistas-descobriram-a-tumba-de-um-farao-mais-poderoso-que-ramses\/\",\"url\":\"https:\/\/crusoe.audiencelabs.com.br\/o-napoleao-do-egito-cientistas-descobriram-a-tumba-de-um-farao-mais-poderoso-que-ramses\/\",\"name\":\"O \u201cNapole\u00e3o do Egito\u201d: cientistas descobriram a tumba de um fara\u00f3 mais poderoso que Rams\u00e9s\",\"isPartOf\":{\"@id\":\"https:\/\/crusoe.audiencelabs.com.br\/#website\"},\"primaryImageOfPage\":{\"@id\":\"https:\/\/crusoe.audiencelabs.com.br\/o-napoleao-do-egito-cientistas-descobriram-a-tumba-de-um-farao-mais-poderoso-que-ramses\/#primaryimage\"},\"image\":{\"@id\":\"https:\/\/crusoe.audiencelabs.com.br\/o-napoleao-do-egito-cientistas-descobriram-a-tumba-de-um-farao-mais-poderoso-que-ramses\/#primaryimage\"},\"thumbnailUrl\":\"https:\/\/cdn.crusoe.com.br\/uploads\/2026\/01\/11cd0680-eee7-11ef-9cf8-5dc390817f3c.jpg.webp\",\"datePublished\":\"2026-01-25T00:30:00+00:00\",\"author\":{\"@id\":\"https:\/\/crusoe.audiencelabs.com.br\/#\/schema\/person\/f87f73cfe89e5360de2c006bd4bd6a74\"},\"breadcrumb\":{\"@id\":\"https:\/\/crusoe.audiencelabs.com.br\/o-napoleao-do-egito-cientistas-descobriram-a-tumba-de-um-farao-mais-poderoso-que-ramses\/#breadcrumb\"},\"inLanguage\":\"pt-BR\",\"potentialAction\":[{\"@type\":\"ReadAction\",\"target\":[\"https:\/\/crusoe.audiencelabs.com.br\/o-napoleao-do-egito-cientistas-descobriram-a-tumba-de-um-farao-mais-poderoso-que-ramses\/\"]}]},{\"@type\":\"ImageObject\",\"inLanguage\":\"pt-BR\",\"@id\":\"https:\/\/crusoe.audiencelabs.com.br\/o-napoleao-do-egito-cientistas-descobriram-a-tumba-de-um-farao-mais-poderoso-que-ramses\/#primaryimage\",\"url\":\"https:\/\/cdn.crusoe.com.br\/uploads\/2026\/01\/11cd0680-eee7-11ef-9cf8-5dc390817f3c.jpg.webp\",\"contentUrl\":\"https:\/\/cdn.crusoe.com.br\/uploads\/2026\/01\/11cd0680-eee7-11ef-9cf8-5dc390817f3c.jpg.webp\",\"width\":640,\"height\":359,\"caption\":\"Foto: BBC\"},{\"@type\":\"BreadcrumbList\",\"@id\":\"https:\/\/crusoe.audiencelabs.com.br\/o-napoleao-do-egito-cientistas-descobriram-a-tumba-de-um-farao-mais-poderoso-que-ramses\/#breadcrumb\",\"itemListElement\":[{\"@type\":\"ListItem\",\"position\":1,\"name\":\"Home\",\"item\":\"https:\/\/crusoe.audiencelabs.com.br\/\"},{\"@type\":\"ListItem\",\"position\":2,\"name\":\"O \u201cNapole\u00e3o do Egito\u201d: cientistas descobriram a tumba de um fara\u00f3 mais poderoso que Rams\u00e9s\"}]},{\"@type\":\"WebSite\",\"@id\":\"https:\/\/crusoe.audiencelabs.com.br\/#website\",\"url\":\"https:\/\/crusoe.audiencelabs.com.br\/\",\"name\":\"Variedades - Cruso\u00e9\",\"description\":\"\",\"potentialAction\":[{\"@type\":\"SearchAction\",\"target\":{\"@type\":\"EntryPoint\",\"urlTemplate\":\"https:\/\/crusoe.audiencelabs.com.br\/?s={search_term_string}\"},\"query-input\":{\"@type\":\"PropertyValueSpecification\",\"valueRequired\":true,\"valueName\":\"search_term_string\"}}],\"inLanguage\":\"pt-BR\"},{\"@type\":\"Person\",\"@id\":\"https:\/\/crusoe.audiencelabs.com.br\/#\/schema\/person\/f87f73cfe89e5360de2c006bd4bd6a74\",\"name\":\"Milena Armando\",\"image\":{\"@type\":\"ImageObject\",\"inLanguage\":\"pt-BR\",\"@id\":\"https:\/\/crusoe.audiencelabs.com.br\/#\/schema\/person\/image\/\",\"url\":\"https:\/\/secure.gravatar.com\/avatar\/ea14ecddc9e9d202b698b18f9f69e09c9fd74cfbed5c6008d55f11faefdbdab7?s=96&d=mm&r=g\",\"contentUrl\":\"https:\/\/secure.gravatar.com\/avatar\/ea14ecddc9e9d202b698b18f9f69e09c9fd74cfbed5c6008d55f11faefdbdab7?s=96&d=mm&r=g\",\"caption\":\"Milena Armando\"},\"description\":\"Jornalista, redatora e revisora.\",\"url\":\"https:\/\/crusoe.audiencelabs.com.br\/author\/milena\/\"}]}<\/script>\n<!-- \/ Yoast SEO plugin. -->","yoast_head_json":{"title":"O \u201cNapole\u00e3o do Egito\u201d: cientistas descobriram a tumba de um fara\u00f3 mais poderoso que Rams\u00e9s","robots":{"index":"index","follow":"follow","max-snippet":"max-snippet:-1","max-image-preview":"max-image-preview:large","max-video-preview":"max-video-preview:-1"},"canonical":"https:\/\/crusoe.audiencelabs.com.br\/o-napoleao-do-egito-cientistas-descobriram-a-tumba-de-um-farao-mais-poderoso-que-ramses\/","og_locale":"pt_BR","og_type":"article","og_title":"O \u201cNapole\u00e3o do Egito\u201d: cientistas descobriram a tumba de um fara\u00f3 mais poderoso que Rams\u00e9s","og_description":"A descoberta do t\u00famulo de Tutm\u00e9s II, anunciada pelas autoridades eg\u00edpcias, marca um momento significativo na arqueologia moderna.\u00a0 Localizado perto do Vale dos Reis, em Luxor, no Egito, este achado responde a um mist\u00e9rio que intrigava a comunidade cient\u00edfica desde a revela\u00e7\u00e3o do t\u00famulo de Tutanc\u00e2mon em 1922.\u00a0 O sepultamento, pertencente \u00e0 18\u00aa Dinastia, foi [&hellip;]","og_url":"https:\/\/crusoe.audiencelabs.com.br\/o-napoleao-do-egito-cientistas-descobriram-a-tumba-de-um-farao-mais-poderoso-que-ramses\/","og_site_name":"Variedades - Cruso\u00e9","article_published_time":"2026-01-25T00:30:00+00:00","og_image":[{"width":640,"height":359,"url":"https:\/\/cdn.crusoe.com.br\/uploads\/2026\/01\/11cd0680-eee7-11ef-9cf8-5dc390817f3c.jpg.webp","type":"image\/webp"}],"author":"Milena Armando","twitter_card":"summary_large_image","twitter_misc":{"Escrito por":"Milena Armando","Est. tempo de leitura":"3 minutos"},"schema":{"@context":"https:\/\/schema.org","@graph":[{"@type":"WebPage","@id":"https:\/\/crusoe.audiencelabs.com.br\/o-napoleao-do-egito-cientistas-descobriram-a-tumba-de-um-farao-mais-poderoso-que-ramses\/","url":"https:\/\/crusoe.audiencelabs.com.br\/o-napoleao-do-egito-cientistas-descobriram-a-tumba-de-um-farao-mais-poderoso-que-ramses\/","name":"O \u201cNapole\u00e3o do Egito\u201d: cientistas descobriram a tumba de um fara\u00f3 mais poderoso que Rams\u00e9s","isPartOf":{"@id":"https:\/\/crusoe.audiencelabs.com.br\/#website"},"primaryImageOfPage":{"@id":"https:\/\/crusoe.audiencelabs.com.br\/o-napoleao-do-egito-cientistas-descobriram-a-tumba-de-um-farao-mais-poderoso-que-ramses\/#primaryimage"},"image":{"@id":"https:\/\/crusoe.audiencelabs.com.br\/o-napoleao-do-egito-cientistas-descobriram-a-tumba-de-um-farao-mais-poderoso-que-ramses\/#primaryimage"},"thumbnailUrl":"https:\/\/cdn.crusoe.com.br\/uploads\/2026\/01\/11cd0680-eee7-11ef-9cf8-5dc390817f3c.jpg.webp","datePublished":"2026-01-25T00:30:00+00:00","author":{"@id":"https:\/\/crusoe.audiencelabs.com.br\/#\/schema\/person\/f87f73cfe89e5360de2c006bd4bd6a74"},"breadcrumb":{"@id":"https:\/\/crusoe.audiencelabs.com.br\/o-napoleao-do-egito-cientistas-descobriram-a-tumba-de-um-farao-mais-poderoso-que-ramses\/#breadcrumb"},"inLanguage":"pt-BR","potentialAction":[{"@type":"ReadAction","target":["https:\/\/crusoe.audiencelabs.com.br\/o-napoleao-do-egito-cientistas-descobriram-a-tumba-de-um-farao-mais-poderoso-que-ramses\/"]}]},{"@type":"ImageObject","inLanguage":"pt-BR","@id":"https:\/\/crusoe.audiencelabs.com.br\/o-napoleao-do-egito-cientistas-descobriram-a-tumba-de-um-farao-mais-poderoso-que-ramses\/#primaryimage","url":"https:\/\/cdn.crusoe.com.br\/uploads\/2026\/01\/11cd0680-eee7-11ef-9cf8-5dc390817f3c.jpg.webp","contentUrl":"https:\/\/cdn.crusoe.com.br\/uploads\/2026\/01\/11cd0680-eee7-11ef-9cf8-5dc390817f3c.jpg.webp","width":640,"height":359,"caption":"Foto: BBC"},{"@type":"BreadcrumbList","@id":"https:\/\/crusoe.audiencelabs.com.br\/o-napoleao-do-egito-cientistas-descobriram-a-tumba-de-um-farao-mais-poderoso-que-ramses\/#breadcrumb","itemListElement":[{"@type":"ListItem","position":1,"name":"Home","item":"https:\/\/crusoe.audiencelabs.com.br\/"},{"@type":"ListItem","position":2,"name":"O \u201cNapole\u00e3o do Egito\u201d: cientistas descobriram a tumba de um fara\u00f3 mais poderoso que Rams\u00e9s"}]},{"@type":"WebSite","@id":"https:\/\/crusoe.audiencelabs.com.br\/#website","url":"https:\/\/crusoe.audiencelabs.com.br\/","name":"Variedades - Cruso\u00e9","description":"","potentialAction":[{"@type":"SearchAction","target":{"@type":"EntryPoint","urlTemplate":"https:\/\/crusoe.audiencelabs.com.br\/?s={search_term_string}"},"query-input":{"@type":"PropertyValueSpecification","valueRequired":true,"valueName":"search_term_string"}}],"inLanguage":"pt-BR"},{"@type":"Person","@id":"https:\/\/crusoe.audiencelabs.com.br\/#\/schema\/person\/f87f73cfe89e5360de2c006bd4bd6a74","name":"Milena Armando","image":{"@type":"ImageObject","inLanguage":"pt-BR","@id":"https:\/\/crusoe.audiencelabs.com.br\/#\/schema\/person\/image\/","url":"https:\/\/secure.gravatar.com\/avatar\/ea14ecddc9e9d202b698b18f9f69e09c9fd74cfbed5c6008d55f11faefdbdab7?s=96&d=mm&r=g","contentUrl":"https:\/\/secure.gravatar.com\/avatar\/ea14ecddc9e9d202b698b18f9f69e09c9fd74cfbed5c6008d55f11faefdbdab7?s=96&d=mm&r=g","caption":"Milena Armando"},"description":"Jornalista, redatora e revisora.","url":"https:\/\/crusoe.audiencelabs.com.br\/author\/milena\/"}]}},"_links":{"self":[{"href":"https:\/\/crusoe.audiencelabs.com.br\/wp-json\/wp\/v2\/posts\/29014","targetHints":{"allow":["GET"]}}],"collection":[{"href":"https:\/\/crusoe.audiencelabs.com.br\/wp-json\/wp\/v2\/posts"}],"about":[{"href":"https:\/\/crusoe.audiencelabs.com.br\/wp-json\/wp\/v2\/types\/post"}],"author":[{"embeddable":true,"href":"https:\/\/crusoe.audiencelabs.com.br\/wp-json\/wp\/v2\/users\/5"}],"replies":[{"embeddable":true,"href":"https:\/\/crusoe.audiencelabs.com.br\/wp-json\/wp\/v2\/comments?post=29014"}],"version-history":[{"count":3,"href":"https:\/\/crusoe.audiencelabs.com.br\/wp-json\/wp\/v2\/posts\/29014\/revisions"}],"predecessor-version":[{"id":29372,"href":"https:\/\/crusoe.audiencelabs.com.br\/wp-json\/wp\/v2\/posts\/29014\/revisions\/29372"}],"wp:featuredmedia":[{"embeddable":true,"href":"https:\/\/crusoe.audiencelabs.com.br\/wp-json\/wp\/v2\/media\/29015"}],"wp:attachment":[{"href":"https:\/\/crusoe.audiencelabs.com.br\/wp-json\/wp\/v2\/media?parent=29014"}],"wp:term":[{"taxonomy":"category","embeddable":true,"href":"https:\/\/crusoe.audiencelabs.com.br\/wp-json\/wp\/v2\/categories?post=29014"},{"taxonomy":"post_tag","embeddable":true,"href":"https:\/\/crusoe.audiencelabs.com.br\/wp-json\/wp\/v2\/tags?post=29014"}],"curies":[{"name":"wp","href":"https:\/\/api.w.org\/{rel}","templated":true}]}}