{"id":28390,"date":"2026-01-18T10:30:00","date_gmt":"2026-01-18T13:30:00","guid":{"rendered":"https:\/\/crusoe.audiencelabs.com.br\/?p=28390"},"modified":"2026-01-15T12:29:14","modified_gmt":"2026-01-15T15:29:14","slug":"estes-sao-os-melhores-alimentos-para-combater-as-enxaquecas-segundo-especialistas","status":"publish","type":"post","link":"https:\/\/crusoe.audiencelabs.com.br\/estes-sao-os-melhores-alimentos-para-combater-as-enxaquecas-segundo-especialistas\/","title":{"rendered":"Estes s\u00e3o os melhores alimentos para combater as enxaquecas, segundo especialistas"},"content":{"rendered":"\n<p>Causada principalmente por uma predisposi\u00e7\u00e3o gen\u00e9tica e desencadeada por diversos fatores como estresse, jejum prolongado, altera\u00e7\u00f5es hormonais, mudan\u00e7as no padr\u00e3o de sono, entre outros, <strong>a enxaqueca<\/strong> se manifesta como uma dor de cabe\u00e7a muito mais intensa e duradoura.<\/p>\n\n\n\n<p>Diferentemente da cefaleia comum, a enxaqueca \u00e9 uma doen\u00e7a neurol\u00f3gica cr\u00f4nica, que al\u00e9m de geralmente afetar apenas um dos lados da cabe\u00e7a, ainda pode causar n\u00e1useas, v\u00f4mitos e sensibilidade extrema.<\/p>\n\n\n\n<p>Inclusive, justamente por ser uma condi\u00e7\u00e3o cr\u00f4nica e gen\u00e9tica, <strong>n\u00e3o existe uma cura definitiva para a doen\u00e7a<\/strong>. Todavia, atualmente \u00e9 poss\u00edvel controlar seus impactos por meio de diferentes pr\u00e1ticas que funcionam como tratamento.<\/p>\n\n\n\n<p>Dentre as principais, especialistas destacam a import\u00e2ncia da <strong>alimenta\u00e7\u00e3o<\/strong>, que quando conta com determinados alimentos no card\u00e1pio di\u00e1rio, pode desempenhar um papel importante no combate e preven\u00e7\u00e3o de crises de enxaqueca. Os itens recomendados incluem:<\/p>\n\n\n\n<ul class=\"wp-block-list\">\n<li><strong>Gengibre:<\/strong> consumido como ch\u00e1 ou adicionado a sucos, ajuda a aliviar dores e n\u00e1useas;<\/li>\n\n\n\n<li><strong>Ovos: <\/strong>por conta de sua riqueza em vitaminas do complexo B, minerais e prote\u00ednas, mant\u00e9m o organismo equilibrado;<\/li>\n\n\n\n<li><strong>Frutas ricas em \u00e1gua:<\/strong> melancia, mel\u00e3o e morangos s\u00e3o \u00f3timas op\u00e7\u00f5es de frutas para manter o corpo hidratado e, desta forma, evitar dores de cabe\u00e7a;<\/li>\n\n\n\n<li><strong>Frutas ricas em vitamina C e antioxidantes:<\/strong> gra\u00e7as \u00e0 sua efic\u00e1cia no combate a inflama\u00e7\u00f5es, frutas como o mam\u00e3o e a laranja mant\u00e9m a enxaqueca sob controle;<\/li>\n\n\n\n<li><strong>Alimentos ricos em vitaminas do complexo B: <\/strong>estudos indicam que alimentos como carnes frescas, aves, peixes e vegetais de folhas verdes tamb\u00e9m auxiliam na preven\u00e7\u00e3o de epis\u00f3dios cr\u00f4nicos de enxaqueca;<\/li>\n\n\n\n<li><strong>Alimentos ricos em magn\u00e9sio: <\/strong>agindo principalmente nos vasos sangu\u00edneos, auxiliando em seu relaxamento, o magn\u00e9sio presente em fontes como couve, nozes, sementes, leguminosas, gr\u00e3os integrais e \u00e1gua de coco tamb\u00e9m s\u00e3o ideais para controlar os efeitos da doen\u00e7a.<\/li>\n<\/ul>\n\n\n\n<h2 class=\"wp-block-heading\">Dicas extras para manter a enxaqueca sob controle<\/h2>\n\n\n\n<p>Al\u00e9m de passar a incluir os alimentos mencionados anteriormente na dieta, \u00e9 poss\u00edvel adotar mais algumas pr\u00e1ticas que, quando colocadas em a\u00e7\u00e3o simultaneamente, permitem uma \u00f3tima qualidade de vida. S\u00e3o elas:<\/p>\n\n\n\n<ul class=\"wp-block-list\">\n<li>Manter-se hidratado, bebendo \u00e1gua com frequ\u00eancia;<\/li>\n\n\n\n<li>Adotar pr\u00e1ticas de relaxamento, como exerc\u00edcios de respira\u00e7\u00e3o, medita\u00e7\u00e3o ou yoga;<\/li>\n\n\n\n<li>Identificar alimentos e gatilhos que possam desencadear os efeitos da enxaqueca;<\/li>\n\n\n\n<li>Sempre que necess\u00e1rio, procurar um profissional de sa\u00fade para avaliar o caso de forma aprofundada.<\/li>\n<\/ul>\n","protected":false},"excerpt":{"rendered":"<p>Causada principalmente por uma predisposi\u00e7\u00e3o gen\u00e9tica e desencadeada por diversos fatores como estresse, jejum prolongado, altera\u00e7\u00f5es hormonais, mudan\u00e7as no padr\u00e3o de sono, entre outros, a enxaqueca se manifesta como uma dor de cabe\u00e7a muito mais intensa e duradoura. Diferentemente da cefaleia comum, a enxaqueca \u00e9 uma doen\u00e7a neurol\u00f3gica cr\u00f4nica, que al\u00e9m de geralmente afetar apenas [&hellip;]<\/p>\n","protected":false},"author":7,"featured_media":28391,"comment_status":"open","ping_status":"open","sticky":false,"template":"","format":"standard","meta":{"jnews-multi-image_gallery":[],"jnews_single_post":{"format":"standard"},"jnews_primary_category":[],"jnews_override_counter":[],"jnews_post_split":[],"footnotes":""},"categories":[1],"tags":[],"class_list":["post-28390","post","type-post","status-publish","format-standard","has-post-thumbnail","hentry","category-geral"],"yoast_head":"<!-- This site is optimized with the Yoast SEO plugin v25.0 - https:\/\/yoast.com\/wordpress\/plugins\/seo\/ -->\n<title>Estes s\u00e3o os melhores alimentos para combater as enxaquecas, segundo especialistas<\/title>\n<meta name=\"robots\" content=\"index, follow, max-snippet:-1, max-image-preview:large, max-video-preview:-1\" \/>\n<link rel=\"canonical\" href=\"https:\/\/crusoe.audiencelabs.com.br\/estes-sao-os-melhores-alimentos-para-combater-as-enxaquecas-segundo-especialistas\/\" \/>\n<meta property=\"og:locale\" content=\"pt_BR\" \/>\n<meta property=\"og:type\" content=\"article\" \/>\n<meta property=\"og:title\" content=\"Estes s\u00e3o os melhores alimentos para combater as enxaquecas, segundo especialistas\" \/>\n<meta property=\"og:description\" content=\"Causada principalmente por uma predisposi\u00e7\u00e3o gen\u00e9tica e desencadeada por diversos fatores como estresse, jejum prolongado, altera\u00e7\u00f5es hormonais, mudan\u00e7as no padr\u00e3o de sono, entre outros, a enxaqueca se manifesta como uma dor de cabe\u00e7a muito mais intensa e duradoura. Diferentemente da cefaleia comum, a enxaqueca \u00e9 uma doen\u00e7a neurol\u00f3gica cr\u00f4nica, que al\u00e9m de geralmente afetar apenas [&hellip;]\" \/>\n<meta property=\"og:url\" content=\"https:\/\/crusoe.audiencelabs.com.br\/estes-sao-os-melhores-alimentos-para-combater-as-enxaquecas-segundo-especialistas\/\" \/>\n<meta property=\"og:site_name\" content=\"Variedades - Cruso\u00e9\" \/>\n<meta property=\"article:published_time\" content=\"2026-01-18T13:30:00+00:00\" \/>\n<meta property=\"og:image\" content=\"https:\/\/cdn.crusoe.com.br\/uploads\/2026\/01\/estes-sao-melhores-alimentos-para-combater-enxaquecas-segundo-especialistas.jpg\" \/>\n\t<meta property=\"og:image:width\" content=\"1920\" \/>\n\t<meta property=\"og:image:height\" content=\"1080\" \/>\n\t<meta property=\"og:image:type\" content=\"image\/jpeg\" \/>\n<meta name=\"author\" content=\"Jo\u00e3o Carlos Gomes\" \/>\n<meta name=\"twitter:card\" content=\"summary_large_image\" \/>\n<meta name=\"twitter:label1\" content=\"Escrito por\" \/>\n\t<meta name=\"twitter:data1\" content=\"Jo\u00e3o Carlos Gomes\" \/>\n\t<meta name=\"twitter:label2\" content=\"Est. tempo de leitura\" \/>\n\t<meta name=\"twitter:data2\" content=\"3 minutos\" \/>\n<script type=\"application\/ld+json\" class=\"yoast-schema-graph\">{\"@context\":\"https:\/\/schema.org\",\"@graph\":[{\"@type\":\"WebPage\",\"@id\":\"https:\/\/crusoe.audiencelabs.com.br\/estes-sao-os-melhores-alimentos-para-combater-as-enxaquecas-segundo-especialistas\/\",\"url\":\"https:\/\/crusoe.audiencelabs.com.br\/estes-sao-os-melhores-alimentos-para-combater-as-enxaquecas-segundo-especialistas\/\",\"name\":\"Estes s\u00e3o os melhores alimentos para combater as enxaquecas, segundo especialistas\",\"isPartOf\":{\"@id\":\"https:\/\/crusoe.audiencelabs.com.br\/#website\"},\"primaryImageOfPage\":{\"@id\":\"https:\/\/crusoe.audiencelabs.com.br\/estes-sao-os-melhores-alimentos-para-combater-as-enxaquecas-segundo-especialistas\/#primaryimage\"},\"image\":{\"@id\":\"https:\/\/crusoe.audiencelabs.com.br\/estes-sao-os-melhores-alimentos-para-combater-as-enxaquecas-segundo-especialistas\/#primaryimage\"},\"thumbnailUrl\":\"https:\/\/cdn.crusoe.com.br\/uploads\/2026\/01\/estes-sao-melhores-alimentos-para-combater-enxaquecas-segundo-especialistas.jpg\",\"datePublished\":\"2026-01-18T13:30:00+00:00\",\"author\":{\"@id\":\"https:\/\/crusoe.audiencelabs.com.br\/#\/schema\/person\/4a23399b23149df2eab6637fd2fd2bfc\"},\"breadcrumb\":{\"@id\":\"https:\/\/crusoe.audiencelabs.com.br\/estes-sao-os-melhores-alimentos-para-combater-as-enxaquecas-segundo-especialistas\/#breadcrumb\"},\"inLanguage\":\"pt-BR\",\"potentialAction\":[{\"@type\":\"ReadAction\",\"target\":[\"https:\/\/crusoe.audiencelabs.com.br\/estes-sao-os-melhores-alimentos-para-combater-as-enxaquecas-segundo-especialistas\/\"]}]},{\"@type\":\"ImageObject\",\"inLanguage\":\"pt-BR\",\"@id\":\"https:\/\/crusoe.audiencelabs.com.br\/estes-sao-os-melhores-alimentos-para-combater-as-enxaquecas-segundo-especialistas\/#primaryimage\",\"url\":\"https:\/\/cdn.crusoe.com.br\/uploads\/2026\/01\/estes-sao-melhores-alimentos-para-combater-enxaquecas-segundo-especialistas.jpg\",\"contentUrl\":\"https:\/\/cdn.crusoe.com.br\/uploads\/2026\/01\/estes-sao-melhores-alimentos-para-combater-enxaquecas-segundo-especialistas.jpg\",\"width\":1920,\"height\":1080,\"caption\":\"Foto: Resume Genius\/Unsplash\"},{\"@type\":\"BreadcrumbList\",\"@id\":\"https:\/\/crusoe.audiencelabs.com.br\/estes-sao-os-melhores-alimentos-para-combater-as-enxaquecas-segundo-especialistas\/#breadcrumb\",\"itemListElement\":[{\"@type\":\"ListItem\",\"position\":1,\"name\":\"Home\",\"item\":\"https:\/\/crusoe.audiencelabs.com.br\/\"},{\"@type\":\"ListItem\",\"position\":2,\"name\":\"Estes s\u00e3o os melhores alimentos para combater as enxaquecas, segundo especialistas\"}]},{\"@type\":\"WebSite\",\"@id\":\"https:\/\/crusoe.audiencelabs.com.br\/#website\",\"url\":\"https:\/\/crusoe.audiencelabs.com.br\/\",\"name\":\"Variedades - Cruso\u00e9\",\"description\":\"\",\"potentialAction\":[{\"@type\":\"SearchAction\",\"target\":{\"@type\":\"EntryPoint\",\"urlTemplate\":\"https:\/\/crusoe.audiencelabs.com.br\/?s={search_term_string}\"},\"query-input\":{\"@type\":\"PropertyValueSpecification\",\"valueRequired\":true,\"valueName\":\"search_term_string\"}}],\"inLanguage\":\"pt-BR\"},{\"@type\":\"Person\",\"@id\":\"https:\/\/crusoe.audiencelabs.com.br\/#\/schema\/person\/4a23399b23149df2eab6637fd2fd2bfc\",\"name\":\"Jo\u00e3o Carlos Gomes\",\"image\":{\"@type\":\"ImageObject\",\"inLanguage\":\"pt-BR\",\"@id\":\"https:\/\/crusoe.audiencelabs.com.br\/#\/schema\/person\/image\/\",\"url\":\"https:\/\/secure.gravatar.com\/avatar\/4ce4672dbdd694b329cd6fdb51bee7d1409be1f0ff76a537e4c4a737b2c7d1a9?s=96&d=mm&r=g\",\"contentUrl\":\"https:\/\/secure.gravatar.com\/avatar\/4ce4672dbdd694b329cd6fdb51bee7d1409be1f0ff76a537e4c4a737b2c7d1a9?s=96&d=mm&r=g\",\"caption\":\"Jo\u00e3o Carlos Gomes\"},\"description\":\"Jornalista, criador de conte\u00fado e m\u00fasico independente nas horas vagas.\",\"url\":\"https:\/\/crusoe.audiencelabs.com.br\/author\/joaoc-junior66\/\"}]}<\/script>\n<!-- \/ Yoast SEO plugin. -->","yoast_head_json":{"title":"Estes s\u00e3o os melhores alimentos para combater as enxaquecas, segundo especialistas","robots":{"index":"index","follow":"follow","max-snippet":"max-snippet:-1","max-image-preview":"max-image-preview:large","max-video-preview":"max-video-preview:-1"},"canonical":"https:\/\/crusoe.audiencelabs.com.br\/estes-sao-os-melhores-alimentos-para-combater-as-enxaquecas-segundo-especialistas\/","og_locale":"pt_BR","og_type":"article","og_title":"Estes s\u00e3o os melhores alimentos para combater as enxaquecas, segundo especialistas","og_description":"Causada principalmente por uma predisposi\u00e7\u00e3o gen\u00e9tica e desencadeada por diversos fatores como estresse, jejum prolongado, altera\u00e7\u00f5es hormonais, mudan\u00e7as no padr\u00e3o de sono, entre outros, a enxaqueca se manifesta como uma dor de cabe\u00e7a muito mais intensa e duradoura. Diferentemente da cefaleia comum, a enxaqueca \u00e9 uma doen\u00e7a neurol\u00f3gica cr\u00f4nica, que al\u00e9m de geralmente afetar apenas [&hellip;]","og_url":"https:\/\/crusoe.audiencelabs.com.br\/estes-sao-os-melhores-alimentos-para-combater-as-enxaquecas-segundo-especialistas\/","og_site_name":"Variedades - Cruso\u00e9","article_published_time":"2026-01-18T13:30:00+00:00","og_image":[{"width":1920,"height":1080,"url":"https:\/\/cdn.crusoe.com.br\/uploads\/2026\/01\/estes-sao-melhores-alimentos-para-combater-enxaquecas-segundo-especialistas.jpg","type":"image\/jpeg"}],"author":"Jo\u00e3o Carlos Gomes","twitter_card":"summary_large_image","twitter_misc":{"Escrito por":"Jo\u00e3o Carlos Gomes","Est. tempo de leitura":"3 minutos"},"schema":{"@context":"https:\/\/schema.org","@graph":[{"@type":"WebPage","@id":"https:\/\/crusoe.audiencelabs.com.br\/estes-sao-os-melhores-alimentos-para-combater-as-enxaquecas-segundo-especialistas\/","url":"https:\/\/crusoe.audiencelabs.com.br\/estes-sao-os-melhores-alimentos-para-combater-as-enxaquecas-segundo-especialistas\/","name":"Estes s\u00e3o os melhores alimentos para combater as enxaquecas, segundo especialistas","isPartOf":{"@id":"https:\/\/crusoe.audiencelabs.com.br\/#website"},"primaryImageOfPage":{"@id":"https:\/\/crusoe.audiencelabs.com.br\/estes-sao-os-melhores-alimentos-para-combater-as-enxaquecas-segundo-especialistas\/#primaryimage"},"image":{"@id":"https:\/\/crusoe.audiencelabs.com.br\/estes-sao-os-melhores-alimentos-para-combater-as-enxaquecas-segundo-especialistas\/#primaryimage"},"thumbnailUrl":"https:\/\/cdn.crusoe.com.br\/uploads\/2026\/01\/estes-sao-melhores-alimentos-para-combater-enxaquecas-segundo-especialistas.jpg","datePublished":"2026-01-18T13:30:00+00:00","author":{"@id":"https:\/\/crusoe.audiencelabs.com.br\/#\/schema\/person\/4a23399b23149df2eab6637fd2fd2bfc"},"breadcrumb":{"@id":"https:\/\/crusoe.audiencelabs.com.br\/estes-sao-os-melhores-alimentos-para-combater-as-enxaquecas-segundo-especialistas\/#breadcrumb"},"inLanguage":"pt-BR","potentialAction":[{"@type":"ReadAction","target":["https:\/\/crusoe.audiencelabs.com.br\/estes-sao-os-melhores-alimentos-para-combater-as-enxaquecas-segundo-especialistas\/"]}]},{"@type":"ImageObject","inLanguage":"pt-BR","@id":"https:\/\/crusoe.audiencelabs.com.br\/estes-sao-os-melhores-alimentos-para-combater-as-enxaquecas-segundo-especialistas\/#primaryimage","url":"https:\/\/cdn.crusoe.com.br\/uploads\/2026\/01\/estes-sao-melhores-alimentos-para-combater-enxaquecas-segundo-especialistas.jpg","contentUrl":"https:\/\/cdn.crusoe.com.br\/uploads\/2026\/01\/estes-sao-melhores-alimentos-para-combater-enxaquecas-segundo-especialistas.jpg","width":1920,"height":1080,"caption":"Foto: Resume Genius\/Unsplash"},{"@type":"BreadcrumbList","@id":"https:\/\/crusoe.audiencelabs.com.br\/estes-sao-os-melhores-alimentos-para-combater-as-enxaquecas-segundo-especialistas\/#breadcrumb","itemListElement":[{"@type":"ListItem","position":1,"name":"Home","item":"https:\/\/crusoe.audiencelabs.com.br\/"},{"@type":"ListItem","position":2,"name":"Estes s\u00e3o os melhores alimentos para combater as enxaquecas, segundo especialistas"}]},{"@type":"WebSite","@id":"https:\/\/crusoe.audiencelabs.com.br\/#website","url":"https:\/\/crusoe.audiencelabs.com.br\/","name":"Variedades - Cruso\u00e9","description":"","potentialAction":[{"@type":"SearchAction","target":{"@type":"EntryPoint","urlTemplate":"https:\/\/crusoe.audiencelabs.com.br\/?s={search_term_string}"},"query-input":{"@type":"PropertyValueSpecification","valueRequired":true,"valueName":"search_term_string"}}],"inLanguage":"pt-BR"},{"@type":"Person","@id":"https:\/\/crusoe.audiencelabs.com.br\/#\/schema\/person\/4a23399b23149df2eab6637fd2fd2bfc","name":"Jo\u00e3o Carlos Gomes","image":{"@type":"ImageObject","inLanguage":"pt-BR","@id":"https:\/\/crusoe.audiencelabs.com.br\/#\/schema\/person\/image\/","url":"https:\/\/secure.gravatar.com\/avatar\/4ce4672dbdd694b329cd6fdb51bee7d1409be1f0ff76a537e4c4a737b2c7d1a9?s=96&d=mm&r=g","contentUrl":"https:\/\/secure.gravatar.com\/avatar\/4ce4672dbdd694b329cd6fdb51bee7d1409be1f0ff76a537e4c4a737b2c7d1a9?s=96&d=mm&r=g","caption":"Jo\u00e3o Carlos Gomes"},"description":"Jornalista, criador de conte\u00fado e m\u00fasico independente nas horas vagas.","url":"https:\/\/crusoe.audiencelabs.com.br\/author\/joaoc-junior66\/"}]}},"_links":{"self":[{"href":"https:\/\/crusoe.audiencelabs.com.br\/wp-json\/wp\/v2\/posts\/28390","targetHints":{"allow":["GET"]}}],"collection":[{"href":"https:\/\/crusoe.audiencelabs.com.br\/wp-json\/wp\/v2\/posts"}],"about":[{"href":"https:\/\/crusoe.audiencelabs.com.br\/wp-json\/wp\/v2\/types\/post"}],"author":[{"embeddable":true,"href":"https:\/\/crusoe.audiencelabs.com.br\/wp-json\/wp\/v2\/users\/7"}],"replies":[{"embeddable":true,"href":"https:\/\/crusoe.audiencelabs.com.br\/wp-json\/wp\/v2\/comments?post=28390"}],"version-history":[{"count":1,"href":"https:\/\/crusoe.audiencelabs.com.br\/wp-json\/wp\/v2\/posts\/28390\/revisions"}],"predecessor-version":[{"id":28392,"href":"https:\/\/crusoe.audiencelabs.com.br\/wp-json\/wp\/v2\/posts\/28390\/revisions\/28392"}],"wp:featuredmedia":[{"embeddable":true,"href":"https:\/\/crusoe.audiencelabs.com.br\/wp-json\/wp\/v2\/media\/28391"}],"wp:attachment":[{"href":"https:\/\/crusoe.audiencelabs.com.br\/wp-json\/wp\/v2\/media?parent=28390"}],"wp:term":[{"taxonomy":"category","embeddable":true,"href":"https:\/\/crusoe.audiencelabs.com.br\/wp-json\/wp\/v2\/categories?post=28390"},{"taxonomy":"post_tag","embeddable":true,"href":"https:\/\/crusoe.audiencelabs.com.br\/wp-json\/wp\/v2\/tags?post=28390"}],"curies":[{"name":"wp","href":"https:\/\/api.w.org\/{rel}","templated":true}]}}