{"id":28238,"date":"2026-01-15T11:30:00","date_gmt":"2026-01-15T14:30:00","guid":{"rendered":"https:\/\/crusoe.audiencelabs.com.br\/?p=28238"},"modified":"2026-01-14T10:12:04","modified_gmt":"2026-01-14T13:12:04","slug":"especialistas-estao-implorando-que-todos-brasileiros-se-preparem-para-o-que-vai-acontecer-no-ceu-no-dia-17-02","status":"publish","type":"post","link":"https:\/\/crusoe.audiencelabs.com.br\/especialistas-estao-implorando-que-todos-brasileiros-se-preparem-para-o-que-vai-acontecer-no-ceu-no-dia-17-02\/","title":{"rendered":"Especialistas est\u00e3o implorando que todos brasileiros se preparem para o que vai acontecer no c\u00e9u no dia 17\/02"},"content":{"rendered":"\n<p>Apesar de ainda estar se encaminhando para o fim de sua segunda semana, o ano de 2026 j\u00e1 promete ser um per\u00edodo de acontecimentos grandiosos. E vale destacar que grande parte destes eventos est\u00e3o relacionados aos c\u00e9us.<\/p>\n\n\n\n<p>Afinal, de acordo com especialistas, <strong>fen\u00f4menos astron\u00f4micos hist\u00f3ricos<\/strong> est\u00e3o programados para ocorrer ao longo do ano, e muitos deles poder\u00e3o ser vistos \u00e0 olho nu pelos brasileiros.<\/p>\n\n\n\n<p>Dentre os principais, destaca-se<strong> um eclipse solar anular<\/strong>, popularmente conhecido como &#8220;anel de fogo&#8221;, que est\u00e1 programado para ocorrer no dia 17 de fevereiro e poder\u00e1 ser observado parcialmente em diversas regi\u00f5es do pa\u00eds.<\/p>\n\n\n\n<p>O evento \u00e9 caracterizado pela passagem da Lua entre o Sol e a Terra, com o sat\u00e9lite natural bloqueando a estrela que ilumina a Via L\u00e1ctea. Por conta da dist\u00e2ncia entre os corpos, o disco solar n\u00e3o fica totalmente coberto, resultando assim em um anel brilhante.<\/p>\n\n\n\n<p>Estima-se que o eclipse poder\u00e1 ser visto principalmente <strong>em estados das regi\u00f5es Sul, Sudeste e Centro-Oeste<\/strong> do Brasil. J\u00e1 em outras localidades, o impacto visual ser\u00e1 praticamente impercept\u00edvel, pois o fen\u00f4meno ocorrer\u00e1 abaixo do horizonte.<\/p>\n\n\n\n<h2 class=\"wp-block-heading\">De olho nos c\u00e9us: fen\u00f4menos astron\u00f4micos que ocorrer\u00e3o em 2026<\/h2>\n\n\n\n<p>\u00c9 importante destacar que, assim como a Superlua registrada nos primeiros dias do ano, o eclipse solar anular de fevereiro \u00e9 apenas um entre v\u00e1rios fen\u00f4menos programados para proporcionar espet\u00e1culos no c\u00e9u ao longo de 2026. Outros destaques ainda incluem (via <em>CNN<\/em>):<\/p>\n\n\n\n<ul class=\"wp-block-list\">\n<li><strong>3 de mar\u00e7o:<\/strong> eclipse lunar total que ser\u00e1 vis\u00edvel na regi\u00e3o Sul do Brasil;<\/li>\n\n\n\n<li><strong>31 de maio:<\/strong> micro Lua Azul;<\/li>\n\n\n\n<li><strong>12 de agosto:<\/strong> eclipse solar total com visibilidade limitada no territ\u00f3rio brasileiro;<\/li>\n\n\n\n<li><strong>27 e 28 de agosto: <\/strong>eclipse lunar parcial, tamb\u00e9m com visibilidade limitada;<\/li>\n\n\n\n<li><strong>24 de novembro:<\/strong> Lua do Castor;<\/li>\n\n\n\n<li><strong>1 de dezembro: <\/strong>pico das Gem\u00ednidas, uma intensa chuva de meteoros que pode ser vista em locais afastados de polui\u00e7\u00e3o luminosa;<\/li>\n\n\n\n<li><strong>24 de dezembro: <\/strong>Lua Fria.<\/li>\n<\/ul>\n","protected":false},"excerpt":{"rendered":"<p>Apesar de ainda estar se encaminhando para o fim de sua segunda semana, o ano de 2026 j\u00e1 promete ser um per\u00edodo de acontecimentos grandiosos. E vale destacar que grande parte destes eventos est\u00e3o relacionados aos c\u00e9us. Afinal, de acordo com especialistas, fen\u00f4menos astron\u00f4micos hist\u00f3ricos est\u00e3o programados para ocorrer ao longo do ano, e muitos [&hellip;]<\/p>\n","protected":false},"author":7,"featured_media":28239,"comment_status":"open","ping_status":"open","sticky":false,"template":"","format":"standard","meta":{"jnews-multi-image_gallery":[],"jnews_single_post":{"format":"standard"},"jnews_primary_category":[],"jnews_override_counter":[],"jnews_post_split":[],"footnotes":""},"categories":[1],"tags":[],"class_list":["post-28238","post","type-post","status-publish","format-standard","has-post-thumbnail","hentry","category-geral"],"yoast_head":"<!-- This site is optimized with the Yoast SEO plugin v25.0 - https:\/\/yoast.com\/wordpress\/plugins\/seo\/ -->\n<title>Especialistas est\u00e3o implorando que todos brasileiros se preparem para o que vai acontecer no c\u00e9u no dia 17\/02<\/title>\n<meta name=\"robots\" content=\"index, follow, max-snippet:-1, max-image-preview:large, max-video-preview:-1\" \/>\n<link rel=\"canonical\" href=\"https:\/\/crusoe.audiencelabs.com.br\/especialistas-estao-implorando-que-todos-brasileiros-se-preparem-para-o-que-vai-acontecer-no-ceu-no-dia-17-02\/\" \/>\n<meta property=\"og:locale\" content=\"pt_BR\" \/>\n<meta property=\"og:type\" content=\"article\" \/>\n<meta property=\"og:title\" content=\"Especialistas est\u00e3o implorando que todos brasileiros se preparem para o que vai acontecer no c\u00e9u no dia 17\/02\" \/>\n<meta property=\"og:description\" content=\"Apesar de ainda estar se encaminhando para o fim de sua segunda semana, o ano de 2026 j\u00e1 promete ser um per\u00edodo de acontecimentos grandiosos. E vale destacar que grande parte destes eventos est\u00e3o relacionados aos c\u00e9us. Afinal, de acordo com especialistas, fen\u00f4menos astron\u00f4micos hist\u00f3ricos est\u00e3o programados para ocorrer ao longo do ano, e muitos [&hellip;]\" \/>\n<meta property=\"og:url\" content=\"https:\/\/crusoe.audiencelabs.com.br\/especialistas-estao-implorando-que-todos-brasileiros-se-preparem-para-o-que-vai-acontecer-no-ceu-no-dia-17-02\/\" \/>\n<meta property=\"og:site_name\" content=\"Variedades - Cruso\u00e9\" \/>\n<meta property=\"article:published_time\" content=\"2026-01-15T14:30:00+00:00\" \/>\n<meta property=\"og:image\" content=\"https:\/\/cdn.crusoe.com.br\/uploads\/2026\/01\/especialistas-estao-implorando-que-todos-os-brasileiros-se-preparem-para-o-que-vai-acontecer-no-ceu-no-dia-17-2.jpg\" \/>\n\t<meta property=\"og:image:width\" content=\"1920\" \/>\n\t<meta property=\"og:image:height\" content=\"1080\" \/>\n\t<meta property=\"og:image:type\" content=\"image\/jpeg\" \/>\n<meta name=\"author\" content=\"Jo\u00e3o Carlos Gomes\" \/>\n<meta name=\"twitter:card\" content=\"summary_large_image\" \/>\n<meta name=\"twitter:label1\" content=\"Escrito por\" \/>\n\t<meta name=\"twitter:data1\" content=\"Jo\u00e3o Carlos Gomes\" \/>\n\t<meta name=\"twitter:label2\" content=\"Est. tempo de leitura\" \/>\n\t<meta name=\"twitter:data2\" content=\"2 minutos\" \/>\n<script type=\"application\/ld+json\" class=\"yoast-schema-graph\">{\"@context\":\"https:\/\/schema.org\",\"@graph\":[{\"@type\":\"WebPage\",\"@id\":\"https:\/\/crusoe.audiencelabs.com.br\/especialistas-estao-implorando-que-todos-brasileiros-se-preparem-para-o-que-vai-acontecer-no-ceu-no-dia-17-02\/\",\"url\":\"https:\/\/crusoe.audiencelabs.com.br\/especialistas-estao-implorando-que-todos-brasileiros-se-preparem-para-o-que-vai-acontecer-no-ceu-no-dia-17-02\/\",\"name\":\"Especialistas est\u00e3o implorando que todos brasileiros se preparem para o que vai acontecer no c\u00e9u no dia 17\/02\",\"isPartOf\":{\"@id\":\"https:\/\/crusoe.audiencelabs.com.br\/#website\"},\"primaryImageOfPage\":{\"@id\":\"https:\/\/crusoe.audiencelabs.com.br\/especialistas-estao-implorando-que-todos-brasileiros-se-preparem-para-o-que-vai-acontecer-no-ceu-no-dia-17-02\/#primaryimage\"},\"image\":{\"@id\":\"https:\/\/crusoe.audiencelabs.com.br\/especialistas-estao-implorando-que-todos-brasileiros-se-preparem-para-o-que-vai-acontecer-no-ceu-no-dia-17-02\/#primaryimage\"},\"thumbnailUrl\":\"https:\/\/cdn.crusoe.com.br\/uploads\/2026\/01\/especialistas-estao-implorando-que-todos-os-brasileiros-se-preparem-para-o-que-vai-acontecer-no-ceu-no-dia-17-2.jpg\",\"datePublished\":\"2026-01-15T14:30:00+00:00\",\"author\":{\"@id\":\"https:\/\/crusoe.audiencelabs.com.br\/#\/schema\/person\/4a23399b23149df2eab6637fd2fd2bfc\"},\"breadcrumb\":{\"@id\":\"https:\/\/crusoe.audiencelabs.com.br\/especialistas-estao-implorando-que-todos-brasileiros-se-preparem-para-o-que-vai-acontecer-no-ceu-no-dia-17-02\/#breadcrumb\"},\"inLanguage\":\"pt-BR\",\"potentialAction\":[{\"@type\":\"ReadAction\",\"target\":[\"https:\/\/crusoe.audiencelabs.com.br\/especialistas-estao-implorando-que-todos-brasileiros-se-preparem-para-o-que-vai-acontecer-no-ceu-no-dia-17-02\/\"]}]},{\"@type\":\"ImageObject\",\"inLanguage\":\"pt-BR\",\"@id\":\"https:\/\/crusoe.audiencelabs.com.br\/especialistas-estao-implorando-que-todos-brasileiros-se-preparem-para-o-que-vai-acontecer-no-ceu-no-dia-17-02\/#primaryimage\",\"url\":\"https:\/\/cdn.crusoe.com.br\/uploads\/2026\/01\/especialistas-estao-implorando-que-todos-os-brasileiros-se-preparem-para-o-que-vai-acontecer-no-ceu-no-dia-17-2.jpg\",\"contentUrl\":\"https:\/\/cdn.crusoe.com.br\/uploads\/2026\/01\/especialistas-estao-implorando-que-todos-os-brasileiros-se-preparem-para-o-que-vai-acontecer-no-ceu-no-dia-17-2.jpg\",\"width\":1920,\"height\":1080,\"caption\":\"Foto: Warren\/Unsplash\"},{\"@type\":\"BreadcrumbList\",\"@id\":\"https:\/\/crusoe.audiencelabs.com.br\/especialistas-estao-implorando-que-todos-brasileiros-se-preparem-para-o-que-vai-acontecer-no-ceu-no-dia-17-02\/#breadcrumb\",\"itemListElement\":[{\"@type\":\"ListItem\",\"position\":1,\"name\":\"Home\",\"item\":\"https:\/\/crusoe.audiencelabs.com.br\/\"},{\"@type\":\"ListItem\",\"position\":2,\"name\":\"Especialistas est\u00e3o implorando que todos brasileiros se preparem para o que vai acontecer no c\u00e9u no dia 17\/02\"}]},{\"@type\":\"WebSite\",\"@id\":\"https:\/\/crusoe.audiencelabs.com.br\/#website\",\"url\":\"https:\/\/crusoe.audiencelabs.com.br\/\",\"name\":\"Variedades - Cruso\u00e9\",\"description\":\"\",\"potentialAction\":[{\"@type\":\"SearchAction\",\"target\":{\"@type\":\"EntryPoint\",\"urlTemplate\":\"https:\/\/crusoe.audiencelabs.com.br\/?s={search_term_string}\"},\"query-input\":{\"@type\":\"PropertyValueSpecification\",\"valueRequired\":true,\"valueName\":\"search_term_string\"}}],\"inLanguage\":\"pt-BR\"},{\"@type\":\"Person\",\"@id\":\"https:\/\/crusoe.audiencelabs.com.br\/#\/schema\/person\/4a23399b23149df2eab6637fd2fd2bfc\",\"name\":\"Jo\u00e3o Carlos Gomes\",\"image\":{\"@type\":\"ImageObject\",\"inLanguage\":\"pt-BR\",\"@id\":\"https:\/\/crusoe.audiencelabs.com.br\/#\/schema\/person\/image\/\",\"url\":\"https:\/\/secure.gravatar.com\/avatar\/4ce4672dbdd694b329cd6fdb51bee7d1409be1f0ff76a537e4c4a737b2c7d1a9?s=96&d=mm&r=g\",\"contentUrl\":\"https:\/\/secure.gravatar.com\/avatar\/4ce4672dbdd694b329cd6fdb51bee7d1409be1f0ff76a537e4c4a737b2c7d1a9?s=96&d=mm&r=g\",\"caption\":\"Jo\u00e3o Carlos Gomes\"},\"description\":\"Jornalista, criador de conte\u00fado e m\u00fasico independente nas horas vagas.\",\"url\":\"https:\/\/crusoe.audiencelabs.com.br\/author\/joaoc-junior66\/\"}]}<\/script>\n<!-- \/ Yoast SEO plugin. -->","yoast_head_json":{"title":"Especialistas est\u00e3o implorando que todos brasileiros se preparem para o que vai acontecer no c\u00e9u no dia 17\/02","robots":{"index":"index","follow":"follow","max-snippet":"max-snippet:-1","max-image-preview":"max-image-preview:large","max-video-preview":"max-video-preview:-1"},"canonical":"https:\/\/crusoe.audiencelabs.com.br\/especialistas-estao-implorando-que-todos-brasileiros-se-preparem-para-o-que-vai-acontecer-no-ceu-no-dia-17-02\/","og_locale":"pt_BR","og_type":"article","og_title":"Especialistas est\u00e3o implorando que todos brasileiros se preparem para o que vai acontecer no c\u00e9u no dia 17\/02","og_description":"Apesar de ainda estar se encaminhando para o fim de sua segunda semana, o ano de 2026 j\u00e1 promete ser um per\u00edodo de acontecimentos grandiosos. E vale destacar que grande parte destes eventos est\u00e3o relacionados aos c\u00e9us. Afinal, de acordo com especialistas, fen\u00f4menos astron\u00f4micos hist\u00f3ricos est\u00e3o programados para ocorrer ao longo do ano, e muitos [&hellip;]","og_url":"https:\/\/crusoe.audiencelabs.com.br\/especialistas-estao-implorando-que-todos-brasileiros-se-preparem-para-o-que-vai-acontecer-no-ceu-no-dia-17-02\/","og_site_name":"Variedades - Cruso\u00e9","article_published_time":"2026-01-15T14:30:00+00:00","og_image":[{"width":1920,"height":1080,"url":"https:\/\/cdn.crusoe.com.br\/uploads\/2026\/01\/especialistas-estao-implorando-que-todos-os-brasileiros-se-preparem-para-o-que-vai-acontecer-no-ceu-no-dia-17-2.jpg","type":"image\/jpeg"}],"author":"Jo\u00e3o Carlos Gomes","twitter_card":"summary_large_image","twitter_misc":{"Escrito por":"Jo\u00e3o Carlos Gomes","Est. tempo de leitura":"2 minutos"},"schema":{"@context":"https:\/\/schema.org","@graph":[{"@type":"WebPage","@id":"https:\/\/crusoe.audiencelabs.com.br\/especialistas-estao-implorando-que-todos-brasileiros-se-preparem-para-o-que-vai-acontecer-no-ceu-no-dia-17-02\/","url":"https:\/\/crusoe.audiencelabs.com.br\/especialistas-estao-implorando-que-todos-brasileiros-se-preparem-para-o-que-vai-acontecer-no-ceu-no-dia-17-02\/","name":"Especialistas est\u00e3o implorando que todos brasileiros se preparem para o que vai acontecer no c\u00e9u no dia 17\/02","isPartOf":{"@id":"https:\/\/crusoe.audiencelabs.com.br\/#website"},"primaryImageOfPage":{"@id":"https:\/\/crusoe.audiencelabs.com.br\/especialistas-estao-implorando-que-todos-brasileiros-se-preparem-para-o-que-vai-acontecer-no-ceu-no-dia-17-02\/#primaryimage"},"image":{"@id":"https:\/\/crusoe.audiencelabs.com.br\/especialistas-estao-implorando-que-todos-brasileiros-se-preparem-para-o-que-vai-acontecer-no-ceu-no-dia-17-02\/#primaryimage"},"thumbnailUrl":"https:\/\/cdn.crusoe.com.br\/uploads\/2026\/01\/especialistas-estao-implorando-que-todos-os-brasileiros-se-preparem-para-o-que-vai-acontecer-no-ceu-no-dia-17-2.jpg","datePublished":"2026-01-15T14:30:00+00:00","author":{"@id":"https:\/\/crusoe.audiencelabs.com.br\/#\/schema\/person\/4a23399b23149df2eab6637fd2fd2bfc"},"breadcrumb":{"@id":"https:\/\/crusoe.audiencelabs.com.br\/especialistas-estao-implorando-que-todos-brasileiros-se-preparem-para-o-que-vai-acontecer-no-ceu-no-dia-17-02\/#breadcrumb"},"inLanguage":"pt-BR","potentialAction":[{"@type":"ReadAction","target":["https:\/\/crusoe.audiencelabs.com.br\/especialistas-estao-implorando-que-todos-brasileiros-se-preparem-para-o-que-vai-acontecer-no-ceu-no-dia-17-02\/"]}]},{"@type":"ImageObject","inLanguage":"pt-BR","@id":"https:\/\/crusoe.audiencelabs.com.br\/especialistas-estao-implorando-que-todos-brasileiros-se-preparem-para-o-que-vai-acontecer-no-ceu-no-dia-17-02\/#primaryimage","url":"https:\/\/cdn.crusoe.com.br\/uploads\/2026\/01\/especialistas-estao-implorando-que-todos-os-brasileiros-se-preparem-para-o-que-vai-acontecer-no-ceu-no-dia-17-2.jpg","contentUrl":"https:\/\/cdn.crusoe.com.br\/uploads\/2026\/01\/especialistas-estao-implorando-que-todos-os-brasileiros-se-preparem-para-o-que-vai-acontecer-no-ceu-no-dia-17-2.jpg","width":1920,"height":1080,"caption":"Foto: Warren\/Unsplash"},{"@type":"BreadcrumbList","@id":"https:\/\/crusoe.audiencelabs.com.br\/especialistas-estao-implorando-que-todos-brasileiros-se-preparem-para-o-que-vai-acontecer-no-ceu-no-dia-17-02\/#breadcrumb","itemListElement":[{"@type":"ListItem","position":1,"name":"Home","item":"https:\/\/crusoe.audiencelabs.com.br\/"},{"@type":"ListItem","position":2,"name":"Especialistas est\u00e3o implorando que todos brasileiros se preparem para o que vai acontecer no c\u00e9u no dia 17\/02"}]},{"@type":"WebSite","@id":"https:\/\/crusoe.audiencelabs.com.br\/#website","url":"https:\/\/crusoe.audiencelabs.com.br\/","name":"Variedades - Cruso\u00e9","description":"","potentialAction":[{"@type":"SearchAction","target":{"@type":"EntryPoint","urlTemplate":"https:\/\/crusoe.audiencelabs.com.br\/?s={search_term_string}"},"query-input":{"@type":"PropertyValueSpecification","valueRequired":true,"valueName":"search_term_string"}}],"inLanguage":"pt-BR"},{"@type":"Person","@id":"https:\/\/crusoe.audiencelabs.com.br\/#\/schema\/person\/4a23399b23149df2eab6637fd2fd2bfc","name":"Jo\u00e3o Carlos Gomes","image":{"@type":"ImageObject","inLanguage":"pt-BR","@id":"https:\/\/crusoe.audiencelabs.com.br\/#\/schema\/person\/image\/","url":"https:\/\/secure.gravatar.com\/avatar\/4ce4672dbdd694b329cd6fdb51bee7d1409be1f0ff76a537e4c4a737b2c7d1a9?s=96&d=mm&r=g","contentUrl":"https:\/\/secure.gravatar.com\/avatar\/4ce4672dbdd694b329cd6fdb51bee7d1409be1f0ff76a537e4c4a737b2c7d1a9?s=96&d=mm&r=g","caption":"Jo\u00e3o Carlos Gomes"},"description":"Jornalista, criador de conte\u00fado e m\u00fasico independente nas horas vagas.","url":"https:\/\/crusoe.audiencelabs.com.br\/author\/joaoc-junior66\/"}]}},"_links":{"self":[{"href":"https:\/\/crusoe.audiencelabs.com.br\/wp-json\/wp\/v2\/posts\/28238","targetHints":{"allow":["GET"]}}],"collection":[{"href":"https:\/\/crusoe.audiencelabs.com.br\/wp-json\/wp\/v2\/posts"}],"about":[{"href":"https:\/\/crusoe.audiencelabs.com.br\/wp-json\/wp\/v2\/types\/post"}],"author":[{"embeddable":true,"href":"https:\/\/crusoe.audiencelabs.com.br\/wp-json\/wp\/v2\/users\/7"}],"replies":[{"embeddable":true,"href":"https:\/\/crusoe.audiencelabs.com.br\/wp-json\/wp\/v2\/comments?post=28238"}],"version-history":[{"count":1,"href":"https:\/\/crusoe.audiencelabs.com.br\/wp-json\/wp\/v2\/posts\/28238\/revisions"}],"predecessor-version":[{"id":28240,"href":"https:\/\/crusoe.audiencelabs.com.br\/wp-json\/wp\/v2\/posts\/28238\/revisions\/28240"}],"wp:featuredmedia":[{"embeddable":true,"href":"https:\/\/crusoe.audiencelabs.com.br\/wp-json\/wp\/v2\/media\/28239"}],"wp:attachment":[{"href":"https:\/\/crusoe.audiencelabs.com.br\/wp-json\/wp\/v2\/media?parent=28238"}],"wp:term":[{"taxonomy":"category","embeddable":true,"href":"https:\/\/crusoe.audiencelabs.com.br\/wp-json\/wp\/v2\/categories?post=28238"},{"taxonomy":"post_tag","embeddable":true,"href":"https:\/\/crusoe.audiencelabs.com.br\/wp-json\/wp\/v2\/tags?post=28238"}],"curies":[{"name":"wp","href":"https:\/\/api.w.org\/{rel}","templated":true}]}}