{"id":28079,"date":"2026-01-14T09:00:00","date_gmt":"2026-01-14T12:00:00","guid":{"rendered":"https:\/\/crusoe.audiencelabs.com.br\/?p=28079"},"modified":"2026-01-14T13:13:04","modified_gmt":"2026-01-14T16:13:04","slug":"as-flores-ideais-para-plantar-em-janeiro-aroma-agradavel-e-e-faceis-de-cuidar","status":"publish","type":"post","link":"https:\/\/crusoe.audiencelabs.com.br\/as-flores-ideais-para-plantar-em-janeiro-aroma-agradavel-e-e-faceis-de-cuidar\/","title":{"rendered":"As flores ideais para plantar em janeiro: aroma agrad\u00e1vel e s\u00e3o f\u00e1ceis de cuidar"},"content":{"rendered":"\n<p><strong>Janeiro \u00e9 um dos melhores meses para quem deseja plantar flores<\/strong> e deixar o jardim, o quintal ou a varanda mais coloridos e perfumados.&nbsp;<\/p>\n\n\n\n<p>As <strong>altas temperaturas e a maior incid\u00eancia de chuvas<\/strong> t\u00edpicas do ver\u00e3o favorecem o desenvolvimento de diversas esp\u00e9cies.&nbsp;<\/p>\n\n\n\n<p>O melhor \u00e9 que muitas delas, al\u00e9m de aroma agrad\u00e1vel, s\u00e3o <strong>f\u00e1ceis de cuidar<\/strong>, ideais para jardineiros iniciantes. Confira as melhores flores para se plantar neste m\u00eas!\u00a0<\/p>\n\n\n\n<h2 class=\"wp-block-heading\">Jasmim: perfume intenso e cultivo simples<\/h2>\n\n\n\n<p>O jasmim \u00e9 muito valorizado pelo perfume marcante, principalmente no fim do dia. Ele se adapta bem a vasos e jardins, prefere sol pleno ou meia-sombra e precisa apenas de regas regulares para crescer saud\u00e1vel.<\/p>\n\n\n\n<h2 class=\"wp-block-heading\">Lavanda: aroma relaxante e resist\u00eancia<\/h2>\n\n\n\n<p>A lavanda \u00e9 conhecida pelo aroma suave e propriedades relaxantes. Resistente e de f\u00e1cil manuten\u00e7\u00e3o, ela gosta de sol direto, solo bem drenado e regas moderadas, sendo perfeita para quem busca praticidade.<\/p>\n\n\n\n<h2 class=\"wp-block-heading\">Pet\u00fania: cores vibrantes e flora\u00e7\u00e3o abundante<\/h2>\n\n\n\n<p>A pet\u00fania \u00e9 ideal para o ver\u00e3o, pois floresce com facilidade no calor. Indicada para vasos, jardineiras e canteiros, exige apenas boa luminosidade, regas frequentes e a retirada de flores secas para estimular novas flora\u00e7\u00f5es.<\/p>\n\n\n<div class=\"wp-block-image\">\n<figure class=\"aligncenter size-full is-resized\"><img loading=\"lazy\" decoding=\"async\" width=\"900\" height=\"650\" src=\"https:\/\/cdn.crusoe.com.br\/uploads\/2026\/01\/Petunia.jpg\" alt=\"\" class=\"wp-image-28081\" style=\"aspect-ratio:1.3846283451742438;width:466px;height:auto\" srcset=\"https:\/\/cdn.crusoe.com.br\/uploads\/2026\/01\/Petunia.jpg 900w, https:\/\/cdn.crusoe.com.br\/uploads\/2026\/01\/Petunia-300x217.jpg 300w, https:\/\/cdn.crusoe.com.br\/uploads\/2026\/01\/Petunia-768x555.jpg 768w, https:\/\/cdn.crusoe.com.br\/uploads\/2026\/01\/Petunia-120x86.jpg 120w, https:\/\/cdn.crusoe.com.br\/uploads\/2026\/01\/Petunia-750x542.jpg 750w\" sizes=\"auto, (max-width: 900px) 100vw, 900px\" \/><figcaption class=\"wp-element-caption\">Pet\u00fania (Foto: Petz) <\/figcaption><\/figure>\n<\/div>\n\n\n<h2 class=\"wp-block-heading\">Cravo: beleza cl\u00e1ssica e perfume delicado<\/h2>\n\n\n\n<p>O cravo combina eleg\u00e2ncia e um perfume suave. Ele se adapta bem \u00e0s altas temperaturas e \u00e9 bastante resistente, desde que cultivado em solo f\u00e9rtil e bem drenado.<\/p>\n\n\n\n<h2 class=\"wp-block-heading\">Tagetes: f\u00e1cil de cuidar e aliada do jardim<\/h2>\n\n\n\n<p>A tagetes, ou cravo-de-defunto, cresce rapidamente, floresce de forma abundante e ainda ajuda a afastar insetos indesejados. \u00c9 uma \u00f3tima op\u00e7\u00e3o para quem busca praticidade e benef\u00edcios extras no jardim.<\/p>\n\n\n<div class=\"wp-block-image\">\n<figure class=\"aligncenter size-full is-resized\"><img loading=\"lazy\" decoding=\"async\" width=\"600\" height=\"329\" src=\"https:\/\/cdn.crusoe.com.br\/uploads\/2026\/01\/Tagetes.jpg\" alt=\"\" class=\"wp-image-28082\" style=\"width:498px;height:auto\" srcset=\"https:\/\/cdn.crusoe.com.br\/uploads\/2026\/01\/Tagetes.jpg 600w, https:\/\/cdn.crusoe.com.br\/uploads\/2026\/01\/Tagetes-300x165.jpg 300w\" sizes=\"auto, (max-width: 600px) 100vw, 600px\" \/><figcaption class=\"wp-element-caption\">Tagetes (Foto: Blog Plantei) <\/figcaption><\/figure>\n<\/div>\n\n\n<h2 class=\"wp-block-heading\">Um jardim perfumado com poucos cuidados<\/h2>\n\n\n\n<p>Ao escolher flores adequadas para plantar em janeiro, \u00e9 poss\u00edvel criar um ambiente mais bonito, arom\u00e1tico e acolhedor sem grandes esfor\u00e7os.&nbsp;<\/p>\n\n\n\n<p>Com sol, regas equilibradas e cuidados b\u00e1sicos, essas esp\u00e9cies se desenvolvem bem e transformam qualquer espa\u00e7o.&nbsp;<\/p>\n","protected":false},"excerpt":{"rendered":"<p>Janeiro \u00e9 um dos melhores meses para quem deseja plantar flores e deixar o jardim, o quintal ou a varanda mais coloridos e perfumados.&nbsp; As altas temperaturas e a maior incid\u00eancia de chuvas t\u00edpicas do ver\u00e3o favorecem o desenvolvimento de diversas esp\u00e9cies.&nbsp; O melhor \u00e9 que muitas delas, al\u00e9m de aroma agrad\u00e1vel, s\u00e3o f\u00e1ceis de [&hellip;]<\/p>\n","protected":false},"author":5,"featured_media":28080,"comment_status":"open","ping_status":"open","sticky":false,"template":"","format":"standard","meta":{"jnews-multi-image_gallery":[],"jnews_single_post":{"format":"standard"},"jnews_primary_category":[],"jnews_override_counter":[],"jnews_post_split":[],"footnotes":""},"categories":[1],"tags":[288,2713,5045,1469],"class_list":["post-28079","post","type-post","status-publish","format-standard","has-post-thumbnail","hentry","category-geral","tag-dicas","tag-flores","tag-janeiro","tag-jardim"],"yoast_head":"<!-- This site is optimized with the Yoast SEO plugin v25.0 - https:\/\/yoast.com\/wordpress\/plugins\/seo\/ -->\n<title>As flores ideais para plantar em janeiro: aroma agrad\u00e1vel e s\u00e3o f\u00e1ceis de cuidar<\/title>\n<meta name=\"robots\" content=\"index, follow, max-snippet:-1, max-image-preview:large, max-video-preview:-1\" \/>\n<link rel=\"canonical\" href=\"https:\/\/crusoe.audiencelabs.com.br\/as-flores-ideais-para-plantar-em-janeiro-aroma-agradavel-e-e-faceis-de-cuidar\/\" \/>\n<meta property=\"og:locale\" content=\"pt_BR\" \/>\n<meta property=\"og:type\" content=\"article\" \/>\n<meta property=\"og:title\" content=\"As flores ideais para plantar em janeiro: aroma agrad\u00e1vel e s\u00e3o f\u00e1ceis de cuidar\" \/>\n<meta property=\"og:description\" content=\"Janeiro \u00e9 um dos melhores meses para quem deseja plantar flores e deixar o jardim, o quintal ou a varanda mais coloridos e perfumados.&nbsp; As altas temperaturas e a maior incid\u00eancia de chuvas t\u00edpicas do ver\u00e3o favorecem o desenvolvimento de diversas esp\u00e9cies.&nbsp; O melhor \u00e9 que muitas delas, al\u00e9m de aroma agrad\u00e1vel, s\u00e3o f\u00e1ceis de [&hellip;]\" \/>\n<meta property=\"og:url\" content=\"https:\/\/crusoe.audiencelabs.com.br\/as-flores-ideais-para-plantar-em-janeiro-aroma-agradavel-e-e-faceis-de-cuidar\/\" \/>\n<meta property=\"og:site_name\" content=\"Variedades - Cruso\u00e9\" \/>\n<meta property=\"article:published_time\" content=\"2026-01-14T12:00:00+00:00\" \/>\n<meta property=\"article:modified_time\" content=\"2026-01-14T16:13:04+00:00\" \/>\n<meta property=\"og:image\" content=\"https:\/\/cdn.crusoe.com.br\/uploads\/2026\/01\/pexels-alesiakozik-6633971-scaled.jpg\" \/>\n\t<meta property=\"og:image:width\" content=\"2560\" \/>\n\t<meta property=\"og:image:height\" content=\"1707\" \/>\n\t<meta property=\"og:image:type\" content=\"image\/jpeg\" \/>\n<meta name=\"author\" content=\"Milena Armando\" \/>\n<meta name=\"twitter:card\" content=\"summary_large_image\" \/>\n<meta name=\"twitter:label1\" content=\"Escrito por\" \/>\n\t<meta name=\"twitter:data1\" content=\"Milena Armando\" \/>\n\t<meta name=\"twitter:label2\" content=\"Est. tempo de leitura\" \/>\n\t<meta name=\"twitter:data2\" content=\"3 minutos\" \/>\n<script type=\"application\/ld+json\" class=\"yoast-schema-graph\">{\"@context\":\"https:\/\/schema.org\",\"@graph\":[{\"@type\":\"WebPage\",\"@id\":\"https:\/\/crusoe.audiencelabs.com.br\/as-flores-ideais-para-plantar-em-janeiro-aroma-agradavel-e-e-faceis-de-cuidar\/\",\"url\":\"https:\/\/crusoe.audiencelabs.com.br\/as-flores-ideais-para-plantar-em-janeiro-aroma-agradavel-e-e-faceis-de-cuidar\/\",\"name\":\"As flores ideais para plantar em janeiro: aroma agrad\u00e1vel e s\u00e3o f\u00e1ceis de cuidar\",\"isPartOf\":{\"@id\":\"https:\/\/crusoe.audiencelabs.com.br\/#website\"},\"primaryImageOfPage\":{\"@id\":\"https:\/\/crusoe.audiencelabs.com.br\/as-flores-ideais-para-plantar-em-janeiro-aroma-agradavel-e-e-faceis-de-cuidar\/#primaryimage\"},\"image\":{\"@id\":\"https:\/\/crusoe.audiencelabs.com.br\/as-flores-ideais-para-plantar-em-janeiro-aroma-agradavel-e-e-faceis-de-cuidar\/#primaryimage\"},\"thumbnailUrl\":\"https:\/\/cdn.crusoe.com.br\/uploads\/2026\/01\/pexels-alesiakozik-6633971-scaled.jpg\",\"datePublished\":\"2026-01-14T12:00:00+00:00\",\"dateModified\":\"2026-01-14T16:13:04+00:00\",\"author\":{\"@id\":\"https:\/\/crusoe.audiencelabs.com.br\/#\/schema\/person\/f87f73cfe89e5360de2c006bd4bd6a74\"},\"breadcrumb\":{\"@id\":\"https:\/\/crusoe.audiencelabs.com.br\/as-flores-ideais-para-plantar-em-janeiro-aroma-agradavel-e-e-faceis-de-cuidar\/#breadcrumb\"},\"inLanguage\":\"pt-BR\",\"potentialAction\":[{\"@type\":\"ReadAction\",\"target\":[\"https:\/\/crusoe.audiencelabs.com.br\/as-flores-ideais-para-plantar-em-janeiro-aroma-agradavel-e-e-faceis-de-cuidar\/\"]}]},{\"@type\":\"ImageObject\",\"inLanguage\":\"pt-BR\",\"@id\":\"https:\/\/crusoe.audiencelabs.com.br\/as-flores-ideais-para-plantar-em-janeiro-aroma-agradavel-e-e-faceis-de-cuidar\/#primaryimage\",\"url\":\"https:\/\/cdn.crusoe.com.br\/uploads\/2026\/01\/pexels-alesiakozik-6633971-scaled.jpg\",\"contentUrl\":\"https:\/\/cdn.crusoe.com.br\/uploads\/2026\/01\/pexels-alesiakozik-6633971-scaled.jpg\",\"width\":2560,\"height\":1707,\"caption\":\"Foto: Pexels\"},{\"@type\":\"BreadcrumbList\",\"@id\":\"https:\/\/crusoe.audiencelabs.com.br\/as-flores-ideais-para-plantar-em-janeiro-aroma-agradavel-e-e-faceis-de-cuidar\/#breadcrumb\",\"itemListElement\":[{\"@type\":\"ListItem\",\"position\":1,\"name\":\"Home\",\"item\":\"https:\/\/crusoe.audiencelabs.com.br\/\"},{\"@type\":\"ListItem\",\"position\":2,\"name\":\"As flores ideais para plantar em janeiro: aroma agrad\u00e1vel e s\u00e3o f\u00e1ceis de cuidar\"}]},{\"@type\":\"WebSite\",\"@id\":\"https:\/\/crusoe.audiencelabs.com.br\/#website\",\"url\":\"https:\/\/crusoe.audiencelabs.com.br\/\",\"name\":\"Variedades - Cruso\u00e9\",\"description\":\"\",\"potentialAction\":[{\"@type\":\"SearchAction\",\"target\":{\"@type\":\"EntryPoint\",\"urlTemplate\":\"https:\/\/crusoe.audiencelabs.com.br\/?s={search_term_string}\"},\"query-input\":{\"@type\":\"PropertyValueSpecification\",\"valueRequired\":true,\"valueName\":\"search_term_string\"}}],\"inLanguage\":\"pt-BR\"},{\"@type\":\"Person\",\"@id\":\"https:\/\/crusoe.audiencelabs.com.br\/#\/schema\/person\/f87f73cfe89e5360de2c006bd4bd6a74\",\"name\":\"Milena Armando\",\"image\":{\"@type\":\"ImageObject\",\"inLanguage\":\"pt-BR\",\"@id\":\"https:\/\/crusoe.audiencelabs.com.br\/#\/schema\/person\/image\/\",\"url\":\"https:\/\/secure.gravatar.com\/avatar\/ea14ecddc9e9d202b698b18f9f69e09c9fd74cfbed5c6008d55f11faefdbdab7?s=96&d=mm&r=g\",\"contentUrl\":\"https:\/\/secure.gravatar.com\/avatar\/ea14ecddc9e9d202b698b18f9f69e09c9fd74cfbed5c6008d55f11faefdbdab7?s=96&d=mm&r=g\",\"caption\":\"Milena Armando\"},\"description\":\"Jornalista, redatora e revisora.\",\"url\":\"https:\/\/crusoe.audiencelabs.com.br\/author\/milena\/\"}]}<\/script>\n<!-- \/ Yoast SEO plugin. -->","yoast_head_json":{"title":"As flores ideais para plantar em janeiro: aroma agrad\u00e1vel e s\u00e3o f\u00e1ceis de cuidar","robots":{"index":"index","follow":"follow","max-snippet":"max-snippet:-1","max-image-preview":"max-image-preview:large","max-video-preview":"max-video-preview:-1"},"canonical":"https:\/\/crusoe.audiencelabs.com.br\/as-flores-ideais-para-plantar-em-janeiro-aroma-agradavel-e-e-faceis-de-cuidar\/","og_locale":"pt_BR","og_type":"article","og_title":"As flores ideais para plantar em janeiro: aroma agrad\u00e1vel e s\u00e3o f\u00e1ceis de cuidar","og_description":"Janeiro \u00e9 um dos melhores meses para quem deseja plantar flores e deixar o jardim, o quintal ou a varanda mais coloridos e perfumados.&nbsp; As altas temperaturas e a maior incid\u00eancia de chuvas t\u00edpicas do ver\u00e3o favorecem o desenvolvimento de diversas esp\u00e9cies.&nbsp; O melhor \u00e9 que muitas delas, al\u00e9m de aroma agrad\u00e1vel, s\u00e3o f\u00e1ceis de [&hellip;]","og_url":"https:\/\/crusoe.audiencelabs.com.br\/as-flores-ideais-para-plantar-em-janeiro-aroma-agradavel-e-e-faceis-de-cuidar\/","og_site_name":"Variedades - Cruso\u00e9","article_published_time":"2026-01-14T12:00:00+00:00","article_modified_time":"2026-01-14T16:13:04+00:00","og_image":[{"width":2560,"height":1707,"url":"https:\/\/cdn.crusoe.com.br\/uploads\/2026\/01\/pexels-alesiakozik-6633971-scaled.jpg","type":"image\/jpeg"}],"author":"Milena Armando","twitter_card":"summary_large_image","twitter_misc":{"Escrito por":"Milena Armando","Est. tempo de leitura":"3 minutos"},"schema":{"@context":"https:\/\/schema.org","@graph":[{"@type":"WebPage","@id":"https:\/\/crusoe.audiencelabs.com.br\/as-flores-ideais-para-plantar-em-janeiro-aroma-agradavel-e-e-faceis-de-cuidar\/","url":"https:\/\/crusoe.audiencelabs.com.br\/as-flores-ideais-para-plantar-em-janeiro-aroma-agradavel-e-e-faceis-de-cuidar\/","name":"As flores ideais para plantar em janeiro: aroma agrad\u00e1vel e s\u00e3o f\u00e1ceis de cuidar","isPartOf":{"@id":"https:\/\/crusoe.audiencelabs.com.br\/#website"},"primaryImageOfPage":{"@id":"https:\/\/crusoe.audiencelabs.com.br\/as-flores-ideais-para-plantar-em-janeiro-aroma-agradavel-e-e-faceis-de-cuidar\/#primaryimage"},"image":{"@id":"https:\/\/crusoe.audiencelabs.com.br\/as-flores-ideais-para-plantar-em-janeiro-aroma-agradavel-e-e-faceis-de-cuidar\/#primaryimage"},"thumbnailUrl":"https:\/\/cdn.crusoe.com.br\/uploads\/2026\/01\/pexels-alesiakozik-6633971-scaled.jpg","datePublished":"2026-01-14T12:00:00+00:00","dateModified":"2026-01-14T16:13:04+00:00","author":{"@id":"https:\/\/crusoe.audiencelabs.com.br\/#\/schema\/person\/f87f73cfe89e5360de2c006bd4bd6a74"},"breadcrumb":{"@id":"https:\/\/crusoe.audiencelabs.com.br\/as-flores-ideais-para-plantar-em-janeiro-aroma-agradavel-e-e-faceis-de-cuidar\/#breadcrumb"},"inLanguage":"pt-BR","potentialAction":[{"@type":"ReadAction","target":["https:\/\/crusoe.audiencelabs.com.br\/as-flores-ideais-para-plantar-em-janeiro-aroma-agradavel-e-e-faceis-de-cuidar\/"]}]},{"@type":"ImageObject","inLanguage":"pt-BR","@id":"https:\/\/crusoe.audiencelabs.com.br\/as-flores-ideais-para-plantar-em-janeiro-aroma-agradavel-e-e-faceis-de-cuidar\/#primaryimage","url":"https:\/\/cdn.crusoe.com.br\/uploads\/2026\/01\/pexels-alesiakozik-6633971-scaled.jpg","contentUrl":"https:\/\/cdn.crusoe.com.br\/uploads\/2026\/01\/pexels-alesiakozik-6633971-scaled.jpg","width":2560,"height":1707,"caption":"Foto: Pexels"},{"@type":"BreadcrumbList","@id":"https:\/\/crusoe.audiencelabs.com.br\/as-flores-ideais-para-plantar-em-janeiro-aroma-agradavel-e-e-faceis-de-cuidar\/#breadcrumb","itemListElement":[{"@type":"ListItem","position":1,"name":"Home","item":"https:\/\/crusoe.audiencelabs.com.br\/"},{"@type":"ListItem","position":2,"name":"As flores ideais para plantar em janeiro: aroma agrad\u00e1vel e s\u00e3o f\u00e1ceis de cuidar"}]},{"@type":"WebSite","@id":"https:\/\/crusoe.audiencelabs.com.br\/#website","url":"https:\/\/crusoe.audiencelabs.com.br\/","name":"Variedades - Cruso\u00e9","description":"","potentialAction":[{"@type":"SearchAction","target":{"@type":"EntryPoint","urlTemplate":"https:\/\/crusoe.audiencelabs.com.br\/?s={search_term_string}"},"query-input":{"@type":"PropertyValueSpecification","valueRequired":true,"valueName":"search_term_string"}}],"inLanguage":"pt-BR"},{"@type":"Person","@id":"https:\/\/crusoe.audiencelabs.com.br\/#\/schema\/person\/f87f73cfe89e5360de2c006bd4bd6a74","name":"Milena Armando","image":{"@type":"ImageObject","inLanguage":"pt-BR","@id":"https:\/\/crusoe.audiencelabs.com.br\/#\/schema\/person\/image\/","url":"https:\/\/secure.gravatar.com\/avatar\/ea14ecddc9e9d202b698b18f9f69e09c9fd74cfbed5c6008d55f11faefdbdab7?s=96&d=mm&r=g","contentUrl":"https:\/\/secure.gravatar.com\/avatar\/ea14ecddc9e9d202b698b18f9f69e09c9fd74cfbed5c6008d55f11faefdbdab7?s=96&d=mm&r=g","caption":"Milena Armando"},"description":"Jornalista, redatora e revisora.","url":"https:\/\/crusoe.audiencelabs.com.br\/author\/milena\/"}]}},"_links":{"self":[{"href":"https:\/\/crusoe.audiencelabs.com.br\/wp-json\/wp\/v2\/posts\/28079","targetHints":{"allow":["GET"]}}],"collection":[{"href":"https:\/\/crusoe.audiencelabs.com.br\/wp-json\/wp\/v2\/posts"}],"about":[{"href":"https:\/\/crusoe.audiencelabs.com.br\/wp-json\/wp\/v2\/types\/post"}],"author":[{"embeddable":true,"href":"https:\/\/crusoe.audiencelabs.com.br\/wp-json\/wp\/v2\/users\/5"}],"replies":[{"embeddable":true,"href":"https:\/\/crusoe.audiencelabs.com.br\/wp-json\/wp\/v2\/comments?post=28079"}],"version-history":[{"count":2,"href":"https:\/\/crusoe.audiencelabs.com.br\/wp-json\/wp\/v2\/posts\/28079\/revisions"}],"predecessor-version":[{"id":28253,"href":"https:\/\/crusoe.audiencelabs.com.br\/wp-json\/wp\/v2\/posts\/28079\/revisions\/28253"}],"wp:featuredmedia":[{"embeddable":true,"href":"https:\/\/crusoe.audiencelabs.com.br\/wp-json\/wp\/v2\/media\/28080"}],"wp:attachment":[{"href":"https:\/\/crusoe.audiencelabs.com.br\/wp-json\/wp\/v2\/media?parent=28079"}],"wp:term":[{"taxonomy":"category","embeddable":true,"href":"https:\/\/crusoe.audiencelabs.com.br\/wp-json\/wp\/v2\/categories?post=28079"},{"taxonomy":"post_tag","embeddable":true,"href":"https:\/\/crusoe.audiencelabs.com.br\/wp-json\/wp\/v2\/tags?post=28079"}],"curies":[{"name":"wp","href":"https:\/\/api.w.org\/{rel}","templated":true}]}}