{"id":2797,"date":"2025-06-23T19:40:44","date_gmt":"2025-06-23T22:40:44","guid":{"rendered":"https:\/\/crusoe.com.br\/variedades\/?p=2797"},"modified":"2025-06-23T19:40:46","modified_gmt":"2025-06-23T22:40:46","slug":"suplemento-comum-entre-os-brasileiros-pode-causar-danos-a-saude","status":"publish","type":"post","link":"https:\/\/crusoe.audiencelabs.com.br\/suplemento-comum-entre-os-brasileiros-pode-causar-danos-a-saude\/","title":{"rendered":"Suplemento comum entre os brasileiros pode causar danos \u00e0 sa\u00fade"},"content":{"rendered":"\n<p>Criados para complementar a ingest\u00e3o de vitaminas e minerais essenciais para o bom funcionamento do organismo, os <strong>multivitam\u00ednicos<\/strong> se tornaram sin\u00f4nimo de h\u00e1bito saud\u00e1vel.<\/p>\n\n\n\n<p>Mas apesar de seus benef\u00edcios, este suplemento comum pode causar graves danos \u00e0 sa\u00fade caso seja utilizado de maneira inadequada.<\/p>\n\n\n\n<p>Inclusive, um estudo conduzido por cientistas do Instituto Nacional do C\u00e2ncer dos Estados Unidos, o mau uso dos multivitam\u00ednicos pode at\u00e9 mesmo acarretar em <strong>um aumento no risco de morte precoce<\/strong>.<\/p>\n\n\n\n<p>Dados da pesquisa apontaram que usu\u00e1rios deste tipo de suplemento apresentaram um leve, por\u00e9m consistente, aumento na taxa de mortalidade, principalmente por conta dos problemas que o excesso de consumo pode gerar.<\/p>\n\n\n\n<h2 class=\"wp-block-heading\">Efeitos negativos dos suplementos multivitam\u00ednicos<\/h2>\n\n\n\n<p>Conforme citado anteriormente, o grande mal dos suplementos multivitam\u00ednicos se manifesta por conta do consumo desnecess\u00e1rio, uma vez que o excesso de determinados nutrientes pode ser prejudicial. Os principais riscos incluem (via Seu Cr\u00e9dito Digital):<\/p>\n\n\n\n<ul class=\"wp-block-list\">\n<li><strong>Vitamina A:<\/strong> toxicidade hep\u00e1tica, problemas \u00f3sseos;<\/li>\n\n\n\n<li><strong>Vitamina E:<\/strong> maior risco de sangramentos;<\/li>\n\n\n\n<li><strong>Vitamina D:<\/strong> hipercalcemia, problemas renais;<\/li>\n\n\n\n<li><strong>Ferro: <\/strong>danos ao f\u00edgado, estresse oxidativo;<\/li>\n\n\n\n<li><strong>Zinco:<\/strong> supress\u00e3o imunol\u00f3gica, n\u00e1useas.<\/li>\n<\/ul>\n\n\n\n<h2 class=\"wp-block-heading\">Como consumir suplementos multivitam\u00ednicos da maneira correta?<\/h2>\n\n\n\n<p>Os suplementos multivitam\u00ednicos n\u00e3o s\u00e3o uma solu\u00e7\u00e3o \u00fanica para todos os problemas de sa\u00fade, mas podem ajudar a combat\u00ea-los atrav\u00e9s do uso consciente.<\/p>\n\n\n\n<p>Antes de iniciar o uso de qualquer suplemento, \u00e9 essencial consultar um profissional de sa\u00fade para avaliar a necessidade e determinar a dosagem correta. Al\u00e9m disso, tamb\u00e9m \u00e9 importante seguir as recomenda\u00e7\u00f5es do fabricante.<\/p>\n\n\n\n<p>Vale lembrar que os multivitam\u00ednicos n\u00e3o substituem os benef\u00edcios de uma alimenta\u00e7\u00e3o balanceada. Portanto, n\u00e3o se deve substituir refei\u00e7\u00f5es, mesmo que o uso do suplemento seja necess\u00e1rio.<\/p>\n\n\n\n<p>Inclusive, de acordo com especialistas, os multivitam\u00ednicos s\u00e3o recomendados principalmente nos seguintes casos:<\/p>\n\n\n\n<ul class=\"wp-block-list\">\n<li><strong>Defici\u00eancias nutricionais diagnosticadas;<\/strong><\/li>\n\n\n\n<li><strong>Gr\u00e1vidas (\u00e1cido f\u00f3lico, ferro, DHA);<\/strong><\/li>\n\n\n\n<li><strong>Veganos (vitamina B12, D, ferro, \u00f4mega-3);<\/strong><\/li>\n\n\n\n<li><strong>Pessoas com restri\u00e7\u00f5es alimentares severas;<\/strong><\/li>\n\n\n\n<li><strong>Indiv\u00edduos com absor\u00e7\u00e3o prejudicada (doen\u00e7as intestinais);<\/strong><\/li>\n\n\n\n<li><strong>Popula\u00e7\u00f5es em locais com pouca luz solar (vitamina D).<\/strong><\/li>\n<\/ul>\n","protected":false},"excerpt":{"rendered":"<p>Criados para complementar a ingest\u00e3o de vitaminas e minerais essenciais para o bom funcionamento do organismo, os multivitam\u00ednicos se tornaram sin\u00f4nimo de h\u00e1bito saud\u00e1vel. Mas apesar de seus benef\u00edcios, este suplemento comum pode causar graves danos \u00e0 sa\u00fade caso seja utilizado de maneira inadequada. Inclusive, um estudo conduzido por cientistas do Instituto Nacional do C\u00e2ncer [&hellip;]<\/p>\n","protected":false},"author":7,"featured_media":2798,"comment_status":"open","ping_status":"open","sticky":false,"template":"","format":"standard","meta":{"jnews-multi-image_gallery":[],"jnews_single_post":{"format":"standard"},"jnews_primary_category":[],"jnews_override_counter":[],"jnews_post_split":[],"footnotes":""},"categories":[1],"tags":[],"class_list":["post-2797","post","type-post","status-publish","format-standard","has-post-thumbnail","hentry","category-geral"],"yoast_head":"<!-- This site is optimized with the Yoast SEO plugin v25.0 - https:\/\/yoast.com\/wordpress\/plugins\/seo\/ -->\n<title>Suplemento comum entre os brasileiros pode causar danos \u00e0 sa\u00fade<\/title>\n<meta name=\"robots\" content=\"index, follow, max-snippet:-1, max-image-preview:large, max-video-preview:-1\" \/>\n<link rel=\"canonical\" href=\"https:\/\/crusoe.audiencelabs.com.br\/suplemento-comum-entre-os-brasileiros-pode-causar-danos-a-saude\/\" \/>\n<meta property=\"og:locale\" content=\"pt_BR\" \/>\n<meta property=\"og:type\" content=\"article\" \/>\n<meta property=\"og:title\" content=\"Suplemento comum entre os brasileiros pode causar danos \u00e0 sa\u00fade\" \/>\n<meta property=\"og:description\" content=\"Criados para complementar a ingest\u00e3o de vitaminas e minerais essenciais para o bom funcionamento do organismo, os multivitam\u00ednicos se tornaram sin\u00f4nimo de h\u00e1bito saud\u00e1vel. Mas apesar de seus benef\u00edcios, este suplemento comum pode causar graves danos \u00e0 sa\u00fade caso seja utilizado de maneira inadequada. Inclusive, um estudo conduzido por cientistas do Instituto Nacional do C\u00e2ncer [&hellip;]\" \/>\n<meta property=\"og:url\" content=\"https:\/\/crusoe.audiencelabs.com.br\/suplemento-comum-entre-os-brasileiros-pode-causar-danos-a-saude\/\" \/>\n<meta property=\"og:site_name\" content=\"Variedades - Cruso\u00e9\" \/>\n<meta property=\"article:published_time\" content=\"2025-06-23T22:40:44+00:00\" \/>\n<meta property=\"article:modified_time\" content=\"2025-06-23T22:40:46+00:00\" \/>\n<meta property=\"og:image\" content=\"https:\/\/cdn.crusoe.com.br\/uploads\/2025\/06\/suplemento-comum-danos-saude.jpg\" \/>\n\t<meta property=\"og:image:width\" content=\"1500\" \/>\n\t<meta property=\"og:image:height\" content=\"843\" \/>\n\t<meta property=\"og:image:type\" content=\"image\/jpeg\" \/>\n<meta name=\"author\" content=\"Jo\u00e3o Carlos Gomes\" \/>\n<meta name=\"twitter:card\" content=\"summary_large_image\" \/>\n<meta name=\"twitter:label1\" content=\"Escrito por\" \/>\n\t<meta name=\"twitter:data1\" content=\"Jo\u00e3o Carlos Gomes\" \/>\n\t<meta name=\"twitter:label2\" content=\"Est. tempo de leitura\" \/>\n\t<meta name=\"twitter:data2\" content=\"2 minutos\" \/>\n<script type=\"application\/ld+json\" class=\"yoast-schema-graph\">{\"@context\":\"https:\/\/schema.org\",\"@graph\":[{\"@type\":\"WebPage\",\"@id\":\"https:\/\/crusoe.audiencelabs.com.br\/suplemento-comum-entre-os-brasileiros-pode-causar-danos-a-saude\/\",\"url\":\"https:\/\/crusoe.audiencelabs.com.br\/suplemento-comum-entre-os-brasileiros-pode-causar-danos-a-saude\/\",\"name\":\"Suplemento comum entre os brasileiros pode causar danos \u00e0 sa\u00fade\",\"isPartOf\":{\"@id\":\"https:\/\/crusoe.audiencelabs.com.br\/#website\"},\"primaryImageOfPage\":{\"@id\":\"https:\/\/crusoe.audiencelabs.com.br\/suplemento-comum-entre-os-brasileiros-pode-causar-danos-a-saude\/#primaryimage\"},\"image\":{\"@id\":\"https:\/\/crusoe.audiencelabs.com.br\/suplemento-comum-entre-os-brasileiros-pode-causar-danos-a-saude\/#primaryimage\"},\"thumbnailUrl\":\"https:\/\/cdn.crusoe.com.br\/uploads\/2025\/06\/suplemento-comum-danos-saude.jpg\",\"datePublished\":\"2025-06-23T22:40:44+00:00\",\"dateModified\":\"2025-06-23T22:40:46+00:00\",\"author\":{\"@id\":\"https:\/\/crusoe.audiencelabs.com.br\/#\/schema\/person\/4a23399b23149df2eab6637fd2fd2bfc\"},\"breadcrumb\":{\"@id\":\"https:\/\/crusoe.audiencelabs.com.br\/suplemento-comum-entre-os-brasileiros-pode-causar-danos-a-saude\/#breadcrumb\"},\"inLanguage\":\"pt-BR\",\"potentialAction\":[{\"@type\":\"ReadAction\",\"target\":[\"https:\/\/crusoe.audiencelabs.com.br\/suplemento-comum-entre-os-brasileiros-pode-causar-danos-a-saude\/\"]}]},{\"@type\":\"ImageObject\",\"inLanguage\":\"pt-BR\",\"@id\":\"https:\/\/crusoe.audiencelabs.com.br\/suplemento-comum-entre-os-brasileiros-pode-causar-danos-a-saude\/#primaryimage\",\"url\":\"https:\/\/cdn.crusoe.com.br\/uploads\/2025\/06\/suplemento-comum-danos-saude.jpg\",\"contentUrl\":\"https:\/\/cdn.crusoe.com.br\/uploads\/2025\/06\/suplemento-comum-danos-saude.jpg\",\"width\":1500,\"height\":843,\"caption\":\"Foto: shurkin son\/Freepik\"},{\"@type\":\"BreadcrumbList\",\"@id\":\"https:\/\/crusoe.audiencelabs.com.br\/suplemento-comum-entre-os-brasileiros-pode-causar-danos-a-saude\/#breadcrumb\",\"itemListElement\":[{\"@type\":\"ListItem\",\"position\":1,\"name\":\"Home\",\"item\":\"https:\/\/crusoe.audiencelabs.com.br\/\"},{\"@type\":\"ListItem\",\"position\":2,\"name\":\"Suplemento comum entre os brasileiros pode causar danos \u00e0 sa\u00fade\"}]},{\"@type\":\"WebSite\",\"@id\":\"https:\/\/crusoe.audiencelabs.com.br\/#website\",\"url\":\"https:\/\/crusoe.audiencelabs.com.br\/\",\"name\":\"Variedades - Cruso\u00e9\",\"description\":\"\",\"potentialAction\":[{\"@type\":\"SearchAction\",\"target\":{\"@type\":\"EntryPoint\",\"urlTemplate\":\"https:\/\/crusoe.audiencelabs.com.br\/?s={search_term_string}\"},\"query-input\":{\"@type\":\"PropertyValueSpecification\",\"valueRequired\":true,\"valueName\":\"search_term_string\"}}],\"inLanguage\":\"pt-BR\"},{\"@type\":\"Person\",\"@id\":\"https:\/\/crusoe.audiencelabs.com.br\/#\/schema\/person\/4a23399b23149df2eab6637fd2fd2bfc\",\"name\":\"Jo\u00e3o Carlos Gomes\",\"image\":{\"@type\":\"ImageObject\",\"inLanguage\":\"pt-BR\",\"@id\":\"https:\/\/crusoe.audiencelabs.com.br\/#\/schema\/person\/image\/\",\"url\":\"https:\/\/secure.gravatar.com\/avatar\/4ce4672dbdd694b329cd6fdb51bee7d1409be1f0ff76a537e4c4a737b2c7d1a9?s=96&d=mm&r=g\",\"contentUrl\":\"https:\/\/secure.gravatar.com\/avatar\/4ce4672dbdd694b329cd6fdb51bee7d1409be1f0ff76a537e4c4a737b2c7d1a9?s=96&d=mm&r=g\",\"caption\":\"Jo\u00e3o Carlos Gomes\"},\"description\":\"Jornalista, criador de conte\u00fado e m\u00fasico independente nas horas vagas.\",\"url\":\"https:\/\/crusoe.audiencelabs.com.br\/author\/joaoc-junior66\/\"}]}<\/script>\n<!-- \/ Yoast SEO plugin. -->","yoast_head_json":{"title":"Suplemento comum entre os brasileiros pode causar danos \u00e0 sa\u00fade","robots":{"index":"index","follow":"follow","max-snippet":"max-snippet:-1","max-image-preview":"max-image-preview:large","max-video-preview":"max-video-preview:-1"},"canonical":"https:\/\/crusoe.audiencelabs.com.br\/suplemento-comum-entre-os-brasileiros-pode-causar-danos-a-saude\/","og_locale":"pt_BR","og_type":"article","og_title":"Suplemento comum entre os brasileiros pode causar danos \u00e0 sa\u00fade","og_description":"Criados para complementar a ingest\u00e3o de vitaminas e minerais essenciais para o bom funcionamento do organismo, os multivitam\u00ednicos se tornaram sin\u00f4nimo de h\u00e1bito saud\u00e1vel. Mas apesar de seus benef\u00edcios, este suplemento comum pode causar graves danos \u00e0 sa\u00fade caso seja utilizado de maneira inadequada. Inclusive, um estudo conduzido por cientistas do Instituto Nacional do C\u00e2ncer [&hellip;]","og_url":"https:\/\/crusoe.audiencelabs.com.br\/suplemento-comum-entre-os-brasileiros-pode-causar-danos-a-saude\/","og_site_name":"Variedades - Cruso\u00e9","article_published_time":"2025-06-23T22:40:44+00:00","article_modified_time":"2025-06-23T22:40:46+00:00","og_image":[{"width":1500,"height":843,"url":"https:\/\/cdn.crusoe.com.br\/uploads\/2025\/06\/suplemento-comum-danos-saude.jpg","type":"image\/jpeg"}],"author":"Jo\u00e3o Carlos Gomes","twitter_card":"summary_large_image","twitter_misc":{"Escrito por":"Jo\u00e3o Carlos Gomes","Est. tempo de leitura":"2 minutos"},"schema":{"@context":"https:\/\/schema.org","@graph":[{"@type":"WebPage","@id":"https:\/\/crusoe.audiencelabs.com.br\/suplemento-comum-entre-os-brasileiros-pode-causar-danos-a-saude\/","url":"https:\/\/crusoe.audiencelabs.com.br\/suplemento-comum-entre-os-brasileiros-pode-causar-danos-a-saude\/","name":"Suplemento comum entre os brasileiros pode causar danos \u00e0 sa\u00fade","isPartOf":{"@id":"https:\/\/crusoe.audiencelabs.com.br\/#website"},"primaryImageOfPage":{"@id":"https:\/\/crusoe.audiencelabs.com.br\/suplemento-comum-entre-os-brasileiros-pode-causar-danos-a-saude\/#primaryimage"},"image":{"@id":"https:\/\/crusoe.audiencelabs.com.br\/suplemento-comum-entre-os-brasileiros-pode-causar-danos-a-saude\/#primaryimage"},"thumbnailUrl":"https:\/\/cdn.crusoe.com.br\/uploads\/2025\/06\/suplemento-comum-danos-saude.jpg","datePublished":"2025-06-23T22:40:44+00:00","dateModified":"2025-06-23T22:40:46+00:00","author":{"@id":"https:\/\/crusoe.audiencelabs.com.br\/#\/schema\/person\/4a23399b23149df2eab6637fd2fd2bfc"},"breadcrumb":{"@id":"https:\/\/crusoe.audiencelabs.com.br\/suplemento-comum-entre-os-brasileiros-pode-causar-danos-a-saude\/#breadcrumb"},"inLanguage":"pt-BR","potentialAction":[{"@type":"ReadAction","target":["https:\/\/crusoe.audiencelabs.com.br\/suplemento-comum-entre-os-brasileiros-pode-causar-danos-a-saude\/"]}]},{"@type":"ImageObject","inLanguage":"pt-BR","@id":"https:\/\/crusoe.audiencelabs.com.br\/suplemento-comum-entre-os-brasileiros-pode-causar-danos-a-saude\/#primaryimage","url":"https:\/\/cdn.crusoe.com.br\/uploads\/2025\/06\/suplemento-comum-danos-saude.jpg","contentUrl":"https:\/\/cdn.crusoe.com.br\/uploads\/2025\/06\/suplemento-comum-danos-saude.jpg","width":1500,"height":843,"caption":"Foto: shurkin son\/Freepik"},{"@type":"BreadcrumbList","@id":"https:\/\/crusoe.audiencelabs.com.br\/suplemento-comum-entre-os-brasileiros-pode-causar-danos-a-saude\/#breadcrumb","itemListElement":[{"@type":"ListItem","position":1,"name":"Home","item":"https:\/\/crusoe.audiencelabs.com.br\/"},{"@type":"ListItem","position":2,"name":"Suplemento comum entre os brasileiros pode causar danos \u00e0 sa\u00fade"}]},{"@type":"WebSite","@id":"https:\/\/crusoe.audiencelabs.com.br\/#website","url":"https:\/\/crusoe.audiencelabs.com.br\/","name":"Variedades - Cruso\u00e9","description":"","potentialAction":[{"@type":"SearchAction","target":{"@type":"EntryPoint","urlTemplate":"https:\/\/crusoe.audiencelabs.com.br\/?s={search_term_string}"},"query-input":{"@type":"PropertyValueSpecification","valueRequired":true,"valueName":"search_term_string"}}],"inLanguage":"pt-BR"},{"@type":"Person","@id":"https:\/\/crusoe.audiencelabs.com.br\/#\/schema\/person\/4a23399b23149df2eab6637fd2fd2bfc","name":"Jo\u00e3o Carlos Gomes","image":{"@type":"ImageObject","inLanguage":"pt-BR","@id":"https:\/\/crusoe.audiencelabs.com.br\/#\/schema\/person\/image\/","url":"https:\/\/secure.gravatar.com\/avatar\/4ce4672dbdd694b329cd6fdb51bee7d1409be1f0ff76a537e4c4a737b2c7d1a9?s=96&d=mm&r=g","contentUrl":"https:\/\/secure.gravatar.com\/avatar\/4ce4672dbdd694b329cd6fdb51bee7d1409be1f0ff76a537e4c4a737b2c7d1a9?s=96&d=mm&r=g","caption":"Jo\u00e3o Carlos Gomes"},"description":"Jornalista, criador de conte\u00fado e m\u00fasico independente nas horas vagas.","url":"https:\/\/crusoe.audiencelabs.com.br\/author\/joaoc-junior66\/"}]}},"_links":{"self":[{"href":"https:\/\/crusoe.audiencelabs.com.br\/wp-json\/wp\/v2\/posts\/2797","targetHints":{"allow":["GET"]}}],"collection":[{"href":"https:\/\/crusoe.audiencelabs.com.br\/wp-json\/wp\/v2\/posts"}],"about":[{"href":"https:\/\/crusoe.audiencelabs.com.br\/wp-json\/wp\/v2\/types\/post"}],"author":[{"embeddable":true,"href":"https:\/\/crusoe.audiencelabs.com.br\/wp-json\/wp\/v2\/users\/7"}],"replies":[{"embeddable":true,"href":"https:\/\/crusoe.audiencelabs.com.br\/wp-json\/wp\/v2\/comments?post=2797"}],"version-history":[{"count":1,"href":"https:\/\/crusoe.audiencelabs.com.br\/wp-json\/wp\/v2\/posts\/2797\/revisions"}],"predecessor-version":[{"id":2799,"href":"https:\/\/crusoe.audiencelabs.com.br\/wp-json\/wp\/v2\/posts\/2797\/revisions\/2799"}],"wp:featuredmedia":[{"embeddable":true,"href":"https:\/\/crusoe.audiencelabs.com.br\/wp-json\/wp\/v2\/media\/2798"}],"wp:attachment":[{"href":"https:\/\/crusoe.audiencelabs.com.br\/wp-json\/wp\/v2\/media?parent=2797"}],"wp:term":[{"taxonomy":"category","embeddable":true,"href":"https:\/\/crusoe.audiencelabs.com.br\/wp-json\/wp\/v2\/categories?post=2797"},{"taxonomy":"post_tag","embeddable":true,"href":"https:\/\/crusoe.audiencelabs.com.br\/wp-json\/wp\/v2\/tags?post=2797"}],"curies":[{"name":"wp","href":"https:\/\/api.w.org\/{rel}","templated":true}]}}